{"id":3983,"date":"2021-03-25T20:11:22","date_gmt":"2021-03-25T23:11:22","guid":{"rendered":"http:\/\/10.101.10.196\/www\/?p=3983"},"modified":"2021-09-15T08:43:19","modified_gmt":"2021-09-15T11:43:19","slug":"el-consejo-superior-aprobo-fechas-de-mesas-de-examen","status":"publish","type":"post","link":"https:\/\/www.fica.unsl.edu.ar\/index.php\/el-consejo-superior-aprobo-fechas-de-mesas-de-examen\/","title":{"rendered":"El Consejo Superior aprob\u00f3 fechas de Mesas de Examen"},"content":{"rendered":"<p>El martes 23 de marzo el m\u00e1ximo \u00f3rgano de gobierno de la Universidad Nacional de San Luis aprob\u00f3 las fechas de los turnos generales y especiales con car\u00e1cter general. Adem\u00e1s, se acord\u00f3 garantizar al menos un (1) turno de examen adicional a los establecidos, para estudiantes egresables en cada cuatrimestre, cuya fecha deber\u00e1 acordarse en cada Unidad Acad\u00e9mica.<\/p>\n<p>De esta manera, el calendario de turnos de ex\u00e1menes es el siguiente:<\/p>\n<ul>\n<li>Mesa especial con car\u00e1cter general (primer turno): del 26 de abril al 7 de mayo (dos (2) semanas).<\/li>\n<li>Mesa general segundo turno (primer llamado): del 22 de junio al 2 de julio (dos (2) semanas).<\/li>\n<li>Mesa general segundo turno (primer llamado): del 9 de agosto al 20 de agosto (dos (2) semanas).<\/li>\n<li>La fecha de la mesa especial con car\u00e1cter general (segundo turno) correspondiente a septiembre de 2021, se definir\u00e1 luego del receso de invierno.<\/li>\n<\/ul>\n<p><img fetchpriority=\"high\" decoding=\"async\" class=\"alignnone size-full wp-image-3984\" src=\"https:\/\/www.fica.unsl.edu.ar\/wp-content\/uploads\/2021\/03\/210323-Sesion-Consejo-superior-2-1-1000x600-1.jpg\" alt=\"\" width=\"1000\" height=\"600\" srcset=\"https:\/\/www.fica.unsl.edu.ar\/wp-content\/uploads\/2021\/03\/210323-Sesion-Consejo-superior-2-1-1000x600-1.jpg 1000w, https:\/\/www.fica.unsl.edu.ar\/wp-content\/uploads\/2021\/03\/210323-Sesion-Consejo-superior-2-1-1000x600-1-300x180.jpg 300w, https:\/\/www.fica.unsl.edu.ar\/wp-content\/uploads\/2021\/03\/210323-Sesion-Consejo-superior-2-1-1000x600-1-768x461.jpg 768w\" sizes=\"(max-width: 1000px) 100vw, 1000px\" \/>Junto a estas fechas, se estableci\u00f3 que el segundo cuatrimestre se desarrollar\u00e1 desde el 23 de agosto hasta el 26 de noviembre (14 semanas). En este sentido, las inscripciones al primer cuatrimestre 2021 quedar\u00e1n habilitadas hasta el turno especial con car\u00e1cter general de abril-mayo inclusive.<\/p>\n<p>Otro de los temas acordados fue la suspensi\u00f3n del art\u00edculo 9\u00ba de la ordenanza 13\/2003, mediante la cual las Unidades Acad\u00e9micas pod\u00edan reglamentar mesas especiales, reserv\u00e1ndose esa atribuci\u00f3n al Consejo Superior mientras dure la situaci\u00f3n de emergencia sanitaria.<\/p>\n<p>Con respecto a los ex\u00e1menes, se asegura que los mismos se desarrollen atendiendo el estricto cumplimiento de los protocolos de bioseguridad, en el marco del distanciamiento social, preventivo y obligatorio. En caso de disponerse condiciones de Aislamiento Social, Preventivo y Obligatorio, los mismos deber\u00e1n realizarse de manera no presencial.<br \/>\nEn la sesi\u00f3n del Consejo Superior prevista para el martes 30 de marzo, se tratar\u00e1n la extensi\u00f3n de regularidades y correlatividades.<\/p>\n<p><a href=\"https:\/\/www.fica.unsl.edu.ar\/wp-content\/uploads\/2021\/03\/RCS-No-35-2021.pdf\">RCS N\u00ba 35-2021<\/a><\/p>\n<p style=\"text-align: right;\"><strong>Fuente: Consejo Superior\/Prensa UNSL<\/strong><\/p>\n","protected":false},"excerpt":{"rendered":"<p>El martes 23 de marzo el m\u00e1ximo \u00f3rgano de gobierno de la Universidad Nacional de San Luis aprob\u00f3 las fechas de los turnos generales y&hellip;<\/p>\n","protected":false},"author":9,"featured_media":3456,"comment_status":"closed","ping_status":"closed","sticky":false,"template":"","format":"standard","meta":{"_monsterinsights_skip_tracking":false,"_monsterinsights_sitenote_active":false,"_monsterinsights_sitenote_note":"","_monsterinsights_sitenote_category":0,"_joinchat":[],"footnotes":""},"categories":[22],"tags":[],"class_list":["post-3983","post","type-post","status-publish","format-standard","has-post-thumbnail","hentry","category-archivadas"],"yoast_head":"<!-- This site is optimized with the Yoast SEO plugin v27.4 - https:\/\/yoast.com\/product\/yoast-seo-wordpress\/ -->\n<title>El Consejo Superior aprob\u00f3 fechas de Mesas de Examen - Facultad de Ingenier\u00eda y Ciencias Agropecuarias<\/title>\n<meta name=\"robots\" content=\"index, follow, max-snippet:-1, max-image-preview:large, max-video-preview:-1\" \/>\n<link rel=\"canonical\" href=\"https:\/\/www.fica.unsl.edu.ar\/index.php\/el-consejo-superior-aprobo-fechas-de-mesas-de-examen\/\" \/>\n<meta property=\"og:locale\" content=\"es_ES\" \/>\n<meta property=\"og:type\" content=\"article\" \/>\n<meta property=\"og:title\" content=\"El Consejo Superior aprob\u00f3 fechas de Mesas de Examen - Facultad de Ingenier\u00eda y Ciencias Agropecuarias\" \/>\n<meta property=\"og:description\" content=\"El martes 23 de marzo el m\u00e1ximo \u00f3rgano de gobierno de la Universidad Nacional de San Luis aprob\u00f3 las fechas de los turnos generales y&hellip;\" \/>\n<meta property=\"og:url\" content=\"https:\/\/www.fica.unsl.edu.ar\/index.php\/el-consejo-superior-aprobo-fechas-de-mesas-de-examen\/\" \/>\n<meta property=\"og:site_name\" content=\"Facultad de Ingenier\u00eda y Ciencias Agropecuarias\" \/>\n<meta property=\"article:publisher\" content=\"https:\/\/www.facebook.com\/FICA.UNSL\/\" \/>\n<meta property=\"article:published_time\" content=\"2021-03-25T23:11:22+00:00\" \/>\n<meta property=\"article:modified_time\" content=\"2021-09-15T11:43:19+00:00\" \/>\n<meta property=\"og:image\" content=\"https:\/\/www.fica.unsl.edu.ar\/wp-content\/uploads\/2021\/03\/Rectorado-6-3-1000x600-1.jpg\" \/>\n\t<meta property=\"og:image:width\" content=\"1000\" \/>\n\t<meta property=\"og:image:height\" content=\"600\" \/>\n\t<meta property=\"og:image:type\" content=\"image\/jpeg\" \/>\n<meta name=\"author\" content=\"DATI\" \/>\n<meta name=\"twitter:card\" content=\"summary_large_image\" \/>\n<meta name=\"twitter:creator\" content=\"@FICAUNSL\" \/>\n<meta name=\"twitter:site\" content=\"@FICAUNSL\" \/>\n<meta name=\"twitter:label1\" content=\"Escrito por\" \/>\n\t<meta name=\"twitter:data1\" content=\"DATI\" \/>\n\t<meta name=\"twitter:label2\" content=\"Tiempo de lectura\" \/>\n\t<meta name=\"twitter:data2\" content=\"2 minutos\" \/>\n<script type=\"application\/ld+json\" class=\"yoast-schema-graph\">{\"@context\":\"https:\\\/\\\/schema.org\",\"@graph\":[{\"@type\":\"Article\",\"@id\":\"https:\\\/\\\/www.fica.unsl.edu.ar\\\/index.php\\\/el-consejo-superior-aprobo-fechas-de-mesas-de-examen\\\/#article\",\"isPartOf\":{\"@id\":\"https:\\\/\\\/www.fica.unsl.edu.ar\\\/index.php\\\/el-consejo-superior-aprobo-fechas-de-mesas-de-examen\\\/\"},\"author\":{\"name\":\"DATI\",\"@id\":\"https:\\\/\\\/www.fica.unsl.edu.ar\\\/#\\\/schema\\\/person\\\/6058f9c66301868d3a691b1f5d6c3544\"},\"headline\":\"El Consejo Superior aprob\u00f3 fechas de Mesas de Examen\",\"datePublished\":\"2021-03-25T23:11:22+00:00\",\"dateModified\":\"2021-09-15T11:43:19+00:00\",\"mainEntityOfPage\":{\"@id\":\"https:\\\/\\\/www.fica.unsl.edu.ar\\\/index.php\\\/el-consejo-superior-aprobo-fechas-de-mesas-de-examen\\\/\"},\"wordCount\":317,\"publisher\":{\"@id\":\"https:\\\/\\\/www.fica.unsl.edu.ar\\\/#organization\"},\"image\":{\"@id\":\"https:\\\/\\\/www.fica.unsl.edu.ar\\\/index.php\\\/el-consejo-superior-aprobo-fechas-de-mesas-de-examen\\\/#primaryimage\"},\"thumbnailUrl\":\"https:\\\/\\\/www.fica.unsl.edu.ar\\\/wp-content\\\/uploads\\\/2021\\\/03\\\/Rectorado-6-3-1000x600-1.jpg\",\"articleSection\":[\"Archivadas\"],\"inLanguage\":\"es-AR\"},{\"@type\":\"WebPage\",\"@id\":\"https:\\\/\\\/www.fica.unsl.edu.ar\\\/index.php\\\/el-consejo-superior-aprobo-fechas-de-mesas-de-examen\\\/\",\"url\":\"https:\\\/\\\/www.fica.unsl.edu.ar\\\/index.php\\\/el-consejo-superior-aprobo-fechas-de-mesas-de-examen\\\/\",\"name\":\"El Consejo Superior aprob\u00f3 fechas de Mesas de Examen - Facultad de Ingenier\u00eda y Ciencias Agropecuarias\",\"isPartOf\":{\"@id\":\"https:\\\/\\\/www.fica.unsl.edu.ar\\\/#website\"},\"primaryImageOfPage\":{\"@id\":\"https:\\\/\\\/www.fica.unsl.edu.ar\\\/index.php\\\/el-consejo-superior-aprobo-fechas-de-mesas-de-examen\\\/#primaryimage\"},\"image\":{\"@id\":\"https:\\\/\\\/www.fica.unsl.edu.ar\\\/index.php\\\/el-consejo-superior-aprobo-fechas-de-mesas-de-examen\\\/#primaryimage\"},\"thumbnailUrl\":\"https:\\\/\\\/www.fica.unsl.edu.ar\\\/wp-content\\\/uploads\\\/2021\\\/03\\\/Rectorado-6-3-1000x600-1.jpg\",\"datePublished\":\"2021-03-25T23:11:22+00:00\",\"dateModified\":\"2021-09-15T11:43:19+00:00\",\"inLanguage\":\"es-AR\",\"potentialAction\":[{\"@type\":\"ReadAction\",\"target\":[\"https:\\\/\\\/www.fica.unsl.edu.ar\\\/index.php\\\/el-consejo-superior-aprobo-fechas-de-mesas-de-examen\\\/\"]}]},{\"@type\":\"ImageObject\",\"inLanguage\":\"es-AR\",\"@id\":\"https:\\\/\\\/www.fica.unsl.edu.ar\\\/index.php\\\/el-consejo-superior-aprobo-fechas-de-mesas-de-examen\\\/#primaryimage\",\"url\":\"https:\\\/\\\/www.fica.unsl.edu.ar\\\/wp-content\\\/uploads\\\/2021\\\/03\\\/Rectorado-6-3-1000x600-1.jpg\",\"contentUrl\":\"https:\\\/\\\/www.fica.unsl.edu.ar\\\/wp-content\\\/uploads\\\/2021\\\/03\\\/Rectorado-6-3-1000x600-1.jpg\",\"width\":1000,\"height\":600},{\"@type\":\"WebSite\",\"@id\":\"https:\\\/\\\/www.fica.unsl.edu.ar\\\/#website\",\"url\":\"https:\\\/\\\/www.fica.unsl.edu.ar\\\/\",\"name\":\"Facultad de Ingenier\u00eda y Ciencias Agropecuarias\",\"description\":\"\",\"publisher\":{\"@id\":\"https:\\\/\\\/www.fica.unsl.edu.ar\\\/#organization\"},\"potentialAction\":[{\"@type\":\"SearchAction\",\"target\":{\"@type\":\"EntryPoint\",\"urlTemplate\":\"https:\\\/\\\/www.fica.unsl.edu.ar\\\/?s={search_term_string}\"},\"query-input\":{\"@type\":\"PropertyValueSpecification\",\"valueRequired\":true,\"valueName\":\"search_term_string\"}}],\"inLanguage\":\"es-AR\"},{\"@type\":\"Organization\",\"@id\":\"https:\\\/\\\/www.fica.unsl.edu.ar\\\/#organization\",\"name\":\"Facultad de Ingenier\u00eda y Ciencias Agropecuarias\",\"url\":\"https:\\\/\\\/www.fica.unsl.edu.ar\\\/\",\"logo\":{\"@type\":\"ImageObject\",\"inLanguage\":\"es-AR\",\"@id\":\"https:\\\/\\\/www.fica.unsl.edu.ar\\\/#\\\/schema\\\/logo\\\/image\\\/\",\"url\":\"https:\\\/\\\/www.fica.unsl.edu.ar\\\/wp-content\\\/uploads\\\/2021\\\/03\\\/LOGO-1.jpg\",\"contentUrl\":\"https:\\\/\\\/www.fica.unsl.edu.ar\\\/wp-content\\\/uploads\\\/2021\\\/03\\\/LOGO-1.jpg\",\"width\":463,\"height\":145,\"caption\":\"Facultad de Ingenier\u00eda y Ciencias Agropecuarias\"},\"image\":{\"@id\":\"https:\\\/\\\/www.fica.unsl.edu.ar\\\/#\\\/schema\\\/logo\\\/image\\\/\"},\"sameAs\":[\"https:\\\/\\\/www.facebook.com\\\/FICA.UNSL\\\/\",\"https:\\\/\\\/x.com\\\/FICAUNSL\",\"https:\\\/\\\/www.instagram.com\\\/fica.unsl\\\/\",\"https:\\\/\\\/www.youtube.com\\\/channel\\\/UCs2MM53gb2PyBrMySdtWZDQ\"]},{\"@type\":\"Person\",\"@id\":\"https:\\\/\\\/www.fica.unsl.edu.ar\\\/#\\\/schema\\\/person\\\/6058f9c66301868d3a691b1f5d6c3544\",\"name\":\"DATI\"}]}<\/script>\n<!-- \/ Yoast SEO plugin. -->","yoast_head_json":{"title":"El Consejo Superior aprob\u00f3 fechas de Mesas de Examen - Facultad de Ingenier\u00eda y Ciencias Agropecuarias","robots":{"index":"index","follow":"follow","max-snippet":"max-snippet:-1","max-image-preview":"max-image-preview:large","max-video-preview":"max-video-preview:-1"},"canonical":"https:\/\/www.fica.unsl.edu.ar\/index.php\/el-consejo-superior-aprobo-fechas-de-mesas-de-examen\/","og_locale":"es_ES","og_type":"article","og_title":"El Consejo Superior aprob\u00f3 fechas de Mesas de Examen - Facultad de Ingenier\u00eda y Ciencias Agropecuarias","og_description":"El martes 23 de marzo el m\u00e1ximo \u00f3rgano de gobierno de la Universidad Nacional de San Luis aprob\u00f3 las fechas de los turnos generales y&hellip;","og_url":"https:\/\/www.fica.unsl.edu.ar\/index.php\/el-consejo-superior-aprobo-fechas-de-mesas-de-examen\/","og_site_name":"Facultad de Ingenier\u00eda y Ciencias Agropecuarias","article_publisher":"https:\/\/www.facebook.com\/FICA.UNSL\/","article_published_time":"2021-03-25T23:11:22+00:00","article_modified_time":"2021-09-15T11:43:19+00:00","og_image":[{"width":1000,"height":600,"url":"https:\/\/www.fica.unsl.edu.ar\/wp-content\/uploads\/2021\/03\/Rectorado-6-3-1000x600-1.jpg","type":"image\/jpeg"}],"author":"DATI","twitter_card":"summary_large_image","twitter_creator":"@FICAUNSL","twitter_site":"@FICAUNSL","twitter_misc":{"Escrito por":"DATI","Tiempo de lectura":"2 minutos"},"schema":{"@context":"https:\/\/schema.org","@graph":[{"@type":"Article","@id":"https:\/\/www.fica.unsl.edu.ar\/index.php\/el-consejo-superior-aprobo-fechas-de-mesas-de-examen\/#article","isPartOf":{"@id":"https:\/\/www.fica.unsl.edu.ar\/index.php\/el-consejo-superior-aprobo-fechas-de-mesas-de-examen\/"},"author":{"name":"DATI","@id":"https:\/\/www.fica.unsl.edu.ar\/#\/schema\/person\/6058f9c66301868d3a691b1f5d6c3544"},"headline":"El Consejo Superior aprob\u00f3 fechas de Mesas de Examen","datePublished":"2021-03-25T23:11:22+00:00","dateModified":"2021-09-15T11:43:19+00:00","mainEntityOfPage":{"@id":"https:\/\/www.fica.unsl.edu.ar\/index.php\/el-consejo-superior-aprobo-fechas-de-mesas-de-examen\/"},"wordCount":317,"publisher":{"@id":"https:\/\/www.fica.unsl.edu.ar\/#organization"},"image":{"@id":"https:\/\/www.fica.unsl.edu.ar\/index.php\/el-consejo-superior-aprobo-fechas-de-mesas-de-examen\/#primaryimage"},"thumbnailUrl":"https:\/\/www.fica.unsl.edu.ar\/wp-content\/uploads\/2021\/03\/Rectorado-6-3-1000x600-1.jpg","articleSection":["Archivadas"],"inLanguage":"es-AR"},{"@type":"WebPage","@id":"https:\/\/www.fica.unsl.edu.ar\/index.php\/el-consejo-superior-aprobo-fechas-de-mesas-de-examen\/","url":"https:\/\/www.fica.unsl.edu.ar\/index.php\/el-consejo-superior-aprobo-fechas-de-mesas-de-examen\/","name":"El Consejo Superior aprob\u00f3 fechas de Mesas de Examen - Facultad de Ingenier\u00eda y Ciencias Agropecuarias","isPartOf":{"@id":"https:\/\/www.fica.unsl.edu.ar\/#website"},"primaryImageOfPage":{"@id":"https:\/\/www.fica.unsl.edu.ar\/index.php\/el-consejo-superior-aprobo-fechas-de-mesas-de-examen\/#primaryimage"},"image":{"@id":"https:\/\/www.fica.unsl.edu.ar\/index.php\/el-consejo-superior-aprobo-fechas-de-mesas-de-examen\/#primaryimage"},"thumbnailUrl":"https:\/\/www.fica.unsl.edu.ar\/wp-content\/uploads\/2021\/03\/Rectorado-6-3-1000x600-1.jpg","datePublished":"2021-03-25T23:11:22+00:00","dateModified":"2021-09-15T11:43:19+00:00","inLanguage":"es-AR","potentialAction":[{"@type":"ReadAction","target":["https:\/\/www.fica.unsl.edu.ar\/index.php\/el-consejo-superior-aprobo-fechas-de-mesas-de-examen\/"]}]},{"@type":"ImageObject","inLanguage":"es-AR","@id":"https:\/\/www.fica.unsl.edu.ar\/index.php\/el-consejo-superior-aprobo-fechas-de-mesas-de-examen\/#primaryimage","url":"https:\/\/www.fica.unsl.edu.ar\/wp-content\/uploads\/2021\/03\/Rectorado-6-3-1000x600-1.jpg","contentUrl":"https:\/\/www.fica.unsl.edu.ar\/wp-content\/uploads\/2021\/03\/Rectorado-6-3-1000x600-1.jpg","width":1000,"height":600},{"@type":"WebSite","@id":"https:\/\/www.fica.unsl.edu.ar\/#website","url":"https:\/\/www.fica.unsl.edu.ar\/","name":"Facultad de Ingenier\u00eda y Ciencias Agropecuarias","description":"","publisher":{"@id":"https:\/\/www.fica.unsl.edu.ar\/#organization"},"potentialAction":[{"@type":"SearchAction","target":{"@type":"EntryPoint","urlTemplate":"https:\/\/www.fica.unsl.edu.ar\/?s={search_term_string}"},"query-input":{"@type":"PropertyValueSpecification","valueRequired":true,"valueName":"search_term_string"}}],"inLanguage":"es-AR"},{"@type":"Organization","@id":"https:\/\/www.fica.unsl.edu.ar\/#organization","name":"Facultad de Ingenier\u00eda y Ciencias Agropecuarias","url":"https:\/\/www.fica.unsl.edu.ar\/","logo":{"@type":"ImageObject","inLanguage":"es-AR","@id":"https:\/\/www.fica.unsl.edu.ar\/#\/schema\/logo\/image\/","url":"https:\/\/www.fica.unsl.edu.ar\/wp-content\/uploads\/2021\/03\/LOGO-1.jpg","contentUrl":"https:\/\/www.fica.unsl.edu.ar\/wp-content\/uploads\/2021\/03\/LOGO-1.jpg","width":463,"height":145,"caption":"Facultad de Ingenier\u00eda y Ciencias Agropecuarias"},"image":{"@id":"https:\/\/www.fica.unsl.edu.ar\/#\/schema\/logo\/image\/"},"sameAs":["https:\/\/www.facebook.com\/FICA.UNSL\/","https:\/\/x.com\/FICAUNSL","https:\/\/www.instagram.com\/fica.unsl\/","https:\/\/www.youtube.com\/channel\/UCs2MM53gb2PyBrMySdtWZDQ"]},{"@type":"Person","@id":"https:\/\/www.fica.unsl.edu.ar\/#\/schema\/person\/6058f9c66301868d3a691b1f5d6c3544","name":"DATI"}]}},"_links":{"self":[{"href":"https:\/\/www.fica.unsl.edu.ar\/index.php\/wp-json\/wp\/v2\/posts\/3983","targetHints":{"allow":["GET"]}}],"collection":[{"href":"https:\/\/www.fica.unsl.edu.ar\/index.php\/wp-json\/wp\/v2\/posts"}],"about":[{"href":"https:\/\/www.fica.unsl.edu.ar\/index.php\/wp-json\/wp\/v2\/types\/post"}],"author":[{"embeddable":true,"href":"https:\/\/www.fica.unsl.edu.ar\/index.php\/wp-json\/wp\/v2\/users\/9"}],"replies":[{"embeddable":true,"href":"https:\/\/www.fica.unsl.edu.ar\/index.php\/wp-json\/wp\/v2\/comments?post=3983"}],"version-history":[{"count":5,"href":"https:\/\/www.fica.unsl.edu.ar\/index.php\/wp-json\/wp\/v2\/posts\/3983\/revisions"}],"predecessor-version":[{"id":4494,"href":"https:\/\/www.fica.unsl.edu.ar\/index.php\/wp-json\/wp\/v2\/posts\/3983\/revisions\/4494"}],"wp:featuredmedia":[{"embeddable":true,"href":"https:\/\/www.fica.unsl.edu.ar\/index.php\/wp-json\/wp\/v2\/media\/3456"}],"wp:attachment":[{"href":"https:\/\/www.fica.unsl.edu.ar\/index.php\/wp-json\/wp\/v2\/media?parent=3983"}],"wp:term":[{"taxonomy":"category","embeddable":true,"href":"https:\/\/www.fica.unsl.edu.ar\/index.php\/wp-json\/wp\/v2\/categories?post=3983"},{"taxonomy":"post_tag","embeddable":true,"href":"https:\/\/www.fica.unsl.edu.ar\/index.php\/wp-json\/wp\/v2\/tags?post=3983"}],"curies":[{"name":"wp","href":"https:\/\/api.w.org\/{rel}","templated":true}]}}