{"id":4346,"date":"2021-04-08T09:42:56","date_gmt":"2021-04-08T12:42:56","guid":{"rendered":"http:\/\/10.101.10.196\/www\/?p=4346"},"modified":"2022-02-22T09:17:55","modified_gmt":"2022-02-22T12:17:55","slug":"formaran-a-docentes-universitarios-en-derechos-humanos","status":"publish","type":"post","link":"https:\/\/www.fica.unsl.edu.ar\/index.php\/formaran-a-docentes-universitarios-en-derechos-humanos\/","title":{"rendered":"Formar\u00e1n a docentes universitarios en Derechos Humanos"},"content":{"rendered":"<p>La Red Interuniversitaria de Derechos Humanos (RIDDHH) del\u00a0Consejo Interuniversitario Nacional (CIN)\u00a0y la Secretar\u00eda de Derechos Humanos del Ministerio de Justicia y Derechos Humanos de la Naci\u00f3n invitan a la inscripci\u00f3n del personal docente del sistema universitario para una capacitaci\u00f3n de posgrado que dictar\u00e1n en forma conjunta y de manera virtual desde mayo. Las inscripciones estar\u00e1n habilitadas desde el 12 al 21 de abril.<\/p>\n<p>El curso posibilitar\u00e1 llevar a miles de docentes una propuesta formativa tan necesaria como urgente. Se desarrollar\u00e1 totalmente en l\u00ednea a trav\u00e9s de la plataforma virtual CampusDH, con una carga de 50 horas y tendr\u00e1 una duraci\u00f3n de diez (10) semanas. El inicio de la primera edici\u00f3n del curso est\u00e1 prevista para el 3 de mayo y la finalizaci\u00f3n el 8 de julio. Las\/os destinatarias\/os son docentes del sistema universitario de todas las disciplinas.<\/p>\n<p>Entre sus objetivos busca que los\/as participantes conozcan los conceptos b\u00e1sicos vinculados a la protecci\u00f3n y promoci\u00f3n de los derechos humanos y reconozcan la relaci\u00f3n intr\u00ednseca entre promoci\u00f3n y defensa de los derechos humanos, la lucha contra las diferentes formas de discriminaci\u00f3n y la equidad en materia de g\u00e9nero.<\/p>\n<p>Tambi\u00e9n se espera que reflexionen sobre la funci\u00f3n social de la educaci\u00f3n (y en particular de la educaci\u00f3n superior) en la estructuraci\u00f3n de subjetividades respetuosas de los derechos; adquieran un posicionamiento responsable, consiente y valorador de las diferencias en sus costumbres, valores y pr\u00e1cticas y; comprendan la importancia del desarrollo institucional, normativo y de pol\u00edticas p\u00fablicas orientadas a promover el respeto y la vigencia plena de los derechos humanos.<\/p>\n<p><strong>Contenidos<\/strong><\/p>\n<p><strong>M\u00f3dulo 1:<\/strong>\u00a0Introducci\u00f3n a los derechos humanos y los principios de igualdad y no discriminaci\u00f3n.<br \/>\n<strong>M\u00f3dulo 2:<\/strong>\u00a0Los procesos de institucionalizaci\u00f3n de los derechos humanos.<br \/>\n<strong>M\u00f3dulo 3:<\/strong>\u00a0Pr\u00e1cticas sociales e institucionales discriminatorias.<br \/>\n<strong>M\u00f3dulo 4:<\/strong>\u00a0Los derechos humanos en las aulas universitarias.<\/p>\n<p>Los\/as docentes de la Universidad Nacional de San Luis (UNSL) que deseen participar de este curso, deber\u00e1n realizar una doble inscripci\u00f3n:<\/p>\n<ul>\n<li>En la p\u00e1gina de Posgrado de la UNSL:\u00a0<a href=\"https:\/\/posgrado.unsl.edu.ar\/\">https:\/\/posgrado.unsl.edu.ar\/<\/a>, que aparecer\u00e1 con el nombre de Formaci\u00f3n docente universitaria en Derechos Humanos\u00a0y,<\/li>\n<li>En la Secretar\u00eda de Derechos Humanos\u00a0<a href=\"https:\/\/docs.google.com\/forms\/d\/e\/1FAIpQLSfOWi1qNRXP_fVlCcU96oJt8owuaz_mO67y6GY08mggXgOBpQ\/closedform\">ingresando aqu\u00ed<\/a>.<\/li>\n<\/ul>\n<p><a href=\"https:\/\/capacitacion.jus.gov.ar\/campusdh\/pluginfile.php\/109460\/mod_page\/content\/32\/Programa%20definitivo.pdf\">Programa<\/a><\/p>\n","protected":false},"excerpt":{"rendered":"<p>La Red Interuniversitaria de Derechos Humanos (RIDDHH) del\u00a0Consejo Interuniversitario Nacional (CIN)\u00a0y la Secretar\u00eda de Derechos Humanos del Ministerio de Justicia y Derechos Humanos de la&hellip;<\/p>\n","protected":false},"author":9,"featured_media":4348,"comment_status":"closed","ping_status":"closed","sticky":false,"template":"","format":"standard","meta":{"_monsterinsights_skip_tracking":false,"_monsterinsights_sitenote_active":false,"_monsterinsights_sitenote_note":"","_monsterinsights_sitenote_category":0,"_joinchat":[],"footnotes":""},"categories":[22],"tags":[],"class_list":["post-4346","post","type-post","status-publish","format-standard","has-post-thumbnail","hentry","category-archivadas"],"yoast_head":"<!-- This site is optimized with the Yoast SEO plugin v27.4 - https:\/\/yoast.com\/product\/yoast-seo-wordpress\/ -->\n<title>Formar\u00e1n a docentes universitarios en Derechos Humanos - Facultad de Ingenier\u00eda y Ciencias Agropecuarias<\/title>\n<meta name=\"robots\" content=\"index, follow, max-snippet:-1, max-image-preview:large, max-video-preview:-1\" \/>\n<link rel=\"canonical\" href=\"https:\/\/www.fica.unsl.edu.ar\/index.php\/formaran-a-docentes-universitarios-en-derechos-humanos\/\" \/>\n<meta property=\"og:locale\" content=\"es_ES\" \/>\n<meta property=\"og:type\" content=\"article\" \/>\n<meta property=\"og:title\" content=\"Formar\u00e1n a docentes universitarios en Derechos Humanos - Facultad de Ingenier\u00eda y Ciencias Agropecuarias\" \/>\n<meta property=\"og:description\" content=\"La Red Interuniversitaria de Derechos Humanos (RIDDHH) del\u00a0Consejo Interuniversitario Nacional (CIN)\u00a0y la Secretar\u00eda de Derechos Humanos del Ministerio de Justicia y Derechos Humanos de la&hellip;\" \/>\n<meta property=\"og:url\" content=\"https:\/\/www.fica.unsl.edu.ar\/index.php\/formaran-a-docentes-universitarios-en-derechos-humanos\/\" \/>\n<meta property=\"og:site_name\" content=\"Facultad de Ingenier\u00eda y Ciencias Agropecuarias\" \/>\n<meta property=\"article:publisher\" content=\"https:\/\/www.facebook.com\/FICA.UNSL\/\" \/>\n<meta property=\"article:published_time\" content=\"2021-04-08T12:42:56+00:00\" \/>\n<meta property=\"article:modified_time\" content=\"2022-02-22T12:17:55+00:00\" \/>\n<meta property=\"og:image\" content=\"https:\/\/www.fica.unsl.edu.ar\/wp-content\/uploads\/2021\/04\/derechos-humanos-manos-lifeder-mundo-min.jpg\" \/>\n\t<meta property=\"og:image:width\" content=\"1000\" \/>\n\t<meta property=\"og:image:height\" content=\"525\" \/>\n\t<meta property=\"og:image:type\" content=\"image\/jpeg\" \/>\n<meta name=\"author\" content=\"DATI\" \/>\n<meta name=\"twitter:card\" content=\"summary_large_image\" \/>\n<meta name=\"twitter:creator\" content=\"@FICAUNSL\" \/>\n<meta name=\"twitter:site\" content=\"@FICAUNSL\" \/>\n<meta name=\"twitter:label1\" content=\"Escrito por\" \/>\n\t<meta name=\"twitter:data1\" content=\"DATI\" \/>\n\t<meta name=\"twitter:label2\" content=\"Tiempo de lectura\" \/>\n\t<meta name=\"twitter:data2\" content=\"2 minutos\" \/>\n<script type=\"application\/ld+json\" class=\"yoast-schema-graph\">{\"@context\":\"https:\\\/\\\/schema.org\",\"@graph\":[{\"@type\":\"Article\",\"@id\":\"https:\\\/\\\/www.fica.unsl.edu.ar\\\/index.php\\\/formaran-a-docentes-universitarios-en-derechos-humanos\\\/#article\",\"isPartOf\":{\"@id\":\"https:\\\/\\\/www.fica.unsl.edu.ar\\\/index.php\\\/formaran-a-docentes-universitarios-en-derechos-humanos\\\/\"},\"author\":{\"name\":\"DATI\",\"@id\":\"https:\\\/\\\/www.fica.unsl.edu.ar\\\/#\\\/schema\\\/person\\\/6058f9c66301868d3a691b1f5d6c3544\"},\"headline\":\"Formar\u00e1n a docentes universitarios en Derechos Humanos\",\"datePublished\":\"2021-04-08T12:42:56+00:00\",\"dateModified\":\"2022-02-22T12:17:55+00:00\",\"mainEntityOfPage\":{\"@id\":\"https:\\\/\\\/www.fica.unsl.edu.ar\\\/index.php\\\/formaran-a-docentes-universitarios-en-derechos-humanos\\\/\"},\"wordCount\":397,\"publisher\":{\"@id\":\"https:\\\/\\\/www.fica.unsl.edu.ar\\\/#organization\"},\"image\":{\"@id\":\"https:\\\/\\\/www.fica.unsl.edu.ar\\\/index.php\\\/formaran-a-docentes-universitarios-en-derechos-humanos\\\/#primaryimage\"},\"thumbnailUrl\":\"https:\\\/\\\/www.fica.unsl.edu.ar\\\/wp-content\\\/uploads\\\/2021\\\/04\\\/derechos-humanos-manos-lifeder-mundo-min.jpg\",\"articleSection\":[\"Archivadas\"],\"inLanguage\":\"es-AR\"},{\"@type\":\"WebPage\",\"@id\":\"https:\\\/\\\/www.fica.unsl.edu.ar\\\/index.php\\\/formaran-a-docentes-universitarios-en-derechos-humanos\\\/\",\"url\":\"https:\\\/\\\/www.fica.unsl.edu.ar\\\/index.php\\\/formaran-a-docentes-universitarios-en-derechos-humanos\\\/\",\"name\":\"Formar\u00e1n a docentes universitarios en Derechos Humanos - Facultad de Ingenier\u00eda y Ciencias Agropecuarias\",\"isPartOf\":{\"@id\":\"https:\\\/\\\/www.fica.unsl.edu.ar\\\/#website\"},\"primaryImageOfPage\":{\"@id\":\"https:\\\/\\\/www.fica.unsl.edu.ar\\\/index.php\\\/formaran-a-docentes-universitarios-en-derechos-humanos\\\/#primaryimage\"},\"image\":{\"@id\":\"https:\\\/\\\/www.fica.unsl.edu.ar\\\/index.php\\\/formaran-a-docentes-universitarios-en-derechos-humanos\\\/#primaryimage\"},\"thumbnailUrl\":\"https:\\\/\\\/www.fica.unsl.edu.ar\\\/wp-content\\\/uploads\\\/2021\\\/04\\\/derechos-humanos-manos-lifeder-mundo-min.jpg\",\"datePublished\":\"2021-04-08T12:42:56+00:00\",\"dateModified\":\"2022-02-22T12:17:55+00:00\",\"inLanguage\":\"es-AR\",\"potentialAction\":[{\"@type\":\"ReadAction\",\"target\":[\"https:\\\/\\\/www.fica.unsl.edu.ar\\\/index.php\\\/formaran-a-docentes-universitarios-en-derechos-humanos\\\/\"]}]},{\"@type\":\"ImageObject\",\"inLanguage\":\"es-AR\",\"@id\":\"https:\\\/\\\/www.fica.unsl.edu.ar\\\/index.php\\\/formaran-a-docentes-universitarios-en-derechos-humanos\\\/#primaryimage\",\"url\":\"https:\\\/\\\/www.fica.unsl.edu.ar\\\/wp-content\\\/uploads\\\/2021\\\/04\\\/derechos-humanos-manos-lifeder-mundo-min.jpg\",\"contentUrl\":\"https:\\\/\\\/www.fica.unsl.edu.ar\\\/wp-content\\\/uploads\\\/2021\\\/04\\\/derechos-humanos-manos-lifeder-mundo-min.jpg\",\"width\":1000,\"height\":525},{\"@type\":\"WebSite\",\"@id\":\"https:\\\/\\\/www.fica.unsl.edu.ar\\\/#website\",\"url\":\"https:\\\/\\\/www.fica.unsl.edu.ar\\\/\",\"name\":\"Facultad de Ingenier\u00eda y Ciencias Agropecuarias\",\"description\":\"\",\"publisher\":{\"@id\":\"https:\\\/\\\/www.fica.unsl.edu.ar\\\/#organization\"},\"potentialAction\":[{\"@type\":\"SearchAction\",\"target\":{\"@type\":\"EntryPoint\",\"urlTemplate\":\"https:\\\/\\\/www.fica.unsl.edu.ar\\\/?s={search_term_string}\"},\"query-input\":{\"@type\":\"PropertyValueSpecification\",\"valueRequired\":true,\"valueName\":\"search_term_string\"}}],\"inLanguage\":\"es-AR\"},{\"@type\":\"Organization\",\"@id\":\"https:\\\/\\\/www.fica.unsl.edu.ar\\\/#organization\",\"name\":\"Facultad de Ingenier\u00eda y Ciencias Agropecuarias\",\"url\":\"https:\\\/\\\/www.fica.unsl.edu.ar\\\/\",\"logo\":{\"@type\":\"ImageObject\",\"inLanguage\":\"es-AR\",\"@id\":\"https:\\\/\\\/www.fica.unsl.edu.ar\\\/#\\\/schema\\\/logo\\\/image\\\/\",\"url\":\"https:\\\/\\\/www.fica.unsl.edu.ar\\\/wp-content\\\/uploads\\\/2021\\\/03\\\/LOGO-1.jpg\",\"contentUrl\":\"https:\\\/\\\/www.fica.unsl.edu.ar\\\/wp-content\\\/uploads\\\/2021\\\/03\\\/LOGO-1.jpg\",\"width\":463,\"height\":145,\"caption\":\"Facultad de Ingenier\u00eda y Ciencias Agropecuarias\"},\"image\":{\"@id\":\"https:\\\/\\\/www.fica.unsl.edu.ar\\\/#\\\/schema\\\/logo\\\/image\\\/\"},\"sameAs\":[\"https:\\\/\\\/www.facebook.com\\\/FICA.UNSL\\\/\",\"https:\\\/\\\/x.com\\\/FICAUNSL\",\"https:\\\/\\\/www.instagram.com\\\/fica.unsl\\\/\",\"https:\\\/\\\/www.youtube.com\\\/channel\\\/UCs2MM53gb2PyBrMySdtWZDQ\"]},{\"@type\":\"Person\",\"@id\":\"https:\\\/\\\/www.fica.unsl.edu.ar\\\/#\\\/schema\\\/person\\\/6058f9c66301868d3a691b1f5d6c3544\",\"name\":\"DATI\"}]}<\/script>\n<!-- \/ Yoast SEO plugin. -->","yoast_head_json":{"title":"Formar\u00e1n a docentes universitarios en Derechos Humanos - Facultad de Ingenier\u00eda y Ciencias Agropecuarias","robots":{"index":"index","follow":"follow","max-snippet":"max-snippet:-1","max-image-preview":"max-image-preview:large","max-video-preview":"max-video-preview:-1"},"canonical":"https:\/\/www.fica.unsl.edu.ar\/index.php\/formaran-a-docentes-universitarios-en-derechos-humanos\/","og_locale":"es_ES","og_type":"article","og_title":"Formar\u00e1n a docentes universitarios en Derechos Humanos - Facultad de Ingenier\u00eda y Ciencias Agropecuarias","og_description":"La Red Interuniversitaria de Derechos Humanos (RIDDHH) del\u00a0Consejo Interuniversitario Nacional (CIN)\u00a0y la Secretar\u00eda de Derechos Humanos del Ministerio de Justicia y Derechos Humanos de la&hellip;","og_url":"https:\/\/www.fica.unsl.edu.ar\/index.php\/formaran-a-docentes-universitarios-en-derechos-humanos\/","og_site_name":"Facultad de Ingenier\u00eda y Ciencias Agropecuarias","article_publisher":"https:\/\/www.facebook.com\/FICA.UNSL\/","article_published_time":"2021-04-08T12:42:56+00:00","article_modified_time":"2022-02-22T12:17:55+00:00","og_image":[{"width":1000,"height":525,"url":"https:\/\/www.fica.unsl.edu.ar\/wp-content\/uploads\/2021\/04\/derechos-humanos-manos-lifeder-mundo-min.jpg","type":"image\/jpeg"}],"author":"DATI","twitter_card":"summary_large_image","twitter_creator":"@FICAUNSL","twitter_site":"@FICAUNSL","twitter_misc":{"Escrito por":"DATI","Tiempo de lectura":"2 minutos"},"schema":{"@context":"https:\/\/schema.org","@graph":[{"@type":"Article","@id":"https:\/\/www.fica.unsl.edu.ar\/index.php\/formaran-a-docentes-universitarios-en-derechos-humanos\/#article","isPartOf":{"@id":"https:\/\/www.fica.unsl.edu.ar\/index.php\/formaran-a-docentes-universitarios-en-derechos-humanos\/"},"author":{"name":"DATI","@id":"https:\/\/www.fica.unsl.edu.ar\/#\/schema\/person\/6058f9c66301868d3a691b1f5d6c3544"},"headline":"Formar\u00e1n a docentes universitarios en Derechos Humanos","datePublished":"2021-04-08T12:42:56+00:00","dateModified":"2022-02-22T12:17:55+00:00","mainEntityOfPage":{"@id":"https:\/\/www.fica.unsl.edu.ar\/index.php\/formaran-a-docentes-universitarios-en-derechos-humanos\/"},"wordCount":397,"publisher":{"@id":"https:\/\/www.fica.unsl.edu.ar\/#organization"},"image":{"@id":"https:\/\/www.fica.unsl.edu.ar\/index.php\/formaran-a-docentes-universitarios-en-derechos-humanos\/#primaryimage"},"thumbnailUrl":"https:\/\/www.fica.unsl.edu.ar\/wp-content\/uploads\/2021\/04\/derechos-humanos-manos-lifeder-mundo-min.jpg","articleSection":["Archivadas"],"inLanguage":"es-AR"},{"@type":"WebPage","@id":"https:\/\/www.fica.unsl.edu.ar\/index.php\/formaran-a-docentes-universitarios-en-derechos-humanos\/","url":"https:\/\/www.fica.unsl.edu.ar\/index.php\/formaran-a-docentes-universitarios-en-derechos-humanos\/","name":"Formar\u00e1n a docentes universitarios en Derechos Humanos - Facultad de Ingenier\u00eda y Ciencias Agropecuarias","isPartOf":{"@id":"https:\/\/www.fica.unsl.edu.ar\/#website"},"primaryImageOfPage":{"@id":"https:\/\/www.fica.unsl.edu.ar\/index.php\/formaran-a-docentes-universitarios-en-derechos-humanos\/#primaryimage"},"image":{"@id":"https:\/\/www.fica.unsl.edu.ar\/index.php\/formaran-a-docentes-universitarios-en-derechos-humanos\/#primaryimage"},"thumbnailUrl":"https:\/\/www.fica.unsl.edu.ar\/wp-content\/uploads\/2021\/04\/derechos-humanos-manos-lifeder-mundo-min.jpg","datePublished":"2021-04-08T12:42:56+00:00","dateModified":"2022-02-22T12:17:55+00:00","inLanguage":"es-AR","potentialAction":[{"@type":"ReadAction","target":["https:\/\/www.fica.unsl.edu.ar\/index.php\/formaran-a-docentes-universitarios-en-derechos-humanos\/"]}]},{"@type":"ImageObject","inLanguage":"es-AR","@id":"https:\/\/www.fica.unsl.edu.ar\/index.php\/formaran-a-docentes-universitarios-en-derechos-humanos\/#primaryimage","url":"https:\/\/www.fica.unsl.edu.ar\/wp-content\/uploads\/2021\/04\/derechos-humanos-manos-lifeder-mundo-min.jpg","contentUrl":"https:\/\/www.fica.unsl.edu.ar\/wp-content\/uploads\/2021\/04\/derechos-humanos-manos-lifeder-mundo-min.jpg","width":1000,"height":525},{"@type":"WebSite","@id":"https:\/\/www.fica.unsl.edu.ar\/#website","url":"https:\/\/www.fica.unsl.edu.ar\/","name":"Facultad de Ingenier\u00eda y Ciencias Agropecuarias","description":"","publisher":{"@id":"https:\/\/www.fica.unsl.edu.ar\/#organization"},"potentialAction":[{"@type":"SearchAction","target":{"@type":"EntryPoint","urlTemplate":"https:\/\/www.fica.unsl.edu.ar\/?s={search_term_string}"},"query-input":{"@type":"PropertyValueSpecification","valueRequired":true,"valueName":"search_term_string"}}],"inLanguage":"es-AR"},{"@type":"Organization","@id":"https:\/\/www.fica.unsl.edu.ar\/#organization","name":"Facultad de Ingenier\u00eda y Ciencias Agropecuarias","url":"https:\/\/www.fica.unsl.edu.ar\/","logo":{"@type":"ImageObject","inLanguage":"es-AR","@id":"https:\/\/www.fica.unsl.edu.ar\/#\/schema\/logo\/image\/","url":"https:\/\/www.fica.unsl.edu.ar\/wp-content\/uploads\/2021\/03\/LOGO-1.jpg","contentUrl":"https:\/\/www.fica.unsl.edu.ar\/wp-content\/uploads\/2021\/03\/LOGO-1.jpg","width":463,"height":145,"caption":"Facultad de Ingenier\u00eda y Ciencias Agropecuarias"},"image":{"@id":"https:\/\/www.fica.unsl.edu.ar\/#\/schema\/logo\/image\/"},"sameAs":["https:\/\/www.facebook.com\/FICA.UNSL\/","https:\/\/x.com\/FICAUNSL","https:\/\/www.instagram.com\/fica.unsl\/","https:\/\/www.youtube.com\/channel\/UCs2MM53gb2PyBrMySdtWZDQ"]},{"@type":"Person","@id":"https:\/\/www.fica.unsl.edu.ar\/#\/schema\/person\/6058f9c66301868d3a691b1f5d6c3544","name":"DATI"}]}},"_links":{"self":[{"href":"https:\/\/www.fica.unsl.edu.ar\/index.php\/wp-json\/wp\/v2\/posts\/4346","targetHints":{"allow":["GET"]}}],"collection":[{"href":"https:\/\/www.fica.unsl.edu.ar\/index.php\/wp-json\/wp\/v2\/posts"}],"about":[{"href":"https:\/\/www.fica.unsl.edu.ar\/index.php\/wp-json\/wp\/v2\/types\/post"}],"author":[{"embeddable":true,"href":"https:\/\/www.fica.unsl.edu.ar\/index.php\/wp-json\/wp\/v2\/users\/9"}],"replies":[{"embeddable":true,"href":"https:\/\/www.fica.unsl.edu.ar\/index.php\/wp-json\/wp\/v2\/comments?post=4346"}],"version-history":[{"count":1,"href":"https:\/\/www.fica.unsl.edu.ar\/index.php\/wp-json\/wp\/v2\/posts\/4346\/revisions"}],"predecessor-version":[{"id":4347,"href":"https:\/\/www.fica.unsl.edu.ar\/index.php\/wp-json\/wp\/v2\/posts\/4346\/revisions\/4347"}],"wp:featuredmedia":[{"embeddable":true,"href":"https:\/\/www.fica.unsl.edu.ar\/index.php\/wp-json\/wp\/v2\/media\/4348"}],"wp:attachment":[{"href":"https:\/\/www.fica.unsl.edu.ar\/index.php\/wp-json\/wp\/v2\/media?parent=4346"}],"wp:term":[{"taxonomy":"category","embeddable":true,"href":"https:\/\/www.fica.unsl.edu.ar\/index.php\/wp-json\/wp\/v2\/categories?post=4346"},{"taxonomy":"post_tag","embeddable":true,"href":"https:\/\/www.fica.unsl.edu.ar\/index.php\/wp-json\/wp\/v2\/tags?post=4346"}],"curies":[{"name":"wp","href":"https:\/\/api.w.org\/{rel}","templated":true}]}}