{"id":4523,"date":"2021-04-21T12:37:19","date_gmt":"2021-04-21T15:37:19","guid":{"rendered":"http:\/\/10.101.10.196\/www\/?p=4523"},"modified":"2021-12-23T10:42:39","modified_gmt":"2021-12-23T13:42:39","slug":"arbolado-urbano-la-fica-presento-los-resultados-de-los-estudios-al-municipio","status":"publish","type":"post","link":"https:\/\/www.fica.unsl.edu.ar\/index.php\/arbolado-urbano-la-fica-presento-los-resultados-de-los-estudios-al-municipio\/","title":{"rendered":"Arbolado Urbano: La FICA present\u00f3 los resultados de los estudios al Municipio"},"content":{"rendered":"<p>En la ma\u00f1ana del mi\u00e9rcoles 21 de abril, docentes investigadoras de la FICA llevaron a cabo una reuni\u00f3n de trabajo con funcionarios de la municipalidad de Villa Mercedes con el motivo de presentar los resultados de los trabajos realizados por los proyectos PEIS 140719. \u201cArbolado Urbano de Villa Mercedes (San Luis): Vulnerabilidad Ambiental del Sistema Epidemiol\u00f3gico y el PED Arbolado Urbano de Villa Mercedes (San Luis): Gesti\u00f3n y Manejo Sanitario.<\/p>\n<p>Durante el encuentro se elev\u00f3 un informe elaborado por los estudiantes y docentes de la Asignatura Fitopatolog\u00eda, en el marco del PED, referido a Epidemiolog\u00eda de la Enfermedad de Amarillamiento del Para\u00edso. Luego, se mostraron resultados del muestreo realizado para observar la sanidad de algunos ejemplares de Pl\u00e1tanos, solicitado por el mismo municipio. Por \u00faltimo, se prosigui\u00f3 con la definici\u00f3n de las especies permitidas para su plantaci\u00f3n en el ejido urbano que contemplar\u00e1 la Ordenanza municipal.<\/p>\n<p>Participaron del encuentro la Directora de los Proyectos, Mag. Nora Raquel Andrada junto a las Docentes Investigadoras responsables de distintas secciones dentro de los proyectos, la Esp. Mirta G\u00f3mez y las ingenieras Silvia Bonivardo y Marcia Micca Ramirez. Por parte del municipio asistieron el Secretario de Producci\u00f3n Medio Ambiente y Tecnolog\u00eda, Gerardo Martin, el Subsecretario de Espacios Verdes, Cesar de Benedetti y el jefe de Programa de Arbolado Urbano, Juan Jos\u00e9 Mansur.<\/p>\n","protected":false},"excerpt":{"rendered":"<p>En la ma\u00f1ana del mi\u00e9rcoles 21 de abril, docentes investigadoras de la FICA llevaron a cabo una reuni\u00f3n de trabajo con funcionarios de la municipalidad&hellip;<\/p>\n","protected":false},"author":9,"featured_media":4524,"comment_status":"closed","ping_status":"closed","sticky":false,"template":"","format":"standard","meta":{"_monsterinsights_skip_tracking":false,"_monsterinsights_sitenote_active":false,"_monsterinsights_sitenote_note":"","_monsterinsights_sitenote_category":0,"_joinchat":[],"footnotes":""},"categories":[19],"tags":[],"class_list":["post-4523","post","type-post","status-publish","format-standard","has-post-thumbnail","hentry","category-noticias"],"yoast_head":"<!-- This site is optimized with the Yoast SEO plugin v27.4 - https:\/\/yoast.com\/product\/yoast-seo-wordpress\/ -->\n<title>Arbolado Urbano: La FICA present\u00f3 los resultados de los estudios al Municipio - Facultad de Ingenier\u00eda y Ciencias Agropecuarias<\/title>\n<meta name=\"robots\" content=\"index, follow, max-snippet:-1, max-image-preview:large, max-video-preview:-1\" \/>\n<link rel=\"canonical\" href=\"https:\/\/www.fica.unsl.edu.ar\/index.php\/arbolado-urbano-la-fica-presento-los-resultados-de-los-estudios-al-municipio\/\" \/>\n<meta property=\"og:locale\" content=\"es_ES\" \/>\n<meta property=\"og:type\" content=\"article\" \/>\n<meta property=\"og:title\" content=\"Arbolado Urbano: La FICA present\u00f3 los resultados de los estudios al Municipio - Facultad de Ingenier\u00eda y Ciencias Agropecuarias\" \/>\n<meta property=\"og:description\" content=\"En la ma\u00f1ana del mi\u00e9rcoles 21 de abril, docentes investigadoras de la FICA llevaron a cabo una reuni\u00f3n de trabajo con funcionarios de la municipalidad&hellip;\" \/>\n<meta property=\"og:url\" content=\"https:\/\/www.fica.unsl.edu.ar\/index.php\/arbolado-urbano-la-fica-presento-los-resultados-de-los-estudios-al-municipio\/\" \/>\n<meta property=\"og:site_name\" content=\"Facultad de Ingenier\u00eda y Ciencias Agropecuarias\" \/>\n<meta property=\"article:publisher\" content=\"https:\/\/www.facebook.com\/FICA.UNSL\/\" \/>\n<meta property=\"article:published_time\" content=\"2021-04-21T15:37:19+00:00\" \/>\n<meta property=\"article:modified_time\" content=\"2021-12-23T13:42:39+00:00\" \/>\n<meta property=\"og:image\" content=\"https:\/\/www.fica.unsl.edu.ar\/wp-content\/uploads\/2021\/04\/reunion-de-trabajo.jpg\" \/>\n\t<meta property=\"og:image:width\" content=\"1067\" \/>\n\t<meta property=\"og:image:height\" content=\"600\" \/>\n\t<meta property=\"og:image:type\" content=\"image\/jpeg\" \/>\n<meta name=\"author\" content=\"DATI\" \/>\n<meta name=\"twitter:card\" content=\"summary_large_image\" \/>\n<meta name=\"twitter:creator\" content=\"@FICAUNSL\" \/>\n<meta name=\"twitter:site\" content=\"@FICAUNSL\" \/>\n<meta name=\"twitter:label1\" content=\"Escrito por\" \/>\n\t<meta name=\"twitter:data1\" content=\"DATI\" \/>\n\t<meta name=\"twitter:label2\" content=\"Tiempo de lectura\" \/>\n\t<meta name=\"twitter:data2\" content=\"1 minuto\" \/>\n<script type=\"application\/ld+json\" class=\"yoast-schema-graph\">{\"@context\":\"https:\\\/\\\/schema.org\",\"@graph\":[{\"@type\":\"Article\",\"@id\":\"https:\\\/\\\/www.fica.unsl.edu.ar\\\/index.php\\\/arbolado-urbano-la-fica-presento-los-resultados-de-los-estudios-al-municipio\\\/#article\",\"isPartOf\":{\"@id\":\"https:\\\/\\\/www.fica.unsl.edu.ar\\\/index.php\\\/arbolado-urbano-la-fica-presento-los-resultados-de-los-estudios-al-municipio\\\/\"},\"author\":{\"name\":\"DATI\",\"@id\":\"https:\\\/\\\/www.fica.unsl.edu.ar\\\/#\\\/schema\\\/person\\\/6058f9c66301868d3a691b1f5d6c3544\"},\"headline\":\"Arbolado Urbano: La FICA present\u00f3 los resultados de los estudios al Municipio\",\"datePublished\":\"2021-04-21T15:37:19+00:00\",\"dateModified\":\"2021-12-23T13:42:39+00:00\",\"mainEntityOfPage\":{\"@id\":\"https:\\\/\\\/www.fica.unsl.edu.ar\\\/index.php\\\/arbolado-urbano-la-fica-presento-los-resultados-de-los-estudios-al-municipio\\\/\"},\"wordCount\":242,\"publisher\":{\"@id\":\"https:\\\/\\\/www.fica.unsl.edu.ar\\\/#organization\"},\"image\":{\"@id\":\"https:\\\/\\\/www.fica.unsl.edu.ar\\\/index.php\\\/arbolado-urbano-la-fica-presento-los-resultados-de-los-estudios-al-municipio\\\/#primaryimage\"},\"thumbnailUrl\":\"https:\\\/\\\/www.fica.unsl.edu.ar\\\/wp-content\\\/uploads\\\/2021\\\/04\\\/reunion-de-trabajo.jpg\",\"articleSection\":[\"Noticias\"],\"inLanguage\":\"es-AR\"},{\"@type\":\"WebPage\",\"@id\":\"https:\\\/\\\/www.fica.unsl.edu.ar\\\/index.php\\\/arbolado-urbano-la-fica-presento-los-resultados-de-los-estudios-al-municipio\\\/\",\"url\":\"https:\\\/\\\/www.fica.unsl.edu.ar\\\/index.php\\\/arbolado-urbano-la-fica-presento-los-resultados-de-los-estudios-al-municipio\\\/\",\"name\":\"Arbolado Urbano: La FICA present\u00f3 los resultados de los estudios al Municipio - Facultad de Ingenier\u00eda y Ciencias Agropecuarias\",\"isPartOf\":{\"@id\":\"https:\\\/\\\/www.fica.unsl.edu.ar\\\/#website\"},\"primaryImageOfPage\":{\"@id\":\"https:\\\/\\\/www.fica.unsl.edu.ar\\\/index.php\\\/arbolado-urbano-la-fica-presento-los-resultados-de-los-estudios-al-municipio\\\/#primaryimage\"},\"image\":{\"@id\":\"https:\\\/\\\/www.fica.unsl.edu.ar\\\/index.php\\\/arbolado-urbano-la-fica-presento-los-resultados-de-los-estudios-al-municipio\\\/#primaryimage\"},\"thumbnailUrl\":\"https:\\\/\\\/www.fica.unsl.edu.ar\\\/wp-content\\\/uploads\\\/2021\\\/04\\\/reunion-de-trabajo.jpg\",\"datePublished\":\"2021-04-21T15:37:19+00:00\",\"dateModified\":\"2021-12-23T13:42:39+00:00\",\"inLanguage\":\"es-AR\",\"potentialAction\":[{\"@type\":\"ReadAction\",\"target\":[\"https:\\\/\\\/www.fica.unsl.edu.ar\\\/index.php\\\/arbolado-urbano-la-fica-presento-los-resultados-de-los-estudios-al-municipio\\\/\"]}]},{\"@type\":\"ImageObject\",\"inLanguage\":\"es-AR\",\"@id\":\"https:\\\/\\\/www.fica.unsl.edu.ar\\\/index.php\\\/arbolado-urbano-la-fica-presento-los-resultados-de-los-estudios-al-municipio\\\/#primaryimage\",\"url\":\"https:\\\/\\\/www.fica.unsl.edu.ar\\\/wp-content\\\/uploads\\\/2021\\\/04\\\/reunion-de-trabajo.jpg\",\"contentUrl\":\"https:\\\/\\\/www.fica.unsl.edu.ar\\\/wp-content\\\/uploads\\\/2021\\\/04\\\/reunion-de-trabajo.jpg\",\"width\":1067,\"height\":600},{\"@type\":\"WebSite\",\"@id\":\"https:\\\/\\\/www.fica.unsl.edu.ar\\\/#website\",\"url\":\"https:\\\/\\\/www.fica.unsl.edu.ar\\\/\",\"name\":\"Facultad de Ingenier\u00eda y Ciencias Agropecuarias\",\"description\":\"\",\"publisher\":{\"@id\":\"https:\\\/\\\/www.fica.unsl.edu.ar\\\/#organization\"},\"potentialAction\":[{\"@type\":\"SearchAction\",\"target\":{\"@type\":\"EntryPoint\",\"urlTemplate\":\"https:\\\/\\\/www.fica.unsl.edu.ar\\\/?s={search_term_string}\"},\"query-input\":{\"@type\":\"PropertyValueSpecification\",\"valueRequired\":true,\"valueName\":\"search_term_string\"}}],\"inLanguage\":\"es-AR\"},{\"@type\":\"Organization\",\"@id\":\"https:\\\/\\\/www.fica.unsl.edu.ar\\\/#organization\",\"name\":\"Facultad de Ingenier\u00eda y Ciencias Agropecuarias\",\"url\":\"https:\\\/\\\/www.fica.unsl.edu.ar\\\/\",\"logo\":{\"@type\":\"ImageObject\",\"inLanguage\":\"es-AR\",\"@id\":\"https:\\\/\\\/www.fica.unsl.edu.ar\\\/#\\\/schema\\\/logo\\\/image\\\/\",\"url\":\"https:\\\/\\\/www.fica.unsl.edu.ar\\\/wp-content\\\/uploads\\\/2021\\\/03\\\/LOGO-1.jpg\",\"contentUrl\":\"https:\\\/\\\/www.fica.unsl.edu.ar\\\/wp-content\\\/uploads\\\/2021\\\/03\\\/LOGO-1.jpg\",\"width\":463,\"height\":145,\"caption\":\"Facultad de Ingenier\u00eda y Ciencias Agropecuarias\"},\"image\":{\"@id\":\"https:\\\/\\\/www.fica.unsl.edu.ar\\\/#\\\/schema\\\/logo\\\/image\\\/\"},\"sameAs\":[\"https:\\\/\\\/www.facebook.com\\\/FICA.UNSL\\\/\",\"https:\\\/\\\/x.com\\\/FICAUNSL\",\"https:\\\/\\\/www.instagram.com\\\/fica.unsl\\\/\",\"https:\\\/\\\/www.youtube.com\\\/channel\\\/UCs2MM53gb2PyBrMySdtWZDQ\"]},{\"@type\":\"Person\",\"@id\":\"https:\\\/\\\/www.fica.unsl.edu.ar\\\/#\\\/schema\\\/person\\\/6058f9c66301868d3a691b1f5d6c3544\",\"name\":\"DATI\"}]}<\/script>\n<!-- \/ Yoast SEO plugin. -->","yoast_head_json":{"title":"Arbolado Urbano: La FICA present\u00f3 los resultados de los estudios al Municipio - Facultad de Ingenier\u00eda y Ciencias Agropecuarias","robots":{"index":"index","follow":"follow","max-snippet":"max-snippet:-1","max-image-preview":"max-image-preview:large","max-video-preview":"max-video-preview:-1"},"canonical":"https:\/\/www.fica.unsl.edu.ar\/index.php\/arbolado-urbano-la-fica-presento-los-resultados-de-los-estudios-al-municipio\/","og_locale":"es_ES","og_type":"article","og_title":"Arbolado Urbano: La FICA present\u00f3 los resultados de los estudios al Municipio - Facultad de Ingenier\u00eda y Ciencias Agropecuarias","og_description":"En la ma\u00f1ana del mi\u00e9rcoles 21 de abril, docentes investigadoras de la FICA llevaron a cabo una reuni\u00f3n de trabajo con funcionarios de la municipalidad&hellip;","og_url":"https:\/\/www.fica.unsl.edu.ar\/index.php\/arbolado-urbano-la-fica-presento-los-resultados-de-los-estudios-al-municipio\/","og_site_name":"Facultad de Ingenier\u00eda y Ciencias Agropecuarias","article_publisher":"https:\/\/www.facebook.com\/FICA.UNSL\/","article_published_time":"2021-04-21T15:37:19+00:00","article_modified_time":"2021-12-23T13:42:39+00:00","og_image":[{"width":1067,"height":600,"url":"https:\/\/www.fica.unsl.edu.ar\/wp-content\/uploads\/2021\/04\/reunion-de-trabajo.jpg","type":"image\/jpeg"}],"author":"DATI","twitter_card":"summary_large_image","twitter_creator":"@FICAUNSL","twitter_site":"@FICAUNSL","twitter_misc":{"Escrito por":"DATI","Tiempo de lectura":"1 minuto"},"schema":{"@context":"https:\/\/schema.org","@graph":[{"@type":"Article","@id":"https:\/\/www.fica.unsl.edu.ar\/index.php\/arbolado-urbano-la-fica-presento-los-resultados-de-los-estudios-al-municipio\/#article","isPartOf":{"@id":"https:\/\/www.fica.unsl.edu.ar\/index.php\/arbolado-urbano-la-fica-presento-los-resultados-de-los-estudios-al-municipio\/"},"author":{"name":"DATI","@id":"https:\/\/www.fica.unsl.edu.ar\/#\/schema\/person\/6058f9c66301868d3a691b1f5d6c3544"},"headline":"Arbolado Urbano: La FICA present\u00f3 los resultados de los estudios al Municipio","datePublished":"2021-04-21T15:37:19+00:00","dateModified":"2021-12-23T13:42:39+00:00","mainEntityOfPage":{"@id":"https:\/\/www.fica.unsl.edu.ar\/index.php\/arbolado-urbano-la-fica-presento-los-resultados-de-los-estudios-al-municipio\/"},"wordCount":242,"publisher":{"@id":"https:\/\/www.fica.unsl.edu.ar\/#organization"},"image":{"@id":"https:\/\/www.fica.unsl.edu.ar\/index.php\/arbolado-urbano-la-fica-presento-los-resultados-de-los-estudios-al-municipio\/#primaryimage"},"thumbnailUrl":"https:\/\/www.fica.unsl.edu.ar\/wp-content\/uploads\/2021\/04\/reunion-de-trabajo.jpg","articleSection":["Noticias"],"inLanguage":"es-AR"},{"@type":"WebPage","@id":"https:\/\/www.fica.unsl.edu.ar\/index.php\/arbolado-urbano-la-fica-presento-los-resultados-de-los-estudios-al-municipio\/","url":"https:\/\/www.fica.unsl.edu.ar\/index.php\/arbolado-urbano-la-fica-presento-los-resultados-de-los-estudios-al-municipio\/","name":"Arbolado Urbano: La FICA present\u00f3 los resultados de los estudios al Municipio - Facultad de Ingenier\u00eda y Ciencias Agropecuarias","isPartOf":{"@id":"https:\/\/www.fica.unsl.edu.ar\/#website"},"primaryImageOfPage":{"@id":"https:\/\/www.fica.unsl.edu.ar\/index.php\/arbolado-urbano-la-fica-presento-los-resultados-de-los-estudios-al-municipio\/#primaryimage"},"image":{"@id":"https:\/\/www.fica.unsl.edu.ar\/index.php\/arbolado-urbano-la-fica-presento-los-resultados-de-los-estudios-al-municipio\/#primaryimage"},"thumbnailUrl":"https:\/\/www.fica.unsl.edu.ar\/wp-content\/uploads\/2021\/04\/reunion-de-trabajo.jpg","datePublished":"2021-04-21T15:37:19+00:00","dateModified":"2021-12-23T13:42:39+00:00","inLanguage":"es-AR","potentialAction":[{"@type":"ReadAction","target":["https:\/\/www.fica.unsl.edu.ar\/index.php\/arbolado-urbano-la-fica-presento-los-resultados-de-los-estudios-al-municipio\/"]}]},{"@type":"ImageObject","inLanguage":"es-AR","@id":"https:\/\/www.fica.unsl.edu.ar\/index.php\/arbolado-urbano-la-fica-presento-los-resultados-de-los-estudios-al-municipio\/#primaryimage","url":"https:\/\/www.fica.unsl.edu.ar\/wp-content\/uploads\/2021\/04\/reunion-de-trabajo.jpg","contentUrl":"https:\/\/www.fica.unsl.edu.ar\/wp-content\/uploads\/2021\/04\/reunion-de-trabajo.jpg","width":1067,"height":600},{"@type":"WebSite","@id":"https:\/\/www.fica.unsl.edu.ar\/#website","url":"https:\/\/www.fica.unsl.edu.ar\/","name":"Facultad de Ingenier\u00eda y Ciencias Agropecuarias","description":"","publisher":{"@id":"https:\/\/www.fica.unsl.edu.ar\/#organization"},"potentialAction":[{"@type":"SearchAction","target":{"@type":"EntryPoint","urlTemplate":"https:\/\/www.fica.unsl.edu.ar\/?s={search_term_string}"},"query-input":{"@type":"PropertyValueSpecification","valueRequired":true,"valueName":"search_term_string"}}],"inLanguage":"es-AR"},{"@type":"Organization","@id":"https:\/\/www.fica.unsl.edu.ar\/#organization","name":"Facultad de Ingenier\u00eda y Ciencias Agropecuarias","url":"https:\/\/www.fica.unsl.edu.ar\/","logo":{"@type":"ImageObject","inLanguage":"es-AR","@id":"https:\/\/www.fica.unsl.edu.ar\/#\/schema\/logo\/image\/","url":"https:\/\/www.fica.unsl.edu.ar\/wp-content\/uploads\/2021\/03\/LOGO-1.jpg","contentUrl":"https:\/\/www.fica.unsl.edu.ar\/wp-content\/uploads\/2021\/03\/LOGO-1.jpg","width":463,"height":145,"caption":"Facultad de Ingenier\u00eda y Ciencias Agropecuarias"},"image":{"@id":"https:\/\/www.fica.unsl.edu.ar\/#\/schema\/logo\/image\/"},"sameAs":["https:\/\/www.facebook.com\/FICA.UNSL\/","https:\/\/x.com\/FICAUNSL","https:\/\/www.instagram.com\/fica.unsl\/","https:\/\/www.youtube.com\/channel\/UCs2MM53gb2PyBrMySdtWZDQ"]},{"@type":"Person","@id":"https:\/\/www.fica.unsl.edu.ar\/#\/schema\/person\/6058f9c66301868d3a691b1f5d6c3544","name":"DATI"}]}},"_links":{"self":[{"href":"https:\/\/www.fica.unsl.edu.ar\/index.php\/wp-json\/wp\/v2\/posts\/4523","targetHints":{"allow":["GET"]}}],"collection":[{"href":"https:\/\/www.fica.unsl.edu.ar\/index.php\/wp-json\/wp\/v2\/posts"}],"about":[{"href":"https:\/\/www.fica.unsl.edu.ar\/index.php\/wp-json\/wp\/v2\/types\/post"}],"author":[{"embeddable":true,"href":"https:\/\/www.fica.unsl.edu.ar\/index.php\/wp-json\/wp\/v2\/users\/9"}],"replies":[{"embeddable":true,"href":"https:\/\/www.fica.unsl.edu.ar\/index.php\/wp-json\/wp\/v2\/comments?post=4523"}],"version-history":[{"count":3,"href":"https:\/\/www.fica.unsl.edu.ar\/index.php\/wp-json\/wp\/v2\/posts\/4523\/revisions"}],"predecessor-version":[{"id":4528,"href":"https:\/\/www.fica.unsl.edu.ar\/index.php\/wp-json\/wp\/v2\/posts\/4523\/revisions\/4528"}],"wp:featuredmedia":[{"embeddable":true,"href":"https:\/\/www.fica.unsl.edu.ar\/index.php\/wp-json\/wp\/v2\/media\/4524"}],"wp:attachment":[{"href":"https:\/\/www.fica.unsl.edu.ar\/index.php\/wp-json\/wp\/v2\/media?parent=4523"}],"wp:term":[{"taxonomy":"category","embeddable":true,"href":"https:\/\/www.fica.unsl.edu.ar\/index.php\/wp-json\/wp\/v2\/categories?post=4523"},{"taxonomy":"post_tag","embeddable":true,"href":"https:\/\/www.fica.unsl.edu.ar\/index.php\/wp-json\/wp\/v2\/tags?post=4523"}],"curies":[{"name":"wp","href":"https:\/\/api.w.org\/{rel}","templated":true}]}}