{"id":4993,"date":"2021-05-17T13:04:28","date_gmt":"2021-05-17T16:04:28","guid":{"rendered":"http:\/\/10.101.10.196\/www\/?p=4993"},"modified":"2021-08-02T10:03:40","modified_gmt":"2021-08-02T13:03:40","slug":"proyectos-de-integracion-en-empresas-de-recursos-humanos-altamente-calificados-rrhh-ac","status":"publish","type":"post","link":"https:\/\/www.fica.unsl.edu.ar\/index.php\/proyectos-de-integracion-en-empresas-de-recursos-humanos-altamente-calificados-rrhh-ac\/","title":{"rendered":"Proyectos de integraci\u00f3n en empresas de recursos humanos altamente calificados (RRHH AC)"},"content":{"rendered":"<p>La Agencia Nacional De Promoci\u00f3n de la Investigaci\u00f3n, el Desarrollo Tecnol\u00f3gico y la Innovaci\u00f3n, a trav\u00e9s del Fondo Tecnol\u00f3gico Argentino (FONTAR) llama a la presentaci\u00f3n de proyectos de integraci\u00f3n en empresas de recursos humanos altamente calificados (RRHH AC) destinados a reforzar las capacidades cient\u00edficas y tecnol\u00f3gicas. Se destinar\u00e1 a los efectos de la presente ventanilla un monto de $ 100.000.000.<\/p>\n<p>La apertura a este llamado comenz\u00f3 el 13 de mayo de 2021.<\/p>\n<p><strong>\u00a0<\/strong><\/p>\n<p><strong>OBJETIVO<\/strong><\/p>\n<p>Promocionar el fortalecimiento del sector productivo, a trav\u00e9s del aprovechamiento del conocimiento aportado por los RRHH calificados, provenientes del \u00e1mbito cient\u00edfico-acad\u00e9mico, para incrementar las capacidades tecnol\u00f3gicas de las empresas. Adem\u00e1s, se pretende estimular la demanda de personal calificado del sector productivo para crecer sostenidamente en el tiempo a partir de la investigaci\u00f3n, la innovaci\u00f3n y el desarrollo productivo, promoviendo la vinculaci\u00f3n de las empresas con el sector cient\u00edfico con el fin de contar con una matriz productiva intensiva en conocimiento.<\/p>\n<p>&nbsp;<\/p>\n<p><strong>ENTIDADES BENEFICIARIAS<\/strong><\/p>\n<p>Empresas productoras de bienes y servicios, o aquellas nuevas que surjan en virtud de una base tecnol\u00f3gica competitiva que, a criterio de la AGENCIA, cuenten con capacidad t\u00e9cnica, administrativa y econ\u00f3mica suficiente para incorporar el recurso\u00a0altamente calificado y ofrecerle expectativas de desarrollo y crecimiento en la empresa. Adem\u00e1s podr\u00e1n ser beneficiarios de este instrumento aquellos centros tecnol\u00f3gicos pertenecientes a la Red CENTEC (m\u00e1s informaci\u00f3n en las Condiciones), con y sin fines de lucro.<\/p>\n<p>&nbsp;<\/p>\n<p><strong>\u00c1REAS ESTRAT\u00c9GICAS<\/strong><\/p>\n<p>Se priorizar\u00e1n aquellas \u00e1reas de conocimiento relacionadas a los siguientes temas:<\/p>\n<ul>\n<li>Energ\u00edas renovables: e\u00f3lica, solar, geot\u00e9rmica, hidr\u00f3geno, litio.<\/li>\n<li>Alimentos funcionales.<\/li>\n<li>Ambiental: producci\u00f3n m\u00e1s limpia.<\/li>\n<li>Salud: medicina de precisi\u00f3n, pr\u00f3tesis, biosimilares, vacunas, medicamentos gen\u00e9ricos.<\/li>\n<li>Transformaci\u00f3n digital: promover la adopci\u00f3n o desarrollo de tecnolog\u00eda 4.0 (impresi\u00f3n 3D, inteligencia artificial, realidad virtual, IoT, Big Data, entre otras).<\/li>\n<li>Agricultura: biofungicidas, bioplaguicidas, biofertilizantes.<\/li>\n<\/ul>\n<p>&nbsp;<\/p>\n<p><strong>FINANCIAMIENTO Y DURACI\u00d3N<\/strong><\/p>\n<p>Aportes No Reembolsables (ANR) para cubrir parte de los gastos salariales del personal contratado por empresas para integrar o crear departamentos de I+D+i o para desempe\u00f1ar otras funciones necesarias para la empresa que justifiquen la inserci\u00f3n laboral de recursos humanos altamente calificados. El apoyo financiero ser\u00e1 decreciente en el tiempo y se mantendr\u00e1 durante 3 a\u00f1os. Los recursos del financiamiento se desembolsar\u00e1n bajo la modalidad de anticipos semestrales, salvo el \u00faltimo tramo del beneficio que operar\u00e1 bajo reintegro de pago hecho.<\/p>\n<p>&nbsp;<\/p>\n<p><strong>MONTOS<\/strong><\/p>\n<p>Se prev\u00e9n 13 pagos anuales, aplicables al costo laboral, seg\u00fan la siguiente escala por tipo de beneficiario y g\u00e9nero:<\/p>\n<ul>\n<li><strong>Para empresas\u00a0<\/strong>el beneficio queda determinado con las siguientes condiciones:\n<ul>\n<li><strong>DOCTORAS:<\/strong><\/li>\n<\/ul>\n<\/li>\n<\/ul>\n<p><strong>Primer a\u00f1o:<\/strong>\u00a013 pagos de hasta $164.700 o hasta el 80% del costo laboral (con el l\u00edmite de $164.700).<\/p>\n<p><strong>Segundo a\u00f1o:<\/strong>\u00a013 pagos de hasta $123.525 o hasta el 60% del costo laboral (con el l\u00edmite de los $123.525).<\/p>\n<p><strong>Tercer a\u00f1o:<\/strong>\u00a013 pagos de hasta $82.350 o hasta el 40% del costo laboral (con el l\u00edmite de los $82.350).<\/p>\n<p>&nbsp;<\/p>\n<ul>\n<li><strong>DOCTORES:<\/strong><\/li>\n<\/ul>\n<p><strong>Primer a\u00f1o:<\/strong>\u00a013 pagos de hasta $146.400 o hasta el 80% del costo laboral (con el l\u00edmite de $146.400).<\/p>\n<p><strong>Segundo a\u00f1o:<\/strong>\u00a013 pagos de hasta $109.800 o hasta el 60% del costo laboral (con el l\u00edmite de los $109.800).<\/p>\n<p><strong>Tercer a\u00f1o:<\/strong>\u00a013 pagos de hasta $73.200 o hasta el 40% del costo laboral (con el l\u00edmite de los $73.200).<\/p>\n<p>&nbsp;<\/p>\n<ul>\n<li><strong>Para proyectos presentados por Centros Tecnol\u00f3gicos de la Red CENTEC<\/strong>, la escala de financiamiento ser\u00e1 la siguiente:\n<ul>\n<li><strong>DOCTORAS:<\/strong><\/li>\n<\/ul>\n<\/li>\n<\/ul>\n<p><strong>Primer a\u00f1o:<\/strong>\u00a013 pagos de hasta $183.000 o hasta el 80% del costo laboral (con el l\u00edmite de $183.000).<\/p>\n<p><strong>Segundo a\u00f1o:<\/strong>\u00a013 pagos de hasta $137.250 o hasta el 60% del costo laboral (con el l\u00edmite de los $137.250).<\/p>\n<p><strong>Tercer a\u00f1o:<\/strong>\u00a013 pagos de hasta $91.500 o hasta el 40% del costo laboral (con el l\u00edmite de los $91.500).<\/p>\n<p>&nbsp;<\/p>\n<ul>\n<li><strong>DOCTORES:<\/strong><\/li>\n<\/ul>\n<p><strong>Primer a\u00f1o:<\/strong>\u00a013 pagos de hasta $164.700 o hasta el 80% del costo laboral (con el l\u00edmite de $164.700).<\/p>\n<p><strong>Segundo a\u00f1o:<\/strong>\u00a013 pagos de hasta $123.525 o hasta el 60% del costo laboral (con el l\u00edmite de los $123.525).<\/p>\n<p><strong>Tercer a\u00f1o:<\/strong>\u00a013 pagos de hasta $82.350 o hasta el 40% del costo laboral (con el l\u00edmite de los $82.350).<\/p>\n<p>&nbsp;<\/p>\n<p><strong>ABORDAJE DE G\u00c9NERO<\/strong><\/p>\n<p>A fin de contribuir a la reducci\u00f3n de las brechas de g\u00e9nero existentes, y de generar condiciones favorables para la inclusi\u00f3n y permanencia de las mujeres en las empresas cient\u00edfico tecnol\u00f3gicas, se propone a trav\u00e9s del presente Instrumento de financiamiento un incremento en el monto total del subsidio otorgado cuando el RRHH AC sea mujer.<\/p>\n<p>&nbsp;<\/p>\n<p><strong>PRESENTACI\u00d3N DE PROYECTOS Y FORMULARIOS<\/strong><\/p>\n<p>Las bases y condiciones, as\u00ed como la documentaci\u00f3n adicional y formularios para descargar se encuentran disponible en la pagina en la columna de la derecha <a href=\"https:\/\/www.agencia.mincyt.gob.ar\/frontend\/agencia\/convocatoria\/446\"><strong>&#8220;Enlaces de la Publicaci\u00f3n&#8221;<\/strong><\/a>.<\/p>\n<p>La presentaci\u00f3n deber\u00e1 instrumentarse mediante el sistema de gesti\u00f3n de proyectos (SGP).<\/p>\n<p>Una vez generada la presentaci\u00f3n en la plataforma mencionada, el representante legal deber\u00e1 confirmar la misma mediante el env\u00edo de la referida presentaci\u00f3n, a trav\u00e9s de la plataforma Tr\u00e1mites a Distancia (TAD) con clave de acceso de AFIP nivel 3. Al momento de la confirmaci\u00f3n v\u00eda TAD conforme, se deber\u00e1n presentar los siguientes documentos:<\/p>\n<ul>\n<li>Reporte emitido por SGP (formato pdf)<\/li>\n<li>DDJJ ambiental<\/li>\n<li>DDJJ de empresas controladas y\/o vinculadas<\/li>\n<li>DDJJ respecto a la existencia o no de financiamiento para el mismo proyecto, por parte de otra Instituci\u00f3n<\/li>\n<li>DDJJ de incompatibilidades, inhabilidades y conflicto de inter\u00e9s.<\/li>\n<li>DDJJ del monto de sueldo bruto y costo empresa total del\/de los recurso\/s que incorporar\u00e1n.<\/li>\n<li>Certificado PYME<\/li>\n<\/ul>\n<p>M\u00e1s informaci\u00f3n en <strong><a href=\"https:\/\/www.agencia.mincyt.gob.ar\/upload\/RRHH%20Condiciones%20(V).pdf\">Condiciones<\/a><\/strong>.<\/p>\n","protected":false},"excerpt":{"rendered":"<p>La Agencia Nacional De Promoci\u00f3n de la Investigaci\u00f3n, el Desarrollo Tecnol\u00f3gico y la Innovaci\u00f3n, a trav\u00e9s del Fondo Tecnol\u00f3gico Argentino (FONTAR) llama a la presentaci\u00f3n&hellip;<\/p>\n","protected":false},"author":9,"featured_media":5004,"comment_status":"closed","ping_status":"closed","sticky":false,"template":"","format":"standard","meta":{"_monsterinsights_skip_tracking":false,"_monsterinsights_sitenote_active":false,"_monsterinsights_sitenote_note":"","_monsterinsights_sitenote_category":0,"_joinchat":[],"footnotes":""},"categories":[22],"tags":[],"class_list":["post-4993","post","type-post","status-publish","format-standard","has-post-thumbnail","hentry","category-archivadas"],"yoast_head":"<!-- This site is optimized with the Yoast SEO plugin v27.4 - https:\/\/yoast.com\/product\/yoast-seo-wordpress\/ -->\n<title>Proyectos de integraci\u00f3n en empresas de recursos humanos altamente calificados (RRHH AC) - Facultad de Ingenier\u00eda y Ciencias Agropecuarias<\/title>\n<meta name=\"robots\" content=\"index, follow, max-snippet:-1, max-image-preview:large, max-video-preview:-1\" \/>\n<link rel=\"canonical\" href=\"https:\/\/www.fica.unsl.edu.ar\/index.php\/proyectos-de-integracion-en-empresas-de-recursos-humanos-altamente-calificados-rrhh-ac\/\" \/>\n<meta property=\"og:locale\" content=\"es_ES\" \/>\n<meta property=\"og:type\" content=\"article\" \/>\n<meta property=\"og:title\" content=\"Proyectos de integraci\u00f3n en empresas de recursos humanos altamente calificados (RRHH AC) - Facultad de Ingenier\u00eda y Ciencias Agropecuarias\" \/>\n<meta property=\"og:description\" content=\"La Agencia Nacional De Promoci\u00f3n de la Investigaci\u00f3n, el Desarrollo Tecnol\u00f3gico y la Innovaci\u00f3n, a trav\u00e9s del Fondo Tecnol\u00f3gico Argentino (FONTAR) llama a la presentaci\u00f3n&hellip;\" \/>\n<meta property=\"og:url\" content=\"https:\/\/www.fica.unsl.edu.ar\/index.php\/proyectos-de-integracion-en-empresas-de-recursos-humanos-altamente-calificados-rrhh-ac\/\" \/>\n<meta property=\"og:site_name\" content=\"Facultad de Ingenier\u00eda y Ciencias Agropecuarias\" \/>\n<meta property=\"article:publisher\" content=\"https:\/\/www.facebook.com\/FICA.UNSL\/\" \/>\n<meta property=\"article:published_time\" content=\"2021-05-17T16:04:28+00:00\" \/>\n<meta property=\"article:modified_time\" content=\"2021-08-02T13:03:40+00:00\" \/>\n<meta property=\"og:image\" content=\"https:\/\/www.fica.unsl.edu.ar\/wp-content\/uploads\/2021\/05\/convocatoria.jpg\" \/>\n\t<meta property=\"og:image:width\" content=\"1061\" \/>\n\t<meta property=\"og:image:height\" content=\"600\" \/>\n\t<meta property=\"og:image:type\" content=\"image\/jpeg\" \/>\n<meta name=\"author\" content=\"DATI\" \/>\n<meta name=\"twitter:card\" content=\"summary_large_image\" \/>\n<meta name=\"twitter:creator\" content=\"@FICAUNSL\" \/>\n<meta name=\"twitter:site\" content=\"@FICAUNSL\" \/>\n<meta name=\"twitter:label1\" content=\"Escrito por\" \/>\n\t<meta name=\"twitter:data1\" content=\"DATI\" \/>\n\t<meta name=\"twitter:label2\" content=\"Tiempo de lectura\" \/>\n\t<meta name=\"twitter:data2\" content=\"4 minutos\" \/>\n<script type=\"application\/ld+json\" class=\"yoast-schema-graph\">{\"@context\":\"https:\\\/\\\/schema.org\",\"@graph\":[{\"@type\":\"Article\",\"@id\":\"https:\\\/\\\/www.fica.unsl.edu.ar\\\/index.php\\\/proyectos-de-integracion-en-empresas-de-recursos-humanos-altamente-calificados-rrhh-ac\\\/#article\",\"isPartOf\":{\"@id\":\"https:\\\/\\\/www.fica.unsl.edu.ar\\\/index.php\\\/proyectos-de-integracion-en-empresas-de-recursos-humanos-altamente-calificados-rrhh-ac\\\/\"},\"author\":{\"name\":\"DATI\",\"@id\":\"https:\\\/\\\/www.fica.unsl.edu.ar\\\/#\\\/schema\\\/person\\\/6058f9c66301868d3a691b1f5d6c3544\"},\"headline\":\"Proyectos de integraci\u00f3n en empresas de recursos humanos altamente calificados (RRHH AC)\",\"datePublished\":\"2021-05-17T16:04:28+00:00\",\"dateModified\":\"2021-08-02T13:03:40+00:00\",\"mainEntityOfPage\":{\"@id\":\"https:\\\/\\\/www.fica.unsl.edu.ar\\\/index.php\\\/proyectos-de-integracion-en-empresas-de-recursos-humanos-altamente-calificados-rrhh-ac\\\/\"},\"wordCount\":950,\"publisher\":{\"@id\":\"https:\\\/\\\/www.fica.unsl.edu.ar\\\/#organization\"},\"image\":{\"@id\":\"https:\\\/\\\/www.fica.unsl.edu.ar\\\/index.php\\\/proyectos-de-integracion-en-empresas-de-recursos-humanos-altamente-calificados-rrhh-ac\\\/#primaryimage\"},\"thumbnailUrl\":\"https:\\\/\\\/www.fica.unsl.edu.ar\\\/wp-content\\\/uploads\\\/2021\\\/05\\\/convocatoria.jpg\",\"articleSection\":[\"Archivadas\"],\"inLanguage\":\"es-AR\"},{\"@type\":\"WebPage\",\"@id\":\"https:\\\/\\\/www.fica.unsl.edu.ar\\\/index.php\\\/proyectos-de-integracion-en-empresas-de-recursos-humanos-altamente-calificados-rrhh-ac\\\/\",\"url\":\"https:\\\/\\\/www.fica.unsl.edu.ar\\\/index.php\\\/proyectos-de-integracion-en-empresas-de-recursos-humanos-altamente-calificados-rrhh-ac\\\/\",\"name\":\"Proyectos de integraci\u00f3n en empresas de recursos humanos altamente calificados (RRHH AC) - Facultad de Ingenier\u00eda y Ciencias Agropecuarias\",\"isPartOf\":{\"@id\":\"https:\\\/\\\/www.fica.unsl.edu.ar\\\/#website\"},\"primaryImageOfPage\":{\"@id\":\"https:\\\/\\\/www.fica.unsl.edu.ar\\\/index.php\\\/proyectos-de-integracion-en-empresas-de-recursos-humanos-altamente-calificados-rrhh-ac\\\/#primaryimage\"},\"image\":{\"@id\":\"https:\\\/\\\/www.fica.unsl.edu.ar\\\/index.php\\\/proyectos-de-integracion-en-empresas-de-recursos-humanos-altamente-calificados-rrhh-ac\\\/#primaryimage\"},\"thumbnailUrl\":\"https:\\\/\\\/www.fica.unsl.edu.ar\\\/wp-content\\\/uploads\\\/2021\\\/05\\\/convocatoria.jpg\",\"datePublished\":\"2021-05-17T16:04:28+00:00\",\"dateModified\":\"2021-08-02T13:03:40+00:00\",\"inLanguage\":\"es-AR\",\"potentialAction\":[{\"@type\":\"ReadAction\",\"target\":[\"https:\\\/\\\/www.fica.unsl.edu.ar\\\/index.php\\\/proyectos-de-integracion-en-empresas-de-recursos-humanos-altamente-calificados-rrhh-ac\\\/\"]}]},{\"@type\":\"ImageObject\",\"inLanguage\":\"es-AR\",\"@id\":\"https:\\\/\\\/www.fica.unsl.edu.ar\\\/index.php\\\/proyectos-de-integracion-en-empresas-de-recursos-humanos-altamente-calificados-rrhh-ac\\\/#primaryimage\",\"url\":\"https:\\\/\\\/www.fica.unsl.edu.ar\\\/wp-content\\\/uploads\\\/2021\\\/05\\\/convocatoria.jpg\",\"contentUrl\":\"https:\\\/\\\/www.fica.unsl.edu.ar\\\/wp-content\\\/uploads\\\/2021\\\/05\\\/convocatoria.jpg\",\"width\":1061,\"height\":600},{\"@type\":\"WebSite\",\"@id\":\"https:\\\/\\\/www.fica.unsl.edu.ar\\\/#website\",\"url\":\"https:\\\/\\\/www.fica.unsl.edu.ar\\\/\",\"name\":\"Facultad de Ingenier\u00eda y Ciencias Agropecuarias\",\"description\":\"\",\"publisher\":{\"@id\":\"https:\\\/\\\/www.fica.unsl.edu.ar\\\/#organization\"},\"potentialAction\":[{\"@type\":\"SearchAction\",\"target\":{\"@type\":\"EntryPoint\",\"urlTemplate\":\"https:\\\/\\\/www.fica.unsl.edu.ar\\\/?s={search_term_string}\"},\"query-input\":{\"@type\":\"PropertyValueSpecification\",\"valueRequired\":true,\"valueName\":\"search_term_string\"}}],\"inLanguage\":\"es-AR\"},{\"@type\":\"Organization\",\"@id\":\"https:\\\/\\\/www.fica.unsl.edu.ar\\\/#organization\",\"name\":\"Facultad de Ingenier\u00eda y Ciencias Agropecuarias\",\"url\":\"https:\\\/\\\/www.fica.unsl.edu.ar\\\/\",\"logo\":{\"@type\":\"ImageObject\",\"inLanguage\":\"es-AR\",\"@id\":\"https:\\\/\\\/www.fica.unsl.edu.ar\\\/#\\\/schema\\\/logo\\\/image\\\/\",\"url\":\"https:\\\/\\\/www.fica.unsl.edu.ar\\\/wp-content\\\/uploads\\\/2021\\\/03\\\/LOGO-1.jpg\",\"contentUrl\":\"https:\\\/\\\/www.fica.unsl.edu.ar\\\/wp-content\\\/uploads\\\/2021\\\/03\\\/LOGO-1.jpg\",\"width\":463,\"height\":145,\"caption\":\"Facultad de Ingenier\u00eda y Ciencias Agropecuarias\"},\"image\":{\"@id\":\"https:\\\/\\\/www.fica.unsl.edu.ar\\\/#\\\/schema\\\/logo\\\/image\\\/\"},\"sameAs\":[\"https:\\\/\\\/www.facebook.com\\\/FICA.UNSL\\\/\",\"https:\\\/\\\/x.com\\\/FICAUNSL\",\"https:\\\/\\\/www.instagram.com\\\/fica.unsl\\\/\",\"https:\\\/\\\/www.youtube.com\\\/channel\\\/UCs2MM53gb2PyBrMySdtWZDQ\"]},{\"@type\":\"Person\",\"@id\":\"https:\\\/\\\/www.fica.unsl.edu.ar\\\/#\\\/schema\\\/person\\\/6058f9c66301868d3a691b1f5d6c3544\",\"name\":\"DATI\"}]}<\/script>\n<!-- \/ Yoast SEO plugin. -->","yoast_head_json":{"title":"Proyectos de integraci\u00f3n en empresas de recursos humanos altamente calificados (RRHH AC) - Facultad de Ingenier\u00eda y Ciencias Agropecuarias","robots":{"index":"index","follow":"follow","max-snippet":"max-snippet:-1","max-image-preview":"max-image-preview:large","max-video-preview":"max-video-preview:-1"},"canonical":"https:\/\/www.fica.unsl.edu.ar\/index.php\/proyectos-de-integracion-en-empresas-de-recursos-humanos-altamente-calificados-rrhh-ac\/","og_locale":"es_ES","og_type":"article","og_title":"Proyectos de integraci\u00f3n en empresas de recursos humanos altamente calificados (RRHH AC) - Facultad de Ingenier\u00eda y Ciencias Agropecuarias","og_description":"La Agencia Nacional De Promoci\u00f3n de la Investigaci\u00f3n, el Desarrollo Tecnol\u00f3gico y la Innovaci\u00f3n, a trav\u00e9s del Fondo Tecnol\u00f3gico Argentino (FONTAR) llama a la presentaci\u00f3n&hellip;","og_url":"https:\/\/www.fica.unsl.edu.ar\/index.php\/proyectos-de-integracion-en-empresas-de-recursos-humanos-altamente-calificados-rrhh-ac\/","og_site_name":"Facultad de Ingenier\u00eda y Ciencias Agropecuarias","article_publisher":"https:\/\/www.facebook.com\/FICA.UNSL\/","article_published_time":"2021-05-17T16:04:28+00:00","article_modified_time":"2021-08-02T13:03:40+00:00","og_image":[{"width":1061,"height":600,"url":"https:\/\/www.fica.unsl.edu.ar\/wp-content\/uploads\/2021\/05\/convocatoria.jpg","type":"image\/jpeg"}],"author":"DATI","twitter_card":"summary_large_image","twitter_creator":"@FICAUNSL","twitter_site":"@FICAUNSL","twitter_misc":{"Escrito por":"DATI","Tiempo de lectura":"4 minutos"},"schema":{"@context":"https:\/\/schema.org","@graph":[{"@type":"Article","@id":"https:\/\/www.fica.unsl.edu.ar\/index.php\/proyectos-de-integracion-en-empresas-de-recursos-humanos-altamente-calificados-rrhh-ac\/#article","isPartOf":{"@id":"https:\/\/www.fica.unsl.edu.ar\/index.php\/proyectos-de-integracion-en-empresas-de-recursos-humanos-altamente-calificados-rrhh-ac\/"},"author":{"name":"DATI","@id":"https:\/\/www.fica.unsl.edu.ar\/#\/schema\/person\/6058f9c66301868d3a691b1f5d6c3544"},"headline":"Proyectos de integraci\u00f3n en empresas de recursos humanos altamente calificados (RRHH AC)","datePublished":"2021-05-17T16:04:28+00:00","dateModified":"2021-08-02T13:03:40+00:00","mainEntityOfPage":{"@id":"https:\/\/www.fica.unsl.edu.ar\/index.php\/proyectos-de-integracion-en-empresas-de-recursos-humanos-altamente-calificados-rrhh-ac\/"},"wordCount":950,"publisher":{"@id":"https:\/\/www.fica.unsl.edu.ar\/#organization"},"image":{"@id":"https:\/\/www.fica.unsl.edu.ar\/index.php\/proyectos-de-integracion-en-empresas-de-recursos-humanos-altamente-calificados-rrhh-ac\/#primaryimage"},"thumbnailUrl":"https:\/\/www.fica.unsl.edu.ar\/wp-content\/uploads\/2021\/05\/convocatoria.jpg","articleSection":["Archivadas"],"inLanguage":"es-AR"},{"@type":"WebPage","@id":"https:\/\/www.fica.unsl.edu.ar\/index.php\/proyectos-de-integracion-en-empresas-de-recursos-humanos-altamente-calificados-rrhh-ac\/","url":"https:\/\/www.fica.unsl.edu.ar\/index.php\/proyectos-de-integracion-en-empresas-de-recursos-humanos-altamente-calificados-rrhh-ac\/","name":"Proyectos de integraci\u00f3n en empresas de recursos humanos altamente calificados (RRHH AC) - Facultad de Ingenier\u00eda y Ciencias Agropecuarias","isPartOf":{"@id":"https:\/\/www.fica.unsl.edu.ar\/#website"},"primaryImageOfPage":{"@id":"https:\/\/www.fica.unsl.edu.ar\/index.php\/proyectos-de-integracion-en-empresas-de-recursos-humanos-altamente-calificados-rrhh-ac\/#primaryimage"},"image":{"@id":"https:\/\/www.fica.unsl.edu.ar\/index.php\/proyectos-de-integracion-en-empresas-de-recursos-humanos-altamente-calificados-rrhh-ac\/#primaryimage"},"thumbnailUrl":"https:\/\/www.fica.unsl.edu.ar\/wp-content\/uploads\/2021\/05\/convocatoria.jpg","datePublished":"2021-05-17T16:04:28+00:00","dateModified":"2021-08-02T13:03:40+00:00","inLanguage":"es-AR","potentialAction":[{"@type":"ReadAction","target":["https:\/\/www.fica.unsl.edu.ar\/index.php\/proyectos-de-integracion-en-empresas-de-recursos-humanos-altamente-calificados-rrhh-ac\/"]}]},{"@type":"ImageObject","inLanguage":"es-AR","@id":"https:\/\/www.fica.unsl.edu.ar\/index.php\/proyectos-de-integracion-en-empresas-de-recursos-humanos-altamente-calificados-rrhh-ac\/#primaryimage","url":"https:\/\/www.fica.unsl.edu.ar\/wp-content\/uploads\/2021\/05\/convocatoria.jpg","contentUrl":"https:\/\/www.fica.unsl.edu.ar\/wp-content\/uploads\/2021\/05\/convocatoria.jpg","width":1061,"height":600},{"@type":"WebSite","@id":"https:\/\/www.fica.unsl.edu.ar\/#website","url":"https:\/\/www.fica.unsl.edu.ar\/","name":"Facultad de Ingenier\u00eda y Ciencias Agropecuarias","description":"","publisher":{"@id":"https:\/\/www.fica.unsl.edu.ar\/#organization"},"potentialAction":[{"@type":"SearchAction","target":{"@type":"EntryPoint","urlTemplate":"https:\/\/www.fica.unsl.edu.ar\/?s={search_term_string}"},"query-input":{"@type":"PropertyValueSpecification","valueRequired":true,"valueName":"search_term_string"}}],"inLanguage":"es-AR"},{"@type":"Organization","@id":"https:\/\/www.fica.unsl.edu.ar\/#organization","name":"Facultad de Ingenier\u00eda y Ciencias Agropecuarias","url":"https:\/\/www.fica.unsl.edu.ar\/","logo":{"@type":"ImageObject","inLanguage":"es-AR","@id":"https:\/\/www.fica.unsl.edu.ar\/#\/schema\/logo\/image\/","url":"https:\/\/www.fica.unsl.edu.ar\/wp-content\/uploads\/2021\/03\/LOGO-1.jpg","contentUrl":"https:\/\/www.fica.unsl.edu.ar\/wp-content\/uploads\/2021\/03\/LOGO-1.jpg","width":463,"height":145,"caption":"Facultad de Ingenier\u00eda y Ciencias Agropecuarias"},"image":{"@id":"https:\/\/www.fica.unsl.edu.ar\/#\/schema\/logo\/image\/"},"sameAs":["https:\/\/www.facebook.com\/FICA.UNSL\/","https:\/\/x.com\/FICAUNSL","https:\/\/www.instagram.com\/fica.unsl\/","https:\/\/www.youtube.com\/channel\/UCs2MM53gb2PyBrMySdtWZDQ"]},{"@type":"Person","@id":"https:\/\/www.fica.unsl.edu.ar\/#\/schema\/person\/6058f9c66301868d3a691b1f5d6c3544","name":"DATI"}]}},"_links":{"self":[{"href":"https:\/\/www.fica.unsl.edu.ar\/index.php\/wp-json\/wp\/v2\/posts\/4993","targetHints":{"allow":["GET"]}}],"collection":[{"href":"https:\/\/www.fica.unsl.edu.ar\/index.php\/wp-json\/wp\/v2\/posts"}],"about":[{"href":"https:\/\/www.fica.unsl.edu.ar\/index.php\/wp-json\/wp\/v2\/types\/post"}],"author":[{"embeddable":true,"href":"https:\/\/www.fica.unsl.edu.ar\/index.php\/wp-json\/wp\/v2\/users\/9"}],"replies":[{"embeddable":true,"href":"https:\/\/www.fica.unsl.edu.ar\/index.php\/wp-json\/wp\/v2\/comments?post=4993"}],"version-history":[{"count":1,"href":"https:\/\/www.fica.unsl.edu.ar\/index.php\/wp-json\/wp\/v2\/posts\/4993\/revisions"}],"predecessor-version":[{"id":4995,"href":"https:\/\/www.fica.unsl.edu.ar\/index.php\/wp-json\/wp\/v2\/posts\/4993\/revisions\/4995"}],"wp:featuredmedia":[{"embeddable":true,"href":"https:\/\/www.fica.unsl.edu.ar\/index.php\/wp-json\/wp\/v2\/media\/5004"}],"wp:attachment":[{"href":"https:\/\/www.fica.unsl.edu.ar\/index.php\/wp-json\/wp\/v2\/media?parent=4993"}],"wp:term":[{"taxonomy":"category","embeddable":true,"href":"https:\/\/www.fica.unsl.edu.ar\/index.php\/wp-json\/wp\/v2\/categories?post=4993"},{"taxonomy":"post_tag","embeddable":true,"href":"https:\/\/www.fica.unsl.edu.ar\/index.php\/wp-json\/wp\/v2\/tags?post=4993"}],"curies":[{"name":"wp","href":"https:\/\/api.w.org\/{rel}","templated":true}]}}