{"id":4996,"date":"2021-05-17T21:09:54","date_gmt":"2021-05-18T00:09:54","guid":{"rendered":"http:\/\/10.101.10.196\/www\/?p=4996"},"modified":"2021-06-02T12:36:44","modified_gmt":"2021-06-02T15:36:44","slug":"segunda-jornada-del-ciclo-de-charlas-emprender-2021","status":"publish","type":"post","link":"https:\/\/www.fica.unsl.edu.ar\/index.php\/segunda-jornada-del-ciclo-de-charlas-emprender-2021\/","title":{"rendered":"Segunda encuentro del Ciclo de charlas Emprender 2021"},"content":{"rendered":"<p>La Coordinaci\u00f3n de Extensi\u00f3n, Vinculaci\u00f3n y Transferencia informa que este martes 18 de mayo de 2021 se desarrollar\u00e1 de forma virtual el segundo encuentro del ciclo de charlas Emprender 2021 que tendr\u00e1 como protagonista al Abogado Sebasti\u00e1n Siseles con la moderaci\u00f3n del Ing. Juan Pablo Quiroga. \u00a0Esta charla se desarrollar\u00e1 a partir de las 16 h a trav\u00e9s de la plataforma Google Meet.<\/p>\n<p style=\"text-align: center;\"><strong><a href=\"https:\/\/meet.google.com\/kca-ybtb-qun\">Enlace de la Reuni\u00f3n<\/a><\/strong><\/p>\n<p>Sebasti\u00e1n Siseles es un emprendedor argentino, abogado especializado en finanzas corporativas y asesoramiento general de empresas, y diplomado en marketing. Actualmente es Vice Presidente Internacional de Freelancer.com donde lidera el equipo global de Marketing y Comunicaciones, incluyendo PR y Asuntos p\u00fablicos como as\u00ed tambien es el responsable de establecer, administrar y ampliar la presencia de <a href=\"https:\/\/freelancer.com\/\" data-saferedirecturl=\"https:\/\/www.google.com\/url?q=https:\/\/freelancer.com&amp;source=gmail&amp;ust=1621381545375000&amp;usg=AFQjCNG-K9ksNsfetB-cEgit6V1EMEOi1Q\">freelancer.com<\/a>\u00a0a nivel internacional.<\/p>\n<p>Impulsado por la C\u00e1tedra Formaci\u00f3n Emprendedora, este ciclo tiene por objetivo fomentar el encuentro entre emprendedores y estudiantes de la FICA. El desarrollo de estas actividades busca entrenar habilidades emprendedoras, animarse a probar ideas, compartir experiencias, proyectos y aprender de historias inspiradoras.<\/p>\n<p>En el actual contexto de crisis econ\u00f3mica y social, la innovaci\u00f3n y el emprendedorismo se han convertido en herramientas importantes para la supervivencia y el crecimiento de empresas y, con ello, el crecimiento econ\u00f3mico de la regi\u00f3n.<\/p>\n<p>Bajo este entorno, la universidad se presenta como un aliado estrat\u00e9gico en el desarrollo local por ser un medio de formaci\u00f3n, de experimentaci\u00f3n y de transferencia. Se trata de un medio privilegiado para la innovaci\u00f3n y la creaci\u00f3n de empresas (emprendedorismo) basadas en el conocimiento.<\/p>\n<p><img fetchpriority=\"high\" decoding=\"async\" class=\"wp-image-4998 size-large aligncenter\" src=\"https:\/\/www.fica.unsl.edu.ar\/wp-content\/uploads\/2021\/05\/Ciclo-1024x1024.jpg\" alt=\"\" width=\"843\" height=\"843\" srcset=\"https:\/\/www.fica.unsl.edu.ar\/wp-content\/uploads\/2021\/05\/Ciclo-1024x1024.jpg 1024w, https:\/\/www.fica.unsl.edu.ar\/wp-content\/uploads\/2021\/05\/Ciclo-300x300.jpg 300w, https:\/\/www.fica.unsl.edu.ar\/wp-content\/uploads\/2021\/05\/Ciclo-150x150.jpg 150w, https:\/\/www.fica.unsl.edu.ar\/wp-content\/uploads\/2021\/05\/Ciclo-768x768.jpg 768w, https:\/\/www.fica.unsl.edu.ar\/wp-content\/uploads\/2021\/05\/Ciclo.jpg 1080w\" sizes=\"(max-width: 843px) 100vw, 843px\" \/><\/p>\n","protected":false},"excerpt":{"rendered":"<p>La Coordinaci\u00f3n de Extensi\u00f3n, Vinculaci\u00f3n y Transferencia informa que este martes 18 de mayo de 2021 se desarrollar\u00e1 de forma virtual el segundo encuentro del&hellip;<\/p>\n","protected":false},"author":9,"featured_media":5002,"comment_status":"closed","ping_status":"closed","sticky":false,"template":"","format":"standard","meta":{"_monsterinsights_skip_tracking":false,"_monsterinsights_sitenote_active":false,"_monsterinsights_sitenote_note":"","_monsterinsights_sitenote_category":0,"_joinchat":[],"footnotes":""},"categories":[22],"tags":[],"class_list":["post-4996","post","type-post","status-publish","format-standard","has-post-thumbnail","hentry","category-archivadas"],"yoast_head":"<!-- This site is optimized with the Yoast SEO plugin v27.4 - https:\/\/yoast.com\/product\/yoast-seo-wordpress\/ -->\n<title>Segunda encuentro del Ciclo de charlas Emprender 2021 - Facultad de Ingenier\u00eda y Ciencias Agropecuarias<\/title>\n<meta name=\"robots\" content=\"index, follow, max-snippet:-1, max-image-preview:large, max-video-preview:-1\" \/>\n<link rel=\"canonical\" href=\"https:\/\/www.fica.unsl.edu.ar\/index.php\/segunda-jornada-del-ciclo-de-charlas-emprender-2021\/\" \/>\n<meta property=\"og:locale\" content=\"es_ES\" \/>\n<meta property=\"og:type\" content=\"article\" \/>\n<meta property=\"og:title\" content=\"Segunda encuentro del Ciclo de charlas Emprender 2021 - Facultad de Ingenier\u00eda y Ciencias Agropecuarias\" \/>\n<meta property=\"og:description\" content=\"La Coordinaci\u00f3n de Extensi\u00f3n, Vinculaci\u00f3n y Transferencia informa que este martes 18 de mayo de 2021 se desarrollar\u00e1 de forma virtual el segundo encuentro del&hellip;\" \/>\n<meta property=\"og:url\" content=\"https:\/\/www.fica.unsl.edu.ar\/index.php\/segunda-jornada-del-ciclo-de-charlas-emprender-2021\/\" \/>\n<meta property=\"og:site_name\" content=\"Facultad de Ingenier\u00eda y Ciencias Agropecuarias\" \/>\n<meta property=\"article:publisher\" content=\"https:\/\/www.facebook.com\/FICA.UNSL\/\" \/>\n<meta property=\"article:published_time\" content=\"2021-05-18T00:09:54+00:00\" \/>\n<meta property=\"article:modified_time\" content=\"2021-06-02T15:36:44+00:00\" \/>\n<meta property=\"og:image\" content=\"https:\/\/www.fica.unsl.edu.ar\/wp-content\/uploads\/2021\/05\/charlas-02.jpg\" \/>\n\t<meta property=\"og:image:width\" content=\"1061\" \/>\n\t<meta property=\"og:image:height\" content=\"600\" \/>\n\t<meta property=\"og:image:type\" content=\"image\/jpeg\" \/>\n<meta name=\"author\" content=\"DATI\" \/>\n<meta name=\"twitter:card\" content=\"summary_large_image\" \/>\n<meta name=\"twitter:creator\" content=\"@FICAUNSL\" \/>\n<meta name=\"twitter:site\" content=\"@FICAUNSL\" \/>\n<meta name=\"twitter:label1\" content=\"Escrito por\" \/>\n\t<meta name=\"twitter:data1\" content=\"DATI\" \/>\n\t<meta name=\"twitter:label2\" content=\"Tiempo de lectura\" \/>\n\t<meta name=\"twitter:data2\" content=\"2 minutos\" \/>\n<script type=\"application\/ld+json\" class=\"yoast-schema-graph\">{\"@context\":\"https:\\\/\\\/schema.org\",\"@graph\":[{\"@type\":\"Article\",\"@id\":\"https:\\\/\\\/www.fica.unsl.edu.ar\\\/index.php\\\/segunda-jornada-del-ciclo-de-charlas-emprender-2021\\\/#article\",\"isPartOf\":{\"@id\":\"https:\\\/\\\/www.fica.unsl.edu.ar\\\/index.php\\\/segunda-jornada-del-ciclo-de-charlas-emprender-2021\\\/\"},\"author\":{\"name\":\"DATI\",\"@id\":\"https:\\\/\\\/www.fica.unsl.edu.ar\\\/#\\\/schema\\\/person\\\/6058f9c66301868d3a691b1f5d6c3544\"},\"headline\":\"Segunda encuentro del Ciclo de charlas Emprender 2021\",\"datePublished\":\"2021-05-18T00:09:54+00:00\",\"dateModified\":\"2021-06-02T15:36:44+00:00\",\"mainEntityOfPage\":{\"@id\":\"https:\\\/\\\/www.fica.unsl.edu.ar\\\/index.php\\\/segunda-jornada-del-ciclo-de-charlas-emprender-2021\\\/\"},\"wordCount\":275,\"publisher\":{\"@id\":\"https:\\\/\\\/www.fica.unsl.edu.ar\\\/#organization\"},\"image\":{\"@id\":\"https:\\\/\\\/www.fica.unsl.edu.ar\\\/index.php\\\/segunda-jornada-del-ciclo-de-charlas-emprender-2021\\\/#primaryimage\"},\"thumbnailUrl\":\"https:\\\/\\\/www.fica.unsl.edu.ar\\\/wp-content\\\/uploads\\\/2021\\\/05\\\/charlas-02.jpg\",\"articleSection\":[\"Archivadas\"],\"inLanguage\":\"es-AR\"},{\"@type\":\"WebPage\",\"@id\":\"https:\\\/\\\/www.fica.unsl.edu.ar\\\/index.php\\\/segunda-jornada-del-ciclo-de-charlas-emprender-2021\\\/\",\"url\":\"https:\\\/\\\/www.fica.unsl.edu.ar\\\/index.php\\\/segunda-jornada-del-ciclo-de-charlas-emprender-2021\\\/\",\"name\":\"Segunda encuentro del Ciclo de charlas Emprender 2021 - Facultad de Ingenier\u00eda y Ciencias Agropecuarias\",\"isPartOf\":{\"@id\":\"https:\\\/\\\/www.fica.unsl.edu.ar\\\/#website\"},\"primaryImageOfPage\":{\"@id\":\"https:\\\/\\\/www.fica.unsl.edu.ar\\\/index.php\\\/segunda-jornada-del-ciclo-de-charlas-emprender-2021\\\/#primaryimage\"},\"image\":{\"@id\":\"https:\\\/\\\/www.fica.unsl.edu.ar\\\/index.php\\\/segunda-jornada-del-ciclo-de-charlas-emprender-2021\\\/#primaryimage\"},\"thumbnailUrl\":\"https:\\\/\\\/www.fica.unsl.edu.ar\\\/wp-content\\\/uploads\\\/2021\\\/05\\\/charlas-02.jpg\",\"datePublished\":\"2021-05-18T00:09:54+00:00\",\"dateModified\":\"2021-06-02T15:36:44+00:00\",\"inLanguage\":\"es-AR\",\"potentialAction\":[{\"@type\":\"ReadAction\",\"target\":[\"https:\\\/\\\/www.fica.unsl.edu.ar\\\/index.php\\\/segunda-jornada-del-ciclo-de-charlas-emprender-2021\\\/\"]}]},{\"@type\":\"ImageObject\",\"inLanguage\":\"es-AR\",\"@id\":\"https:\\\/\\\/www.fica.unsl.edu.ar\\\/index.php\\\/segunda-jornada-del-ciclo-de-charlas-emprender-2021\\\/#primaryimage\",\"url\":\"https:\\\/\\\/www.fica.unsl.edu.ar\\\/wp-content\\\/uploads\\\/2021\\\/05\\\/charlas-02.jpg\",\"contentUrl\":\"https:\\\/\\\/www.fica.unsl.edu.ar\\\/wp-content\\\/uploads\\\/2021\\\/05\\\/charlas-02.jpg\",\"width\":1061,\"height\":600},{\"@type\":\"WebSite\",\"@id\":\"https:\\\/\\\/www.fica.unsl.edu.ar\\\/#website\",\"url\":\"https:\\\/\\\/www.fica.unsl.edu.ar\\\/\",\"name\":\"Facultad de Ingenier\u00eda y Ciencias Agropecuarias\",\"description\":\"\",\"publisher\":{\"@id\":\"https:\\\/\\\/www.fica.unsl.edu.ar\\\/#organization\"},\"potentialAction\":[{\"@type\":\"SearchAction\",\"target\":{\"@type\":\"EntryPoint\",\"urlTemplate\":\"https:\\\/\\\/www.fica.unsl.edu.ar\\\/?s={search_term_string}\"},\"query-input\":{\"@type\":\"PropertyValueSpecification\",\"valueRequired\":true,\"valueName\":\"search_term_string\"}}],\"inLanguage\":\"es-AR\"},{\"@type\":\"Organization\",\"@id\":\"https:\\\/\\\/www.fica.unsl.edu.ar\\\/#organization\",\"name\":\"Facultad de Ingenier\u00eda y Ciencias Agropecuarias\",\"url\":\"https:\\\/\\\/www.fica.unsl.edu.ar\\\/\",\"logo\":{\"@type\":\"ImageObject\",\"inLanguage\":\"es-AR\",\"@id\":\"https:\\\/\\\/www.fica.unsl.edu.ar\\\/#\\\/schema\\\/logo\\\/image\\\/\",\"url\":\"https:\\\/\\\/www.fica.unsl.edu.ar\\\/wp-content\\\/uploads\\\/2021\\\/03\\\/LOGO-1.jpg\",\"contentUrl\":\"https:\\\/\\\/www.fica.unsl.edu.ar\\\/wp-content\\\/uploads\\\/2021\\\/03\\\/LOGO-1.jpg\",\"width\":463,\"height\":145,\"caption\":\"Facultad de Ingenier\u00eda y Ciencias Agropecuarias\"},\"image\":{\"@id\":\"https:\\\/\\\/www.fica.unsl.edu.ar\\\/#\\\/schema\\\/logo\\\/image\\\/\"},\"sameAs\":[\"https:\\\/\\\/www.facebook.com\\\/FICA.UNSL\\\/\",\"https:\\\/\\\/x.com\\\/FICAUNSL\",\"https:\\\/\\\/www.instagram.com\\\/fica.unsl\\\/\",\"https:\\\/\\\/www.youtube.com\\\/channel\\\/UCs2MM53gb2PyBrMySdtWZDQ\"]},{\"@type\":\"Person\",\"@id\":\"https:\\\/\\\/www.fica.unsl.edu.ar\\\/#\\\/schema\\\/person\\\/6058f9c66301868d3a691b1f5d6c3544\",\"name\":\"DATI\"}]}<\/script>\n<!-- \/ Yoast SEO plugin. -->","yoast_head_json":{"title":"Segunda encuentro del Ciclo de charlas Emprender 2021 - Facultad de Ingenier\u00eda y Ciencias Agropecuarias","robots":{"index":"index","follow":"follow","max-snippet":"max-snippet:-1","max-image-preview":"max-image-preview:large","max-video-preview":"max-video-preview:-1"},"canonical":"https:\/\/www.fica.unsl.edu.ar\/index.php\/segunda-jornada-del-ciclo-de-charlas-emprender-2021\/","og_locale":"es_ES","og_type":"article","og_title":"Segunda encuentro del Ciclo de charlas Emprender 2021 - Facultad de Ingenier\u00eda y Ciencias Agropecuarias","og_description":"La Coordinaci\u00f3n de Extensi\u00f3n, Vinculaci\u00f3n y Transferencia informa que este martes 18 de mayo de 2021 se desarrollar\u00e1 de forma virtual el segundo encuentro del&hellip;","og_url":"https:\/\/www.fica.unsl.edu.ar\/index.php\/segunda-jornada-del-ciclo-de-charlas-emprender-2021\/","og_site_name":"Facultad de Ingenier\u00eda y Ciencias Agropecuarias","article_publisher":"https:\/\/www.facebook.com\/FICA.UNSL\/","article_published_time":"2021-05-18T00:09:54+00:00","article_modified_time":"2021-06-02T15:36:44+00:00","og_image":[{"width":1061,"height":600,"url":"https:\/\/www.fica.unsl.edu.ar\/wp-content\/uploads\/2021\/05\/charlas-02.jpg","type":"image\/jpeg"}],"author":"DATI","twitter_card":"summary_large_image","twitter_creator":"@FICAUNSL","twitter_site":"@FICAUNSL","twitter_misc":{"Escrito por":"DATI","Tiempo de lectura":"2 minutos"},"schema":{"@context":"https:\/\/schema.org","@graph":[{"@type":"Article","@id":"https:\/\/www.fica.unsl.edu.ar\/index.php\/segunda-jornada-del-ciclo-de-charlas-emprender-2021\/#article","isPartOf":{"@id":"https:\/\/www.fica.unsl.edu.ar\/index.php\/segunda-jornada-del-ciclo-de-charlas-emprender-2021\/"},"author":{"name":"DATI","@id":"https:\/\/www.fica.unsl.edu.ar\/#\/schema\/person\/6058f9c66301868d3a691b1f5d6c3544"},"headline":"Segunda encuentro del Ciclo de charlas Emprender 2021","datePublished":"2021-05-18T00:09:54+00:00","dateModified":"2021-06-02T15:36:44+00:00","mainEntityOfPage":{"@id":"https:\/\/www.fica.unsl.edu.ar\/index.php\/segunda-jornada-del-ciclo-de-charlas-emprender-2021\/"},"wordCount":275,"publisher":{"@id":"https:\/\/www.fica.unsl.edu.ar\/#organization"},"image":{"@id":"https:\/\/www.fica.unsl.edu.ar\/index.php\/segunda-jornada-del-ciclo-de-charlas-emprender-2021\/#primaryimage"},"thumbnailUrl":"https:\/\/www.fica.unsl.edu.ar\/wp-content\/uploads\/2021\/05\/charlas-02.jpg","articleSection":["Archivadas"],"inLanguage":"es-AR"},{"@type":"WebPage","@id":"https:\/\/www.fica.unsl.edu.ar\/index.php\/segunda-jornada-del-ciclo-de-charlas-emprender-2021\/","url":"https:\/\/www.fica.unsl.edu.ar\/index.php\/segunda-jornada-del-ciclo-de-charlas-emprender-2021\/","name":"Segunda encuentro del Ciclo de charlas Emprender 2021 - Facultad de Ingenier\u00eda y Ciencias Agropecuarias","isPartOf":{"@id":"https:\/\/www.fica.unsl.edu.ar\/#website"},"primaryImageOfPage":{"@id":"https:\/\/www.fica.unsl.edu.ar\/index.php\/segunda-jornada-del-ciclo-de-charlas-emprender-2021\/#primaryimage"},"image":{"@id":"https:\/\/www.fica.unsl.edu.ar\/index.php\/segunda-jornada-del-ciclo-de-charlas-emprender-2021\/#primaryimage"},"thumbnailUrl":"https:\/\/www.fica.unsl.edu.ar\/wp-content\/uploads\/2021\/05\/charlas-02.jpg","datePublished":"2021-05-18T00:09:54+00:00","dateModified":"2021-06-02T15:36:44+00:00","inLanguage":"es-AR","potentialAction":[{"@type":"ReadAction","target":["https:\/\/www.fica.unsl.edu.ar\/index.php\/segunda-jornada-del-ciclo-de-charlas-emprender-2021\/"]}]},{"@type":"ImageObject","inLanguage":"es-AR","@id":"https:\/\/www.fica.unsl.edu.ar\/index.php\/segunda-jornada-del-ciclo-de-charlas-emprender-2021\/#primaryimage","url":"https:\/\/www.fica.unsl.edu.ar\/wp-content\/uploads\/2021\/05\/charlas-02.jpg","contentUrl":"https:\/\/www.fica.unsl.edu.ar\/wp-content\/uploads\/2021\/05\/charlas-02.jpg","width":1061,"height":600},{"@type":"WebSite","@id":"https:\/\/www.fica.unsl.edu.ar\/#website","url":"https:\/\/www.fica.unsl.edu.ar\/","name":"Facultad de Ingenier\u00eda y Ciencias Agropecuarias","description":"","publisher":{"@id":"https:\/\/www.fica.unsl.edu.ar\/#organization"},"potentialAction":[{"@type":"SearchAction","target":{"@type":"EntryPoint","urlTemplate":"https:\/\/www.fica.unsl.edu.ar\/?s={search_term_string}"},"query-input":{"@type":"PropertyValueSpecification","valueRequired":true,"valueName":"search_term_string"}}],"inLanguage":"es-AR"},{"@type":"Organization","@id":"https:\/\/www.fica.unsl.edu.ar\/#organization","name":"Facultad de Ingenier\u00eda y Ciencias Agropecuarias","url":"https:\/\/www.fica.unsl.edu.ar\/","logo":{"@type":"ImageObject","inLanguage":"es-AR","@id":"https:\/\/www.fica.unsl.edu.ar\/#\/schema\/logo\/image\/","url":"https:\/\/www.fica.unsl.edu.ar\/wp-content\/uploads\/2021\/03\/LOGO-1.jpg","contentUrl":"https:\/\/www.fica.unsl.edu.ar\/wp-content\/uploads\/2021\/03\/LOGO-1.jpg","width":463,"height":145,"caption":"Facultad de Ingenier\u00eda y Ciencias Agropecuarias"},"image":{"@id":"https:\/\/www.fica.unsl.edu.ar\/#\/schema\/logo\/image\/"},"sameAs":["https:\/\/www.facebook.com\/FICA.UNSL\/","https:\/\/x.com\/FICAUNSL","https:\/\/www.instagram.com\/fica.unsl\/","https:\/\/www.youtube.com\/channel\/UCs2MM53gb2PyBrMySdtWZDQ"]},{"@type":"Person","@id":"https:\/\/www.fica.unsl.edu.ar\/#\/schema\/person\/6058f9c66301868d3a691b1f5d6c3544","name":"DATI"}]}},"_links":{"self":[{"href":"https:\/\/www.fica.unsl.edu.ar\/index.php\/wp-json\/wp\/v2\/posts\/4996","targetHints":{"allow":["GET"]}}],"collection":[{"href":"https:\/\/www.fica.unsl.edu.ar\/index.php\/wp-json\/wp\/v2\/posts"}],"about":[{"href":"https:\/\/www.fica.unsl.edu.ar\/index.php\/wp-json\/wp\/v2\/types\/post"}],"author":[{"embeddable":true,"href":"https:\/\/www.fica.unsl.edu.ar\/index.php\/wp-json\/wp\/v2\/users\/9"}],"replies":[{"embeddable":true,"href":"https:\/\/www.fica.unsl.edu.ar\/index.php\/wp-json\/wp\/v2\/comments?post=4996"}],"version-history":[{"count":4,"href":"https:\/\/www.fica.unsl.edu.ar\/index.php\/wp-json\/wp\/v2\/posts\/4996\/revisions"}],"predecessor-version":[{"id":5003,"href":"https:\/\/www.fica.unsl.edu.ar\/index.php\/wp-json\/wp\/v2\/posts\/4996\/revisions\/5003"}],"wp:featuredmedia":[{"embeddable":true,"href":"https:\/\/www.fica.unsl.edu.ar\/index.php\/wp-json\/wp\/v2\/media\/5002"}],"wp:attachment":[{"href":"https:\/\/www.fica.unsl.edu.ar\/index.php\/wp-json\/wp\/v2\/media?parent=4996"}],"wp:term":[{"taxonomy":"category","embeddable":true,"href":"https:\/\/www.fica.unsl.edu.ar\/index.php\/wp-json\/wp\/v2\/categories?post=4996"},{"taxonomy":"post_tag","embeddable":true,"href":"https:\/\/www.fica.unsl.edu.ar\/index.php\/wp-json\/wp\/v2\/tags?post=4996"}],"curies":[{"name":"wp","href":"https:\/\/api.w.org\/{rel}","templated":true}]}}