{"id":5009,"date":"2021-05-21T11:25:54","date_gmt":"2021-05-21T14:25:54","guid":{"rendered":"http:\/\/10.101.10.196\/www\/?p=5009"},"modified":"2022-02-22T09:20:03","modified_gmt":"2022-02-22T12:20:03","slug":"estudiantes-podran-realizar-sus-practicas-profesionales-supervisadas-en-el-municipio-villamercedino","status":"publish","type":"post","link":"https:\/\/www.fica.unsl.edu.ar\/index.php\/estudiantes-podran-realizar-sus-practicas-profesionales-supervisadas-en-el-municipio-villamercedino\/","title":{"rendered":"Estudiantes podr\u00e1n realizar sus Pr\u00e1cticas Profesionales Supervisadas en el municipio villamercedino"},"content":{"rendered":"<p>La FICA suscribi\u00f3 con el Municipio de Villa Mercedes un nuevo Convenio de Pr\u00e1ctica Profesional Supervisada. La firma del respectivo convenio tuvo lugar el lunes 17 de mayo de 2021 en el sal\u00f3n Azul de la Municipalidad de Villa Mercedes, ante una reducida presencia de autoridades municipales y universitarias.<\/p>\n<p>Rubricaron el acuerdo en representaci\u00f3n de ambas instituciones, el Intendente, Abg. Maximiliano Frontera y el Decano de la FICA, Mag. Sergio Ribotta, bajo un estricto protocolo sanitario.<\/p>\n<p>El nuevo convenio establece que ambas instituciones implementar\u00e1n un r\u00e9gimen de pr\u00e1cticas profesionales supervisadas (acorde a lo normado en la ORD. CD 002\/18) relacionadas con la formaci\u00f3n profesional de los estudiantes. La FICA tendr\u00e1 a su cargo la selecci\u00f3n, direcci\u00f3n y control de los estudiantes en pr\u00e1cticas profesionales supervisadas, en tanto que el municipio tambi\u00e9n podr\u00e1 participar en el proceso de selecci\u00f3n, asumir\u00e1 la organizaci\u00f3n interna en el desarrollo de la pr\u00e1ctica profesional supervisada, comprometi\u00e9ndose asimismo a suministrar toda la informaci\u00f3n requerida para efectivizar una adecuada implementaci\u00f3n de los programas.<\/p>\n<p>El decano de la FICA, destac\u00f3 que este nuevo acuerdo es el resultado de una relaci\u00f3n de ayuda mutua entre las dos instituciones, en la que los estudiantes pueden hacer sus pr\u00e1cticas, que est\u00e1n previstas en los planes de estudio, y a la vez, brindar un servicio a la comunidad. \u201cPor eso, estamos muy agradecidos a la Municipalidad por la oportunidad que nos da, de ir renovando este compromiso y as\u00ed incorporar estudiantes a medida que surjan necesidades\u201d, a\u00f1adi\u00f3.<\/p>\n","protected":false},"excerpt":{"rendered":"<p>La FICA suscribi\u00f3 con el Municipio de Villa Mercedes un nuevo Convenio de Pr\u00e1ctica Profesional Supervisada. La firma del respectivo convenio tuvo lugar el lunes&hellip;<\/p>\n","protected":false},"author":9,"featured_media":5010,"comment_status":"closed","ping_status":"closed","sticky":false,"template":"","format":"standard","meta":{"_monsterinsights_skip_tracking":false,"_monsterinsights_sitenote_active":false,"_monsterinsights_sitenote_note":"","_monsterinsights_sitenote_category":0,"_joinchat":[],"footnotes":""},"categories":[19],"tags":[],"class_list":["post-5009","post","type-post","status-publish","format-standard","has-post-thumbnail","hentry","category-noticias"],"yoast_head":"<!-- This site is optimized with the Yoast SEO plugin v27.4 - https:\/\/yoast.com\/product\/yoast-seo-wordpress\/ -->\n<title>Estudiantes podr\u00e1n realizar sus Pr\u00e1cticas Profesionales Supervisadas en el municipio villamercedino - Facultad de Ingenier\u00eda y Ciencias Agropecuarias<\/title>\n<meta name=\"robots\" content=\"index, follow, max-snippet:-1, max-image-preview:large, max-video-preview:-1\" \/>\n<link rel=\"canonical\" href=\"https:\/\/www.fica.unsl.edu.ar\/index.php\/estudiantes-podran-realizar-sus-practicas-profesionales-supervisadas-en-el-municipio-villamercedino\/\" \/>\n<meta property=\"og:locale\" content=\"es_ES\" \/>\n<meta property=\"og:type\" content=\"article\" \/>\n<meta property=\"og:title\" content=\"Estudiantes podr\u00e1n realizar sus Pr\u00e1cticas Profesionales Supervisadas en el municipio villamercedino - Facultad de Ingenier\u00eda y Ciencias Agropecuarias\" \/>\n<meta property=\"og:description\" content=\"La FICA suscribi\u00f3 con el Municipio de Villa Mercedes un nuevo Convenio de Pr\u00e1ctica Profesional Supervisada. La firma del respectivo convenio tuvo lugar el lunes&hellip;\" \/>\n<meta property=\"og:url\" content=\"https:\/\/www.fica.unsl.edu.ar\/index.php\/estudiantes-podran-realizar-sus-practicas-profesionales-supervisadas-en-el-municipio-villamercedino\/\" \/>\n<meta property=\"og:site_name\" content=\"Facultad de Ingenier\u00eda y Ciencias Agropecuarias\" \/>\n<meta property=\"article:publisher\" content=\"https:\/\/www.facebook.com\/FICA.UNSL\/\" \/>\n<meta property=\"article:published_time\" content=\"2021-05-21T14:25:54+00:00\" \/>\n<meta property=\"article:modified_time\" content=\"2022-02-22T12:20:03+00:00\" \/>\n<meta property=\"og:image\" content=\"https:\/\/www.fica.unsl.edu.ar\/wp-content\/uploads\/2021\/05\/firma-02.jpg\" \/>\n\t<meta property=\"og:image:width\" content=\"1061\" \/>\n\t<meta property=\"og:image:height\" content=\"600\" \/>\n\t<meta property=\"og:image:type\" content=\"image\/jpeg\" \/>\n<meta name=\"author\" content=\"DATI\" \/>\n<meta name=\"twitter:card\" content=\"summary_large_image\" \/>\n<meta name=\"twitter:creator\" content=\"@FICAUNSL\" \/>\n<meta name=\"twitter:site\" content=\"@FICAUNSL\" \/>\n<meta name=\"twitter:label1\" content=\"Escrito por\" \/>\n\t<meta name=\"twitter:data1\" content=\"DATI\" \/>\n\t<meta name=\"twitter:label2\" content=\"Tiempo de lectura\" \/>\n\t<meta name=\"twitter:data2\" content=\"2 minutos\" \/>\n<script type=\"application\/ld+json\" class=\"yoast-schema-graph\">{\"@context\":\"https:\\\/\\\/schema.org\",\"@graph\":[{\"@type\":\"Article\",\"@id\":\"https:\\\/\\\/www.fica.unsl.edu.ar\\\/index.php\\\/estudiantes-podran-realizar-sus-practicas-profesionales-supervisadas-en-el-municipio-villamercedino\\\/#article\",\"isPartOf\":{\"@id\":\"https:\\\/\\\/www.fica.unsl.edu.ar\\\/index.php\\\/estudiantes-podran-realizar-sus-practicas-profesionales-supervisadas-en-el-municipio-villamercedino\\\/\"},\"author\":{\"name\":\"DATI\",\"@id\":\"https:\\\/\\\/www.fica.unsl.edu.ar\\\/#\\\/schema\\\/person\\\/6058f9c66301868d3a691b1f5d6c3544\"},\"headline\":\"Estudiantes podr\u00e1n realizar sus Pr\u00e1cticas Profesionales Supervisadas en el municipio villamercedino\",\"datePublished\":\"2021-05-21T14:25:54+00:00\",\"dateModified\":\"2022-02-22T12:20:03+00:00\",\"mainEntityOfPage\":{\"@id\":\"https:\\\/\\\/www.fica.unsl.edu.ar\\\/index.php\\\/estudiantes-podran-realizar-sus-practicas-profesionales-supervisadas-en-el-municipio-villamercedino\\\/\"},\"wordCount\":276,\"publisher\":{\"@id\":\"https:\\\/\\\/www.fica.unsl.edu.ar\\\/#organization\"},\"image\":{\"@id\":\"https:\\\/\\\/www.fica.unsl.edu.ar\\\/index.php\\\/estudiantes-podran-realizar-sus-practicas-profesionales-supervisadas-en-el-municipio-villamercedino\\\/#primaryimage\"},\"thumbnailUrl\":\"https:\\\/\\\/www.fica.unsl.edu.ar\\\/wp-content\\\/uploads\\\/2021\\\/05\\\/firma-02.jpg\",\"articleSection\":[\"Noticias\"],\"inLanguage\":\"es-AR\"},{\"@type\":\"WebPage\",\"@id\":\"https:\\\/\\\/www.fica.unsl.edu.ar\\\/index.php\\\/estudiantes-podran-realizar-sus-practicas-profesionales-supervisadas-en-el-municipio-villamercedino\\\/\",\"url\":\"https:\\\/\\\/www.fica.unsl.edu.ar\\\/index.php\\\/estudiantes-podran-realizar-sus-practicas-profesionales-supervisadas-en-el-municipio-villamercedino\\\/\",\"name\":\"Estudiantes podr\u00e1n realizar sus Pr\u00e1cticas Profesionales Supervisadas en el municipio villamercedino - Facultad de Ingenier\u00eda y Ciencias Agropecuarias\",\"isPartOf\":{\"@id\":\"https:\\\/\\\/www.fica.unsl.edu.ar\\\/#website\"},\"primaryImageOfPage\":{\"@id\":\"https:\\\/\\\/www.fica.unsl.edu.ar\\\/index.php\\\/estudiantes-podran-realizar-sus-practicas-profesionales-supervisadas-en-el-municipio-villamercedino\\\/#primaryimage\"},\"image\":{\"@id\":\"https:\\\/\\\/www.fica.unsl.edu.ar\\\/index.php\\\/estudiantes-podran-realizar-sus-practicas-profesionales-supervisadas-en-el-municipio-villamercedino\\\/#primaryimage\"},\"thumbnailUrl\":\"https:\\\/\\\/www.fica.unsl.edu.ar\\\/wp-content\\\/uploads\\\/2021\\\/05\\\/firma-02.jpg\",\"datePublished\":\"2021-05-21T14:25:54+00:00\",\"dateModified\":\"2022-02-22T12:20:03+00:00\",\"inLanguage\":\"es-AR\",\"potentialAction\":[{\"@type\":\"ReadAction\",\"target\":[\"https:\\\/\\\/www.fica.unsl.edu.ar\\\/index.php\\\/estudiantes-podran-realizar-sus-practicas-profesionales-supervisadas-en-el-municipio-villamercedino\\\/\"]}]},{\"@type\":\"ImageObject\",\"inLanguage\":\"es-AR\",\"@id\":\"https:\\\/\\\/www.fica.unsl.edu.ar\\\/index.php\\\/estudiantes-podran-realizar-sus-practicas-profesionales-supervisadas-en-el-municipio-villamercedino\\\/#primaryimage\",\"url\":\"https:\\\/\\\/www.fica.unsl.edu.ar\\\/wp-content\\\/uploads\\\/2021\\\/05\\\/firma-02.jpg\",\"contentUrl\":\"https:\\\/\\\/www.fica.unsl.edu.ar\\\/wp-content\\\/uploads\\\/2021\\\/05\\\/firma-02.jpg\",\"width\":1061,\"height\":600},{\"@type\":\"WebSite\",\"@id\":\"https:\\\/\\\/www.fica.unsl.edu.ar\\\/#website\",\"url\":\"https:\\\/\\\/www.fica.unsl.edu.ar\\\/\",\"name\":\"Facultad de Ingenier\u00eda y Ciencias Agropecuarias\",\"description\":\"\",\"publisher\":{\"@id\":\"https:\\\/\\\/www.fica.unsl.edu.ar\\\/#organization\"},\"potentialAction\":[{\"@type\":\"SearchAction\",\"target\":{\"@type\":\"EntryPoint\",\"urlTemplate\":\"https:\\\/\\\/www.fica.unsl.edu.ar\\\/?s={search_term_string}\"},\"query-input\":{\"@type\":\"PropertyValueSpecification\",\"valueRequired\":true,\"valueName\":\"search_term_string\"}}],\"inLanguage\":\"es-AR\"},{\"@type\":\"Organization\",\"@id\":\"https:\\\/\\\/www.fica.unsl.edu.ar\\\/#organization\",\"name\":\"Facultad de Ingenier\u00eda y Ciencias Agropecuarias\",\"url\":\"https:\\\/\\\/www.fica.unsl.edu.ar\\\/\",\"logo\":{\"@type\":\"ImageObject\",\"inLanguage\":\"es-AR\",\"@id\":\"https:\\\/\\\/www.fica.unsl.edu.ar\\\/#\\\/schema\\\/logo\\\/image\\\/\",\"url\":\"https:\\\/\\\/www.fica.unsl.edu.ar\\\/wp-content\\\/uploads\\\/2021\\\/03\\\/LOGO-1.jpg\",\"contentUrl\":\"https:\\\/\\\/www.fica.unsl.edu.ar\\\/wp-content\\\/uploads\\\/2021\\\/03\\\/LOGO-1.jpg\",\"width\":463,\"height\":145,\"caption\":\"Facultad de Ingenier\u00eda y Ciencias Agropecuarias\"},\"image\":{\"@id\":\"https:\\\/\\\/www.fica.unsl.edu.ar\\\/#\\\/schema\\\/logo\\\/image\\\/\"},\"sameAs\":[\"https:\\\/\\\/www.facebook.com\\\/FICA.UNSL\\\/\",\"https:\\\/\\\/x.com\\\/FICAUNSL\",\"https:\\\/\\\/www.instagram.com\\\/fica.unsl\\\/\",\"https:\\\/\\\/www.youtube.com\\\/channel\\\/UCs2MM53gb2PyBrMySdtWZDQ\"]},{\"@type\":\"Person\",\"@id\":\"https:\\\/\\\/www.fica.unsl.edu.ar\\\/#\\\/schema\\\/person\\\/6058f9c66301868d3a691b1f5d6c3544\",\"name\":\"DATI\"}]}<\/script>\n<!-- \/ Yoast SEO plugin. -->","yoast_head_json":{"title":"Estudiantes podr\u00e1n realizar sus Pr\u00e1cticas Profesionales Supervisadas en el municipio villamercedino - Facultad de Ingenier\u00eda y Ciencias Agropecuarias","robots":{"index":"index","follow":"follow","max-snippet":"max-snippet:-1","max-image-preview":"max-image-preview:large","max-video-preview":"max-video-preview:-1"},"canonical":"https:\/\/www.fica.unsl.edu.ar\/index.php\/estudiantes-podran-realizar-sus-practicas-profesionales-supervisadas-en-el-municipio-villamercedino\/","og_locale":"es_ES","og_type":"article","og_title":"Estudiantes podr\u00e1n realizar sus Pr\u00e1cticas Profesionales Supervisadas en el municipio villamercedino - Facultad de Ingenier\u00eda y Ciencias Agropecuarias","og_description":"La FICA suscribi\u00f3 con el Municipio de Villa Mercedes un nuevo Convenio de Pr\u00e1ctica Profesional Supervisada. La firma del respectivo convenio tuvo lugar el lunes&hellip;","og_url":"https:\/\/www.fica.unsl.edu.ar\/index.php\/estudiantes-podran-realizar-sus-practicas-profesionales-supervisadas-en-el-municipio-villamercedino\/","og_site_name":"Facultad de Ingenier\u00eda y Ciencias Agropecuarias","article_publisher":"https:\/\/www.facebook.com\/FICA.UNSL\/","article_published_time":"2021-05-21T14:25:54+00:00","article_modified_time":"2022-02-22T12:20:03+00:00","og_image":[{"width":1061,"height":600,"url":"https:\/\/www.fica.unsl.edu.ar\/wp-content\/uploads\/2021\/05\/firma-02.jpg","type":"image\/jpeg"}],"author":"DATI","twitter_card":"summary_large_image","twitter_creator":"@FICAUNSL","twitter_site":"@FICAUNSL","twitter_misc":{"Escrito por":"DATI","Tiempo de lectura":"2 minutos"},"schema":{"@context":"https:\/\/schema.org","@graph":[{"@type":"Article","@id":"https:\/\/www.fica.unsl.edu.ar\/index.php\/estudiantes-podran-realizar-sus-practicas-profesionales-supervisadas-en-el-municipio-villamercedino\/#article","isPartOf":{"@id":"https:\/\/www.fica.unsl.edu.ar\/index.php\/estudiantes-podran-realizar-sus-practicas-profesionales-supervisadas-en-el-municipio-villamercedino\/"},"author":{"name":"DATI","@id":"https:\/\/www.fica.unsl.edu.ar\/#\/schema\/person\/6058f9c66301868d3a691b1f5d6c3544"},"headline":"Estudiantes podr\u00e1n realizar sus Pr\u00e1cticas Profesionales Supervisadas en el municipio villamercedino","datePublished":"2021-05-21T14:25:54+00:00","dateModified":"2022-02-22T12:20:03+00:00","mainEntityOfPage":{"@id":"https:\/\/www.fica.unsl.edu.ar\/index.php\/estudiantes-podran-realizar-sus-practicas-profesionales-supervisadas-en-el-municipio-villamercedino\/"},"wordCount":276,"publisher":{"@id":"https:\/\/www.fica.unsl.edu.ar\/#organization"},"image":{"@id":"https:\/\/www.fica.unsl.edu.ar\/index.php\/estudiantes-podran-realizar-sus-practicas-profesionales-supervisadas-en-el-municipio-villamercedino\/#primaryimage"},"thumbnailUrl":"https:\/\/www.fica.unsl.edu.ar\/wp-content\/uploads\/2021\/05\/firma-02.jpg","articleSection":["Noticias"],"inLanguage":"es-AR"},{"@type":"WebPage","@id":"https:\/\/www.fica.unsl.edu.ar\/index.php\/estudiantes-podran-realizar-sus-practicas-profesionales-supervisadas-en-el-municipio-villamercedino\/","url":"https:\/\/www.fica.unsl.edu.ar\/index.php\/estudiantes-podran-realizar-sus-practicas-profesionales-supervisadas-en-el-municipio-villamercedino\/","name":"Estudiantes podr\u00e1n realizar sus Pr\u00e1cticas Profesionales Supervisadas en el municipio villamercedino - Facultad de Ingenier\u00eda y Ciencias Agropecuarias","isPartOf":{"@id":"https:\/\/www.fica.unsl.edu.ar\/#website"},"primaryImageOfPage":{"@id":"https:\/\/www.fica.unsl.edu.ar\/index.php\/estudiantes-podran-realizar-sus-practicas-profesionales-supervisadas-en-el-municipio-villamercedino\/#primaryimage"},"image":{"@id":"https:\/\/www.fica.unsl.edu.ar\/index.php\/estudiantes-podran-realizar-sus-practicas-profesionales-supervisadas-en-el-municipio-villamercedino\/#primaryimage"},"thumbnailUrl":"https:\/\/www.fica.unsl.edu.ar\/wp-content\/uploads\/2021\/05\/firma-02.jpg","datePublished":"2021-05-21T14:25:54+00:00","dateModified":"2022-02-22T12:20:03+00:00","inLanguage":"es-AR","potentialAction":[{"@type":"ReadAction","target":["https:\/\/www.fica.unsl.edu.ar\/index.php\/estudiantes-podran-realizar-sus-practicas-profesionales-supervisadas-en-el-municipio-villamercedino\/"]}]},{"@type":"ImageObject","inLanguage":"es-AR","@id":"https:\/\/www.fica.unsl.edu.ar\/index.php\/estudiantes-podran-realizar-sus-practicas-profesionales-supervisadas-en-el-municipio-villamercedino\/#primaryimage","url":"https:\/\/www.fica.unsl.edu.ar\/wp-content\/uploads\/2021\/05\/firma-02.jpg","contentUrl":"https:\/\/www.fica.unsl.edu.ar\/wp-content\/uploads\/2021\/05\/firma-02.jpg","width":1061,"height":600},{"@type":"WebSite","@id":"https:\/\/www.fica.unsl.edu.ar\/#website","url":"https:\/\/www.fica.unsl.edu.ar\/","name":"Facultad de Ingenier\u00eda y Ciencias Agropecuarias","description":"","publisher":{"@id":"https:\/\/www.fica.unsl.edu.ar\/#organization"},"potentialAction":[{"@type":"SearchAction","target":{"@type":"EntryPoint","urlTemplate":"https:\/\/www.fica.unsl.edu.ar\/?s={search_term_string}"},"query-input":{"@type":"PropertyValueSpecification","valueRequired":true,"valueName":"search_term_string"}}],"inLanguage":"es-AR"},{"@type":"Organization","@id":"https:\/\/www.fica.unsl.edu.ar\/#organization","name":"Facultad de Ingenier\u00eda y Ciencias Agropecuarias","url":"https:\/\/www.fica.unsl.edu.ar\/","logo":{"@type":"ImageObject","inLanguage":"es-AR","@id":"https:\/\/www.fica.unsl.edu.ar\/#\/schema\/logo\/image\/","url":"https:\/\/www.fica.unsl.edu.ar\/wp-content\/uploads\/2021\/03\/LOGO-1.jpg","contentUrl":"https:\/\/www.fica.unsl.edu.ar\/wp-content\/uploads\/2021\/03\/LOGO-1.jpg","width":463,"height":145,"caption":"Facultad de Ingenier\u00eda y Ciencias Agropecuarias"},"image":{"@id":"https:\/\/www.fica.unsl.edu.ar\/#\/schema\/logo\/image\/"},"sameAs":["https:\/\/www.facebook.com\/FICA.UNSL\/","https:\/\/x.com\/FICAUNSL","https:\/\/www.instagram.com\/fica.unsl\/","https:\/\/www.youtube.com\/channel\/UCs2MM53gb2PyBrMySdtWZDQ"]},{"@type":"Person","@id":"https:\/\/www.fica.unsl.edu.ar\/#\/schema\/person\/6058f9c66301868d3a691b1f5d6c3544","name":"DATI"}]}},"_links":{"self":[{"href":"https:\/\/www.fica.unsl.edu.ar\/index.php\/wp-json\/wp\/v2\/posts\/5009","targetHints":{"allow":["GET"]}}],"collection":[{"href":"https:\/\/www.fica.unsl.edu.ar\/index.php\/wp-json\/wp\/v2\/posts"}],"about":[{"href":"https:\/\/www.fica.unsl.edu.ar\/index.php\/wp-json\/wp\/v2\/types\/post"}],"author":[{"embeddable":true,"href":"https:\/\/www.fica.unsl.edu.ar\/index.php\/wp-json\/wp\/v2\/users\/9"}],"replies":[{"embeddable":true,"href":"https:\/\/www.fica.unsl.edu.ar\/index.php\/wp-json\/wp\/v2\/comments?post=5009"}],"version-history":[{"count":3,"href":"https:\/\/www.fica.unsl.edu.ar\/index.php\/wp-json\/wp\/v2\/posts\/5009\/revisions"}],"predecessor-version":[{"id":5013,"href":"https:\/\/www.fica.unsl.edu.ar\/index.php\/wp-json\/wp\/v2\/posts\/5009\/revisions\/5013"}],"wp:featuredmedia":[{"embeddable":true,"href":"https:\/\/www.fica.unsl.edu.ar\/index.php\/wp-json\/wp\/v2\/media\/5010"}],"wp:attachment":[{"href":"https:\/\/www.fica.unsl.edu.ar\/index.php\/wp-json\/wp\/v2\/media?parent=5009"}],"wp:term":[{"taxonomy":"category","embeddable":true,"href":"https:\/\/www.fica.unsl.edu.ar\/index.php\/wp-json\/wp\/v2\/categories?post=5009"},{"taxonomy":"post_tag","embeddable":true,"href":"https:\/\/www.fica.unsl.edu.ar\/index.php\/wp-json\/wp\/v2\/tags?post=5009"}],"curies":[{"name":"wp","href":"https:\/\/api.w.org\/{rel}","templated":true}]}}