{"id":5014,"date":"2021-05-18T12:18:00","date_gmt":"2021-05-18T15:18:00","guid":{"rendered":"http:\/\/10.101.10.196\/www\/?p=5014"},"modified":"2021-05-21T13:14:43","modified_gmt":"2021-05-21T16:14:43","slug":"primera-jornada-del-seminario-de-investigacion-actualizacion-y-vinculacion-en-ciencias-de-la-ingenieria-2021","status":"publish","type":"post","link":"https:\/\/www.fica.unsl.edu.ar\/index.php\/primera-jornada-del-seminario-de-investigacion-actualizacion-y-vinculacion-en-ciencias-de-la-ingenieria-2021\/","title":{"rendered":"Primera jornada del Seminario de Investigaci\u00f3n, Actualizaci\u00f3n y Vinculaci\u00f3n en Ciencias de la Ingenier\u00eda 2021"},"content":{"rendered":"<p>La Secretar\u00eda de Investigaci\u00f3n y Posgrado invita a participar de la primera jornada del Seminario de Investigaci\u00f3n, Actualizaci\u00f3n y Vinculaci\u00f3n en Ciencias de la Ingenier\u00eda 2021. La misma se llevar\u00e1 a cabo de forma virtual, el viernes 21 de mayo a las 11hs.<br \/>\nEn esta oportunidad disertar\u00e1 el Ing. Carlos Catuogno sobre \u201cEnsayos en Motorizaci\u00f3n Solar de Planeador RC con Supercapacitores\u201d. La jornada continuar\u00e1 con la disertaci\u00f3n del Ing. Mat\u00edas Gast\u00f3n Rinaudo que tratar\u00e1 sobre el \u201cDise\u00f1o de materiales mediante molienda de alta energ\u00eda: Mezclas de TiO2 con aplicaci\u00f3n como soportes catal\u00edticos\u201d.<br \/>\nPara mayor informaci\u00f3n e inscripciones contactarse con los coordinadores del seminario: Ing. Pablo Belzunce (belzuncepablo@gmail.com); Ing. Francisco Esteban (franesteban92@gmail.com).<\/p>\n<h4><strong>Res\u00famenes<\/strong><\/h4>\n<p><img fetchpriority=\"high\" decoding=\"async\" class=\"aligncenter size-large wp-image-5017\" src=\"https:\/\/www.fica.unsl.edu.ar\/wp-content\/uploads\/2021\/05\/Web-UNSL_SIAVCI21--1024x605.jpg\" alt=\"\" width=\"843\" height=\"498\" srcset=\"https:\/\/www.fica.unsl.edu.ar\/wp-content\/uploads\/2021\/05\/Web-UNSL_SIAVCI21--1024x605.jpg 1024w, https:\/\/www.fica.unsl.edu.ar\/wp-content\/uploads\/2021\/05\/Web-UNSL_SIAVCI21--300x177.jpg 300w, https:\/\/www.fica.unsl.edu.ar\/wp-content\/uploads\/2021\/05\/Web-UNSL_SIAVCI21--768x454.jpg 768w, https:\/\/www.fica.unsl.edu.ar\/wp-content\/uploads\/2021\/05\/Web-UNSL_SIAVCI21-.jpg 1481w\" sizes=\"(max-width: 843px) 100vw, 843px\" \/><\/p>\n<p><em><strong>\u201cEnsayos en Motorizaci\u00f3n Solar de Planeador RC con Supercapacitores\u201d<\/strong><\/em><br \/>\nDisertante: <strong>Ing. Carlos Catuogno<\/strong><\/p>\n<p><em>Trabajo presentado en AADECA 2020 &#8211; Los supercondensadores, tambi\u00e9n conocidos como ultracondensadores o condensadores el\u00e9ctricos de doble capa (ELDC), son dispositivos de almacenamiento, que ofrecen alta densidad de potencia, extremadamente alta capacidad de ciclismo y robustez mec\u00e1nica. Debido a su rendimiento, los supercondensadores tienen un alto potencial para ser utilizado en diversas aplicaciones. Se presentan los resultados de una aplicaci\u00f3n de motorizaci\u00f3n solar de un planeador RC.<\/em><\/p>\n<p><img decoding=\"async\" class=\"aligncenter size-large wp-image-5016\" src=\"https:\/\/www.fica.unsl.edu.ar\/wp-content\/uploads\/2021\/05\/Web-UNSL_SIAVCI21-1-1024x605.jpg\" alt=\"\" width=\"843\" height=\"498\" srcset=\"https:\/\/www.fica.unsl.edu.ar\/wp-content\/uploads\/2021\/05\/Web-UNSL_SIAVCI21-1-1024x605.jpg 1024w, https:\/\/www.fica.unsl.edu.ar\/wp-content\/uploads\/2021\/05\/Web-UNSL_SIAVCI21-1-300x177.jpg 300w, https:\/\/www.fica.unsl.edu.ar\/wp-content\/uploads\/2021\/05\/Web-UNSL_SIAVCI21-1-768x454.jpg 768w, https:\/\/www.fica.unsl.edu.ar\/wp-content\/uploads\/2021\/05\/Web-UNSL_SIAVCI21-1.jpg 1481w\" sizes=\"(max-width: 843px) 100vw, 843px\" \/><\/p>\n<p><strong><em>\u201cDise\u00f1o de materiales mediante molienda de alta energ\u00eda: Mezclas de TiO2 con aplicaci\u00f3n como soportes catal\u00edticos\u201d.<\/em><\/strong><\/p>\n<p>Disertante: <strong>Ing. Mat\u00edas Gast\u00f3n Rinaudo<\/strong><\/p>\n<p><em>Se llev\u00f3 a cabo un dise\u00f1o racional de soportes catal\u00edticos mediante molienda de alta energ\u00eda, obteni\u00e9ndose mezclas de distintas fases cristalinas de TiO2. Se logr\u00f3 la transformaci\u00f3n polim\u00f3rfica de anatasa a rutilo a trav\u00e9s de la fase de alta presi\u00f3n TiO2 (II) como intermediario, variando tiempo y velocidad de molienda. Adem\u00e1s, el material de partida duplic\u00f3 su \u00e1rea espec\u00edfica superficial debido a la fragmentaci\u00f3n de las part\u00edculas. Los defectos introducidos durante la molienda generaron vacancias de ox\u00edgeno tanto en la superficie como en el bulk de los soportes. As\u00ed mismo, un mayor tiempo de molienda increment\u00f3 la reducibilidad y la movilidad de ox\u00edgenos en los s\u00f3lidos. La composici\u00f3n de las fases permaneci\u00f3 inalterada incluso bajo condiciones extremas, resalt\u00e1ndose la estabilidad de la fase poco com\u00fan TiO2 (II). Las propiedades alcanzadas en estos materiales podr\u00edan mejorar las interacciones metal-soporte y jugar un papel crucial en los soportes catal\u00edticos.<\/em><\/p>\n","protected":false},"excerpt":{"rendered":"<p>La Secretar\u00eda de Investigaci\u00f3n y Posgrado invita a participar de la primera jornada del Seminario de Investigaci\u00f3n, Actualizaci\u00f3n y Vinculaci\u00f3n en Ciencias de la Ingenier\u00eda&hellip;<\/p>\n","protected":false},"author":9,"featured_media":5015,"comment_status":"closed","ping_status":"closed","sticky":false,"template":"","format":"standard","meta":{"_monsterinsights_skip_tracking":false,"_monsterinsights_sitenote_active":false,"_monsterinsights_sitenote_note":"","_monsterinsights_sitenote_category":0,"_joinchat":[],"footnotes":""},"categories":[22],"tags":[],"class_list":["post-5014","post","type-post","status-publish","format-standard","has-post-thumbnail","hentry","category-archivadas"],"yoast_head":"<!-- This site is optimized with the Yoast SEO plugin v27.4 - https:\/\/yoast.com\/product\/yoast-seo-wordpress\/ -->\n<title>Primera jornada del Seminario de Investigaci\u00f3n, Actualizaci\u00f3n y Vinculaci\u00f3n en Ciencias de la Ingenier\u00eda 2021 - Facultad de Ingenier\u00eda y Ciencias Agropecuarias<\/title>\n<meta name=\"robots\" content=\"index, follow, max-snippet:-1, max-image-preview:large, max-video-preview:-1\" \/>\n<link rel=\"canonical\" href=\"https:\/\/www.fica.unsl.edu.ar\/index.php\/primera-jornada-del-seminario-de-investigacion-actualizacion-y-vinculacion-en-ciencias-de-la-ingenieria-2021\/\" \/>\n<meta property=\"og:locale\" content=\"es_ES\" \/>\n<meta property=\"og:type\" content=\"article\" \/>\n<meta property=\"og:title\" content=\"Primera jornada del Seminario de Investigaci\u00f3n, Actualizaci\u00f3n y Vinculaci\u00f3n en Ciencias de la Ingenier\u00eda 2021 - Facultad de Ingenier\u00eda y Ciencias Agropecuarias\" \/>\n<meta property=\"og:description\" content=\"La Secretar\u00eda de Investigaci\u00f3n y Posgrado invita a participar de la primera jornada del Seminario de Investigaci\u00f3n, Actualizaci\u00f3n y Vinculaci\u00f3n en Ciencias de la Ingenier\u00eda&hellip;\" \/>\n<meta property=\"og:url\" content=\"https:\/\/www.fica.unsl.edu.ar\/index.php\/primera-jornada-del-seminario-de-investigacion-actualizacion-y-vinculacion-en-ciencias-de-la-ingenieria-2021\/\" \/>\n<meta property=\"og:site_name\" content=\"Facultad de Ingenier\u00eda y Ciencias Agropecuarias\" \/>\n<meta property=\"article:publisher\" content=\"https:\/\/www.facebook.com\/FICA.UNSL\/\" \/>\n<meta property=\"article:published_time\" content=\"2021-05-18T15:18:00+00:00\" \/>\n<meta property=\"article:modified_time\" content=\"2021-05-21T16:14:43+00:00\" \/>\n<meta property=\"og:image\" content=\"https:\/\/www.fica.unsl.edu.ar\/wp-content\/uploads\/2021\/05\/01.jpg\" \/>\n\t<meta property=\"og:image:width\" content=\"1280\" \/>\n\t<meta property=\"og:image:height\" content=\"670\" \/>\n\t<meta property=\"og:image:type\" content=\"image\/jpeg\" \/>\n<meta name=\"author\" content=\"DATI\" \/>\n<meta name=\"twitter:card\" content=\"summary_large_image\" \/>\n<meta name=\"twitter:creator\" content=\"@FICAUNSL\" \/>\n<meta name=\"twitter:site\" content=\"@FICAUNSL\" \/>\n<meta name=\"twitter:label1\" content=\"Escrito por\" \/>\n\t<meta name=\"twitter:data1\" content=\"DATI\" \/>\n\t<meta name=\"twitter:label2\" content=\"Tiempo de lectura\" \/>\n\t<meta name=\"twitter:data2\" content=\"2 minutos\" \/>\n<script type=\"application\/ld+json\" class=\"yoast-schema-graph\">{\"@context\":\"https:\\\/\\\/schema.org\",\"@graph\":[{\"@type\":\"Article\",\"@id\":\"https:\\\/\\\/www.fica.unsl.edu.ar\\\/index.php\\\/primera-jornada-del-seminario-de-investigacion-actualizacion-y-vinculacion-en-ciencias-de-la-ingenieria-2021\\\/#article\",\"isPartOf\":{\"@id\":\"https:\\\/\\\/www.fica.unsl.edu.ar\\\/index.php\\\/primera-jornada-del-seminario-de-investigacion-actualizacion-y-vinculacion-en-ciencias-de-la-ingenieria-2021\\\/\"},\"author\":{\"name\":\"DATI\",\"@id\":\"https:\\\/\\\/www.fica.unsl.edu.ar\\\/#\\\/schema\\\/person\\\/6058f9c66301868d3a691b1f5d6c3544\"},\"headline\":\"Primera jornada del Seminario de Investigaci\u00f3n, Actualizaci\u00f3n y Vinculaci\u00f3n en Ciencias de la Ingenier\u00eda 2021\",\"datePublished\":\"2021-05-18T15:18:00+00:00\",\"dateModified\":\"2021-05-21T16:14:43+00:00\",\"mainEntityOfPage\":{\"@id\":\"https:\\\/\\\/www.fica.unsl.edu.ar\\\/index.php\\\/primera-jornada-del-seminario-de-investigacion-actualizacion-y-vinculacion-en-ciencias-de-la-ingenieria-2021\\\/\"},\"wordCount\":427,\"publisher\":{\"@id\":\"https:\\\/\\\/www.fica.unsl.edu.ar\\\/#organization\"},\"image\":{\"@id\":\"https:\\\/\\\/www.fica.unsl.edu.ar\\\/index.php\\\/primera-jornada-del-seminario-de-investigacion-actualizacion-y-vinculacion-en-ciencias-de-la-ingenieria-2021\\\/#primaryimage\"},\"thumbnailUrl\":\"https:\\\/\\\/www.fica.unsl.edu.ar\\\/wp-content\\\/uploads\\\/2021\\\/05\\\/01.jpg\",\"articleSection\":[\"Archivadas\"],\"inLanguage\":\"es-AR\"},{\"@type\":\"WebPage\",\"@id\":\"https:\\\/\\\/www.fica.unsl.edu.ar\\\/index.php\\\/primera-jornada-del-seminario-de-investigacion-actualizacion-y-vinculacion-en-ciencias-de-la-ingenieria-2021\\\/\",\"url\":\"https:\\\/\\\/www.fica.unsl.edu.ar\\\/index.php\\\/primera-jornada-del-seminario-de-investigacion-actualizacion-y-vinculacion-en-ciencias-de-la-ingenieria-2021\\\/\",\"name\":\"Primera jornada del Seminario de Investigaci\u00f3n, Actualizaci\u00f3n y Vinculaci\u00f3n en Ciencias de la Ingenier\u00eda 2021 - Facultad de Ingenier\u00eda y Ciencias Agropecuarias\",\"isPartOf\":{\"@id\":\"https:\\\/\\\/www.fica.unsl.edu.ar\\\/#website\"},\"primaryImageOfPage\":{\"@id\":\"https:\\\/\\\/www.fica.unsl.edu.ar\\\/index.php\\\/primera-jornada-del-seminario-de-investigacion-actualizacion-y-vinculacion-en-ciencias-de-la-ingenieria-2021\\\/#primaryimage\"},\"image\":{\"@id\":\"https:\\\/\\\/www.fica.unsl.edu.ar\\\/index.php\\\/primera-jornada-del-seminario-de-investigacion-actualizacion-y-vinculacion-en-ciencias-de-la-ingenieria-2021\\\/#primaryimage\"},\"thumbnailUrl\":\"https:\\\/\\\/www.fica.unsl.edu.ar\\\/wp-content\\\/uploads\\\/2021\\\/05\\\/01.jpg\",\"datePublished\":\"2021-05-18T15:18:00+00:00\",\"dateModified\":\"2021-05-21T16:14:43+00:00\",\"inLanguage\":\"es-AR\",\"potentialAction\":[{\"@type\":\"ReadAction\",\"target\":[\"https:\\\/\\\/www.fica.unsl.edu.ar\\\/index.php\\\/primera-jornada-del-seminario-de-investigacion-actualizacion-y-vinculacion-en-ciencias-de-la-ingenieria-2021\\\/\"]}]},{\"@type\":\"ImageObject\",\"inLanguage\":\"es-AR\",\"@id\":\"https:\\\/\\\/www.fica.unsl.edu.ar\\\/index.php\\\/primera-jornada-del-seminario-de-investigacion-actualizacion-y-vinculacion-en-ciencias-de-la-ingenieria-2021\\\/#primaryimage\",\"url\":\"https:\\\/\\\/www.fica.unsl.edu.ar\\\/wp-content\\\/uploads\\\/2021\\\/05\\\/01.jpg\",\"contentUrl\":\"https:\\\/\\\/www.fica.unsl.edu.ar\\\/wp-content\\\/uploads\\\/2021\\\/05\\\/01.jpg\",\"width\":1280,\"height\":670},{\"@type\":\"WebSite\",\"@id\":\"https:\\\/\\\/www.fica.unsl.edu.ar\\\/#website\",\"url\":\"https:\\\/\\\/www.fica.unsl.edu.ar\\\/\",\"name\":\"Facultad de Ingenier\u00eda y Ciencias Agropecuarias\",\"description\":\"\",\"publisher\":{\"@id\":\"https:\\\/\\\/www.fica.unsl.edu.ar\\\/#organization\"},\"potentialAction\":[{\"@type\":\"SearchAction\",\"target\":{\"@type\":\"EntryPoint\",\"urlTemplate\":\"https:\\\/\\\/www.fica.unsl.edu.ar\\\/?s={search_term_string}\"},\"query-input\":{\"@type\":\"PropertyValueSpecification\",\"valueRequired\":true,\"valueName\":\"search_term_string\"}}],\"inLanguage\":\"es-AR\"},{\"@type\":\"Organization\",\"@id\":\"https:\\\/\\\/www.fica.unsl.edu.ar\\\/#organization\",\"name\":\"Facultad de Ingenier\u00eda y Ciencias Agropecuarias\",\"url\":\"https:\\\/\\\/www.fica.unsl.edu.ar\\\/\",\"logo\":{\"@type\":\"ImageObject\",\"inLanguage\":\"es-AR\",\"@id\":\"https:\\\/\\\/www.fica.unsl.edu.ar\\\/#\\\/schema\\\/logo\\\/image\\\/\",\"url\":\"https:\\\/\\\/www.fica.unsl.edu.ar\\\/wp-content\\\/uploads\\\/2021\\\/03\\\/LOGO-1.jpg\",\"contentUrl\":\"https:\\\/\\\/www.fica.unsl.edu.ar\\\/wp-content\\\/uploads\\\/2021\\\/03\\\/LOGO-1.jpg\",\"width\":463,\"height\":145,\"caption\":\"Facultad de Ingenier\u00eda y Ciencias Agropecuarias\"},\"image\":{\"@id\":\"https:\\\/\\\/www.fica.unsl.edu.ar\\\/#\\\/schema\\\/logo\\\/image\\\/\"},\"sameAs\":[\"https:\\\/\\\/www.facebook.com\\\/FICA.UNSL\\\/\",\"https:\\\/\\\/x.com\\\/FICAUNSL\",\"https:\\\/\\\/www.instagram.com\\\/fica.unsl\\\/\",\"https:\\\/\\\/www.youtube.com\\\/channel\\\/UCs2MM53gb2PyBrMySdtWZDQ\"]},{\"@type\":\"Person\",\"@id\":\"https:\\\/\\\/www.fica.unsl.edu.ar\\\/#\\\/schema\\\/person\\\/6058f9c66301868d3a691b1f5d6c3544\",\"name\":\"DATI\"}]}<\/script>\n<!-- \/ Yoast SEO plugin. -->","yoast_head_json":{"title":"Primera jornada del Seminario de Investigaci\u00f3n, Actualizaci\u00f3n y Vinculaci\u00f3n en Ciencias de la Ingenier\u00eda 2021 - Facultad de Ingenier\u00eda y Ciencias Agropecuarias","robots":{"index":"index","follow":"follow","max-snippet":"max-snippet:-1","max-image-preview":"max-image-preview:large","max-video-preview":"max-video-preview:-1"},"canonical":"https:\/\/www.fica.unsl.edu.ar\/index.php\/primera-jornada-del-seminario-de-investigacion-actualizacion-y-vinculacion-en-ciencias-de-la-ingenieria-2021\/","og_locale":"es_ES","og_type":"article","og_title":"Primera jornada del Seminario de Investigaci\u00f3n, Actualizaci\u00f3n y Vinculaci\u00f3n en Ciencias de la Ingenier\u00eda 2021 - Facultad de Ingenier\u00eda y Ciencias Agropecuarias","og_description":"La Secretar\u00eda de Investigaci\u00f3n y Posgrado invita a participar de la primera jornada del Seminario de Investigaci\u00f3n, Actualizaci\u00f3n y Vinculaci\u00f3n en Ciencias de la Ingenier\u00eda&hellip;","og_url":"https:\/\/www.fica.unsl.edu.ar\/index.php\/primera-jornada-del-seminario-de-investigacion-actualizacion-y-vinculacion-en-ciencias-de-la-ingenieria-2021\/","og_site_name":"Facultad de Ingenier\u00eda y Ciencias Agropecuarias","article_publisher":"https:\/\/www.facebook.com\/FICA.UNSL\/","article_published_time":"2021-05-18T15:18:00+00:00","article_modified_time":"2021-05-21T16:14:43+00:00","og_image":[{"width":1280,"height":670,"url":"https:\/\/www.fica.unsl.edu.ar\/wp-content\/uploads\/2021\/05\/01.jpg","type":"image\/jpeg"}],"author":"DATI","twitter_card":"summary_large_image","twitter_creator":"@FICAUNSL","twitter_site":"@FICAUNSL","twitter_misc":{"Escrito por":"DATI","Tiempo de lectura":"2 minutos"},"schema":{"@context":"https:\/\/schema.org","@graph":[{"@type":"Article","@id":"https:\/\/www.fica.unsl.edu.ar\/index.php\/primera-jornada-del-seminario-de-investigacion-actualizacion-y-vinculacion-en-ciencias-de-la-ingenieria-2021\/#article","isPartOf":{"@id":"https:\/\/www.fica.unsl.edu.ar\/index.php\/primera-jornada-del-seminario-de-investigacion-actualizacion-y-vinculacion-en-ciencias-de-la-ingenieria-2021\/"},"author":{"name":"DATI","@id":"https:\/\/www.fica.unsl.edu.ar\/#\/schema\/person\/6058f9c66301868d3a691b1f5d6c3544"},"headline":"Primera jornada del Seminario de Investigaci\u00f3n, Actualizaci\u00f3n y Vinculaci\u00f3n en Ciencias de la Ingenier\u00eda 2021","datePublished":"2021-05-18T15:18:00+00:00","dateModified":"2021-05-21T16:14:43+00:00","mainEntityOfPage":{"@id":"https:\/\/www.fica.unsl.edu.ar\/index.php\/primera-jornada-del-seminario-de-investigacion-actualizacion-y-vinculacion-en-ciencias-de-la-ingenieria-2021\/"},"wordCount":427,"publisher":{"@id":"https:\/\/www.fica.unsl.edu.ar\/#organization"},"image":{"@id":"https:\/\/www.fica.unsl.edu.ar\/index.php\/primera-jornada-del-seminario-de-investigacion-actualizacion-y-vinculacion-en-ciencias-de-la-ingenieria-2021\/#primaryimage"},"thumbnailUrl":"https:\/\/www.fica.unsl.edu.ar\/wp-content\/uploads\/2021\/05\/01.jpg","articleSection":["Archivadas"],"inLanguage":"es-AR"},{"@type":"WebPage","@id":"https:\/\/www.fica.unsl.edu.ar\/index.php\/primera-jornada-del-seminario-de-investigacion-actualizacion-y-vinculacion-en-ciencias-de-la-ingenieria-2021\/","url":"https:\/\/www.fica.unsl.edu.ar\/index.php\/primera-jornada-del-seminario-de-investigacion-actualizacion-y-vinculacion-en-ciencias-de-la-ingenieria-2021\/","name":"Primera jornada del Seminario de Investigaci\u00f3n, Actualizaci\u00f3n y Vinculaci\u00f3n en Ciencias de la Ingenier\u00eda 2021 - Facultad de Ingenier\u00eda y Ciencias Agropecuarias","isPartOf":{"@id":"https:\/\/www.fica.unsl.edu.ar\/#website"},"primaryImageOfPage":{"@id":"https:\/\/www.fica.unsl.edu.ar\/index.php\/primera-jornada-del-seminario-de-investigacion-actualizacion-y-vinculacion-en-ciencias-de-la-ingenieria-2021\/#primaryimage"},"image":{"@id":"https:\/\/www.fica.unsl.edu.ar\/index.php\/primera-jornada-del-seminario-de-investigacion-actualizacion-y-vinculacion-en-ciencias-de-la-ingenieria-2021\/#primaryimage"},"thumbnailUrl":"https:\/\/www.fica.unsl.edu.ar\/wp-content\/uploads\/2021\/05\/01.jpg","datePublished":"2021-05-18T15:18:00+00:00","dateModified":"2021-05-21T16:14:43+00:00","inLanguage":"es-AR","potentialAction":[{"@type":"ReadAction","target":["https:\/\/www.fica.unsl.edu.ar\/index.php\/primera-jornada-del-seminario-de-investigacion-actualizacion-y-vinculacion-en-ciencias-de-la-ingenieria-2021\/"]}]},{"@type":"ImageObject","inLanguage":"es-AR","@id":"https:\/\/www.fica.unsl.edu.ar\/index.php\/primera-jornada-del-seminario-de-investigacion-actualizacion-y-vinculacion-en-ciencias-de-la-ingenieria-2021\/#primaryimage","url":"https:\/\/www.fica.unsl.edu.ar\/wp-content\/uploads\/2021\/05\/01.jpg","contentUrl":"https:\/\/www.fica.unsl.edu.ar\/wp-content\/uploads\/2021\/05\/01.jpg","width":1280,"height":670},{"@type":"WebSite","@id":"https:\/\/www.fica.unsl.edu.ar\/#website","url":"https:\/\/www.fica.unsl.edu.ar\/","name":"Facultad de Ingenier\u00eda y Ciencias Agropecuarias","description":"","publisher":{"@id":"https:\/\/www.fica.unsl.edu.ar\/#organization"},"potentialAction":[{"@type":"SearchAction","target":{"@type":"EntryPoint","urlTemplate":"https:\/\/www.fica.unsl.edu.ar\/?s={search_term_string}"},"query-input":{"@type":"PropertyValueSpecification","valueRequired":true,"valueName":"search_term_string"}}],"inLanguage":"es-AR"},{"@type":"Organization","@id":"https:\/\/www.fica.unsl.edu.ar\/#organization","name":"Facultad de Ingenier\u00eda y Ciencias Agropecuarias","url":"https:\/\/www.fica.unsl.edu.ar\/","logo":{"@type":"ImageObject","inLanguage":"es-AR","@id":"https:\/\/www.fica.unsl.edu.ar\/#\/schema\/logo\/image\/","url":"https:\/\/www.fica.unsl.edu.ar\/wp-content\/uploads\/2021\/03\/LOGO-1.jpg","contentUrl":"https:\/\/www.fica.unsl.edu.ar\/wp-content\/uploads\/2021\/03\/LOGO-1.jpg","width":463,"height":145,"caption":"Facultad de Ingenier\u00eda y Ciencias Agropecuarias"},"image":{"@id":"https:\/\/www.fica.unsl.edu.ar\/#\/schema\/logo\/image\/"},"sameAs":["https:\/\/www.facebook.com\/FICA.UNSL\/","https:\/\/x.com\/FICAUNSL","https:\/\/www.instagram.com\/fica.unsl\/","https:\/\/www.youtube.com\/channel\/UCs2MM53gb2PyBrMySdtWZDQ"]},{"@type":"Person","@id":"https:\/\/www.fica.unsl.edu.ar\/#\/schema\/person\/6058f9c66301868d3a691b1f5d6c3544","name":"DATI"}]}},"_links":{"self":[{"href":"https:\/\/www.fica.unsl.edu.ar\/index.php\/wp-json\/wp\/v2\/posts\/5014","targetHints":{"allow":["GET"]}}],"collection":[{"href":"https:\/\/www.fica.unsl.edu.ar\/index.php\/wp-json\/wp\/v2\/posts"}],"about":[{"href":"https:\/\/www.fica.unsl.edu.ar\/index.php\/wp-json\/wp\/v2\/types\/post"}],"author":[{"embeddable":true,"href":"https:\/\/www.fica.unsl.edu.ar\/index.php\/wp-json\/wp\/v2\/users\/9"}],"replies":[{"embeddable":true,"href":"https:\/\/www.fica.unsl.edu.ar\/index.php\/wp-json\/wp\/v2\/comments?post=5014"}],"version-history":[{"count":1,"href":"https:\/\/www.fica.unsl.edu.ar\/index.php\/wp-json\/wp\/v2\/posts\/5014\/revisions"}],"predecessor-version":[{"id":5018,"href":"https:\/\/www.fica.unsl.edu.ar\/index.php\/wp-json\/wp\/v2\/posts\/5014\/revisions\/5018"}],"wp:featuredmedia":[{"embeddable":true,"href":"https:\/\/www.fica.unsl.edu.ar\/index.php\/wp-json\/wp\/v2\/media\/5015"}],"wp:attachment":[{"href":"https:\/\/www.fica.unsl.edu.ar\/index.php\/wp-json\/wp\/v2\/media?parent=5014"}],"wp:term":[{"taxonomy":"category","embeddable":true,"href":"https:\/\/www.fica.unsl.edu.ar\/index.php\/wp-json\/wp\/v2\/categories?post=5014"},{"taxonomy":"post_tag","embeddable":true,"href":"https:\/\/www.fica.unsl.edu.ar\/index.php\/wp-json\/wp\/v2\/tags?post=5014"}],"curies":[{"name":"wp","href":"https:\/\/api.w.org\/{rel}","templated":true}]}}