{"id":5051,"date":"2021-05-24T20:00:07","date_gmt":"2021-05-24T23:00:07","guid":{"rendered":"http:\/\/10.101.10.196\/www\/?p=5051"},"modified":"2021-06-04T10:03:18","modified_gmt":"2021-06-04T13:03:18","slug":"maestria-en-control-de-convertidores-de-potencia-prorroga-de-inicio-de-actividades-academicas","status":"publish","type":"post","link":"https:\/\/www.fica.unsl.edu.ar\/index.php\/maestria-en-control-de-convertidores-de-potencia-prorroga-de-inicio-de-actividades-academicas\/","title":{"rendered":"Maestr\u00eda en Control de Convertidores de Potencia: Pr\u00f3rroga de inicio de actividades acad\u00e9micas"},"content":{"rendered":"<p>Se informa a la comunidad universitaria y a todos los profesionales interesados que, en virtud de las medidas adoptadas por los gobiernos nacional y provincial y en consonancia por las medidas dispuestas por las autoridades de la Universidad Nacional de San Luis y que son de p\u00fablico conocimiento, se ha dispuesto la pr\u00f3rroga del inicio de las actividades acad\u00e9micas previstas para el 29 de mayo de 2021 de la Maestr\u00eda en Control de Convertidores de Potencia.<\/p>\n<p>En breve se informar\u00e1 la fecha de inicio del dictado de la primera cohorte de la carrera.<\/p>\n<p>Para mayor informaci\u00f3n acerca de las inscripciones contactarse a:\u00a0<a href=\"mailto:mccp.fica@gmail.com\"><strong>mccp.fica@gmail.com<\/strong><\/a><\/p>\n","protected":false},"excerpt":{"rendered":"<p>Se informa a la comunidad universitaria y a todos los profesionales interesados que, en virtud de las medidas adoptadas por los gobiernos nacional y provincial&hellip;<\/p>\n","protected":false},"author":9,"featured_media":3259,"comment_status":"closed","ping_status":"closed","sticky":false,"template":"","format":"standard","meta":{"_monsterinsights_skip_tracking":false,"_monsterinsights_sitenote_active":false,"_monsterinsights_sitenote_note":"","_monsterinsights_sitenote_category":0,"_joinchat":[],"footnotes":""},"categories":[19],"tags":[],"class_list":["post-5051","post","type-post","status-publish","format-standard","has-post-thumbnail","hentry","category-noticias"],"yoast_head":"<!-- This site is optimized with the Yoast SEO plugin v27.4 - https:\/\/yoast.com\/product\/yoast-seo-wordpress\/ -->\n<title>Maestr\u00eda en Control de Convertidores de Potencia: Pr\u00f3rroga de inicio de actividades acad\u00e9micas - Facultad de Ingenier\u00eda y Ciencias Agropecuarias<\/title>\n<meta name=\"robots\" content=\"index, follow, max-snippet:-1, max-image-preview:large, max-video-preview:-1\" \/>\n<link rel=\"canonical\" href=\"https:\/\/www.fica.unsl.edu.ar\/index.php\/maestria-en-control-de-convertidores-de-potencia-prorroga-de-inicio-de-actividades-academicas\/\" \/>\n<meta property=\"og:locale\" content=\"es_ES\" \/>\n<meta property=\"og:type\" content=\"article\" \/>\n<meta property=\"og:title\" content=\"Maestr\u00eda en Control de Convertidores de Potencia: Pr\u00f3rroga de inicio de actividades acad\u00e9micas - Facultad de Ingenier\u00eda y Ciencias Agropecuarias\" \/>\n<meta property=\"og:description\" content=\"Se informa a la comunidad universitaria y a todos los profesionales interesados que, en virtud de las medidas adoptadas por los gobiernos nacional y provincial&hellip;\" \/>\n<meta property=\"og:url\" content=\"https:\/\/www.fica.unsl.edu.ar\/index.php\/maestria-en-control-de-convertidores-de-potencia-prorroga-de-inicio-de-actividades-academicas\/\" \/>\n<meta property=\"og:site_name\" content=\"Facultad de Ingenier\u00eda y Ciencias Agropecuarias\" \/>\n<meta property=\"article:publisher\" content=\"https:\/\/www.facebook.com\/FICA.UNSL\/\" \/>\n<meta property=\"article:published_time\" content=\"2021-05-24T23:00:07+00:00\" \/>\n<meta property=\"article:modified_time\" content=\"2021-06-04T13:03:18+00:00\" \/>\n<meta property=\"og:image\" content=\"https:\/\/www.fica.unsl.edu.ar\/wp-content\/uploads\/2021\/03\/Exterior-Dipticoimagen-maestria-scaled-1.jpg\" \/>\n\t<meta property=\"og:image:width\" content=\"2560\" \/>\n\t<meta property=\"og:image:height\" content=\"1797\" \/>\n\t<meta property=\"og:image:type\" content=\"image\/jpeg\" \/>\n<meta name=\"author\" content=\"DATI\" \/>\n<meta name=\"twitter:card\" content=\"summary_large_image\" \/>\n<meta name=\"twitter:creator\" content=\"@FICAUNSL\" \/>\n<meta name=\"twitter:site\" content=\"@FICAUNSL\" \/>\n<meta name=\"twitter:label1\" content=\"Escrito por\" \/>\n\t<meta name=\"twitter:data1\" content=\"DATI\" \/>\n\t<meta name=\"twitter:label2\" content=\"Tiempo de lectura\" \/>\n\t<meta name=\"twitter:data2\" content=\"1 minuto\" \/>\n<script type=\"application\/ld+json\" class=\"yoast-schema-graph\">{\"@context\":\"https:\\\/\\\/schema.org\",\"@graph\":[{\"@type\":\"Article\",\"@id\":\"https:\\\/\\\/www.fica.unsl.edu.ar\\\/index.php\\\/maestria-en-control-de-convertidores-de-potencia-prorroga-de-inicio-de-actividades-academicas\\\/#article\",\"isPartOf\":{\"@id\":\"https:\\\/\\\/www.fica.unsl.edu.ar\\\/index.php\\\/maestria-en-control-de-convertidores-de-potencia-prorroga-de-inicio-de-actividades-academicas\\\/\"},\"author\":{\"name\":\"DATI\",\"@id\":\"https:\\\/\\\/www.fica.unsl.edu.ar\\\/#\\\/schema\\\/person\\\/6058f9c66301868d3a691b1f5d6c3544\"},\"headline\":\"Maestr\u00eda en Control de Convertidores de Potencia: Pr\u00f3rroga de inicio de actividades acad\u00e9micas\",\"datePublished\":\"2021-05-24T23:00:07+00:00\",\"dateModified\":\"2021-06-04T13:03:18+00:00\",\"mainEntityOfPage\":{\"@id\":\"https:\\\/\\\/www.fica.unsl.edu.ar\\\/index.php\\\/maestria-en-control-de-convertidores-de-potencia-prorroga-de-inicio-de-actividades-academicas\\\/\"},\"wordCount\":125,\"publisher\":{\"@id\":\"https:\\\/\\\/www.fica.unsl.edu.ar\\\/#organization\"},\"image\":{\"@id\":\"https:\\\/\\\/www.fica.unsl.edu.ar\\\/index.php\\\/maestria-en-control-de-convertidores-de-potencia-prorroga-de-inicio-de-actividades-academicas\\\/#primaryimage\"},\"thumbnailUrl\":\"https:\\\/\\\/www.fica.unsl.edu.ar\\\/wp-content\\\/uploads\\\/2021\\\/03\\\/Exterior-Dipticoimagen-maestria-scaled-1.jpg\",\"articleSection\":[\"Noticias\"],\"inLanguage\":\"es-AR\"},{\"@type\":\"WebPage\",\"@id\":\"https:\\\/\\\/www.fica.unsl.edu.ar\\\/index.php\\\/maestria-en-control-de-convertidores-de-potencia-prorroga-de-inicio-de-actividades-academicas\\\/\",\"url\":\"https:\\\/\\\/www.fica.unsl.edu.ar\\\/index.php\\\/maestria-en-control-de-convertidores-de-potencia-prorroga-de-inicio-de-actividades-academicas\\\/\",\"name\":\"Maestr\u00eda en Control de Convertidores de Potencia: Pr\u00f3rroga de inicio de actividades acad\u00e9micas - Facultad de Ingenier\u00eda y Ciencias Agropecuarias\",\"isPartOf\":{\"@id\":\"https:\\\/\\\/www.fica.unsl.edu.ar\\\/#website\"},\"primaryImageOfPage\":{\"@id\":\"https:\\\/\\\/www.fica.unsl.edu.ar\\\/index.php\\\/maestria-en-control-de-convertidores-de-potencia-prorroga-de-inicio-de-actividades-academicas\\\/#primaryimage\"},\"image\":{\"@id\":\"https:\\\/\\\/www.fica.unsl.edu.ar\\\/index.php\\\/maestria-en-control-de-convertidores-de-potencia-prorroga-de-inicio-de-actividades-academicas\\\/#primaryimage\"},\"thumbnailUrl\":\"https:\\\/\\\/www.fica.unsl.edu.ar\\\/wp-content\\\/uploads\\\/2021\\\/03\\\/Exterior-Dipticoimagen-maestria-scaled-1.jpg\",\"datePublished\":\"2021-05-24T23:00:07+00:00\",\"dateModified\":\"2021-06-04T13:03:18+00:00\",\"inLanguage\":\"es-AR\",\"potentialAction\":[{\"@type\":\"ReadAction\",\"target\":[\"https:\\\/\\\/www.fica.unsl.edu.ar\\\/index.php\\\/maestria-en-control-de-convertidores-de-potencia-prorroga-de-inicio-de-actividades-academicas\\\/\"]}]},{\"@type\":\"ImageObject\",\"inLanguage\":\"es-AR\",\"@id\":\"https:\\\/\\\/www.fica.unsl.edu.ar\\\/index.php\\\/maestria-en-control-de-convertidores-de-potencia-prorroga-de-inicio-de-actividades-academicas\\\/#primaryimage\",\"url\":\"https:\\\/\\\/www.fica.unsl.edu.ar\\\/wp-content\\\/uploads\\\/2021\\\/03\\\/Exterior-Dipticoimagen-maestria-scaled-1.jpg\",\"contentUrl\":\"https:\\\/\\\/www.fica.unsl.edu.ar\\\/wp-content\\\/uploads\\\/2021\\\/03\\\/Exterior-Dipticoimagen-maestria-scaled-1.jpg\",\"width\":2560,\"height\":1797},{\"@type\":\"WebSite\",\"@id\":\"https:\\\/\\\/www.fica.unsl.edu.ar\\\/#website\",\"url\":\"https:\\\/\\\/www.fica.unsl.edu.ar\\\/\",\"name\":\"Facultad de Ingenier\u00eda y Ciencias Agropecuarias\",\"description\":\"\",\"publisher\":{\"@id\":\"https:\\\/\\\/www.fica.unsl.edu.ar\\\/#organization\"},\"potentialAction\":[{\"@type\":\"SearchAction\",\"target\":{\"@type\":\"EntryPoint\",\"urlTemplate\":\"https:\\\/\\\/www.fica.unsl.edu.ar\\\/?s={search_term_string}\"},\"query-input\":{\"@type\":\"PropertyValueSpecification\",\"valueRequired\":true,\"valueName\":\"search_term_string\"}}],\"inLanguage\":\"es-AR\"},{\"@type\":\"Organization\",\"@id\":\"https:\\\/\\\/www.fica.unsl.edu.ar\\\/#organization\",\"name\":\"Facultad de Ingenier\u00eda y Ciencias Agropecuarias\",\"url\":\"https:\\\/\\\/www.fica.unsl.edu.ar\\\/\",\"logo\":{\"@type\":\"ImageObject\",\"inLanguage\":\"es-AR\",\"@id\":\"https:\\\/\\\/www.fica.unsl.edu.ar\\\/#\\\/schema\\\/logo\\\/image\\\/\",\"url\":\"https:\\\/\\\/www.fica.unsl.edu.ar\\\/wp-content\\\/uploads\\\/2021\\\/03\\\/LOGO-1.jpg\",\"contentUrl\":\"https:\\\/\\\/www.fica.unsl.edu.ar\\\/wp-content\\\/uploads\\\/2021\\\/03\\\/LOGO-1.jpg\",\"width\":463,\"height\":145,\"caption\":\"Facultad de Ingenier\u00eda y Ciencias Agropecuarias\"},\"image\":{\"@id\":\"https:\\\/\\\/www.fica.unsl.edu.ar\\\/#\\\/schema\\\/logo\\\/image\\\/\"},\"sameAs\":[\"https:\\\/\\\/www.facebook.com\\\/FICA.UNSL\\\/\",\"https:\\\/\\\/x.com\\\/FICAUNSL\",\"https:\\\/\\\/www.instagram.com\\\/fica.unsl\\\/\",\"https:\\\/\\\/www.youtube.com\\\/channel\\\/UCs2MM53gb2PyBrMySdtWZDQ\"]},{\"@type\":\"Person\",\"@id\":\"https:\\\/\\\/www.fica.unsl.edu.ar\\\/#\\\/schema\\\/person\\\/6058f9c66301868d3a691b1f5d6c3544\",\"name\":\"DATI\"}]}<\/script>\n<!-- \/ Yoast SEO plugin. -->","yoast_head_json":{"title":"Maestr\u00eda en Control de Convertidores de Potencia: Pr\u00f3rroga de inicio de actividades acad\u00e9micas - Facultad de Ingenier\u00eda y Ciencias Agropecuarias","robots":{"index":"index","follow":"follow","max-snippet":"max-snippet:-1","max-image-preview":"max-image-preview:large","max-video-preview":"max-video-preview:-1"},"canonical":"https:\/\/www.fica.unsl.edu.ar\/index.php\/maestria-en-control-de-convertidores-de-potencia-prorroga-de-inicio-de-actividades-academicas\/","og_locale":"es_ES","og_type":"article","og_title":"Maestr\u00eda en Control de Convertidores de Potencia: Pr\u00f3rroga de inicio de actividades acad\u00e9micas - Facultad de Ingenier\u00eda y Ciencias Agropecuarias","og_description":"Se informa a la comunidad universitaria y a todos los profesionales interesados que, en virtud de las medidas adoptadas por los gobiernos nacional y provincial&hellip;","og_url":"https:\/\/www.fica.unsl.edu.ar\/index.php\/maestria-en-control-de-convertidores-de-potencia-prorroga-de-inicio-de-actividades-academicas\/","og_site_name":"Facultad de Ingenier\u00eda y Ciencias Agropecuarias","article_publisher":"https:\/\/www.facebook.com\/FICA.UNSL\/","article_published_time":"2021-05-24T23:00:07+00:00","article_modified_time":"2021-06-04T13:03:18+00:00","og_image":[{"width":2560,"height":1797,"url":"https:\/\/www.fica.unsl.edu.ar\/wp-content\/uploads\/2021\/03\/Exterior-Dipticoimagen-maestria-scaled-1.jpg","type":"image\/jpeg"}],"author":"DATI","twitter_card":"summary_large_image","twitter_creator":"@FICAUNSL","twitter_site":"@FICAUNSL","twitter_misc":{"Escrito por":"DATI","Tiempo de lectura":"1 minuto"},"schema":{"@context":"https:\/\/schema.org","@graph":[{"@type":"Article","@id":"https:\/\/www.fica.unsl.edu.ar\/index.php\/maestria-en-control-de-convertidores-de-potencia-prorroga-de-inicio-de-actividades-academicas\/#article","isPartOf":{"@id":"https:\/\/www.fica.unsl.edu.ar\/index.php\/maestria-en-control-de-convertidores-de-potencia-prorroga-de-inicio-de-actividades-academicas\/"},"author":{"name":"DATI","@id":"https:\/\/www.fica.unsl.edu.ar\/#\/schema\/person\/6058f9c66301868d3a691b1f5d6c3544"},"headline":"Maestr\u00eda en Control de Convertidores de Potencia: Pr\u00f3rroga de inicio de actividades acad\u00e9micas","datePublished":"2021-05-24T23:00:07+00:00","dateModified":"2021-06-04T13:03:18+00:00","mainEntityOfPage":{"@id":"https:\/\/www.fica.unsl.edu.ar\/index.php\/maestria-en-control-de-convertidores-de-potencia-prorroga-de-inicio-de-actividades-academicas\/"},"wordCount":125,"publisher":{"@id":"https:\/\/www.fica.unsl.edu.ar\/#organization"},"image":{"@id":"https:\/\/www.fica.unsl.edu.ar\/index.php\/maestria-en-control-de-convertidores-de-potencia-prorroga-de-inicio-de-actividades-academicas\/#primaryimage"},"thumbnailUrl":"https:\/\/www.fica.unsl.edu.ar\/wp-content\/uploads\/2021\/03\/Exterior-Dipticoimagen-maestria-scaled-1.jpg","articleSection":["Noticias"],"inLanguage":"es-AR"},{"@type":"WebPage","@id":"https:\/\/www.fica.unsl.edu.ar\/index.php\/maestria-en-control-de-convertidores-de-potencia-prorroga-de-inicio-de-actividades-academicas\/","url":"https:\/\/www.fica.unsl.edu.ar\/index.php\/maestria-en-control-de-convertidores-de-potencia-prorroga-de-inicio-de-actividades-academicas\/","name":"Maestr\u00eda en Control de Convertidores de Potencia: Pr\u00f3rroga de inicio de actividades acad\u00e9micas - Facultad de Ingenier\u00eda y Ciencias Agropecuarias","isPartOf":{"@id":"https:\/\/www.fica.unsl.edu.ar\/#website"},"primaryImageOfPage":{"@id":"https:\/\/www.fica.unsl.edu.ar\/index.php\/maestria-en-control-de-convertidores-de-potencia-prorroga-de-inicio-de-actividades-academicas\/#primaryimage"},"image":{"@id":"https:\/\/www.fica.unsl.edu.ar\/index.php\/maestria-en-control-de-convertidores-de-potencia-prorroga-de-inicio-de-actividades-academicas\/#primaryimage"},"thumbnailUrl":"https:\/\/www.fica.unsl.edu.ar\/wp-content\/uploads\/2021\/03\/Exterior-Dipticoimagen-maestria-scaled-1.jpg","datePublished":"2021-05-24T23:00:07+00:00","dateModified":"2021-06-04T13:03:18+00:00","inLanguage":"es-AR","potentialAction":[{"@type":"ReadAction","target":["https:\/\/www.fica.unsl.edu.ar\/index.php\/maestria-en-control-de-convertidores-de-potencia-prorroga-de-inicio-de-actividades-academicas\/"]}]},{"@type":"ImageObject","inLanguage":"es-AR","@id":"https:\/\/www.fica.unsl.edu.ar\/index.php\/maestria-en-control-de-convertidores-de-potencia-prorroga-de-inicio-de-actividades-academicas\/#primaryimage","url":"https:\/\/www.fica.unsl.edu.ar\/wp-content\/uploads\/2021\/03\/Exterior-Dipticoimagen-maestria-scaled-1.jpg","contentUrl":"https:\/\/www.fica.unsl.edu.ar\/wp-content\/uploads\/2021\/03\/Exterior-Dipticoimagen-maestria-scaled-1.jpg","width":2560,"height":1797},{"@type":"WebSite","@id":"https:\/\/www.fica.unsl.edu.ar\/#website","url":"https:\/\/www.fica.unsl.edu.ar\/","name":"Facultad de Ingenier\u00eda y Ciencias Agropecuarias","description":"","publisher":{"@id":"https:\/\/www.fica.unsl.edu.ar\/#organization"},"potentialAction":[{"@type":"SearchAction","target":{"@type":"EntryPoint","urlTemplate":"https:\/\/www.fica.unsl.edu.ar\/?s={search_term_string}"},"query-input":{"@type":"PropertyValueSpecification","valueRequired":true,"valueName":"search_term_string"}}],"inLanguage":"es-AR"},{"@type":"Organization","@id":"https:\/\/www.fica.unsl.edu.ar\/#organization","name":"Facultad de Ingenier\u00eda y Ciencias Agropecuarias","url":"https:\/\/www.fica.unsl.edu.ar\/","logo":{"@type":"ImageObject","inLanguage":"es-AR","@id":"https:\/\/www.fica.unsl.edu.ar\/#\/schema\/logo\/image\/","url":"https:\/\/www.fica.unsl.edu.ar\/wp-content\/uploads\/2021\/03\/LOGO-1.jpg","contentUrl":"https:\/\/www.fica.unsl.edu.ar\/wp-content\/uploads\/2021\/03\/LOGO-1.jpg","width":463,"height":145,"caption":"Facultad de Ingenier\u00eda y Ciencias Agropecuarias"},"image":{"@id":"https:\/\/www.fica.unsl.edu.ar\/#\/schema\/logo\/image\/"},"sameAs":["https:\/\/www.facebook.com\/FICA.UNSL\/","https:\/\/x.com\/FICAUNSL","https:\/\/www.instagram.com\/fica.unsl\/","https:\/\/www.youtube.com\/channel\/UCs2MM53gb2PyBrMySdtWZDQ"]},{"@type":"Person","@id":"https:\/\/www.fica.unsl.edu.ar\/#\/schema\/person\/6058f9c66301868d3a691b1f5d6c3544","name":"DATI"}]}},"_links":{"self":[{"href":"https:\/\/www.fica.unsl.edu.ar\/index.php\/wp-json\/wp\/v2\/posts\/5051","targetHints":{"allow":["GET"]}}],"collection":[{"href":"https:\/\/www.fica.unsl.edu.ar\/index.php\/wp-json\/wp\/v2\/posts"}],"about":[{"href":"https:\/\/www.fica.unsl.edu.ar\/index.php\/wp-json\/wp\/v2\/types\/post"}],"author":[{"embeddable":true,"href":"https:\/\/www.fica.unsl.edu.ar\/index.php\/wp-json\/wp\/v2\/users\/9"}],"replies":[{"embeddable":true,"href":"https:\/\/www.fica.unsl.edu.ar\/index.php\/wp-json\/wp\/v2\/comments?post=5051"}],"version-history":[{"count":1,"href":"https:\/\/www.fica.unsl.edu.ar\/index.php\/wp-json\/wp\/v2\/posts\/5051\/revisions"}],"predecessor-version":[{"id":5052,"href":"https:\/\/www.fica.unsl.edu.ar\/index.php\/wp-json\/wp\/v2\/posts\/5051\/revisions\/5052"}],"wp:featuredmedia":[{"embeddable":true,"href":"https:\/\/www.fica.unsl.edu.ar\/index.php\/wp-json\/wp\/v2\/media\/3259"}],"wp:attachment":[{"href":"https:\/\/www.fica.unsl.edu.ar\/index.php\/wp-json\/wp\/v2\/media?parent=5051"}],"wp:term":[{"taxonomy":"category","embeddable":true,"href":"https:\/\/www.fica.unsl.edu.ar\/index.php\/wp-json\/wp\/v2\/categories?post=5051"},{"taxonomy":"post_tag","embeddable":true,"href":"https:\/\/www.fica.unsl.edu.ar\/index.php\/wp-json\/wp\/v2\/tags?post=5051"}],"curies":[{"name":"wp","href":"https:\/\/api.w.org\/{rel}","templated":true}]}}