{"id":5094,"date":"2021-05-31T13:06:15","date_gmt":"2021-05-31T16:06:15","guid":{"rendered":"http:\/\/10.101.10.196\/www\/?p=5094"},"modified":"2021-09-06T10:00:15","modified_gmt":"2021-09-06T13:00:15","slug":"suspenden-el-cronograma-electoral-por-el-contexto-actual-de-pandemia","status":"publish","type":"post","link":"https:\/\/www.fica.unsl.edu.ar\/index.php\/suspenden-el-cronograma-electoral-por-el-contexto-actual-de-pandemia\/","title":{"rendered":"Suspenden el Cronograma Electoral por el contexto actual de pandemia"},"content":{"rendered":"<p>Las elecciones para la renovaci\u00f3n de representantes estudiantiles y graduados\/as frente al Consejo Departamental, Directivo y Superior se realizar\u00eda los d\u00edas 9, 10 y 11 de agosto, con el compromiso de reunirse una semana antes de las fechas estipuladas para evaluar la factibilidad. Adem\u00e1s se prorrogaron los mandatos vigentes hasta el 17 de septiembre.<\/p>\n<p>El Consejo Superior, en su sesi\u00f3n extraordinaria virtual del d\u00eda 31 de mayo, constituido en Comisi\u00f3n y luego de analizar la situaci\u00f3n sanitaria imperante, decidi\u00f3 suspender el Cronograma Electoral desde el \u00edtem Oficializaci\u00f3n de Listas (18 de mayo del 2021), para las elecciones de renovaci\u00f3n de representantes estudiantiles y graduados\/as en \u00f3rganos de cogobierno de la Universidad.<\/p>\n<p>Adem\u00e1s se fijaron las nuevas fechas de elecciones para el 9 de agosto (Facultad de Psicolog\u00eda, Facultad de Ingenier\u00eda y Ciencias Agropecuarias y Facultad de Ciencias F\u00edsico, Matem\u00e1ticas y Naturales), 10 de agosto (Facultad de Ciencias Econ\u00f3micas, Jur\u00eddicas y Sociales, Facultad de Qu\u00edmica, Bioqu\u00edmica y Farmacia y Facultad de Ciencias Humanas) y 11 de agosto (Facultad de Ciencias de la Salud).<\/p>\n<p>Debido a las modificaciones, tambi\u00e9n se aprob\u00f3 la pr\u00f3rroga de los mandatos de las\/os consejeras\/os estudiantiles y delegados\/as graduados\/as hasta el 17 de septiembre.<\/p>\n<p>Se solicit\u00f3 adem\u00e1s a la Junta Electoral, que en funci\u00f3n de las fechas establecidas, ut supra, lleve a cabo la readecuaci\u00f3n del Cronograma Electoral.<\/p>\n<p>A fin de llevar a cabo un an\u00e1lisis detallado de la situaci\u00f3n vigente, se estableci\u00f3 el compromiso de reunirse una semana antes de las fechas de elecciones estipuladas para evaluar la factibilidad de las mismas.<\/p>\n<p>Fuente: Prensa Institucional de la UNSL<\/p>\n<p>&nbsp;<\/p>\n","protected":false},"excerpt":{"rendered":"<p>Las elecciones para la renovaci\u00f3n de representantes estudiantiles y graduados\/as frente al Consejo Departamental, Directivo y Superior se realizar\u00eda los d\u00edas 9, 10 y 11&hellip;<\/p>\n","protected":false},"author":9,"featured_media":5097,"comment_status":"closed","ping_status":"closed","sticky":false,"template":"","format":"standard","meta":{"_monsterinsights_skip_tracking":false,"_monsterinsights_sitenote_active":false,"_monsterinsights_sitenote_note":"","_monsterinsights_sitenote_category":0,"_joinchat":[],"footnotes":""},"categories":[22],"tags":[],"class_list":["post-5094","post","type-post","status-publish","format-standard","has-post-thumbnail","hentry","category-archivadas"],"yoast_head":"<!-- This site is optimized with the Yoast SEO plugin v27.4 - https:\/\/yoast.com\/product\/yoast-seo-wordpress\/ -->\n<title>Suspenden el Cronograma Electoral por el contexto actual de pandemia - Facultad de Ingenier\u00eda y Ciencias Agropecuarias<\/title>\n<meta name=\"robots\" content=\"index, follow, max-snippet:-1, max-image-preview:large, max-video-preview:-1\" \/>\n<link rel=\"canonical\" href=\"https:\/\/www.fica.unsl.edu.ar\/index.php\/suspenden-el-cronograma-electoral-por-el-contexto-actual-de-pandemia\/\" \/>\n<meta property=\"og:locale\" content=\"es_ES\" \/>\n<meta property=\"og:type\" content=\"article\" \/>\n<meta property=\"og:title\" content=\"Suspenden el Cronograma Electoral por el contexto actual de pandemia - Facultad de Ingenier\u00eda y Ciencias Agropecuarias\" \/>\n<meta property=\"og:description\" content=\"Las elecciones para la renovaci\u00f3n de representantes estudiantiles y graduados\/as frente al Consejo Departamental, Directivo y Superior se realizar\u00eda los d\u00edas 9, 10 y 11&hellip;\" \/>\n<meta property=\"og:url\" content=\"https:\/\/www.fica.unsl.edu.ar\/index.php\/suspenden-el-cronograma-electoral-por-el-contexto-actual-de-pandemia\/\" \/>\n<meta property=\"og:site_name\" content=\"Facultad de Ingenier\u00eda y Ciencias Agropecuarias\" \/>\n<meta property=\"article:publisher\" content=\"https:\/\/www.facebook.com\/FICA.UNSL\/\" \/>\n<meta property=\"article:published_time\" content=\"2021-05-31T16:06:15+00:00\" \/>\n<meta property=\"article:modified_time\" content=\"2021-09-06T13:00:15+00:00\" \/>\n<meta property=\"og:image\" content=\"https:\/\/www.fica.unsl.edu.ar\/wp-content\/uploads\/2021\/05\/REPROGRAMACION-.jpg\" \/>\n\t<meta property=\"og:image:width\" content=\"1060\" \/>\n\t<meta property=\"og:image:height\" content=\"599\" \/>\n\t<meta property=\"og:image:type\" content=\"image\/jpeg\" \/>\n<meta name=\"author\" content=\"DATI\" \/>\n<meta name=\"twitter:card\" content=\"summary_large_image\" \/>\n<meta name=\"twitter:creator\" content=\"@FICAUNSL\" \/>\n<meta name=\"twitter:site\" content=\"@FICAUNSL\" \/>\n<meta name=\"twitter:label1\" content=\"Escrito por\" \/>\n\t<meta name=\"twitter:data1\" content=\"DATI\" \/>\n\t<meta name=\"twitter:label2\" content=\"Tiempo de lectura\" \/>\n\t<meta name=\"twitter:data2\" content=\"2 minutos\" \/>\n<script type=\"application\/ld+json\" class=\"yoast-schema-graph\">{\"@context\":\"https:\\\/\\\/schema.org\",\"@graph\":[{\"@type\":\"Article\",\"@id\":\"https:\\\/\\\/www.fica.unsl.edu.ar\\\/index.php\\\/suspenden-el-cronograma-electoral-por-el-contexto-actual-de-pandemia\\\/#article\",\"isPartOf\":{\"@id\":\"https:\\\/\\\/www.fica.unsl.edu.ar\\\/index.php\\\/suspenden-el-cronograma-electoral-por-el-contexto-actual-de-pandemia\\\/\"},\"author\":{\"name\":\"DATI\",\"@id\":\"https:\\\/\\\/www.fica.unsl.edu.ar\\\/#\\\/schema\\\/person\\\/6058f9c66301868d3a691b1f5d6c3544\"},\"headline\":\"Suspenden el Cronograma Electoral por el contexto actual de pandemia\",\"datePublished\":\"2021-05-31T16:06:15+00:00\",\"dateModified\":\"2021-09-06T13:00:15+00:00\",\"mainEntityOfPage\":{\"@id\":\"https:\\\/\\\/www.fica.unsl.edu.ar\\\/index.php\\\/suspenden-el-cronograma-electoral-por-el-contexto-actual-de-pandemia\\\/\"},\"wordCount\":293,\"publisher\":{\"@id\":\"https:\\\/\\\/www.fica.unsl.edu.ar\\\/#organization\"},\"image\":{\"@id\":\"https:\\\/\\\/www.fica.unsl.edu.ar\\\/index.php\\\/suspenden-el-cronograma-electoral-por-el-contexto-actual-de-pandemia\\\/#primaryimage\"},\"thumbnailUrl\":\"https:\\\/\\\/www.fica.unsl.edu.ar\\\/wp-content\\\/uploads\\\/2021\\\/05\\\/REPROGRAMACION-.jpg\",\"articleSection\":[\"Archivadas\"],\"inLanguage\":\"es-AR\"},{\"@type\":\"WebPage\",\"@id\":\"https:\\\/\\\/www.fica.unsl.edu.ar\\\/index.php\\\/suspenden-el-cronograma-electoral-por-el-contexto-actual-de-pandemia\\\/\",\"url\":\"https:\\\/\\\/www.fica.unsl.edu.ar\\\/index.php\\\/suspenden-el-cronograma-electoral-por-el-contexto-actual-de-pandemia\\\/\",\"name\":\"Suspenden el Cronograma Electoral por el contexto actual de pandemia - Facultad de Ingenier\u00eda y Ciencias Agropecuarias\",\"isPartOf\":{\"@id\":\"https:\\\/\\\/www.fica.unsl.edu.ar\\\/#website\"},\"primaryImageOfPage\":{\"@id\":\"https:\\\/\\\/www.fica.unsl.edu.ar\\\/index.php\\\/suspenden-el-cronograma-electoral-por-el-contexto-actual-de-pandemia\\\/#primaryimage\"},\"image\":{\"@id\":\"https:\\\/\\\/www.fica.unsl.edu.ar\\\/index.php\\\/suspenden-el-cronograma-electoral-por-el-contexto-actual-de-pandemia\\\/#primaryimage\"},\"thumbnailUrl\":\"https:\\\/\\\/www.fica.unsl.edu.ar\\\/wp-content\\\/uploads\\\/2021\\\/05\\\/REPROGRAMACION-.jpg\",\"datePublished\":\"2021-05-31T16:06:15+00:00\",\"dateModified\":\"2021-09-06T13:00:15+00:00\",\"inLanguage\":\"es-AR\",\"potentialAction\":[{\"@type\":\"ReadAction\",\"target\":[\"https:\\\/\\\/www.fica.unsl.edu.ar\\\/index.php\\\/suspenden-el-cronograma-electoral-por-el-contexto-actual-de-pandemia\\\/\"]}]},{\"@type\":\"ImageObject\",\"inLanguage\":\"es-AR\",\"@id\":\"https:\\\/\\\/www.fica.unsl.edu.ar\\\/index.php\\\/suspenden-el-cronograma-electoral-por-el-contexto-actual-de-pandemia\\\/#primaryimage\",\"url\":\"https:\\\/\\\/www.fica.unsl.edu.ar\\\/wp-content\\\/uploads\\\/2021\\\/05\\\/REPROGRAMACION-.jpg\",\"contentUrl\":\"https:\\\/\\\/www.fica.unsl.edu.ar\\\/wp-content\\\/uploads\\\/2021\\\/05\\\/REPROGRAMACION-.jpg\",\"width\":1060,\"height\":599},{\"@type\":\"WebSite\",\"@id\":\"https:\\\/\\\/www.fica.unsl.edu.ar\\\/#website\",\"url\":\"https:\\\/\\\/www.fica.unsl.edu.ar\\\/\",\"name\":\"Facultad de Ingenier\u00eda y Ciencias Agropecuarias\",\"description\":\"\",\"publisher\":{\"@id\":\"https:\\\/\\\/www.fica.unsl.edu.ar\\\/#organization\"},\"potentialAction\":[{\"@type\":\"SearchAction\",\"target\":{\"@type\":\"EntryPoint\",\"urlTemplate\":\"https:\\\/\\\/www.fica.unsl.edu.ar\\\/?s={search_term_string}\"},\"query-input\":{\"@type\":\"PropertyValueSpecification\",\"valueRequired\":true,\"valueName\":\"search_term_string\"}}],\"inLanguage\":\"es-AR\"},{\"@type\":\"Organization\",\"@id\":\"https:\\\/\\\/www.fica.unsl.edu.ar\\\/#organization\",\"name\":\"Facultad de Ingenier\u00eda y Ciencias Agropecuarias\",\"url\":\"https:\\\/\\\/www.fica.unsl.edu.ar\\\/\",\"logo\":{\"@type\":\"ImageObject\",\"inLanguage\":\"es-AR\",\"@id\":\"https:\\\/\\\/www.fica.unsl.edu.ar\\\/#\\\/schema\\\/logo\\\/image\\\/\",\"url\":\"https:\\\/\\\/www.fica.unsl.edu.ar\\\/wp-content\\\/uploads\\\/2021\\\/03\\\/LOGO-1.jpg\",\"contentUrl\":\"https:\\\/\\\/www.fica.unsl.edu.ar\\\/wp-content\\\/uploads\\\/2021\\\/03\\\/LOGO-1.jpg\",\"width\":463,\"height\":145,\"caption\":\"Facultad de Ingenier\u00eda y Ciencias Agropecuarias\"},\"image\":{\"@id\":\"https:\\\/\\\/www.fica.unsl.edu.ar\\\/#\\\/schema\\\/logo\\\/image\\\/\"},\"sameAs\":[\"https:\\\/\\\/www.facebook.com\\\/FICA.UNSL\\\/\",\"https:\\\/\\\/x.com\\\/FICAUNSL\",\"https:\\\/\\\/www.instagram.com\\\/fica.unsl\\\/\",\"https:\\\/\\\/www.youtube.com\\\/channel\\\/UCs2MM53gb2PyBrMySdtWZDQ\"]},{\"@type\":\"Person\",\"@id\":\"https:\\\/\\\/www.fica.unsl.edu.ar\\\/#\\\/schema\\\/person\\\/6058f9c66301868d3a691b1f5d6c3544\",\"name\":\"DATI\"}]}<\/script>\n<!-- \/ Yoast SEO plugin. -->","yoast_head_json":{"title":"Suspenden el Cronograma Electoral por el contexto actual de pandemia - Facultad de Ingenier\u00eda y Ciencias Agropecuarias","robots":{"index":"index","follow":"follow","max-snippet":"max-snippet:-1","max-image-preview":"max-image-preview:large","max-video-preview":"max-video-preview:-1"},"canonical":"https:\/\/www.fica.unsl.edu.ar\/index.php\/suspenden-el-cronograma-electoral-por-el-contexto-actual-de-pandemia\/","og_locale":"es_ES","og_type":"article","og_title":"Suspenden el Cronograma Electoral por el contexto actual de pandemia - Facultad de Ingenier\u00eda y Ciencias Agropecuarias","og_description":"Las elecciones para la renovaci\u00f3n de representantes estudiantiles y graduados\/as frente al Consejo Departamental, Directivo y Superior se realizar\u00eda los d\u00edas 9, 10 y 11&hellip;","og_url":"https:\/\/www.fica.unsl.edu.ar\/index.php\/suspenden-el-cronograma-electoral-por-el-contexto-actual-de-pandemia\/","og_site_name":"Facultad de Ingenier\u00eda y Ciencias Agropecuarias","article_publisher":"https:\/\/www.facebook.com\/FICA.UNSL\/","article_published_time":"2021-05-31T16:06:15+00:00","article_modified_time":"2021-09-06T13:00:15+00:00","og_image":[{"width":1060,"height":599,"url":"https:\/\/www.fica.unsl.edu.ar\/wp-content\/uploads\/2021\/05\/REPROGRAMACION-.jpg","type":"image\/jpeg"}],"author":"DATI","twitter_card":"summary_large_image","twitter_creator":"@FICAUNSL","twitter_site":"@FICAUNSL","twitter_misc":{"Escrito por":"DATI","Tiempo de lectura":"2 minutos"},"schema":{"@context":"https:\/\/schema.org","@graph":[{"@type":"Article","@id":"https:\/\/www.fica.unsl.edu.ar\/index.php\/suspenden-el-cronograma-electoral-por-el-contexto-actual-de-pandemia\/#article","isPartOf":{"@id":"https:\/\/www.fica.unsl.edu.ar\/index.php\/suspenden-el-cronograma-electoral-por-el-contexto-actual-de-pandemia\/"},"author":{"name":"DATI","@id":"https:\/\/www.fica.unsl.edu.ar\/#\/schema\/person\/6058f9c66301868d3a691b1f5d6c3544"},"headline":"Suspenden el Cronograma Electoral por el contexto actual de pandemia","datePublished":"2021-05-31T16:06:15+00:00","dateModified":"2021-09-06T13:00:15+00:00","mainEntityOfPage":{"@id":"https:\/\/www.fica.unsl.edu.ar\/index.php\/suspenden-el-cronograma-electoral-por-el-contexto-actual-de-pandemia\/"},"wordCount":293,"publisher":{"@id":"https:\/\/www.fica.unsl.edu.ar\/#organization"},"image":{"@id":"https:\/\/www.fica.unsl.edu.ar\/index.php\/suspenden-el-cronograma-electoral-por-el-contexto-actual-de-pandemia\/#primaryimage"},"thumbnailUrl":"https:\/\/www.fica.unsl.edu.ar\/wp-content\/uploads\/2021\/05\/REPROGRAMACION-.jpg","articleSection":["Archivadas"],"inLanguage":"es-AR"},{"@type":"WebPage","@id":"https:\/\/www.fica.unsl.edu.ar\/index.php\/suspenden-el-cronograma-electoral-por-el-contexto-actual-de-pandemia\/","url":"https:\/\/www.fica.unsl.edu.ar\/index.php\/suspenden-el-cronograma-electoral-por-el-contexto-actual-de-pandemia\/","name":"Suspenden el Cronograma Electoral por el contexto actual de pandemia - Facultad de Ingenier\u00eda y Ciencias Agropecuarias","isPartOf":{"@id":"https:\/\/www.fica.unsl.edu.ar\/#website"},"primaryImageOfPage":{"@id":"https:\/\/www.fica.unsl.edu.ar\/index.php\/suspenden-el-cronograma-electoral-por-el-contexto-actual-de-pandemia\/#primaryimage"},"image":{"@id":"https:\/\/www.fica.unsl.edu.ar\/index.php\/suspenden-el-cronograma-electoral-por-el-contexto-actual-de-pandemia\/#primaryimage"},"thumbnailUrl":"https:\/\/www.fica.unsl.edu.ar\/wp-content\/uploads\/2021\/05\/REPROGRAMACION-.jpg","datePublished":"2021-05-31T16:06:15+00:00","dateModified":"2021-09-06T13:00:15+00:00","inLanguage":"es-AR","potentialAction":[{"@type":"ReadAction","target":["https:\/\/www.fica.unsl.edu.ar\/index.php\/suspenden-el-cronograma-electoral-por-el-contexto-actual-de-pandemia\/"]}]},{"@type":"ImageObject","inLanguage":"es-AR","@id":"https:\/\/www.fica.unsl.edu.ar\/index.php\/suspenden-el-cronograma-electoral-por-el-contexto-actual-de-pandemia\/#primaryimage","url":"https:\/\/www.fica.unsl.edu.ar\/wp-content\/uploads\/2021\/05\/REPROGRAMACION-.jpg","contentUrl":"https:\/\/www.fica.unsl.edu.ar\/wp-content\/uploads\/2021\/05\/REPROGRAMACION-.jpg","width":1060,"height":599},{"@type":"WebSite","@id":"https:\/\/www.fica.unsl.edu.ar\/#website","url":"https:\/\/www.fica.unsl.edu.ar\/","name":"Facultad de Ingenier\u00eda y Ciencias Agropecuarias","description":"","publisher":{"@id":"https:\/\/www.fica.unsl.edu.ar\/#organization"},"potentialAction":[{"@type":"SearchAction","target":{"@type":"EntryPoint","urlTemplate":"https:\/\/www.fica.unsl.edu.ar\/?s={search_term_string}"},"query-input":{"@type":"PropertyValueSpecification","valueRequired":true,"valueName":"search_term_string"}}],"inLanguage":"es-AR"},{"@type":"Organization","@id":"https:\/\/www.fica.unsl.edu.ar\/#organization","name":"Facultad de Ingenier\u00eda y Ciencias Agropecuarias","url":"https:\/\/www.fica.unsl.edu.ar\/","logo":{"@type":"ImageObject","inLanguage":"es-AR","@id":"https:\/\/www.fica.unsl.edu.ar\/#\/schema\/logo\/image\/","url":"https:\/\/www.fica.unsl.edu.ar\/wp-content\/uploads\/2021\/03\/LOGO-1.jpg","contentUrl":"https:\/\/www.fica.unsl.edu.ar\/wp-content\/uploads\/2021\/03\/LOGO-1.jpg","width":463,"height":145,"caption":"Facultad de Ingenier\u00eda y Ciencias Agropecuarias"},"image":{"@id":"https:\/\/www.fica.unsl.edu.ar\/#\/schema\/logo\/image\/"},"sameAs":["https:\/\/www.facebook.com\/FICA.UNSL\/","https:\/\/x.com\/FICAUNSL","https:\/\/www.instagram.com\/fica.unsl\/","https:\/\/www.youtube.com\/channel\/UCs2MM53gb2PyBrMySdtWZDQ"]},{"@type":"Person","@id":"https:\/\/www.fica.unsl.edu.ar\/#\/schema\/person\/6058f9c66301868d3a691b1f5d6c3544","name":"DATI"}]}},"_links":{"self":[{"href":"https:\/\/www.fica.unsl.edu.ar\/index.php\/wp-json\/wp\/v2\/posts\/5094","targetHints":{"allow":["GET"]}}],"collection":[{"href":"https:\/\/www.fica.unsl.edu.ar\/index.php\/wp-json\/wp\/v2\/posts"}],"about":[{"href":"https:\/\/www.fica.unsl.edu.ar\/index.php\/wp-json\/wp\/v2\/types\/post"}],"author":[{"embeddable":true,"href":"https:\/\/www.fica.unsl.edu.ar\/index.php\/wp-json\/wp\/v2\/users\/9"}],"replies":[{"embeddable":true,"href":"https:\/\/www.fica.unsl.edu.ar\/index.php\/wp-json\/wp\/v2\/comments?post=5094"}],"version-history":[{"count":1,"href":"https:\/\/www.fica.unsl.edu.ar\/index.php\/wp-json\/wp\/v2\/posts\/5094\/revisions"}],"predecessor-version":[{"id":5096,"href":"https:\/\/www.fica.unsl.edu.ar\/index.php\/wp-json\/wp\/v2\/posts\/5094\/revisions\/5096"}],"wp:featuredmedia":[{"embeddable":true,"href":"https:\/\/www.fica.unsl.edu.ar\/index.php\/wp-json\/wp\/v2\/media\/5097"}],"wp:attachment":[{"href":"https:\/\/www.fica.unsl.edu.ar\/index.php\/wp-json\/wp\/v2\/media?parent=5094"}],"wp:term":[{"taxonomy":"category","embeddable":true,"href":"https:\/\/www.fica.unsl.edu.ar\/index.php\/wp-json\/wp\/v2\/categories?post=5094"},{"taxonomy":"post_tag","embeddable":true,"href":"https:\/\/www.fica.unsl.edu.ar\/index.php\/wp-json\/wp\/v2\/tags?post=5094"}],"curies":[{"name":"wp","href":"https:\/\/api.w.org\/{rel}","templated":true}]}}