{"id":5156,"date":"2021-06-05T09:41:52","date_gmt":"2021-06-05T12:41:52","guid":{"rendered":"http:\/\/10.101.10.196\/www\/?p=5156"},"modified":"2021-06-07T09:29:46","modified_gmt":"2021-06-07T12:29:46","slug":"6-de-junio-dia-de-la-ingenieria-argentina","status":"publish","type":"post","link":"https:\/\/www.fica.unsl.edu.ar\/index.php\/6-de-junio-dia-de-la-ingenieria-argentina\/","title":{"rendered":"6 de junio: d\u00eda de la Ingenier\u00eda Argentina"},"content":{"rendered":"<p>El d\u00eda 6 de junio se celebra en el pa\u00eds el &#8220;D\u00eda de la Ingenier\u00eda&#8221; al conmemorarse la fecha de graduaci\u00f3n del primer ingeniero formado en una Universidad Argentina, Luis A. Huergo, el 6 de junio de 1870. El Decano, Mag. Sergio Ribotta, el Vicedecano, Ing. Waldo Sanjurjo y Equipo de Gesti\u00f3n hacen llegar sus sinceros saludos a todos los profesionales de la Ingenier\u00eda y en especial a quienes se desempe\u00f1an en la Facultad de Ingenier\u00eda y Ciencias Agropecuarias.<\/p>\n<p>El Ing. Huergo tuvo una labor destacada realizando importantes proyectos de ingenier\u00eda vinculados a la consolidaci\u00f3n de la Argentina como naci\u00f3n, la canalizaci\u00f3n de los r\u00edos Tercero, Cuarto y Quinto para aumentar el caudal del Salado, el ferrocarril Pac\u00edfico de Buenos Aires a Villa Mercedes (un tramo), y el puerto de San Fernando con un dique de carena que fue el primero construido en el pa\u00eds. En 1876 fue nombrado director de las Obras del Riachuelo donde construy\u00f3 un puerto para barcos de gran calado.<\/p>\n<p>Adem\u00e1s, prest\u00f3 atenci\u00f3n especial al desarrollo de una ingenier\u00eda que facilitara la navegaci\u00f3n interior del pa\u00eds. De hecho, su tesis universitaria hab\u00eda sido sobre V\u00edas de comunicaci\u00f3n. \u200b En esa direcci\u00f3n realiz\u00f3 los estudios que se utilizaron para canalizar el r\u00edo Bermejo, dise\u00f1\u00f3 un canal de navegaci\u00f3n de C\u00f3rdoba al r\u00edo Paran\u00e1, y realiz\u00f3 las obras portuarias de la ciudad de Asunci\u00f3n, Paraguay. Tambi\u00e9n duplic\u00f3 la capacidad del embalse del Dique San Roque, realiz\u00f3 obras de modernizaci\u00f3n de la ciudad de C\u00f3rdoba, y realiz\u00f3 dise\u00f1os para la explotaci\u00f3n de la cuenca hullera y carbon\u00edfera de Mendoza, en especial de Salagasta, y el Dock Sud del Riachuelo.<\/p>\n<p>En 1900, dirigi\u00f3 t\u00e9cnicamente la obra de construcci\u00f3n del frigor\u00edfico, puerto y playa de maniobras ferroviarias de la Compa\u00f1\u00eda Sansinena de Carnes Congeladas en Cuatreros (Hoy ciudad de General Daniel Cerri).<\/p>\n<p>Tambi\u00e9n realiz\u00f3 tareas docentes y fue diputado y senador provincial, y ministro de Obras P\u00fablicas de la provincia de Buenos Aires.<\/p>\n","protected":false},"excerpt":{"rendered":"<p>El d\u00eda 6 de junio se celebra en el pa\u00eds el &#8220;D\u00eda de la Ingenier\u00eda&#8221; al conmemorarse la fecha de graduaci\u00f3n del primer ingeniero formado&hellip;<\/p>\n","protected":false},"author":9,"featured_media":5157,"comment_status":"closed","ping_status":"closed","sticky":false,"template":"","format":"standard","meta":{"_monsterinsights_skip_tracking":false,"_monsterinsights_sitenote_active":false,"_monsterinsights_sitenote_note":"","_monsterinsights_sitenote_category":0,"_joinchat":[],"footnotes":""},"categories":[22],"tags":[],"class_list":["post-5156","post","type-post","status-publish","format-standard","has-post-thumbnail","hentry","category-archivadas"],"yoast_head":"<!-- This site is optimized with the Yoast SEO plugin v27.4 - https:\/\/yoast.com\/product\/yoast-seo-wordpress\/ -->\n<title>6 de junio: d\u00eda de la Ingenier\u00eda Argentina - Facultad de Ingenier\u00eda y Ciencias Agropecuarias<\/title>\n<meta name=\"robots\" content=\"index, follow, max-snippet:-1, max-image-preview:large, max-video-preview:-1\" \/>\n<link rel=\"canonical\" href=\"https:\/\/www.fica.unsl.edu.ar\/index.php\/6-de-junio-dia-de-la-ingenieria-argentina\/\" \/>\n<meta property=\"og:locale\" content=\"es_ES\" \/>\n<meta property=\"og:type\" content=\"article\" \/>\n<meta property=\"og:title\" content=\"6 de junio: d\u00eda de la Ingenier\u00eda Argentina - Facultad de Ingenier\u00eda y Ciencias Agropecuarias\" \/>\n<meta property=\"og:description\" content=\"El d\u00eda 6 de junio se celebra en el pa\u00eds el &#8220;D\u00eda de la Ingenier\u00eda&#8221; al conmemorarse la fecha de graduaci\u00f3n del primer ingeniero formado&hellip;\" \/>\n<meta property=\"og:url\" content=\"https:\/\/www.fica.unsl.edu.ar\/index.php\/6-de-junio-dia-de-la-ingenieria-argentina\/\" \/>\n<meta property=\"og:site_name\" content=\"Facultad de Ingenier\u00eda y Ciencias Agropecuarias\" \/>\n<meta property=\"article:publisher\" content=\"https:\/\/www.facebook.com\/FICA.UNSL\/\" \/>\n<meta property=\"article:published_time\" content=\"2021-06-05T12:41:52+00:00\" \/>\n<meta property=\"article:modified_time\" content=\"2021-06-07T12:29:46+00:00\" \/>\n<meta property=\"og:image\" content=\"https:\/\/www.fica.unsl.edu.ar\/wp-content\/uploads\/2021\/06\/fica-6dejunio-02.jpg\" \/>\n\t<meta property=\"og:image:width\" content=\"1020\" \/>\n\t<meta property=\"og:image:height\" content=\"600\" \/>\n\t<meta property=\"og:image:type\" content=\"image\/jpeg\" \/>\n<meta name=\"author\" content=\"DATI\" \/>\n<meta name=\"twitter:card\" content=\"summary_large_image\" \/>\n<meta name=\"twitter:creator\" content=\"@FICAUNSL\" \/>\n<meta name=\"twitter:site\" content=\"@FICAUNSL\" \/>\n<meta name=\"twitter:label1\" content=\"Escrito por\" \/>\n\t<meta name=\"twitter:data1\" content=\"DATI\" \/>\n\t<meta name=\"twitter:label2\" content=\"Tiempo de lectura\" \/>\n\t<meta name=\"twitter:data2\" content=\"2 minutos\" \/>\n<script type=\"application\/ld+json\" class=\"yoast-schema-graph\">{\"@context\":\"https:\\\/\\\/schema.org\",\"@graph\":[{\"@type\":\"Article\",\"@id\":\"https:\\\/\\\/www.fica.unsl.edu.ar\\\/index.php\\\/6-de-junio-dia-de-la-ingenieria-argentina\\\/#article\",\"isPartOf\":{\"@id\":\"https:\\\/\\\/www.fica.unsl.edu.ar\\\/index.php\\\/6-de-junio-dia-de-la-ingenieria-argentina\\\/\"},\"author\":{\"name\":\"DATI\",\"@id\":\"https:\\\/\\\/www.fica.unsl.edu.ar\\\/#\\\/schema\\\/person\\\/6058f9c66301868d3a691b1f5d6c3544\"},\"headline\":\"6 de junio: d\u00eda de la Ingenier\u00eda Argentina\",\"datePublished\":\"2021-06-05T12:41:52+00:00\",\"dateModified\":\"2021-06-07T12:29:46+00:00\",\"mainEntityOfPage\":{\"@id\":\"https:\\\/\\\/www.fica.unsl.edu.ar\\\/index.php\\\/6-de-junio-dia-de-la-ingenieria-argentina\\\/\"},\"wordCount\":367,\"publisher\":{\"@id\":\"https:\\\/\\\/www.fica.unsl.edu.ar\\\/#organization\"},\"image\":{\"@id\":\"https:\\\/\\\/www.fica.unsl.edu.ar\\\/index.php\\\/6-de-junio-dia-de-la-ingenieria-argentina\\\/#primaryimage\"},\"thumbnailUrl\":\"https:\\\/\\\/www.fica.unsl.edu.ar\\\/wp-content\\\/uploads\\\/2021\\\/06\\\/fica-6dejunio-02.jpg\",\"articleSection\":[\"Archivadas\"],\"inLanguage\":\"es-AR\"},{\"@type\":\"WebPage\",\"@id\":\"https:\\\/\\\/www.fica.unsl.edu.ar\\\/index.php\\\/6-de-junio-dia-de-la-ingenieria-argentina\\\/\",\"url\":\"https:\\\/\\\/www.fica.unsl.edu.ar\\\/index.php\\\/6-de-junio-dia-de-la-ingenieria-argentina\\\/\",\"name\":\"6 de junio: d\u00eda de la Ingenier\u00eda Argentina - Facultad de Ingenier\u00eda y Ciencias Agropecuarias\",\"isPartOf\":{\"@id\":\"https:\\\/\\\/www.fica.unsl.edu.ar\\\/#website\"},\"primaryImageOfPage\":{\"@id\":\"https:\\\/\\\/www.fica.unsl.edu.ar\\\/index.php\\\/6-de-junio-dia-de-la-ingenieria-argentina\\\/#primaryimage\"},\"image\":{\"@id\":\"https:\\\/\\\/www.fica.unsl.edu.ar\\\/index.php\\\/6-de-junio-dia-de-la-ingenieria-argentina\\\/#primaryimage\"},\"thumbnailUrl\":\"https:\\\/\\\/www.fica.unsl.edu.ar\\\/wp-content\\\/uploads\\\/2021\\\/06\\\/fica-6dejunio-02.jpg\",\"datePublished\":\"2021-06-05T12:41:52+00:00\",\"dateModified\":\"2021-06-07T12:29:46+00:00\",\"inLanguage\":\"es-AR\",\"potentialAction\":[{\"@type\":\"ReadAction\",\"target\":[\"https:\\\/\\\/www.fica.unsl.edu.ar\\\/index.php\\\/6-de-junio-dia-de-la-ingenieria-argentina\\\/\"]}]},{\"@type\":\"ImageObject\",\"inLanguage\":\"es-AR\",\"@id\":\"https:\\\/\\\/www.fica.unsl.edu.ar\\\/index.php\\\/6-de-junio-dia-de-la-ingenieria-argentina\\\/#primaryimage\",\"url\":\"https:\\\/\\\/www.fica.unsl.edu.ar\\\/wp-content\\\/uploads\\\/2021\\\/06\\\/fica-6dejunio-02.jpg\",\"contentUrl\":\"https:\\\/\\\/www.fica.unsl.edu.ar\\\/wp-content\\\/uploads\\\/2021\\\/06\\\/fica-6dejunio-02.jpg\",\"width\":1020,\"height\":600},{\"@type\":\"WebSite\",\"@id\":\"https:\\\/\\\/www.fica.unsl.edu.ar\\\/#website\",\"url\":\"https:\\\/\\\/www.fica.unsl.edu.ar\\\/\",\"name\":\"Facultad de Ingenier\u00eda y Ciencias Agropecuarias\",\"description\":\"\",\"publisher\":{\"@id\":\"https:\\\/\\\/www.fica.unsl.edu.ar\\\/#organization\"},\"potentialAction\":[{\"@type\":\"SearchAction\",\"target\":{\"@type\":\"EntryPoint\",\"urlTemplate\":\"https:\\\/\\\/www.fica.unsl.edu.ar\\\/?s={search_term_string}\"},\"query-input\":{\"@type\":\"PropertyValueSpecification\",\"valueRequired\":true,\"valueName\":\"search_term_string\"}}],\"inLanguage\":\"es-AR\"},{\"@type\":\"Organization\",\"@id\":\"https:\\\/\\\/www.fica.unsl.edu.ar\\\/#organization\",\"name\":\"Facultad de Ingenier\u00eda y Ciencias Agropecuarias\",\"url\":\"https:\\\/\\\/www.fica.unsl.edu.ar\\\/\",\"logo\":{\"@type\":\"ImageObject\",\"inLanguage\":\"es-AR\",\"@id\":\"https:\\\/\\\/www.fica.unsl.edu.ar\\\/#\\\/schema\\\/logo\\\/image\\\/\",\"url\":\"https:\\\/\\\/www.fica.unsl.edu.ar\\\/wp-content\\\/uploads\\\/2021\\\/03\\\/LOGO-1.jpg\",\"contentUrl\":\"https:\\\/\\\/www.fica.unsl.edu.ar\\\/wp-content\\\/uploads\\\/2021\\\/03\\\/LOGO-1.jpg\",\"width\":463,\"height\":145,\"caption\":\"Facultad de Ingenier\u00eda y Ciencias Agropecuarias\"},\"image\":{\"@id\":\"https:\\\/\\\/www.fica.unsl.edu.ar\\\/#\\\/schema\\\/logo\\\/image\\\/\"},\"sameAs\":[\"https:\\\/\\\/www.facebook.com\\\/FICA.UNSL\\\/\",\"https:\\\/\\\/x.com\\\/FICAUNSL\",\"https:\\\/\\\/www.instagram.com\\\/fica.unsl\\\/\",\"https:\\\/\\\/www.youtube.com\\\/channel\\\/UCs2MM53gb2PyBrMySdtWZDQ\"]},{\"@type\":\"Person\",\"@id\":\"https:\\\/\\\/www.fica.unsl.edu.ar\\\/#\\\/schema\\\/person\\\/6058f9c66301868d3a691b1f5d6c3544\",\"name\":\"DATI\"}]}<\/script>\n<!-- \/ Yoast SEO plugin. -->","yoast_head_json":{"title":"6 de junio: d\u00eda de la Ingenier\u00eda Argentina - Facultad de Ingenier\u00eda y Ciencias Agropecuarias","robots":{"index":"index","follow":"follow","max-snippet":"max-snippet:-1","max-image-preview":"max-image-preview:large","max-video-preview":"max-video-preview:-1"},"canonical":"https:\/\/www.fica.unsl.edu.ar\/index.php\/6-de-junio-dia-de-la-ingenieria-argentina\/","og_locale":"es_ES","og_type":"article","og_title":"6 de junio: d\u00eda de la Ingenier\u00eda Argentina - Facultad de Ingenier\u00eda y Ciencias Agropecuarias","og_description":"El d\u00eda 6 de junio se celebra en el pa\u00eds el &#8220;D\u00eda de la Ingenier\u00eda&#8221; al conmemorarse la fecha de graduaci\u00f3n del primer ingeniero formado&hellip;","og_url":"https:\/\/www.fica.unsl.edu.ar\/index.php\/6-de-junio-dia-de-la-ingenieria-argentina\/","og_site_name":"Facultad de Ingenier\u00eda y Ciencias Agropecuarias","article_publisher":"https:\/\/www.facebook.com\/FICA.UNSL\/","article_published_time":"2021-06-05T12:41:52+00:00","article_modified_time":"2021-06-07T12:29:46+00:00","og_image":[{"width":1020,"height":600,"url":"https:\/\/www.fica.unsl.edu.ar\/wp-content\/uploads\/2021\/06\/fica-6dejunio-02.jpg","type":"image\/jpeg"}],"author":"DATI","twitter_card":"summary_large_image","twitter_creator":"@FICAUNSL","twitter_site":"@FICAUNSL","twitter_misc":{"Escrito por":"DATI","Tiempo de lectura":"2 minutos"},"schema":{"@context":"https:\/\/schema.org","@graph":[{"@type":"Article","@id":"https:\/\/www.fica.unsl.edu.ar\/index.php\/6-de-junio-dia-de-la-ingenieria-argentina\/#article","isPartOf":{"@id":"https:\/\/www.fica.unsl.edu.ar\/index.php\/6-de-junio-dia-de-la-ingenieria-argentina\/"},"author":{"name":"DATI","@id":"https:\/\/www.fica.unsl.edu.ar\/#\/schema\/person\/6058f9c66301868d3a691b1f5d6c3544"},"headline":"6 de junio: d\u00eda de la Ingenier\u00eda Argentina","datePublished":"2021-06-05T12:41:52+00:00","dateModified":"2021-06-07T12:29:46+00:00","mainEntityOfPage":{"@id":"https:\/\/www.fica.unsl.edu.ar\/index.php\/6-de-junio-dia-de-la-ingenieria-argentina\/"},"wordCount":367,"publisher":{"@id":"https:\/\/www.fica.unsl.edu.ar\/#organization"},"image":{"@id":"https:\/\/www.fica.unsl.edu.ar\/index.php\/6-de-junio-dia-de-la-ingenieria-argentina\/#primaryimage"},"thumbnailUrl":"https:\/\/www.fica.unsl.edu.ar\/wp-content\/uploads\/2021\/06\/fica-6dejunio-02.jpg","articleSection":["Archivadas"],"inLanguage":"es-AR"},{"@type":"WebPage","@id":"https:\/\/www.fica.unsl.edu.ar\/index.php\/6-de-junio-dia-de-la-ingenieria-argentina\/","url":"https:\/\/www.fica.unsl.edu.ar\/index.php\/6-de-junio-dia-de-la-ingenieria-argentina\/","name":"6 de junio: d\u00eda de la Ingenier\u00eda Argentina - Facultad de Ingenier\u00eda y Ciencias Agropecuarias","isPartOf":{"@id":"https:\/\/www.fica.unsl.edu.ar\/#website"},"primaryImageOfPage":{"@id":"https:\/\/www.fica.unsl.edu.ar\/index.php\/6-de-junio-dia-de-la-ingenieria-argentina\/#primaryimage"},"image":{"@id":"https:\/\/www.fica.unsl.edu.ar\/index.php\/6-de-junio-dia-de-la-ingenieria-argentina\/#primaryimage"},"thumbnailUrl":"https:\/\/www.fica.unsl.edu.ar\/wp-content\/uploads\/2021\/06\/fica-6dejunio-02.jpg","datePublished":"2021-06-05T12:41:52+00:00","dateModified":"2021-06-07T12:29:46+00:00","inLanguage":"es-AR","potentialAction":[{"@type":"ReadAction","target":["https:\/\/www.fica.unsl.edu.ar\/index.php\/6-de-junio-dia-de-la-ingenieria-argentina\/"]}]},{"@type":"ImageObject","inLanguage":"es-AR","@id":"https:\/\/www.fica.unsl.edu.ar\/index.php\/6-de-junio-dia-de-la-ingenieria-argentina\/#primaryimage","url":"https:\/\/www.fica.unsl.edu.ar\/wp-content\/uploads\/2021\/06\/fica-6dejunio-02.jpg","contentUrl":"https:\/\/www.fica.unsl.edu.ar\/wp-content\/uploads\/2021\/06\/fica-6dejunio-02.jpg","width":1020,"height":600},{"@type":"WebSite","@id":"https:\/\/www.fica.unsl.edu.ar\/#website","url":"https:\/\/www.fica.unsl.edu.ar\/","name":"Facultad de Ingenier\u00eda y Ciencias Agropecuarias","description":"","publisher":{"@id":"https:\/\/www.fica.unsl.edu.ar\/#organization"},"potentialAction":[{"@type":"SearchAction","target":{"@type":"EntryPoint","urlTemplate":"https:\/\/www.fica.unsl.edu.ar\/?s={search_term_string}"},"query-input":{"@type":"PropertyValueSpecification","valueRequired":true,"valueName":"search_term_string"}}],"inLanguage":"es-AR"},{"@type":"Organization","@id":"https:\/\/www.fica.unsl.edu.ar\/#organization","name":"Facultad de Ingenier\u00eda y Ciencias Agropecuarias","url":"https:\/\/www.fica.unsl.edu.ar\/","logo":{"@type":"ImageObject","inLanguage":"es-AR","@id":"https:\/\/www.fica.unsl.edu.ar\/#\/schema\/logo\/image\/","url":"https:\/\/www.fica.unsl.edu.ar\/wp-content\/uploads\/2021\/03\/LOGO-1.jpg","contentUrl":"https:\/\/www.fica.unsl.edu.ar\/wp-content\/uploads\/2021\/03\/LOGO-1.jpg","width":463,"height":145,"caption":"Facultad de Ingenier\u00eda y Ciencias Agropecuarias"},"image":{"@id":"https:\/\/www.fica.unsl.edu.ar\/#\/schema\/logo\/image\/"},"sameAs":["https:\/\/www.facebook.com\/FICA.UNSL\/","https:\/\/x.com\/FICAUNSL","https:\/\/www.instagram.com\/fica.unsl\/","https:\/\/www.youtube.com\/channel\/UCs2MM53gb2PyBrMySdtWZDQ"]},{"@type":"Person","@id":"https:\/\/www.fica.unsl.edu.ar\/#\/schema\/person\/6058f9c66301868d3a691b1f5d6c3544","name":"DATI"}]}},"_links":{"self":[{"href":"https:\/\/www.fica.unsl.edu.ar\/index.php\/wp-json\/wp\/v2\/posts\/5156","targetHints":{"allow":["GET"]}}],"collection":[{"href":"https:\/\/www.fica.unsl.edu.ar\/index.php\/wp-json\/wp\/v2\/posts"}],"about":[{"href":"https:\/\/www.fica.unsl.edu.ar\/index.php\/wp-json\/wp\/v2\/types\/post"}],"author":[{"embeddable":true,"href":"https:\/\/www.fica.unsl.edu.ar\/index.php\/wp-json\/wp\/v2\/users\/9"}],"replies":[{"embeddable":true,"href":"https:\/\/www.fica.unsl.edu.ar\/index.php\/wp-json\/wp\/v2\/comments?post=5156"}],"version-history":[{"count":1,"href":"https:\/\/www.fica.unsl.edu.ar\/index.php\/wp-json\/wp\/v2\/posts\/5156\/revisions"}],"predecessor-version":[{"id":5158,"href":"https:\/\/www.fica.unsl.edu.ar\/index.php\/wp-json\/wp\/v2\/posts\/5156\/revisions\/5158"}],"wp:featuredmedia":[{"embeddable":true,"href":"https:\/\/www.fica.unsl.edu.ar\/index.php\/wp-json\/wp\/v2\/media\/5157"}],"wp:attachment":[{"href":"https:\/\/www.fica.unsl.edu.ar\/index.php\/wp-json\/wp\/v2\/media?parent=5156"}],"wp:term":[{"taxonomy":"category","embeddable":true,"href":"https:\/\/www.fica.unsl.edu.ar\/index.php\/wp-json\/wp\/v2\/categories?post=5156"},{"taxonomy":"post_tag","embeddable":true,"href":"https:\/\/www.fica.unsl.edu.ar\/index.php\/wp-json\/wp\/v2\/tags?post=5156"}],"curies":[{"name":"wp","href":"https:\/\/api.w.org\/{rel}","templated":true}]}}