{"id":5159,"date":"2021-06-06T01:29:06","date_gmt":"2021-06-06T04:29:06","guid":{"rendered":"http:\/\/10.101.10.196\/www\/?p=5159"},"modified":"2021-06-08T08:17:00","modified_gmt":"2021-06-08T11:17:00","slug":"6-de-junio-dia-de-la-ingenieria-argentina-2","status":"publish","type":"post","link":"https:\/\/www.fica.unsl.edu.ar\/index.php\/6-de-junio-dia-de-la-ingenieria-argentina-2\/","title":{"rendered":"6 de Junio: D\u00eda de la Ingenier\u00eda Argentina"},"content":{"rendered":"<p>La Facultad de Ingenier\u00eda y Ciencias Agropecuarias se complace en saludar a los ingenieros, al cumplirse el 151 aniversario de la primera promoci\u00f3n de ingenieros argentinos.<\/p>\n<p>Un 6 de junio de 1870 egresaba el ingeniero civil Luis Augusto Huergo e iniciaba as\u00ed, la trayectoria de nombrados profesionales que aportar\u00edan su conocimiento y maestr\u00eda en innumerables obras de gran significado para el progreso del pa\u00eds.<\/p>\n<p>Desde el CONFEDI (Consejo Federal de Decanos de Ingenier\u00eda) se ha planteado cambios en los paradigmas de la formaci\u00f3n, de modo que los futuros ingenieros est\u00e9n preparados para el desarrollo sostenible, lo cual supone que la actividad del ingeniero debe considerar las implicancias econ\u00f3micas, sociales y ambientales de cada una de sus aplicaciones, para asegurar que no se vean afectadas las necesidades de las generaciones futuras.<\/p>\n<p>En este sentido, el CONFEDI ha observado no s\u00f3lo es necesario consolidar la formaci\u00f3n a trav\u00e9s del conocimiento de contenidos, sino tambi\u00e9n introducir, durante el proceso formativo, competencias, capacidades, actitudes y aptitudes que permitan generar un profesional de alta capacitaci\u00f3n t\u00e9cnica que, tambi\u00e9n, tenga compromiso social, conciencia ambiental y capacidad de liderazgo.<\/p>\n<p>Adicionalmente, tras la aprobaci\u00f3n de los est\u00e1ndares de segunda generaci\u00f3n que rigen en las distintas facultades nos encontramos ante la necesidad y el desaf\u00edo de actualizar los dise\u00f1os curriculares y otorgar habilitaciones profesionales certificadas que faciliten la inserci\u00f3n laboral. Evaluar la posibilidad de dise\u00f1ar planes que contemplen ciclos, itinerarios o trayectos que permitan otorgar habilitaciones profesionales certificadas.<\/p>\n<p>En este sentido, desde la Gesti\u00f3n y las Comisiones de Carrera nos hemos abocado a mejorar los procesos formativos para responder a los requerimientos actuales y futuros que la ingenier\u00eda implica.<\/p>\n<p>Desde la Facultad de Ingenier\u00eda y Ciencias Agropecuarias celebramos con orgullo esta fecha tan significativa y destacamos la figura del ingeniero argentino como parte primordial en la desafiante misi\u00f3n de resolver problemas para mejorar la calidad de las personas y contribuir al desarrollo de la sociedad en su conjunto.<\/p>\n<p><strong>CICLO DE CHARLAS<\/strong><\/p>\n<p>En la semana de la ingenier\u00eda los invitamos a participar de un ciclo de charlas \u201cIngenier\u00eda para el Desarrollo de una Argentina Competitiva\u201d organizado por el Centro Argentino de Ingenieros<\/p>\n<p><a href=\"https:\/\/cai.org.ar\/semana-de-la-ingenieria-si2021\/\">https:\/\/cai.org.ar\/semana-de-la-ingenieria-si2021\/<\/a><\/p>\n<p><img decoding=\"async\" class=\"alignnone size-medium wp-image-5162\" src=\"https:\/\/www.fica.unsl.edu.ar\/wp-content\/uploads\/2021\/06\/1-300x121.png\" alt=\"\" width=\"300\" height=\"121\" srcset=\"https:\/\/www.fica.unsl.edu.ar\/wp-content\/uploads\/2021\/06\/1-300x121.png 300w, https:\/\/www.fica.unsl.edu.ar\/wp-content\/uploads\/2021\/06\/1-768x310.png 768w, https:\/\/www.fica.unsl.edu.ar\/wp-content\/uploads\/2021\/06\/1.png 903w\" sizes=\"(max-width: 300px) 100vw, 300px\" \/><\/p>\n<p>&nbsp;<\/p>\n","protected":false},"excerpt":{"rendered":"<p>La Facultad de Ingenier\u00eda y Ciencias Agropecuarias se complace en saludar a los ingenieros, al cumplirse el 151 aniversario de la primera promoci\u00f3n de ingenieros&hellip;<\/p>\n","protected":false},"author":9,"featured_media":5160,"comment_status":"closed","ping_status":"closed","sticky":false,"template":"","format":"standard","meta":{"_monsterinsights_skip_tracking":false,"_monsterinsights_sitenote_active":false,"_monsterinsights_sitenote_note":"","_monsterinsights_sitenote_category":0,"_joinchat":[],"footnotes":""},"categories":[22],"tags":[],"class_list":["post-5159","post","type-post","status-publish","format-standard","has-post-thumbnail","hentry","category-archivadas"],"yoast_head":"<!-- This site is optimized with the Yoast SEO plugin v27.4 - https:\/\/yoast.com\/product\/yoast-seo-wordpress\/ -->\n<title>6 de Junio: D\u00eda de la Ingenier\u00eda Argentina - Facultad de Ingenier\u00eda y Ciencias Agropecuarias<\/title>\n<meta name=\"robots\" content=\"index, follow, max-snippet:-1, max-image-preview:large, max-video-preview:-1\" \/>\n<link rel=\"canonical\" href=\"https:\/\/www.fica.unsl.edu.ar\/index.php\/6-de-junio-dia-de-la-ingenieria-argentina-2\/\" \/>\n<meta property=\"og:locale\" content=\"es_ES\" \/>\n<meta property=\"og:type\" content=\"article\" \/>\n<meta property=\"og:title\" content=\"6 de Junio: D\u00eda de la Ingenier\u00eda Argentina - Facultad de Ingenier\u00eda y Ciencias Agropecuarias\" \/>\n<meta property=\"og:description\" content=\"La Facultad de Ingenier\u00eda y Ciencias Agropecuarias se complace en saludar a los ingenieros, al cumplirse el 151 aniversario de la primera promoci\u00f3n de ingenieros&hellip;\" \/>\n<meta property=\"og:url\" content=\"https:\/\/www.fica.unsl.edu.ar\/index.php\/6-de-junio-dia-de-la-ingenieria-argentina-2\/\" \/>\n<meta property=\"og:site_name\" content=\"Facultad de Ingenier\u00eda y Ciencias Agropecuarias\" \/>\n<meta property=\"article:publisher\" content=\"https:\/\/www.facebook.com\/FICA.UNSL\/\" \/>\n<meta property=\"article:published_time\" content=\"2021-06-06T04:29:06+00:00\" \/>\n<meta property=\"article:modified_time\" content=\"2021-06-08T11:17:00+00:00\" \/>\n<meta property=\"og:image\" content=\"https:\/\/www.fica.unsl.edu.ar\/wp-content\/uploads\/2021\/06\/Captura-1.jpg\" \/>\n\t<meta property=\"og:image:width\" content=\"591\" \/>\n\t<meta property=\"og:image:height\" content=\"294\" \/>\n\t<meta property=\"og:image:type\" content=\"image\/jpeg\" \/>\n<meta name=\"author\" content=\"DATI\" \/>\n<meta name=\"twitter:card\" content=\"summary_large_image\" \/>\n<meta name=\"twitter:creator\" content=\"@FICAUNSL\" \/>\n<meta name=\"twitter:site\" content=\"@FICAUNSL\" \/>\n<meta name=\"twitter:label1\" content=\"Escrito por\" \/>\n\t<meta name=\"twitter:data1\" content=\"DATI\" \/>\n\t<meta name=\"twitter:label2\" content=\"Tiempo de lectura\" \/>\n\t<meta name=\"twitter:data2\" content=\"2 minutos\" \/>\n<script type=\"application\/ld+json\" class=\"yoast-schema-graph\">{\"@context\":\"https:\\\/\\\/schema.org\",\"@graph\":[{\"@type\":\"Article\",\"@id\":\"https:\\\/\\\/www.fica.unsl.edu.ar\\\/index.php\\\/6-de-junio-dia-de-la-ingenieria-argentina-2\\\/#article\",\"isPartOf\":{\"@id\":\"https:\\\/\\\/www.fica.unsl.edu.ar\\\/index.php\\\/6-de-junio-dia-de-la-ingenieria-argentina-2\\\/\"},\"author\":{\"name\":\"DATI\",\"@id\":\"https:\\\/\\\/www.fica.unsl.edu.ar\\\/#\\\/schema\\\/person\\\/6058f9c66301868d3a691b1f5d6c3544\"},\"headline\":\"6 de Junio: D\u00eda de la Ingenier\u00eda Argentina\",\"datePublished\":\"2021-06-06T04:29:06+00:00\",\"dateModified\":\"2021-06-08T11:17:00+00:00\",\"mainEntityOfPage\":{\"@id\":\"https:\\\/\\\/www.fica.unsl.edu.ar\\\/index.php\\\/6-de-junio-dia-de-la-ingenieria-argentina-2\\\/\"},\"wordCount\":393,\"publisher\":{\"@id\":\"https:\\\/\\\/www.fica.unsl.edu.ar\\\/#organization\"},\"image\":{\"@id\":\"https:\\\/\\\/www.fica.unsl.edu.ar\\\/index.php\\\/6-de-junio-dia-de-la-ingenieria-argentina-2\\\/#primaryimage\"},\"thumbnailUrl\":\"https:\\\/\\\/www.fica.unsl.edu.ar\\\/wp-content\\\/uploads\\\/2021\\\/06\\\/Captura-1.jpg\",\"articleSection\":[\"Archivadas\"],\"inLanguage\":\"es-AR\"},{\"@type\":\"WebPage\",\"@id\":\"https:\\\/\\\/www.fica.unsl.edu.ar\\\/index.php\\\/6-de-junio-dia-de-la-ingenieria-argentina-2\\\/\",\"url\":\"https:\\\/\\\/www.fica.unsl.edu.ar\\\/index.php\\\/6-de-junio-dia-de-la-ingenieria-argentina-2\\\/\",\"name\":\"6 de Junio: D\u00eda de la Ingenier\u00eda Argentina - Facultad de Ingenier\u00eda y Ciencias Agropecuarias\",\"isPartOf\":{\"@id\":\"https:\\\/\\\/www.fica.unsl.edu.ar\\\/#website\"},\"primaryImageOfPage\":{\"@id\":\"https:\\\/\\\/www.fica.unsl.edu.ar\\\/index.php\\\/6-de-junio-dia-de-la-ingenieria-argentina-2\\\/#primaryimage\"},\"image\":{\"@id\":\"https:\\\/\\\/www.fica.unsl.edu.ar\\\/index.php\\\/6-de-junio-dia-de-la-ingenieria-argentina-2\\\/#primaryimage\"},\"thumbnailUrl\":\"https:\\\/\\\/www.fica.unsl.edu.ar\\\/wp-content\\\/uploads\\\/2021\\\/06\\\/Captura-1.jpg\",\"datePublished\":\"2021-06-06T04:29:06+00:00\",\"dateModified\":\"2021-06-08T11:17:00+00:00\",\"inLanguage\":\"es-AR\",\"potentialAction\":[{\"@type\":\"ReadAction\",\"target\":[\"https:\\\/\\\/www.fica.unsl.edu.ar\\\/index.php\\\/6-de-junio-dia-de-la-ingenieria-argentina-2\\\/\"]}]},{\"@type\":\"ImageObject\",\"inLanguage\":\"es-AR\",\"@id\":\"https:\\\/\\\/www.fica.unsl.edu.ar\\\/index.php\\\/6-de-junio-dia-de-la-ingenieria-argentina-2\\\/#primaryimage\",\"url\":\"https:\\\/\\\/www.fica.unsl.edu.ar\\\/wp-content\\\/uploads\\\/2021\\\/06\\\/Captura-1.jpg\",\"contentUrl\":\"https:\\\/\\\/www.fica.unsl.edu.ar\\\/wp-content\\\/uploads\\\/2021\\\/06\\\/Captura-1.jpg\",\"width\":591,\"height\":294},{\"@type\":\"WebSite\",\"@id\":\"https:\\\/\\\/www.fica.unsl.edu.ar\\\/#website\",\"url\":\"https:\\\/\\\/www.fica.unsl.edu.ar\\\/\",\"name\":\"Facultad de Ingenier\u00eda y Ciencias Agropecuarias\",\"description\":\"\",\"publisher\":{\"@id\":\"https:\\\/\\\/www.fica.unsl.edu.ar\\\/#organization\"},\"potentialAction\":[{\"@type\":\"SearchAction\",\"target\":{\"@type\":\"EntryPoint\",\"urlTemplate\":\"https:\\\/\\\/www.fica.unsl.edu.ar\\\/?s={search_term_string}\"},\"query-input\":{\"@type\":\"PropertyValueSpecification\",\"valueRequired\":true,\"valueName\":\"search_term_string\"}}],\"inLanguage\":\"es-AR\"},{\"@type\":\"Organization\",\"@id\":\"https:\\\/\\\/www.fica.unsl.edu.ar\\\/#organization\",\"name\":\"Facultad de Ingenier\u00eda y Ciencias Agropecuarias\",\"url\":\"https:\\\/\\\/www.fica.unsl.edu.ar\\\/\",\"logo\":{\"@type\":\"ImageObject\",\"inLanguage\":\"es-AR\",\"@id\":\"https:\\\/\\\/www.fica.unsl.edu.ar\\\/#\\\/schema\\\/logo\\\/image\\\/\",\"url\":\"https:\\\/\\\/www.fica.unsl.edu.ar\\\/wp-content\\\/uploads\\\/2021\\\/03\\\/LOGO-1.jpg\",\"contentUrl\":\"https:\\\/\\\/www.fica.unsl.edu.ar\\\/wp-content\\\/uploads\\\/2021\\\/03\\\/LOGO-1.jpg\",\"width\":463,\"height\":145,\"caption\":\"Facultad de Ingenier\u00eda y Ciencias Agropecuarias\"},\"image\":{\"@id\":\"https:\\\/\\\/www.fica.unsl.edu.ar\\\/#\\\/schema\\\/logo\\\/image\\\/\"},\"sameAs\":[\"https:\\\/\\\/www.facebook.com\\\/FICA.UNSL\\\/\",\"https:\\\/\\\/x.com\\\/FICAUNSL\",\"https:\\\/\\\/www.instagram.com\\\/fica.unsl\\\/\",\"https:\\\/\\\/www.youtube.com\\\/channel\\\/UCs2MM53gb2PyBrMySdtWZDQ\"]},{\"@type\":\"Person\",\"@id\":\"https:\\\/\\\/www.fica.unsl.edu.ar\\\/#\\\/schema\\\/person\\\/6058f9c66301868d3a691b1f5d6c3544\",\"name\":\"DATI\"}]}<\/script>\n<!-- \/ Yoast SEO plugin. -->","yoast_head_json":{"title":"6 de Junio: D\u00eda de la Ingenier\u00eda Argentina - Facultad de Ingenier\u00eda y Ciencias Agropecuarias","robots":{"index":"index","follow":"follow","max-snippet":"max-snippet:-1","max-image-preview":"max-image-preview:large","max-video-preview":"max-video-preview:-1"},"canonical":"https:\/\/www.fica.unsl.edu.ar\/index.php\/6-de-junio-dia-de-la-ingenieria-argentina-2\/","og_locale":"es_ES","og_type":"article","og_title":"6 de Junio: D\u00eda de la Ingenier\u00eda Argentina - Facultad de Ingenier\u00eda y Ciencias Agropecuarias","og_description":"La Facultad de Ingenier\u00eda y Ciencias Agropecuarias se complace en saludar a los ingenieros, al cumplirse el 151 aniversario de la primera promoci\u00f3n de ingenieros&hellip;","og_url":"https:\/\/www.fica.unsl.edu.ar\/index.php\/6-de-junio-dia-de-la-ingenieria-argentina-2\/","og_site_name":"Facultad de Ingenier\u00eda y Ciencias Agropecuarias","article_publisher":"https:\/\/www.facebook.com\/FICA.UNSL\/","article_published_time":"2021-06-06T04:29:06+00:00","article_modified_time":"2021-06-08T11:17:00+00:00","og_image":[{"width":591,"height":294,"url":"https:\/\/www.fica.unsl.edu.ar\/wp-content\/uploads\/2021\/06\/Captura-1.jpg","type":"image\/jpeg"}],"author":"DATI","twitter_card":"summary_large_image","twitter_creator":"@FICAUNSL","twitter_site":"@FICAUNSL","twitter_misc":{"Escrito por":"DATI","Tiempo de lectura":"2 minutos"},"schema":{"@context":"https:\/\/schema.org","@graph":[{"@type":"Article","@id":"https:\/\/www.fica.unsl.edu.ar\/index.php\/6-de-junio-dia-de-la-ingenieria-argentina-2\/#article","isPartOf":{"@id":"https:\/\/www.fica.unsl.edu.ar\/index.php\/6-de-junio-dia-de-la-ingenieria-argentina-2\/"},"author":{"name":"DATI","@id":"https:\/\/www.fica.unsl.edu.ar\/#\/schema\/person\/6058f9c66301868d3a691b1f5d6c3544"},"headline":"6 de Junio: D\u00eda de la Ingenier\u00eda Argentina","datePublished":"2021-06-06T04:29:06+00:00","dateModified":"2021-06-08T11:17:00+00:00","mainEntityOfPage":{"@id":"https:\/\/www.fica.unsl.edu.ar\/index.php\/6-de-junio-dia-de-la-ingenieria-argentina-2\/"},"wordCount":393,"publisher":{"@id":"https:\/\/www.fica.unsl.edu.ar\/#organization"},"image":{"@id":"https:\/\/www.fica.unsl.edu.ar\/index.php\/6-de-junio-dia-de-la-ingenieria-argentina-2\/#primaryimage"},"thumbnailUrl":"https:\/\/www.fica.unsl.edu.ar\/wp-content\/uploads\/2021\/06\/Captura-1.jpg","articleSection":["Archivadas"],"inLanguage":"es-AR"},{"@type":"WebPage","@id":"https:\/\/www.fica.unsl.edu.ar\/index.php\/6-de-junio-dia-de-la-ingenieria-argentina-2\/","url":"https:\/\/www.fica.unsl.edu.ar\/index.php\/6-de-junio-dia-de-la-ingenieria-argentina-2\/","name":"6 de Junio: D\u00eda de la Ingenier\u00eda Argentina - Facultad de Ingenier\u00eda y Ciencias Agropecuarias","isPartOf":{"@id":"https:\/\/www.fica.unsl.edu.ar\/#website"},"primaryImageOfPage":{"@id":"https:\/\/www.fica.unsl.edu.ar\/index.php\/6-de-junio-dia-de-la-ingenieria-argentina-2\/#primaryimage"},"image":{"@id":"https:\/\/www.fica.unsl.edu.ar\/index.php\/6-de-junio-dia-de-la-ingenieria-argentina-2\/#primaryimage"},"thumbnailUrl":"https:\/\/www.fica.unsl.edu.ar\/wp-content\/uploads\/2021\/06\/Captura-1.jpg","datePublished":"2021-06-06T04:29:06+00:00","dateModified":"2021-06-08T11:17:00+00:00","inLanguage":"es-AR","potentialAction":[{"@type":"ReadAction","target":["https:\/\/www.fica.unsl.edu.ar\/index.php\/6-de-junio-dia-de-la-ingenieria-argentina-2\/"]}]},{"@type":"ImageObject","inLanguage":"es-AR","@id":"https:\/\/www.fica.unsl.edu.ar\/index.php\/6-de-junio-dia-de-la-ingenieria-argentina-2\/#primaryimage","url":"https:\/\/www.fica.unsl.edu.ar\/wp-content\/uploads\/2021\/06\/Captura-1.jpg","contentUrl":"https:\/\/www.fica.unsl.edu.ar\/wp-content\/uploads\/2021\/06\/Captura-1.jpg","width":591,"height":294},{"@type":"WebSite","@id":"https:\/\/www.fica.unsl.edu.ar\/#website","url":"https:\/\/www.fica.unsl.edu.ar\/","name":"Facultad de Ingenier\u00eda y Ciencias Agropecuarias","description":"","publisher":{"@id":"https:\/\/www.fica.unsl.edu.ar\/#organization"},"potentialAction":[{"@type":"SearchAction","target":{"@type":"EntryPoint","urlTemplate":"https:\/\/www.fica.unsl.edu.ar\/?s={search_term_string}"},"query-input":{"@type":"PropertyValueSpecification","valueRequired":true,"valueName":"search_term_string"}}],"inLanguage":"es-AR"},{"@type":"Organization","@id":"https:\/\/www.fica.unsl.edu.ar\/#organization","name":"Facultad de Ingenier\u00eda y Ciencias Agropecuarias","url":"https:\/\/www.fica.unsl.edu.ar\/","logo":{"@type":"ImageObject","inLanguage":"es-AR","@id":"https:\/\/www.fica.unsl.edu.ar\/#\/schema\/logo\/image\/","url":"https:\/\/www.fica.unsl.edu.ar\/wp-content\/uploads\/2021\/03\/LOGO-1.jpg","contentUrl":"https:\/\/www.fica.unsl.edu.ar\/wp-content\/uploads\/2021\/03\/LOGO-1.jpg","width":463,"height":145,"caption":"Facultad de Ingenier\u00eda y Ciencias Agropecuarias"},"image":{"@id":"https:\/\/www.fica.unsl.edu.ar\/#\/schema\/logo\/image\/"},"sameAs":["https:\/\/www.facebook.com\/FICA.UNSL\/","https:\/\/x.com\/FICAUNSL","https:\/\/www.instagram.com\/fica.unsl\/","https:\/\/www.youtube.com\/channel\/UCs2MM53gb2PyBrMySdtWZDQ"]},{"@type":"Person","@id":"https:\/\/www.fica.unsl.edu.ar\/#\/schema\/person\/6058f9c66301868d3a691b1f5d6c3544","name":"DATI"}]}},"_links":{"self":[{"href":"https:\/\/www.fica.unsl.edu.ar\/index.php\/wp-json\/wp\/v2\/posts\/5159","targetHints":{"allow":["GET"]}}],"collection":[{"href":"https:\/\/www.fica.unsl.edu.ar\/index.php\/wp-json\/wp\/v2\/posts"}],"about":[{"href":"https:\/\/www.fica.unsl.edu.ar\/index.php\/wp-json\/wp\/v2\/types\/post"}],"author":[{"embeddable":true,"href":"https:\/\/www.fica.unsl.edu.ar\/index.php\/wp-json\/wp\/v2\/users\/9"}],"replies":[{"embeddable":true,"href":"https:\/\/www.fica.unsl.edu.ar\/index.php\/wp-json\/wp\/v2\/comments?post=5159"}],"version-history":[{"count":3,"href":"https:\/\/www.fica.unsl.edu.ar\/index.php\/wp-json\/wp\/v2\/posts\/5159\/revisions"}],"predecessor-version":[{"id":5164,"href":"https:\/\/www.fica.unsl.edu.ar\/index.php\/wp-json\/wp\/v2\/posts\/5159\/revisions\/5164"}],"wp:featuredmedia":[{"embeddable":true,"href":"https:\/\/www.fica.unsl.edu.ar\/index.php\/wp-json\/wp\/v2\/media\/5160"}],"wp:attachment":[{"href":"https:\/\/www.fica.unsl.edu.ar\/index.php\/wp-json\/wp\/v2\/media?parent=5159"}],"wp:term":[{"taxonomy":"category","embeddable":true,"href":"https:\/\/www.fica.unsl.edu.ar\/index.php\/wp-json\/wp\/v2\/categories?post=5159"},{"taxonomy":"post_tag","embeddable":true,"href":"https:\/\/www.fica.unsl.edu.ar\/index.php\/wp-json\/wp\/v2\/tags?post=5159"}],"curies":[{"name":"wp","href":"https:\/\/api.w.org\/{rel}","templated":true}]}}