{"id":5187,"date":"2021-06-08T12:36:36","date_gmt":"2021-06-08T15:36:36","guid":{"rendered":"http:\/\/10.101.10.196\/www\/?p=5187"},"modified":"2021-06-14T12:12:18","modified_gmt":"2021-06-14T15:12:18","slug":"2-siavci-2021","status":"publish","type":"post","link":"https:\/\/www.fica.unsl.edu.ar\/index.php\/2-siavci-2021\/","title":{"rendered":"Segunda jornada del Seminario de Investigaci\u00f3n, Actualizaci\u00f3n y Vinculaci\u00f3n en Ciencias de la Ingenier\u00eda 2021"},"content":{"rendered":"<p>La Secretar\u00eda de Investigaci\u00f3n y Posgrado invita a participar de la 2\u00b0 jornada del Seminario de Investigaci\u00f3n, Actualizaci\u00f3n y Vinculaci\u00f3n en Ciencias de la Ingenier\u00eda 2021. La misma se llevar\u00e1 a cabo de forma virtual, el viernes 11 de junio a las 11hs.<\/p>\n<p>En esta oportunidad disertar\u00e1 el Dr. Ing. Electr\u00f3nico Maximiliano Eduardo Asensio sobre el \u201cControl de alto y de bajo nivel para un Sistema de Almacenamiento H\u00edbrido de Veh\u00edculo El\u00e9ctrico a base de Bater\u00edas y Ultracapacitores\u201d. En segundo turno, lo har\u00e1 el Lic. en Radioqu\u00edmica Asiel Hern\u00e1ndez Mart\u00ednez, que tratar\u00e1 sobre \u201cAdsorci\u00f3n de paracetamol en nanomateriales de carbono y su degradaci\u00f3n por radiaci\u00f3n ultras\u00f3nica y gamma\u201d.<\/p>\n<p>Para mayor informaci\u00f3n e inscripciones contactarse con los coordinadores del seminario: Ing. Pablo Belzunce (belzuncepablo@gmail.com); Ing. Francisco Esteban (franesteban92@gmail.com).<\/p>\n<h4><strong>Res\u00famenes<\/strong><\/h4>\n<p><img fetchpriority=\"high\" decoding=\"async\" class=\"aligncenter wp-image-5190 size-full\" src=\"https:\/\/www.fica.unsl.edu.ar\/wp-content\/uploads\/2021\/06\/Web-FICAASENSIO.jpg\" alt=\"\" width=\"1298\" height=\"875\" srcset=\"https:\/\/www.fica.unsl.edu.ar\/wp-content\/uploads\/2021\/06\/Web-FICAASENSIO.jpg 1298w, https:\/\/www.fica.unsl.edu.ar\/wp-content\/uploads\/2021\/06\/Web-FICAASENSIO-300x202.jpg 300w, https:\/\/www.fica.unsl.edu.ar\/wp-content\/uploads\/2021\/06\/Web-FICAASENSIO-1024x690.jpg 1024w, https:\/\/www.fica.unsl.edu.ar\/wp-content\/uploads\/2021\/06\/Web-FICAASENSIO-768x518.jpg 768w\" sizes=\"(max-width: 1298px) 100vw, 1298px\" \/><\/p>\n<p><em>Los Sistemas H\u00edbridos de Almacenamiento de Energ\u00eda para Veh\u00edculos El\u00e9ctricos tienen el objetivo de preservar la vida \u00fatil de las bater\u00edas e incrementar la eficiencia total. Esto se logra utilizando un banco de Ultracapacitores como sistema auxiliar de almacenamiento. Uno de los principales desaf\u00edos consiste en el manejo o gerenciamiento de energ\u00eda de los elementos almacenadores para un determinado requerimiento de potencia del sistema de tracci\u00f3n el\u00e9ctrica del veh\u00edculo.<\/em><\/p>\n<p><em>En esta ocasi\u00f3n, se presenta una estrategia que permite realizar el gerenciamiento de energ\u00eda del sistema y, de manera simult\u00e1nea, el control a nivel del convertidor de potencia mediante Modos Deslizantes.<\/em><\/p>\n<p><img decoding=\"async\" class=\"aligncenter size-full wp-image-5189\" src=\"https:\/\/www.fica.unsl.edu.ar\/wp-content\/uploads\/2021\/06\/Web-FICA-HERNANDEZ-MARTINEZ.jpg\" alt=\"\" width=\"1298\" height=\"875\" srcset=\"https:\/\/www.fica.unsl.edu.ar\/wp-content\/uploads\/2021\/06\/Web-FICA-HERNANDEZ-MARTINEZ.jpg 1298w, https:\/\/www.fica.unsl.edu.ar\/wp-content\/uploads\/2021\/06\/Web-FICA-HERNANDEZ-MARTINEZ-300x202.jpg 300w, https:\/\/www.fica.unsl.edu.ar\/wp-content\/uploads\/2021\/06\/Web-FICA-HERNANDEZ-MARTINEZ-1024x690.jpg 1024w, https:\/\/www.fica.unsl.edu.ar\/wp-content\/uploads\/2021\/06\/Web-FICA-HERNANDEZ-MARTINEZ-768x518.jpg 768w\" sizes=\"(max-width: 1298px) 100vw, 1298px\" \/><br \/>\n<em>Entre las tecnolog\u00edas m\u00e1s estudiadas para la descontaminaci\u00f3n de aguas se encuentra la adsorci\u00f3n en carbones. Por otra parte, los procesos avanzados de oxidaci\u00f3n (PAO) se encuentran entre las tecnolog\u00edas emergentes para la degradaci\u00f3n de COP. Un enfoque novedoso puede ser la integraci\u00f3n de la adsorci\u00f3n y los PAO para tratar aguas contaminadas. <\/em><\/p>\n<p><em>En este trabajo se presentan los resultados de la adsorci\u00f3n de paracetamol en nanotubos de carbono de paredes m\u00faltiples (MWNTC) y grafeno (G) y la posterior degradaci\u00f3n y\/o desorci\u00f3n del paracetamol por radiaci\u00f3n ultras\u00f3nica de alta (USa) y de baja (USb) frecuencia y radiaci\u00f3n gamma. Experimentalmente se observ\u00f3 adsorci\u00f3n en ambos materiales, aunque la mayor capacidad de adsorci\u00f3n fue para los MWNTC. Los mejores resultados se obtuvieron para la radiaci\u00f3n gamma. Los resultados muestran la perspectiva de integraci\u00f3n del proceso de adsorci\u00f3n y la degradaci\u00f3n con radiaci\u00f3n ultras\u00f3nica y gamma.<\/em><\/p>\n","protected":false},"excerpt":{"rendered":"<p>La Secretar\u00eda de Investigaci\u00f3n y Posgrado invita a participar de la 2\u00b0 jornada del Seminario de Investigaci\u00f3n, Actualizaci\u00f3n y Vinculaci\u00f3n en Ciencias de la Ingenier\u00eda&hellip;<\/p>\n","protected":false},"author":9,"featured_media":5200,"comment_status":"closed","ping_status":"closed","sticky":false,"template":"","format":"standard","meta":{"_monsterinsights_skip_tracking":false,"_monsterinsights_sitenote_active":false,"_monsterinsights_sitenote_note":"","_monsterinsights_sitenote_category":0,"_joinchat":[],"footnotes":""},"categories":[22],"tags":[],"class_list":["post-5187","post","type-post","status-publish","format-standard","has-post-thumbnail","hentry","category-archivadas"],"yoast_head":"<!-- This site is optimized with the Yoast SEO plugin v27.4 - https:\/\/yoast.com\/product\/yoast-seo-wordpress\/ -->\n<title>Segunda jornada del Seminario de Investigaci\u00f3n, Actualizaci\u00f3n y Vinculaci\u00f3n en Ciencias de la Ingenier\u00eda 2021 - Facultad de Ingenier\u00eda y Ciencias Agropecuarias<\/title>\n<meta name=\"robots\" content=\"index, follow, max-snippet:-1, max-image-preview:large, max-video-preview:-1\" \/>\n<link rel=\"canonical\" href=\"https:\/\/www.fica.unsl.edu.ar\/index.php\/2-siavci-2021\/\" \/>\n<meta property=\"og:locale\" content=\"es_ES\" \/>\n<meta property=\"og:type\" content=\"article\" \/>\n<meta property=\"og:title\" content=\"Segunda jornada del Seminario de Investigaci\u00f3n, Actualizaci\u00f3n y Vinculaci\u00f3n en Ciencias de la Ingenier\u00eda 2021 - Facultad de Ingenier\u00eda y Ciencias Agropecuarias\" \/>\n<meta property=\"og:description\" content=\"La Secretar\u00eda de Investigaci\u00f3n y Posgrado invita a participar de la 2\u00b0 jornada del Seminario de Investigaci\u00f3n, Actualizaci\u00f3n y Vinculaci\u00f3n en Ciencias de la Ingenier\u00eda&hellip;\" \/>\n<meta property=\"og:url\" content=\"https:\/\/www.fica.unsl.edu.ar\/index.php\/2-siavci-2021\/\" \/>\n<meta property=\"og:site_name\" content=\"Facultad de Ingenier\u00eda y Ciencias Agropecuarias\" \/>\n<meta property=\"article:publisher\" content=\"https:\/\/www.facebook.com\/FICA.UNSL\/\" \/>\n<meta property=\"article:published_time\" content=\"2021-06-08T15:36:36+00:00\" \/>\n<meta property=\"article:modified_time\" content=\"2021-06-14T15:12:18+00:00\" \/>\n<meta property=\"og:image\" content=\"https:\/\/www.fica.unsl.edu.ar\/wp-content\/uploads\/2021\/06\/01-segundo.jpg\" \/>\n\t<meta property=\"og:image:width\" content=\"1370\" \/>\n\t<meta property=\"og:image:height\" content=\"717\" \/>\n\t<meta property=\"og:image:type\" content=\"image\/jpeg\" \/>\n<meta name=\"author\" content=\"DATI\" \/>\n<meta name=\"twitter:card\" content=\"summary_large_image\" \/>\n<meta name=\"twitter:creator\" content=\"@FICAUNSL\" \/>\n<meta name=\"twitter:site\" content=\"@FICAUNSL\" \/>\n<meta name=\"twitter:label1\" content=\"Escrito por\" \/>\n\t<meta name=\"twitter:data1\" content=\"DATI\" \/>\n\t<meta name=\"twitter:label2\" content=\"Tiempo de lectura\" \/>\n\t<meta name=\"twitter:data2\" content=\"3 minutos\" \/>\n<script type=\"application\/ld+json\" class=\"yoast-schema-graph\">{\"@context\":\"https:\\\/\\\/schema.org\",\"@graph\":[{\"@type\":\"Article\",\"@id\":\"https:\\\/\\\/www.fica.unsl.edu.ar\\\/index.php\\\/2-siavci-2021\\\/#article\",\"isPartOf\":{\"@id\":\"https:\\\/\\\/www.fica.unsl.edu.ar\\\/index.php\\\/2-siavci-2021\\\/\"},\"author\":{\"name\":\"DATI\",\"@id\":\"https:\\\/\\\/www.fica.unsl.edu.ar\\\/#\\\/schema\\\/person\\\/6058f9c66301868d3a691b1f5d6c3544\"},\"headline\":\"Segunda jornada del Seminario de Investigaci\u00f3n, Actualizaci\u00f3n y Vinculaci\u00f3n en Ciencias de la Ingenier\u00eda 2021\",\"datePublished\":\"2021-06-08T15:36:36+00:00\",\"dateModified\":\"2021-06-14T15:12:18+00:00\",\"mainEntityOfPage\":{\"@id\":\"https:\\\/\\\/www.fica.unsl.edu.ar\\\/index.php\\\/2-siavci-2021\\\/\"},\"wordCount\":448,\"publisher\":{\"@id\":\"https:\\\/\\\/www.fica.unsl.edu.ar\\\/#organization\"},\"image\":{\"@id\":\"https:\\\/\\\/www.fica.unsl.edu.ar\\\/index.php\\\/2-siavci-2021\\\/#primaryimage\"},\"thumbnailUrl\":\"https:\\\/\\\/www.fica.unsl.edu.ar\\\/wp-content\\\/uploads\\\/2021\\\/06\\\/01-segundo.jpg\",\"articleSection\":[\"Archivadas\"],\"inLanguage\":\"es-AR\"},{\"@type\":\"WebPage\",\"@id\":\"https:\\\/\\\/www.fica.unsl.edu.ar\\\/index.php\\\/2-siavci-2021\\\/\",\"url\":\"https:\\\/\\\/www.fica.unsl.edu.ar\\\/index.php\\\/2-siavci-2021\\\/\",\"name\":\"Segunda jornada del Seminario de Investigaci\u00f3n, Actualizaci\u00f3n y Vinculaci\u00f3n en Ciencias de la Ingenier\u00eda 2021 - Facultad de Ingenier\u00eda y Ciencias Agropecuarias\",\"isPartOf\":{\"@id\":\"https:\\\/\\\/www.fica.unsl.edu.ar\\\/#website\"},\"primaryImageOfPage\":{\"@id\":\"https:\\\/\\\/www.fica.unsl.edu.ar\\\/index.php\\\/2-siavci-2021\\\/#primaryimage\"},\"image\":{\"@id\":\"https:\\\/\\\/www.fica.unsl.edu.ar\\\/index.php\\\/2-siavci-2021\\\/#primaryimage\"},\"thumbnailUrl\":\"https:\\\/\\\/www.fica.unsl.edu.ar\\\/wp-content\\\/uploads\\\/2021\\\/06\\\/01-segundo.jpg\",\"datePublished\":\"2021-06-08T15:36:36+00:00\",\"dateModified\":\"2021-06-14T15:12:18+00:00\",\"inLanguage\":\"es-AR\",\"potentialAction\":[{\"@type\":\"ReadAction\",\"target\":[\"https:\\\/\\\/www.fica.unsl.edu.ar\\\/index.php\\\/2-siavci-2021\\\/\"]}]},{\"@type\":\"ImageObject\",\"inLanguage\":\"es-AR\",\"@id\":\"https:\\\/\\\/www.fica.unsl.edu.ar\\\/index.php\\\/2-siavci-2021\\\/#primaryimage\",\"url\":\"https:\\\/\\\/www.fica.unsl.edu.ar\\\/wp-content\\\/uploads\\\/2021\\\/06\\\/01-segundo.jpg\",\"contentUrl\":\"https:\\\/\\\/www.fica.unsl.edu.ar\\\/wp-content\\\/uploads\\\/2021\\\/06\\\/01-segundo.jpg\",\"width\":1370,\"height\":717},{\"@type\":\"WebSite\",\"@id\":\"https:\\\/\\\/www.fica.unsl.edu.ar\\\/#website\",\"url\":\"https:\\\/\\\/www.fica.unsl.edu.ar\\\/\",\"name\":\"Facultad de Ingenier\u00eda y Ciencias Agropecuarias\",\"description\":\"\",\"publisher\":{\"@id\":\"https:\\\/\\\/www.fica.unsl.edu.ar\\\/#organization\"},\"potentialAction\":[{\"@type\":\"SearchAction\",\"target\":{\"@type\":\"EntryPoint\",\"urlTemplate\":\"https:\\\/\\\/www.fica.unsl.edu.ar\\\/?s={search_term_string}\"},\"query-input\":{\"@type\":\"PropertyValueSpecification\",\"valueRequired\":true,\"valueName\":\"search_term_string\"}}],\"inLanguage\":\"es-AR\"},{\"@type\":\"Organization\",\"@id\":\"https:\\\/\\\/www.fica.unsl.edu.ar\\\/#organization\",\"name\":\"Facultad de Ingenier\u00eda y Ciencias Agropecuarias\",\"url\":\"https:\\\/\\\/www.fica.unsl.edu.ar\\\/\",\"logo\":{\"@type\":\"ImageObject\",\"inLanguage\":\"es-AR\",\"@id\":\"https:\\\/\\\/www.fica.unsl.edu.ar\\\/#\\\/schema\\\/logo\\\/image\\\/\",\"url\":\"https:\\\/\\\/www.fica.unsl.edu.ar\\\/wp-content\\\/uploads\\\/2021\\\/03\\\/LOGO-1.jpg\",\"contentUrl\":\"https:\\\/\\\/www.fica.unsl.edu.ar\\\/wp-content\\\/uploads\\\/2021\\\/03\\\/LOGO-1.jpg\",\"width\":463,\"height\":145,\"caption\":\"Facultad de Ingenier\u00eda y Ciencias Agropecuarias\"},\"image\":{\"@id\":\"https:\\\/\\\/www.fica.unsl.edu.ar\\\/#\\\/schema\\\/logo\\\/image\\\/\"},\"sameAs\":[\"https:\\\/\\\/www.facebook.com\\\/FICA.UNSL\\\/\",\"https:\\\/\\\/x.com\\\/FICAUNSL\",\"https:\\\/\\\/www.instagram.com\\\/fica.unsl\\\/\",\"https:\\\/\\\/www.youtube.com\\\/channel\\\/UCs2MM53gb2PyBrMySdtWZDQ\"]},{\"@type\":\"Person\",\"@id\":\"https:\\\/\\\/www.fica.unsl.edu.ar\\\/#\\\/schema\\\/person\\\/6058f9c66301868d3a691b1f5d6c3544\",\"name\":\"DATI\"}]}<\/script>\n<!-- \/ Yoast SEO plugin. -->","yoast_head_json":{"title":"Segunda jornada del Seminario de Investigaci\u00f3n, Actualizaci\u00f3n y Vinculaci\u00f3n en Ciencias de la Ingenier\u00eda 2021 - Facultad de Ingenier\u00eda y Ciencias Agropecuarias","robots":{"index":"index","follow":"follow","max-snippet":"max-snippet:-1","max-image-preview":"max-image-preview:large","max-video-preview":"max-video-preview:-1"},"canonical":"https:\/\/www.fica.unsl.edu.ar\/index.php\/2-siavci-2021\/","og_locale":"es_ES","og_type":"article","og_title":"Segunda jornada del Seminario de Investigaci\u00f3n, Actualizaci\u00f3n y Vinculaci\u00f3n en Ciencias de la Ingenier\u00eda 2021 - Facultad de Ingenier\u00eda y Ciencias Agropecuarias","og_description":"La Secretar\u00eda de Investigaci\u00f3n y Posgrado invita a participar de la 2\u00b0 jornada del Seminario de Investigaci\u00f3n, Actualizaci\u00f3n y Vinculaci\u00f3n en Ciencias de la Ingenier\u00eda&hellip;","og_url":"https:\/\/www.fica.unsl.edu.ar\/index.php\/2-siavci-2021\/","og_site_name":"Facultad de Ingenier\u00eda y Ciencias Agropecuarias","article_publisher":"https:\/\/www.facebook.com\/FICA.UNSL\/","article_published_time":"2021-06-08T15:36:36+00:00","article_modified_time":"2021-06-14T15:12:18+00:00","og_image":[{"width":1370,"height":717,"url":"https:\/\/www.fica.unsl.edu.ar\/wp-content\/uploads\/2021\/06\/01-segundo.jpg","type":"image\/jpeg"}],"author":"DATI","twitter_card":"summary_large_image","twitter_creator":"@FICAUNSL","twitter_site":"@FICAUNSL","twitter_misc":{"Escrito por":"DATI","Tiempo de lectura":"3 minutos"},"schema":{"@context":"https:\/\/schema.org","@graph":[{"@type":"Article","@id":"https:\/\/www.fica.unsl.edu.ar\/index.php\/2-siavci-2021\/#article","isPartOf":{"@id":"https:\/\/www.fica.unsl.edu.ar\/index.php\/2-siavci-2021\/"},"author":{"name":"DATI","@id":"https:\/\/www.fica.unsl.edu.ar\/#\/schema\/person\/6058f9c66301868d3a691b1f5d6c3544"},"headline":"Segunda jornada del Seminario de Investigaci\u00f3n, Actualizaci\u00f3n y Vinculaci\u00f3n en Ciencias de la Ingenier\u00eda 2021","datePublished":"2021-06-08T15:36:36+00:00","dateModified":"2021-06-14T15:12:18+00:00","mainEntityOfPage":{"@id":"https:\/\/www.fica.unsl.edu.ar\/index.php\/2-siavci-2021\/"},"wordCount":448,"publisher":{"@id":"https:\/\/www.fica.unsl.edu.ar\/#organization"},"image":{"@id":"https:\/\/www.fica.unsl.edu.ar\/index.php\/2-siavci-2021\/#primaryimage"},"thumbnailUrl":"https:\/\/www.fica.unsl.edu.ar\/wp-content\/uploads\/2021\/06\/01-segundo.jpg","articleSection":["Archivadas"],"inLanguage":"es-AR"},{"@type":"WebPage","@id":"https:\/\/www.fica.unsl.edu.ar\/index.php\/2-siavci-2021\/","url":"https:\/\/www.fica.unsl.edu.ar\/index.php\/2-siavci-2021\/","name":"Segunda jornada del Seminario de Investigaci\u00f3n, Actualizaci\u00f3n y Vinculaci\u00f3n en Ciencias de la Ingenier\u00eda 2021 - Facultad de Ingenier\u00eda y Ciencias Agropecuarias","isPartOf":{"@id":"https:\/\/www.fica.unsl.edu.ar\/#website"},"primaryImageOfPage":{"@id":"https:\/\/www.fica.unsl.edu.ar\/index.php\/2-siavci-2021\/#primaryimage"},"image":{"@id":"https:\/\/www.fica.unsl.edu.ar\/index.php\/2-siavci-2021\/#primaryimage"},"thumbnailUrl":"https:\/\/www.fica.unsl.edu.ar\/wp-content\/uploads\/2021\/06\/01-segundo.jpg","datePublished":"2021-06-08T15:36:36+00:00","dateModified":"2021-06-14T15:12:18+00:00","inLanguage":"es-AR","potentialAction":[{"@type":"ReadAction","target":["https:\/\/www.fica.unsl.edu.ar\/index.php\/2-siavci-2021\/"]}]},{"@type":"ImageObject","inLanguage":"es-AR","@id":"https:\/\/www.fica.unsl.edu.ar\/index.php\/2-siavci-2021\/#primaryimage","url":"https:\/\/www.fica.unsl.edu.ar\/wp-content\/uploads\/2021\/06\/01-segundo.jpg","contentUrl":"https:\/\/www.fica.unsl.edu.ar\/wp-content\/uploads\/2021\/06\/01-segundo.jpg","width":1370,"height":717},{"@type":"WebSite","@id":"https:\/\/www.fica.unsl.edu.ar\/#website","url":"https:\/\/www.fica.unsl.edu.ar\/","name":"Facultad de Ingenier\u00eda y Ciencias Agropecuarias","description":"","publisher":{"@id":"https:\/\/www.fica.unsl.edu.ar\/#organization"},"potentialAction":[{"@type":"SearchAction","target":{"@type":"EntryPoint","urlTemplate":"https:\/\/www.fica.unsl.edu.ar\/?s={search_term_string}"},"query-input":{"@type":"PropertyValueSpecification","valueRequired":true,"valueName":"search_term_string"}}],"inLanguage":"es-AR"},{"@type":"Organization","@id":"https:\/\/www.fica.unsl.edu.ar\/#organization","name":"Facultad de Ingenier\u00eda y Ciencias Agropecuarias","url":"https:\/\/www.fica.unsl.edu.ar\/","logo":{"@type":"ImageObject","inLanguage":"es-AR","@id":"https:\/\/www.fica.unsl.edu.ar\/#\/schema\/logo\/image\/","url":"https:\/\/www.fica.unsl.edu.ar\/wp-content\/uploads\/2021\/03\/LOGO-1.jpg","contentUrl":"https:\/\/www.fica.unsl.edu.ar\/wp-content\/uploads\/2021\/03\/LOGO-1.jpg","width":463,"height":145,"caption":"Facultad de Ingenier\u00eda y Ciencias Agropecuarias"},"image":{"@id":"https:\/\/www.fica.unsl.edu.ar\/#\/schema\/logo\/image\/"},"sameAs":["https:\/\/www.facebook.com\/FICA.UNSL\/","https:\/\/x.com\/FICAUNSL","https:\/\/www.instagram.com\/fica.unsl\/","https:\/\/www.youtube.com\/channel\/UCs2MM53gb2PyBrMySdtWZDQ"]},{"@type":"Person","@id":"https:\/\/www.fica.unsl.edu.ar\/#\/schema\/person\/6058f9c66301868d3a691b1f5d6c3544","name":"DATI"}]}},"_links":{"self":[{"href":"https:\/\/www.fica.unsl.edu.ar\/index.php\/wp-json\/wp\/v2\/posts\/5187","targetHints":{"allow":["GET"]}}],"collection":[{"href":"https:\/\/www.fica.unsl.edu.ar\/index.php\/wp-json\/wp\/v2\/posts"}],"about":[{"href":"https:\/\/www.fica.unsl.edu.ar\/index.php\/wp-json\/wp\/v2\/types\/post"}],"author":[{"embeddable":true,"href":"https:\/\/www.fica.unsl.edu.ar\/index.php\/wp-json\/wp\/v2\/users\/9"}],"replies":[{"embeddable":true,"href":"https:\/\/www.fica.unsl.edu.ar\/index.php\/wp-json\/wp\/v2\/comments?post=5187"}],"version-history":[{"count":1,"href":"https:\/\/www.fica.unsl.edu.ar\/index.php\/wp-json\/wp\/v2\/posts\/5187\/revisions"}],"predecessor-version":[{"id":5191,"href":"https:\/\/www.fica.unsl.edu.ar\/index.php\/wp-json\/wp\/v2\/posts\/5187\/revisions\/5191"}],"wp:featuredmedia":[{"embeddable":true,"href":"https:\/\/www.fica.unsl.edu.ar\/index.php\/wp-json\/wp\/v2\/media\/5200"}],"wp:attachment":[{"href":"https:\/\/www.fica.unsl.edu.ar\/index.php\/wp-json\/wp\/v2\/media?parent=5187"}],"wp:term":[{"taxonomy":"category","embeddable":true,"href":"https:\/\/www.fica.unsl.edu.ar\/index.php\/wp-json\/wp\/v2\/categories?post=5187"},{"taxonomy":"post_tag","embeddable":true,"href":"https:\/\/www.fica.unsl.edu.ar\/index.php\/wp-json\/wp\/v2\/tags?post=5187"}],"curies":[{"name":"wp","href":"https:\/\/api.w.org\/{rel}","templated":true}]}}