{"id":5192,"date":"2021-06-08T12:49:07","date_gmt":"2021-06-08T15:49:07","guid":{"rendered":"http:\/\/10.101.10.196\/www\/?p=5192"},"modified":"2022-02-22T09:19:48","modified_gmt":"2022-02-22T12:19:48","slug":"vacunacion-covid-personal-universitario","status":"publish","type":"post","link":"https:\/\/www.fica.unsl.edu.ar\/index.php\/vacunacion-covid-personal-universitario\/","title":{"rendered":"Vacunaci\u00f3n contra el COVID del personal universitario"},"content":{"rendered":"<p>La Universidad Nacional de San Luis (UNSL), en virtud de negociaciones realizadas con el Ministro de Educaci\u00f3n, Andres Dermechkoff relacionada con la vacunaci\u00f3n contra el COVID del personal docente y nodocente de la UNSL, se ha comprometido a aportar al Gobierno un listado de dicho personal que a\u00fan no ha sido vacunado o que cuenta con una dosis con el objetivo de priorizar su vacunaci\u00f3n por estar afectado al sector de la Educaci\u00f3n.<\/p>\n<p>En el caso del sector docente, con la colaboraci\u00f3n de los tres gremios que los nuclean, deber\u00e1n completar el formulario de inscripci\u00f3n en el sitio San Luis Vacuna, de corresponder, y luego completar uno de los formularios publicados por los gremios, est\u00e9 o no afiliado al mismo, y cuyo link se informa al pie. Los listados provistos por los gremios ser\u00e1n centralizados por la UNSL y remitidos al Gobierno Provincial en los pr\u00f3ximos d\u00edas.<\/p>\n<p>En el caso del sector nodocente, con la colaboraci\u00f3n del gremio APUNSL, deber\u00e1n completar el formulario de inscripci\u00f3n en el sitio San Luis Vacuna, de corresponder, y luego completar el formulario publicado por el gremio, est\u00e9 o no afiliado al mismo, y cuyo link se informa al pie. El listado provisto por el gremio ser\u00e1 centralizado por la UNSL y remitido al Gobierno Provincial en los pr\u00f3ximos d\u00edas.<\/p>\n<p>La vacunaci\u00f3n es la herramienta m\u00e1s importante para frenar esta pandemia.<\/p>\n<p><a href=\"https:\/\/docs.google.com\/forms\/d\/e\/1FAIpQLSe2x2yNN-oLGKW8WTJy8Gm6YU2aqqB2jGjM4lYLL3vhLpbNrQ\/viewform\" target=\"_blank\" rel=\"noopener\">Asociaci\u00f3n de Docentes Universitarios San Luis (ADU)<\/a><br \/>\n<a href=\"https:\/\/docs.google.com\/forms\/d\/e\/1FAIpQLScRvzICo0i7TXYGnrT6zNtHrrKj6v_ouUen5YC-pjnShiertw\/viewform\" target=\"_blank\" rel=\"noopener\">Sindicato de Docentes e Investigadores Universitarios San Luis (SiDIU)<\/a><br \/>\n<a href=\"https:\/\/docs.google.com\/forms\/d\/e\/1FAIpQLSfdTSbMSkgrltcUc5g5P3FL2rwHei43Ac2KpWtivW7QGXuOUw\/viewform\" target=\"_blank\" rel=\"noopener\">Federaci\u00f3n de Docentes de las Universidades (FEDUN)<\/a><br \/>\n<a href=\"https:\/\/docs.google.com\/forms\/d\/e\/1FAIpQLSd_Mv1QQoNW6pCb7oUq5oaGN9-2RvhdJMbxX2qHRPcXI8HwwA\/viewform\" target=\"_blank\" rel=\"noopener\">Asociaci\u00f3n del Personal de la Universidad Nacional de San Luis (APUNSL<\/a>)<\/p>\n<p><strong>Inscripci\u00f3n San Luis Vacuna: <a href=\"https:\/\/vacunacioncovid.sanluis.gov.ar\/Inscripcion\/\">https:\/\/vacunacioncovid.sanluis.gov.ar\/Inscripcion\/<\/a><\/strong><\/p>\n<p>&nbsp;<\/p>\n","protected":false},"excerpt":{"rendered":"<p>La Universidad Nacional de San Luis (UNSL), en virtud de negociaciones realizadas con el Ministro de Educaci\u00f3n, Andres Dermechkoff relacionada con la vacunaci\u00f3n contra el&hellip;<\/p>\n","protected":false},"author":9,"featured_media":4723,"comment_status":"closed","ping_status":"closed","sticky":false,"template":"","format":"standard","meta":{"_monsterinsights_skip_tracking":false,"_monsterinsights_sitenote_active":false,"_monsterinsights_sitenote_note":"","_monsterinsights_sitenote_category":0,"_joinchat":[],"footnotes":""},"categories":[22],"tags":[],"class_list":["post-5192","post","type-post","status-publish","format-standard","has-post-thumbnail","hentry","category-archivadas"],"yoast_head":"<!-- This site is optimized with the Yoast SEO plugin v27.4 - https:\/\/yoast.com\/product\/yoast-seo-wordpress\/ -->\n<title>Vacunaci\u00f3n contra el COVID del personal universitario - Facultad de Ingenier\u00eda y Ciencias Agropecuarias<\/title>\n<meta name=\"robots\" content=\"index, follow, max-snippet:-1, max-image-preview:large, max-video-preview:-1\" \/>\n<link rel=\"canonical\" href=\"https:\/\/www.fica.unsl.edu.ar\/index.php\/vacunacion-covid-personal-universitario\/\" \/>\n<meta property=\"og:locale\" content=\"es_ES\" \/>\n<meta property=\"og:type\" content=\"article\" \/>\n<meta property=\"og:title\" content=\"Vacunaci\u00f3n contra el COVID del personal universitario - Facultad de Ingenier\u00eda y Ciencias Agropecuarias\" \/>\n<meta property=\"og:description\" content=\"La Universidad Nacional de San Luis (UNSL), en virtud de negociaciones realizadas con el Ministro de Educaci\u00f3n, Andres Dermechkoff relacionada con la vacunaci\u00f3n contra el&hellip;\" \/>\n<meta property=\"og:url\" content=\"https:\/\/www.fica.unsl.edu.ar\/index.php\/vacunacion-covid-personal-universitario\/\" \/>\n<meta property=\"og:site_name\" content=\"Facultad de Ingenier\u00eda y Ciencias Agropecuarias\" \/>\n<meta property=\"article:publisher\" content=\"https:\/\/www.facebook.com\/FICA.UNSL\/\" \/>\n<meta property=\"article:published_time\" content=\"2021-06-08T15:49:07+00:00\" \/>\n<meta property=\"article:modified_time\" content=\"2022-02-22T12:19:48+00:00\" \/>\n<meta property=\"og:image\" content=\"https:\/\/www.fica.unsl.edu.ar\/wp-content\/uploads\/2021\/04\/antigripal-02.jpg\" \/>\n\t<meta property=\"og:image:width\" content=\"1061\" \/>\n\t<meta property=\"og:image:height\" content=\"600\" \/>\n\t<meta property=\"og:image:type\" content=\"image\/jpeg\" \/>\n<meta name=\"author\" content=\"DATI\" \/>\n<meta name=\"twitter:card\" content=\"summary_large_image\" \/>\n<meta name=\"twitter:creator\" content=\"@FICAUNSL\" \/>\n<meta name=\"twitter:site\" content=\"@FICAUNSL\" \/>\n<meta name=\"twitter:label1\" content=\"Escrito por\" \/>\n\t<meta name=\"twitter:data1\" content=\"DATI\" \/>\n\t<meta name=\"twitter:label2\" content=\"Tiempo de lectura\" \/>\n\t<meta name=\"twitter:data2\" content=\"2 minutos\" \/>\n<script type=\"application\/ld+json\" class=\"yoast-schema-graph\">{\"@context\":\"https:\\\/\\\/schema.org\",\"@graph\":[{\"@type\":\"Article\",\"@id\":\"https:\\\/\\\/www.fica.unsl.edu.ar\\\/index.php\\\/vacunacion-covid-personal-universitario\\\/#article\",\"isPartOf\":{\"@id\":\"https:\\\/\\\/www.fica.unsl.edu.ar\\\/index.php\\\/vacunacion-covid-personal-universitario\\\/\"},\"author\":{\"name\":\"DATI\",\"@id\":\"https:\\\/\\\/www.fica.unsl.edu.ar\\\/#\\\/schema\\\/person\\\/6058f9c66301868d3a691b1f5d6c3544\"},\"headline\":\"Vacunaci\u00f3n contra el COVID del personal universitario\",\"datePublished\":\"2021-06-08T15:49:07+00:00\",\"dateModified\":\"2022-02-22T12:19:48+00:00\",\"mainEntityOfPage\":{\"@id\":\"https:\\\/\\\/www.fica.unsl.edu.ar\\\/index.php\\\/vacunacion-covid-personal-universitario\\\/\"},\"wordCount\":301,\"publisher\":{\"@id\":\"https:\\\/\\\/www.fica.unsl.edu.ar\\\/#organization\"},\"image\":{\"@id\":\"https:\\\/\\\/www.fica.unsl.edu.ar\\\/index.php\\\/vacunacion-covid-personal-universitario\\\/#primaryimage\"},\"thumbnailUrl\":\"https:\\\/\\\/www.fica.unsl.edu.ar\\\/wp-content\\\/uploads\\\/2021\\\/04\\\/antigripal-02.jpg\",\"articleSection\":[\"Archivadas\"],\"inLanguage\":\"es-AR\"},{\"@type\":\"WebPage\",\"@id\":\"https:\\\/\\\/www.fica.unsl.edu.ar\\\/index.php\\\/vacunacion-covid-personal-universitario\\\/\",\"url\":\"https:\\\/\\\/www.fica.unsl.edu.ar\\\/index.php\\\/vacunacion-covid-personal-universitario\\\/\",\"name\":\"Vacunaci\u00f3n contra el COVID del personal universitario - Facultad de Ingenier\u00eda y Ciencias Agropecuarias\",\"isPartOf\":{\"@id\":\"https:\\\/\\\/www.fica.unsl.edu.ar\\\/#website\"},\"primaryImageOfPage\":{\"@id\":\"https:\\\/\\\/www.fica.unsl.edu.ar\\\/index.php\\\/vacunacion-covid-personal-universitario\\\/#primaryimage\"},\"image\":{\"@id\":\"https:\\\/\\\/www.fica.unsl.edu.ar\\\/index.php\\\/vacunacion-covid-personal-universitario\\\/#primaryimage\"},\"thumbnailUrl\":\"https:\\\/\\\/www.fica.unsl.edu.ar\\\/wp-content\\\/uploads\\\/2021\\\/04\\\/antigripal-02.jpg\",\"datePublished\":\"2021-06-08T15:49:07+00:00\",\"dateModified\":\"2022-02-22T12:19:48+00:00\",\"inLanguage\":\"es-AR\",\"potentialAction\":[{\"@type\":\"ReadAction\",\"target\":[\"https:\\\/\\\/www.fica.unsl.edu.ar\\\/index.php\\\/vacunacion-covid-personal-universitario\\\/\"]}]},{\"@type\":\"ImageObject\",\"inLanguage\":\"es-AR\",\"@id\":\"https:\\\/\\\/www.fica.unsl.edu.ar\\\/index.php\\\/vacunacion-covid-personal-universitario\\\/#primaryimage\",\"url\":\"https:\\\/\\\/www.fica.unsl.edu.ar\\\/wp-content\\\/uploads\\\/2021\\\/04\\\/antigripal-02.jpg\",\"contentUrl\":\"https:\\\/\\\/www.fica.unsl.edu.ar\\\/wp-content\\\/uploads\\\/2021\\\/04\\\/antigripal-02.jpg\",\"width\":1061,\"height\":600},{\"@type\":\"WebSite\",\"@id\":\"https:\\\/\\\/www.fica.unsl.edu.ar\\\/#website\",\"url\":\"https:\\\/\\\/www.fica.unsl.edu.ar\\\/\",\"name\":\"Facultad de Ingenier\u00eda y Ciencias Agropecuarias\",\"description\":\"\",\"publisher\":{\"@id\":\"https:\\\/\\\/www.fica.unsl.edu.ar\\\/#organization\"},\"potentialAction\":[{\"@type\":\"SearchAction\",\"target\":{\"@type\":\"EntryPoint\",\"urlTemplate\":\"https:\\\/\\\/www.fica.unsl.edu.ar\\\/?s={search_term_string}\"},\"query-input\":{\"@type\":\"PropertyValueSpecification\",\"valueRequired\":true,\"valueName\":\"search_term_string\"}}],\"inLanguage\":\"es-AR\"},{\"@type\":\"Organization\",\"@id\":\"https:\\\/\\\/www.fica.unsl.edu.ar\\\/#organization\",\"name\":\"Facultad de Ingenier\u00eda y Ciencias Agropecuarias\",\"url\":\"https:\\\/\\\/www.fica.unsl.edu.ar\\\/\",\"logo\":{\"@type\":\"ImageObject\",\"inLanguage\":\"es-AR\",\"@id\":\"https:\\\/\\\/www.fica.unsl.edu.ar\\\/#\\\/schema\\\/logo\\\/image\\\/\",\"url\":\"https:\\\/\\\/www.fica.unsl.edu.ar\\\/wp-content\\\/uploads\\\/2021\\\/03\\\/LOGO-1.jpg\",\"contentUrl\":\"https:\\\/\\\/www.fica.unsl.edu.ar\\\/wp-content\\\/uploads\\\/2021\\\/03\\\/LOGO-1.jpg\",\"width\":463,\"height\":145,\"caption\":\"Facultad de Ingenier\u00eda y Ciencias Agropecuarias\"},\"image\":{\"@id\":\"https:\\\/\\\/www.fica.unsl.edu.ar\\\/#\\\/schema\\\/logo\\\/image\\\/\"},\"sameAs\":[\"https:\\\/\\\/www.facebook.com\\\/FICA.UNSL\\\/\",\"https:\\\/\\\/x.com\\\/FICAUNSL\",\"https:\\\/\\\/www.instagram.com\\\/fica.unsl\\\/\",\"https:\\\/\\\/www.youtube.com\\\/channel\\\/UCs2MM53gb2PyBrMySdtWZDQ\"]},{\"@type\":\"Person\",\"@id\":\"https:\\\/\\\/www.fica.unsl.edu.ar\\\/#\\\/schema\\\/person\\\/6058f9c66301868d3a691b1f5d6c3544\",\"name\":\"DATI\"}]}<\/script>\n<!-- \/ Yoast SEO plugin. -->","yoast_head_json":{"title":"Vacunaci\u00f3n contra el COVID del personal universitario - Facultad de Ingenier\u00eda y Ciencias Agropecuarias","robots":{"index":"index","follow":"follow","max-snippet":"max-snippet:-1","max-image-preview":"max-image-preview:large","max-video-preview":"max-video-preview:-1"},"canonical":"https:\/\/www.fica.unsl.edu.ar\/index.php\/vacunacion-covid-personal-universitario\/","og_locale":"es_ES","og_type":"article","og_title":"Vacunaci\u00f3n contra el COVID del personal universitario - Facultad de Ingenier\u00eda y Ciencias Agropecuarias","og_description":"La Universidad Nacional de San Luis (UNSL), en virtud de negociaciones realizadas con el Ministro de Educaci\u00f3n, Andres Dermechkoff relacionada con la vacunaci\u00f3n contra el&hellip;","og_url":"https:\/\/www.fica.unsl.edu.ar\/index.php\/vacunacion-covid-personal-universitario\/","og_site_name":"Facultad de Ingenier\u00eda y Ciencias Agropecuarias","article_publisher":"https:\/\/www.facebook.com\/FICA.UNSL\/","article_published_time":"2021-06-08T15:49:07+00:00","article_modified_time":"2022-02-22T12:19:48+00:00","og_image":[{"width":1061,"height":600,"url":"https:\/\/www.fica.unsl.edu.ar\/wp-content\/uploads\/2021\/04\/antigripal-02.jpg","type":"image\/jpeg"}],"author":"DATI","twitter_card":"summary_large_image","twitter_creator":"@FICAUNSL","twitter_site":"@FICAUNSL","twitter_misc":{"Escrito por":"DATI","Tiempo de lectura":"2 minutos"},"schema":{"@context":"https:\/\/schema.org","@graph":[{"@type":"Article","@id":"https:\/\/www.fica.unsl.edu.ar\/index.php\/vacunacion-covid-personal-universitario\/#article","isPartOf":{"@id":"https:\/\/www.fica.unsl.edu.ar\/index.php\/vacunacion-covid-personal-universitario\/"},"author":{"name":"DATI","@id":"https:\/\/www.fica.unsl.edu.ar\/#\/schema\/person\/6058f9c66301868d3a691b1f5d6c3544"},"headline":"Vacunaci\u00f3n contra el COVID del personal universitario","datePublished":"2021-06-08T15:49:07+00:00","dateModified":"2022-02-22T12:19:48+00:00","mainEntityOfPage":{"@id":"https:\/\/www.fica.unsl.edu.ar\/index.php\/vacunacion-covid-personal-universitario\/"},"wordCount":301,"publisher":{"@id":"https:\/\/www.fica.unsl.edu.ar\/#organization"},"image":{"@id":"https:\/\/www.fica.unsl.edu.ar\/index.php\/vacunacion-covid-personal-universitario\/#primaryimage"},"thumbnailUrl":"https:\/\/www.fica.unsl.edu.ar\/wp-content\/uploads\/2021\/04\/antigripal-02.jpg","articleSection":["Archivadas"],"inLanguage":"es-AR"},{"@type":"WebPage","@id":"https:\/\/www.fica.unsl.edu.ar\/index.php\/vacunacion-covid-personal-universitario\/","url":"https:\/\/www.fica.unsl.edu.ar\/index.php\/vacunacion-covid-personal-universitario\/","name":"Vacunaci\u00f3n contra el COVID del personal universitario - Facultad de Ingenier\u00eda y Ciencias Agropecuarias","isPartOf":{"@id":"https:\/\/www.fica.unsl.edu.ar\/#website"},"primaryImageOfPage":{"@id":"https:\/\/www.fica.unsl.edu.ar\/index.php\/vacunacion-covid-personal-universitario\/#primaryimage"},"image":{"@id":"https:\/\/www.fica.unsl.edu.ar\/index.php\/vacunacion-covid-personal-universitario\/#primaryimage"},"thumbnailUrl":"https:\/\/www.fica.unsl.edu.ar\/wp-content\/uploads\/2021\/04\/antigripal-02.jpg","datePublished":"2021-06-08T15:49:07+00:00","dateModified":"2022-02-22T12:19:48+00:00","inLanguage":"es-AR","potentialAction":[{"@type":"ReadAction","target":["https:\/\/www.fica.unsl.edu.ar\/index.php\/vacunacion-covid-personal-universitario\/"]}]},{"@type":"ImageObject","inLanguage":"es-AR","@id":"https:\/\/www.fica.unsl.edu.ar\/index.php\/vacunacion-covid-personal-universitario\/#primaryimage","url":"https:\/\/www.fica.unsl.edu.ar\/wp-content\/uploads\/2021\/04\/antigripal-02.jpg","contentUrl":"https:\/\/www.fica.unsl.edu.ar\/wp-content\/uploads\/2021\/04\/antigripal-02.jpg","width":1061,"height":600},{"@type":"WebSite","@id":"https:\/\/www.fica.unsl.edu.ar\/#website","url":"https:\/\/www.fica.unsl.edu.ar\/","name":"Facultad de Ingenier\u00eda y Ciencias Agropecuarias","description":"","publisher":{"@id":"https:\/\/www.fica.unsl.edu.ar\/#organization"},"potentialAction":[{"@type":"SearchAction","target":{"@type":"EntryPoint","urlTemplate":"https:\/\/www.fica.unsl.edu.ar\/?s={search_term_string}"},"query-input":{"@type":"PropertyValueSpecification","valueRequired":true,"valueName":"search_term_string"}}],"inLanguage":"es-AR"},{"@type":"Organization","@id":"https:\/\/www.fica.unsl.edu.ar\/#organization","name":"Facultad de Ingenier\u00eda y Ciencias Agropecuarias","url":"https:\/\/www.fica.unsl.edu.ar\/","logo":{"@type":"ImageObject","inLanguage":"es-AR","@id":"https:\/\/www.fica.unsl.edu.ar\/#\/schema\/logo\/image\/","url":"https:\/\/www.fica.unsl.edu.ar\/wp-content\/uploads\/2021\/03\/LOGO-1.jpg","contentUrl":"https:\/\/www.fica.unsl.edu.ar\/wp-content\/uploads\/2021\/03\/LOGO-1.jpg","width":463,"height":145,"caption":"Facultad de Ingenier\u00eda y Ciencias Agropecuarias"},"image":{"@id":"https:\/\/www.fica.unsl.edu.ar\/#\/schema\/logo\/image\/"},"sameAs":["https:\/\/www.facebook.com\/FICA.UNSL\/","https:\/\/x.com\/FICAUNSL","https:\/\/www.instagram.com\/fica.unsl\/","https:\/\/www.youtube.com\/channel\/UCs2MM53gb2PyBrMySdtWZDQ"]},{"@type":"Person","@id":"https:\/\/www.fica.unsl.edu.ar\/#\/schema\/person\/6058f9c66301868d3a691b1f5d6c3544","name":"DATI"}]}},"_links":{"self":[{"href":"https:\/\/www.fica.unsl.edu.ar\/index.php\/wp-json\/wp\/v2\/posts\/5192","targetHints":{"allow":["GET"]}}],"collection":[{"href":"https:\/\/www.fica.unsl.edu.ar\/index.php\/wp-json\/wp\/v2\/posts"}],"about":[{"href":"https:\/\/www.fica.unsl.edu.ar\/index.php\/wp-json\/wp\/v2\/types\/post"}],"author":[{"embeddable":true,"href":"https:\/\/www.fica.unsl.edu.ar\/index.php\/wp-json\/wp\/v2\/users\/9"}],"replies":[{"embeddable":true,"href":"https:\/\/www.fica.unsl.edu.ar\/index.php\/wp-json\/wp\/v2\/comments?post=5192"}],"version-history":[{"count":5,"href":"https:\/\/www.fica.unsl.edu.ar\/index.php\/wp-json\/wp\/v2\/posts\/5192\/revisions"}],"predecessor-version":[{"id":5198,"href":"https:\/\/www.fica.unsl.edu.ar\/index.php\/wp-json\/wp\/v2\/posts\/5192\/revisions\/5198"}],"wp:featuredmedia":[{"embeddable":true,"href":"https:\/\/www.fica.unsl.edu.ar\/index.php\/wp-json\/wp\/v2\/media\/4723"}],"wp:attachment":[{"href":"https:\/\/www.fica.unsl.edu.ar\/index.php\/wp-json\/wp\/v2\/media?parent=5192"}],"wp:term":[{"taxonomy":"category","embeddable":true,"href":"https:\/\/www.fica.unsl.edu.ar\/index.php\/wp-json\/wp\/v2\/categories?post=5192"},{"taxonomy":"post_tag","embeddable":true,"href":"https:\/\/www.fica.unsl.edu.ar\/index.php\/wp-json\/wp\/v2\/tags?post=5192"}],"curies":[{"name":"wp","href":"https:\/\/api.w.org\/{rel}","templated":true}]}}