{"id":5480,"date":"2021-06-18T10:10:56","date_gmt":"2021-06-18T13:10:56","guid":{"rendered":"http:\/\/10.101.10.196\/www\/?p=5480"},"modified":"2021-09-15T08:39:56","modified_gmt":"2021-09-15T11:39:56","slug":"el-mincyt-destinara-70-millones-de-pesos-para-financiar-proyectos-de-tecnologia-e-innovacion-social","status":"publish","type":"post","link":"https:\/\/www.fica.unsl.edu.ar\/index.php\/el-mincyt-destinara-70-millones-de-pesos-para-financiar-proyectos-de-tecnologia-e-innovacion-social\/","title":{"rendered":"El MINCYT destinar\u00e1 70 millones de pesos para financiar proyectos de tecnolog\u00eda e innovaci\u00f3n social"},"content":{"rendered":"<p>Hasta el 27 de agosto se encuentran abiertas las convocatorias \u201cProyectos Asociativos de Dise\u00f1o\u201d y \u201cProyectos de Tecnolog\u00edas para la Inclusi\u00f3n Social\u201d. Se priorizar\u00e1n aquellas propuestas que se propongan brindar respuestas a las problem\u00e1ticas que resultan de la pandemia, en especial aquellas que se encuentren enmarcadas dentro de la pol\u00edtica de Estado que constituye el Plan Nacional Argentina contra el Hambre.<\/p>\n<p>El Ministerio de Ciencia, Tecnolog\u00eda e Innovaci\u00f3n de la Naci\u00f3n, a trav\u00e9s del Programa Nacional de Tecnolog\u00eda e Innovaci\u00f3n Social de la Subsecretar\u00eda de Pol\u00edticas en Ciencia, Tecnolog\u00eda e Innovaci\u00f3n, abri\u00f3 dos convocatorias de car\u00e1cter asociativo que promueven la articulaci\u00f3n entre entidades del Sistema Nacional de Ciencia, Tecnolog\u00eda e Innovaci\u00f3n (SNCTI) y actores de la econom\u00eda social con miras al desarrollo local.<\/p>\n<p>La convocatoria\u00a0<strong>\u201cProyectos de Tecnolog\u00edas para la Inclusi\u00f3n Social\u201d<\/strong>, por un lado, est\u00e1 dirigida a cofinanciar proyectos orientados al desarrollo e implementaci\u00f3n, en territorio, de soluciones tecnol\u00f3gicas que mejoren la calidad de vida de la poblaci\u00f3n, dentro de las siguientes \u00e1reas tem\u00e1ticas: desarrollo productivo, agricultura familiar, h\u00e1bitat social, discapacidad o salud. Para tal fin, el Ministerio adjudicar\u00e1 la suma total de\u00a0<strong>55 millones de pesos<\/strong>.<\/p>\n<p>Los actores que podr\u00e1n solicitar el subsidio en este caso son: municipios de hasta 50.000 habitantes, asociaciones civiles, fundaciones, cooperativas, entidades sindicales con personer\u00eda gremial, micro y peque\u00f1as empresas, organizaciones de la sociedad civil debidamente constituidas.<\/p>\n<p>Por su parte, la convocatoria\u00a0<strong>\u201cProyectos Asociativos de Dise\u00f1o\u201d<\/strong>\u00a0dispone de un monto total de\u00a0<strong>15 millones de pesos<\/strong>\u00a0para cofinanciar proyectos que tengan por finalidad la incorporaci\u00f3n del dise\u00f1o como factor estrat\u00e9gico de innovaci\u00f3n en peque\u00f1as unidades productivas, microemprendimientos, cooperativas, y empresas recuperadas y autogestionadas por sus trabajadores\/as.<\/p>\n<p>Los proyectos seleccionados en cada una de las convocatorias recibir\u00e1n un subsidio de hasta $1.500.000. El MINCyT cofinanciar\u00e1 hasta el 70% del costo total del proyecto, debiendo la contraparte aportar el 30% restante. La presentaci\u00f3n de las ideas proyecto podr\u00e1 realizarse hasta el 27 de agosto de 2021 inclusive.<\/p>\n<p>\u201cLa estrategia de plantear desaf\u00edos o demandas concretas a partir de las cuales se dise\u00f1en distintas intervenciones es uno de los pilares de la construcci\u00f3n del Plan Nacional de Ciencia, Tecnolog\u00eda e Innovaci\u00f3n 2030. Por ello, estas convocatorias tienen como objetivo impulsar ideas y proyectos que permitan aportar soluciones de base cient\u00edfico tecnol\u00f3gica a problem\u00e1ticas de car\u00e1cter social. Es decir, a partir de demandas construidas por actores sociales, buscar su asociaci\u00f3n con el sector cient\u00edfico y tecnol\u00f3gico para la resoluci\u00f3n de problemas, por ejemplo, en cooperativas de trabajo, asociaciones civiles, municipios\u201d, declar\u00f3 la subsecretaria de Pol\u00edticas en Ciencia, Tecnolog\u00eda e Innovaci\u00f3n, Cecilia Sleiman.<\/p>\n<p>En ambos llamados las entidades solicitantes deber\u00e1n conformar un n\u00facleo asociativo, el cual estar\u00e1 integrado por una o m\u00e1s de las entidades mencionadas en cada caso y, al menos, una entidad del SNCTI, como universidades, centros o institutos de investigaci\u00f3n, terciarios o escuelas especializadas, u organizaciones que posean \u00e1reas de investigaci\u00f3n y desarrollo tecnol\u00f3gico.<\/p>\n<p>Vale destacar que, ante la emergencia sanitaria producida por el COVID-19, en esta oportunidad se priorizar\u00e1n aquellas propuestas que se propongan brindar respuestas a las problem\u00e1ticas que resultan de la pandemia, en especial aquellas que se encuentren enmarcadas dentro de la pol\u00edtica de Estado que constituye el\u00a0<a href=\"https:\/\/www.argentina.gob.ar\/argentina-contra-el-hambre\/canales-de-comercializacion-para-la-economia-social\">Plan Nacional Argentina contra el Hambre<\/a><\/p>\n<p><a href=\"https:\/\/www.argentina.gob.ar\/ciencia\/innovar-para-incluir\/convocatorias-del-programa-nacional-de-tecnologia-e-innovacion-social-1\">M\u00e1s informaci\u00f3n sobre c\u00f3mo aplicar a los \u201cProyectos Asociativos de Dise\u00f1o\u201d.<\/a><\/p>\n<p><a href=\"https:\/\/www.argentina.gob.ar\/ciencia\/innovar-para-incluir\/convocatorias-del-programa-nacional-de-tecnologia-e-innovacion-social-0\">M\u00e1s informaci\u00f3n sobre c\u00f3mo aplicar a los \u201cProyectos de Tecnolog\u00edas para la Inclusi\u00f3n Social\u201d.<\/a><\/p>\n<p><strong>\u00a0<\/strong><\/p>\n","protected":false},"excerpt":{"rendered":"<p>Hasta el 27 de agosto se encuentran abiertas las convocatorias \u201cProyectos Asociativos de Dise\u00f1o\u201d y \u201cProyectos de Tecnolog\u00edas para la Inclusi\u00f3n Social\u201d. Se priorizar\u00e1n aquellas&hellip;<\/p>\n","protected":false},"author":9,"featured_media":5481,"comment_status":"closed","ping_status":"closed","sticky":false,"template":"","format":"standard","meta":{"_monsterinsights_skip_tracking":false,"_monsterinsights_sitenote_active":false,"_monsterinsights_sitenote_note":"","_monsterinsights_sitenote_category":0,"_joinchat":[],"footnotes":""},"categories":[22],"tags":[],"class_list":["post-5480","post","type-post","status-publish","format-standard","has-post-thumbnail","hentry","category-archivadas"],"yoast_head":"<!-- This site is optimized with the Yoast SEO plugin v27.4 - https:\/\/yoast.com\/product\/yoast-seo-wordpress\/ -->\n<title>El MINCYT destinar\u00e1 70 millones de pesos para financiar proyectos de tecnolog\u00eda e innovaci\u00f3n social - Facultad de Ingenier\u00eda y Ciencias Agropecuarias<\/title>\n<meta name=\"robots\" content=\"index, follow, max-snippet:-1, max-image-preview:large, max-video-preview:-1\" \/>\n<link rel=\"canonical\" href=\"https:\/\/www.fica.unsl.edu.ar\/index.php\/el-mincyt-destinara-70-millones-de-pesos-para-financiar-proyectos-de-tecnologia-e-innovacion-social\/\" \/>\n<meta property=\"og:locale\" content=\"es_ES\" \/>\n<meta property=\"og:type\" content=\"article\" \/>\n<meta property=\"og:title\" content=\"El MINCYT destinar\u00e1 70 millones de pesos para financiar proyectos de tecnolog\u00eda e innovaci\u00f3n social - Facultad de Ingenier\u00eda y Ciencias Agropecuarias\" \/>\n<meta property=\"og:description\" content=\"Hasta el 27 de agosto se encuentran abiertas las convocatorias \u201cProyectos Asociativos de Dise\u00f1o\u201d y \u201cProyectos de Tecnolog\u00edas para la Inclusi\u00f3n Social\u201d. Se priorizar\u00e1n aquellas&hellip;\" \/>\n<meta property=\"og:url\" content=\"https:\/\/www.fica.unsl.edu.ar\/index.php\/el-mincyt-destinara-70-millones-de-pesos-para-financiar-proyectos-de-tecnologia-e-innovacion-social\/\" \/>\n<meta property=\"og:site_name\" content=\"Facultad de Ingenier\u00eda y Ciencias Agropecuarias\" \/>\n<meta property=\"article:publisher\" content=\"https:\/\/www.facebook.com\/FICA.UNSL\/\" \/>\n<meta property=\"article:published_time\" content=\"2021-06-18T13:10:56+00:00\" \/>\n<meta property=\"article:modified_time\" content=\"2021-09-15T11:39:56+00:00\" \/>\n<meta property=\"og:image\" content=\"https:\/\/www.fica.unsl.edu.ar\/wp-content\/uploads\/2021\/06\/Captura-2.jpg\" \/>\n\t<meta property=\"og:image:width\" content=\"843\" \/>\n\t<meta property=\"og:image:height\" content=\"293\" \/>\n\t<meta property=\"og:image:type\" content=\"image\/jpeg\" \/>\n<meta name=\"author\" content=\"DATI\" \/>\n<meta name=\"twitter:card\" content=\"summary_large_image\" \/>\n<meta name=\"twitter:creator\" content=\"@FICAUNSL\" \/>\n<meta name=\"twitter:site\" content=\"@FICAUNSL\" \/>\n<meta name=\"twitter:label1\" content=\"Escrito por\" \/>\n\t<meta name=\"twitter:data1\" content=\"DATI\" \/>\n\t<meta name=\"twitter:label2\" content=\"Tiempo de lectura\" \/>\n\t<meta name=\"twitter:data2\" content=\"3 minutos\" \/>\n<script type=\"application\/ld+json\" class=\"yoast-schema-graph\">{\"@context\":\"https:\\\/\\\/schema.org\",\"@graph\":[{\"@type\":\"Article\",\"@id\":\"https:\\\/\\\/www.fica.unsl.edu.ar\\\/index.php\\\/el-mincyt-destinara-70-millones-de-pesos-para-financiar-proyectos-de-tecnologia-e-innovacion-social\\\/#article\",\"isPartOf\":{\"@id\":\"https:\\\/\\\/www.fica.unsl.edu.ar\\\/index.php\\\/el-mincyt-destinara-70-millones-de-pesos-para-financiar-proyectos-de-tecnologia-e-innovacion-social\\\/\"},\"author\":{\"name\":\"DATI\",\"@id\":\"https:\\\/\\\/www.fica.unsl.edu.ar\\\/#\\\/schema\\\/person\\\/6058f9c66301868d3a691b1f5d6c3544\"},\"headline\":\"El MINCYT destinar\u00e1 70 millones de pesos para financiar proyectos de tecnolog\u00eda e innovaci\u00f3n social\",\"datePublished\":\"2021-06-18T13:10:56+00:00\",\"dateModified\":\"2021-09-15T11:39:56+00:00\",\"mainEntityOfPage\":{\"@id\":\"https:\\\/\\\/www.fica.unsl.edu.ar\\\/index.php\\\/el-mincyt-destinara-70-millones-de-pesos-para-financiar-proyectos-de-tecnologia-e-innovacion-social\\\/\"},\"wordCount\":637,\"publisher\":{\"@id\":\"https:\\\/\\\/www.fica.unsl.edu.ar\\\/#organization\"},\"image\":{\"@id\":\"https:\\\/\\\/www.fica.unsl.edu.ar\\\/index.php\\\/el-mincyt-destinara-70-millones-de-pesos-para-financiar-proyectos-de-tecnologia-e-innovacion-social\\\/#primaryimage\"},\"thumbnailUrl\":\"https:\\\/\\\/www.fica.unsl.edu.ar\\\/wp-content\\\/uploads\\\/2021\\\/06\\\/Captura-2.jpg\",\"articleSection\":[\"Archivadas\"],\"inLanguage\":\"es-AR\"},{\"@type\":\"WebPage\",\"@id\":\"https:\\\/\\\/www.fica.unsl.edu.ar\\\/index.php\\\/el-mincyt-destinara-70-millones-de-pesos-para-financiar-proyectos-de-tecnologia-e-innovacion-social\\\/\",\"url\":\"https:\\\/\\\/www.fica.unsl.edu.ar\\\/index.php\\\/el-mincyt-destinara-70-millones-de-pesos-para-financiar-proyectos-de-tecnologia-e-innovacion-social\\\/\",\"name\":\"El MINCYT destinar\u00e1 70 millones de pesos para financiar proyectos de tecnolog\u00eda e innovaci\u00f3n social - Facultad de Ingenier\u00eda y Ciencias Agropecuarias\",\"isPartOf\":{\"@id\":\"https:\\\/\\\/www.fica.unsl.edu.ar\\\/#website\"},\"primaryImageOfPage\":{\"@id\":\"https:\\\/\\\/www.fica.unsl.edu.ar\\\/index.php\\\/el-mincyt-destinara-70-millones-de-pesos-para-financiar-proyectos-de-tecnologia-e-innovacion-social\\\/#primaryimage\"},\"image\":{\"@id\":\"https:\\\/\\\/www.fica.unsl.edu.ar\\\/index.php\\\/el-mincyt-destinara-70-millones-de-pesos-para-financiar-proyectos-de-tecnologia-e-innovacion-social\\\/#primaryimage\"},\"thumbnailUrl\":\"https:\\\/\\\/www.fica.unsl.edu.ar\\\/wp-content\\\/uploads\\\/2021\\\/06\\\/Captura-2.jpg\",\"datePublished\":\"2021-06-18T13:10:56+00:00\",\"dateModified\":\"2021-09-15T11:39:56+00:00\",\"inLanguage\":\"es-AR\",\"potentialAction\":[{\"@type\":\"ReadAction\",\"target\":[\"https:\\\/\\\/www.fica.unsl.edu.ar\\\/index.php\\\/el-mincyt-destinara-70-millones-de-pesos-para-financiar-proyectos-de-tecnologia-e-innovacion-social\\\/\"]}]},{\"@type\":\"ImageObject\",\"inLanguage\":\"es-AR\",\"@id\":\"https:\\\/\\\/www.fica.unsl.edu.ar\\\/index.php\\\/el-mincyt-destinara-70-millones-de-pesos-para-financiar-proyectos-de-tecnologia-e-innovacion-social\\\/#primaryimage\",\"url\":\"https:\\\/\\\/www.fica.unsl.edu.ar\\\/wp-content\\\/uploads\\\/2021\\\/06\\\/Captura-2.jpg\",\"contentUrl\":\"https:\\\/\\\/www.fica.unsl.edu.ar\\\/wp-content\\\/uploads\\\/2021\\\/06\\\/Captura-2.jpg\",\"width\":843,\"height\":293},{\"@type\":\"WebSite\",\"@id\":\"https:\\\/\\\/www.fica.unsl.edu.ar\\\/#website\",\"url\":\"https:\\\/\\\/www.fica.unsl.edu.ar\\\/\",\"name\":\"Facultad de Ingenier\u00eda y Ciencias Agropecuarias\",\"description\":\"\",\"publisher\":{\"@id\":\"https:\\\/\\\/www.fica.unsl.edu.ar\\\/#organization\"},\"potentialAction\":[{\"@type\":\"SearchAction\",\"target\":{\"@type\":\"EntryPoint\",\"urlTemplate\":\"https:\\\/\\\/www.fica.unsl.edu.ar\\\/?s={search_term_string}\"},\"query-input\":{\"@type\":\"PropertyValueSpecification\",\"valueRequired\":true,\"valueName\":\"search_term_string\"}}],\"inLanguage\":\"es-AR\"},{\"@type\":\"Organization\",\"@id\":\"https:\\\/\\\/www.fica.unsl.edu.ar\\\/#organization\",\"name\":\"Facultad de Ingenier\u00eda y Ciencias Agropecuarias\",\"url\":\"https:\\\/\\\/www.fica.unsl.edu.ar\\\/\",\"logo\":{\"@type\":\"ImageObject\",\"inLanguage\":\"es-AR\",\"@id\":\"https:\\\/\\\/www.fica.unsl.edu.ar\\\/#\\\/schema\\\/logo\\\/image\\\/\",\"url\":\"https:\\\/\\\/www.fica.unsl.edu.ar\\\/wp-content\\\/uploads\\\/2021\\\/03\\\/LOGO-1.jpg\",\"contentUrl\":\"https:\\\/\\\/www.fica.unsl.edu.ar\\\/wp-content\\\/uploads\\\/2021\\\/03\\\/LOGO-1.jpg\",\"width\":463,\"height\":145,\"caption\":\"Facultad de Ingenier\u00eda y Ciencias Agropecuarias\"},\"image\":{\"@id\":\"https:\\\/\\\/www.fica.unsl.edu.ar\\\/#\\\/schema\\\/logo\\\/image\\\/\"},\"sameAs\":[\"https:\\\/\\\/www.facebook.com\\\/FICA.UNSL\\\/\",\"https:\\\/\\\/x.com\\\/FICAUNSL\",\"https:\\\/\\\/www.instagram.com\\\/fica.unsl\\\/\",\"https:\\\/\\\/www.youtube.com\\\/channel\\\/UCs2MM53gb2PyBrMySdtWZDQ\"]},{\"@type\":\"Person\",\"@id\":\"https:\\\/\\\/www.fica.unsl.edu.ar\\\/#\\\/schema\\\/person\\\/6058f9c66301868d3a691b1f5d6c3544\",\"name\":\"DATI\"}]}<\/script>\n<!-- \/ Yoast SEO plugin. -->","yoast_head_json":{"title":"El MINCYT destinar\u00e1 70 millones de pesos para financiar proyectos de tecnolog\u00eda e innovaci\u00f3n social - Facultad de Ingenier\u00eda y Ciencias Agropecuarias","robots":{"index":"index","follow":"follow","max-snippet":"max-snippet:-1","max-image-preview":"max-image-preview:large","max-video-preview":"max-video-preview:-1"},"canonical":"https:\/\/www.fica.unsl.edu.ar\/index.php\/el-mincyt-destinara-70-millones-de-pesos-para-financiar-proyectos-de-tecnologia-e-innovacion-social\/","og_locale":"es_ES","og_type":"article","og_title":"El MINCYT destinar\u00e1 70 millones de pesos para financiar proyectos de tecnolog\u00eda e innovaci\u00f3n social - Facultad de Ingenier\u00eda y Ciencias Agropecuarias","og_description":"Hasta el 27 de agosto se encuentran abiertas las convocatorias \u201cProyectos Asociativos de Dise\u00f1o\u201d y \u201cProyectos de Tecnolog\u00edas para la Inclusi\u00f3n Social\u201d. Se priorizar\u00e1n aquellas&hellip;","og_url":"https:\/\/www.fica.unsl.edu.ar\/index.php\/el-mincyt-destinara-70-millones-de-pesos-para-financiar-proyectos-de-tecnologia-e-innovacion-social\/","og_site_name":"Facultad de Ingenier\u00eda y Ciencias Agropecuarias","article_publisher":"https:\/\/www.facebook.com\/FICA.UNSL\/","article_published_time":"2021-06-18T13:10:56+00:00","article_modified_time":"2021-09-15T11:39:56+00:00","og_image":[{"width":843,"height":293,"url":"https:\/\/www.fica.unsl.edu.ar\/wp-content\/uploads\/2021\/06\/Captura-2.jpg","type":"image\/jpeg"}],"author":"DATI","twitter_card":"summary_large_image","twitter_creator":"@FICAUNSL","twitter_site":"@FICAUNSL","twitter_misc":{"Escrito por":"DATI","Tiempo de lectura":"3 minutos"},"schema":{"@context":"https:\/\/schema.org","@graph":[{"@type":"Article","@id":"https:\/\/www.fica.unsl.edu.ar\/index.php\/el-mincyt-destinara-70-millones-de-pesos-para-financiar-proyectos-de-tecnologia-e-innovacion-social\/#article","isPartOf":{"@id":"https:\/\/www.fica.unsl.edu.ar\/index.php\/el-mincyt-destinara-70-millones-de-pesos-para-financiar-proyectos-de-tecnologia-e-innovacion-social\/"},"author":{"name":"DATI","@id":"https:\/\/www.fica.unsl.edu.ar\/#\/schema\/person\/6058f9c66301868d3a691b1f5d6c3544"},"headline":"El MINCYT destinar\u00e1 70 millones de pesos para financiar proyectos de tecnolog\u00eda e innovaci\u00f3n social","datePublished":"2021-06-18T13:10:56+00:00","dateModified":"2021-09-15T11:39:56+00:00","mainEntityOfPage":{"@id":"https:\/\/www.fica.unsl.edu.ar\/index.php\/el-mincyt-destinara-70-millones-de-pesos-para-financiar-proyectos-de-tecnologia-e-innovacion-social\/"},"wordCount":637,"publisher":{"@id":"https:\/\/www.fica.unsl.edu.ar\/#organization"},"image":{"@id":"https:\/\/www.fica.unsl.edu.ar\/index.php\/el-mincyt-destinara-70-millones-de-pesos-para-financiar-proyectos-de-tecnologia-e-innovacion-social\/#primaryimage"},"thumbnailUrl":"https:\/\/www.fica.unsl.edu.ar\/wp-content\/uploads\/2021\/06\/Captura-2.jpg","articleSection":["Archivadas"],"inLanguage":"es-AR"},{"@type":"WebPage","@id":"https:\/\/www.fica.unsl.edu.ar\/index.php\/el-mincyt-destinara-70-millones-de-pesos-para-financiar-proyectos-de-tecnologia-e-innovacion-social\/","url":"https:\/\/www.fica.unsl.edu.ar\/index.php\/el-mincyt-destinara-70-millones-de-pesos-para-financiar-proyectos-de-tecnologia-e-innovacion-social\/","name":"El MINCYT destinar\u00e1 70 millones de pesos para financiar proyectos de tecnolog\u00eda e innovaci\u00f3n social - Facultad de Ingenier\u00eda y Ciencias Agropecuarias","isPartOf":{"@id":"https:\/\/www.fica.unsl.edu.ar\/#website"},"primaryImageOfPage":{"@id":"https:\/\/www.fica.unsl.edu.ar\/index.php\/el-mincyt-destinara-70-millones-de-pesos-para-financiar-proyectos-de-tecnologia-e-innovacion-social\/#primaryimage"},"image":{"@id":"https:\/\/www.fica.unsl.edu.ar\/index.php\/el-mincyt-destinara-70-millones-de-pesos-para-financiar-proyectos-de-tecnologia-e-innovacion-social\/#primaryimage"},"thumbnailUrl":"https:\/\/www.fica.unsl.edu.ar\/wp-content\/uploads\/2021\/06\/Captura-2.jpg","datePublished":"2021-06-18T13:10:56+00:00","dateModified":"2021-09-15T11:39:56+00:00","inLanguage":"es-AR","potentialAction":[{"@type":"ReadAction","target":["https:\/\/www.fica.unsl.edu.ar\/index.php\/el-mincyt-destinara-70-millones-de-pesos-para-financiar-proyectos-de-tecnologia-e-innovacion-social\/"]}]},{"@type":"ImageObject","inLanguage":"es-AR","@id":"https:\/\/www.fica.unsl.edu.ar\/index.php\/el-mincyt-destinara-70-millones-de-pesos-para-financiar-proyectos-de-tecnologia-e-innovacion-social\/#primaryimage","url":"https:\/\/www.fica.unsl.edu.ar\/wp-content\/uploads\/2021\/06\/Captura-2.jpg","contentUrl":"https:\/\/www.fica.unsl.edu.ar\/wp-content\/uploads\/2021\/06\/Captura-2.jpg","width":843,"height":293},{"@type":"WebSite","@id":"https:\/\/www.fica.unsl.edu.ar\/#website","url":"https:\/\/www.fica.unsl.edu.ar\/","name":"Facultad de Ingenier\u00eda y Ciencias Agropecuarias","description":"","publisher":{"@id":"https:\/\/www.fica.unsl.edu.ar\/#organization"},"potentialAction":[{"@type":"SearchAction","target":{"@type":"EntryPoint","urlTemplate":"https:\/\/www.fica.unsl.edu.ar\/?s={search_term_string}"},"query-input":{"@type":"PropertyValueSpecification","valueRequired":true,"valueName":"search_term_string"}}],"inLanguage":"es-AR"},{"@type":"Organization","@id":"https:\/\/www.fica.unsl.edu.ar\/#organization","name":"Facultad de Ingenier\u00eda y Ciencias Agropecuarias","url":"https:\/\/www.fica.unsl.edu.ar\/","logo":{"@type":"ImageObject","inLanguage":"es-AR","@id":"https:\/\/www.fica.unsl.edu.ar\/#\/schema\/logo\/image\/","url":"https:\/\/www.fica.unsl.edu.ar\/wp-content\/uploads\/2021\/03\/LOGO-1.jpg","contentUrl":"https:\/\/www.fica.unsl.edu.ar\/wp-content\/uploads\/2021\/03\/LOGO-1.jpg","width":463,"height":145,"caption":"Facultad de Ingenier\u00eda y Ciencias Agropecuarias"},"image":{"@id":"https:\/\/www.fica.unsl.edu.ar\/#\/schema\/logo\/image\/"},"sameAs":["https:\/\/www.facebook.com\/FICA.UNSL\/","https:\/\/x.com\/FICAUNSL","https:\/\/www.instagram.com\/fica.unsl\/","https:\/\/www.youtube.com\/channel\/UCs2MM53gb2PyBrMySdtWZDQ"]},{"@type":"Person","@id":"https:\/\/www.fica.unsl.edu.ar\/#\/schema\/person\/6058f9c66301868d3a691b1f5d6c3544","name":"DATI"}]}},"_links":{"self":[{"href":"https:\/\/www.fica.unsl.edu.ar\/index.php\/wp-json\/wp\/v2\/posts\/5480","targetHints":{"allow":["GET"]}}],"collection":[{"href":"https:\/\/www.fica.unsl.edu.ar\/index.php\/wp-json\/wp\/v2\/posts"}],"about":[{"href":"https:\/\/www.fica.unsl.edu.ar\/index.php\/wp-json\/wp\/v2\/types\/post"}],"author":[{"embeddable":true,"href":"https:\/\/www.fica.unsl.edu.ar\/index.php\/wp-json\/wp\/v2\/users\/9"}],"replies":[{"embeddable":true,"href":"https:\/\/www.fica.unsl.edu.ar\/index.php\/wp-json\/wp\/v2\/comments?post=5480"}],"version-history":[{"count":1,"href":"https:\/\/www.fica.unsl.edu.ar\/index.php\/wp-json\/wp\/v2\/posts\/5480\/revisions"}],"predecessor-version":[{"id":5482,"href":"https:\/\/www.fica.unsl.edu.ar\/index.php\/wp-json\/wp\/v2\/posts\/5480\/revisions\/5482"}],"wp:featuredmedia":[{"embeddable":true,"href":"https:\/\/www.fica.unsl.edu.ar\/index.php\/wp-json\/wp\/v2\/media\/5481"}],"wp:attachment":[{"href":"https:\/\/www.fica.unsl.edu.ar\/index.php\/wp-json\/wp\/v2\/media?parent=5480"}],"wp:term":[{"taxonomy":"category","embeddable":true,"href":"https:\/\/www.fica.unsl.edu.ar\/index.php\/wp-json\/wp\/v2\/categories?post=5480"},{"taxonomy":"post_tag","embeddable":true,"href":"https:\/\/www.fica.unsl.edu.ar\/index.php\/wp-json\/wp\/v2\/tags?post=5480"}],"curies":[{"name":"wp","href":"https:\/\/api.w.org\/{rel}","templated":true}]}}