{"id":5488,"date":"2021-06-23T13:45:17","date_gmt":"2021-06-23T16:45:17","guid":{"rendered":"http:\/\/10.101.10.196\/www\/?p=5488"},"modified":"2021-06-24T15:51:25","modified_gmt":"2021-06-24T18:51:25","slug":"23-de-junio-dia-internacional-de-la-mujer-en-la-ingenieria","status":"publish","type":"post","link":"https:\/\/www.fica.unsl.edu.ar\/index.php\/23-de-junio-dia-internacional-de-la-mujer-en-la-ingenieria\/","title":{"rendered":"23 de junio: D\u00eda Internacional de la Mujer en la Ingenier\u00eda"},"content":{"rendered":"<p>El Decano, Mag. Sergio Ribotta, el Vicedecano, Lic. Waldo Sanjurjo y Equipo de Gesti\u00f3n, saluda a todas las ingenieras, especialmente a quienes trabajan e integran la FICA, al celebrarse este mi\u00e9rcoles 23 de junio el d\u00eda Internacional de la Mujer en la Ingenier\u00eda.<br \/>\nCada 23 de junio, se celebra el D\u00eda Internacional de la Mujer en la Ingenier\u00eda, desde que la Women&#8217;s Engineering Society lo realizara por primera vez en 2014 con el objetivo de conmemorar a las mujeres por su papel en un sector que tradicionalmente ha estado dominado por los hombres.<\/p>\n<p>El D\u00eda Internacional de la Mujer en la Ingenier\u00eda es una campa\u00f1a internacional de concienciaci\u00f3n para elevar el perfil de la mujer en la ingenier\u00eda y centrar la atenci\u00f3n en las incre\u00edbles oportunidades profesionales disponibles para las ni\u00f1as en esta apasionante industria. De esta forma, celebra los logros sobresalientes de las mujeres ingenieras de todo el mundo.<\/p>\n<p>La ciencia de la ingenier\u00eda ha sido responsable de un enorme desarrollo en la forma en que vivimos hoy en d\u00eda. Los saltos y los l\u00edmites en el campo de la ingenier\u00eda nos han dado el beneficio de vivir vidas m\u00e1s f\u00e1ciles, vivir en mejores hogares y usar mejores medios de transporte, y eso es s\u00f3lo unos ejemplos para nombrar algunos desarrollos.<\/p>\n<h1><span style=\"font-size: 24pt;\"><strong>Webinar: \u00abEl rol de la Mujer en la Ingenier\u00eda\u00bb<\/strong><\/span><\/h1>\n<p><img fetchpriority=\"high\" decoding=\"async\" class=\"aligncenter size-full wp-image-5307\" src=\"https:\/\/www.fica.unsl.edu.ar\/wp-content\/uploads\/2021\/06\/webinar.jpg\" alt=\"\" width=\"1061\" height=\"600\" srcset=\"https:\/\/www.fica.unsl.edu.ar\/wp-content\/uploads\/2021\/06\/webinar.jpg 1061w, https:\/\/www.fica.unsl.edu.ar\/wp-content\/uploads\/2021\/06\/webinar-300x170.jpg 300w, https:\/\/www.fica.unsl.edu.ar\/wp-content\/uploads\/2021\/06\/webinar-1024x579.jpg 1024w, https:\/\/www.fica.unsl.edu.ar\/wp-content\/uploads\/2021\/06\/webinar-768x434.jpg 768w\" sizes=\"(max-width: 1061px) 100vw, 1061px\" \/><\/p>\n<p>Este mi\u00e9rcoles 23 de junio, a las 18:00 horas, ingenieras del pa\u00eds y de la regi\u00f3n le pondr\u00e1n voz y relato a su vida, a su actividad, a sus desaf\u00edos y a sus oportunidades profesionales, a trav\u00e9s del canal de <span style=\"color: #808080;\"><strong><a style=\"color: #808080;\" href=\"https:\/\/www.youtube.com\/watch?v=F2IDwzt0FgM\">YouTube de UNSL TV.<\/a><\/strong><\/span><\/p>\n<p>Este encuentro se realiza en el marco del D\u00eda Internacional de la Mujer en la Ingenier\u00eda. El mismo tiene como objetivos propiciar un espacio de intercambio sobre el rol de la mujer en el \u00e1mbito de las carreras de ingenier\u00eda y dar cuenta de los desaf\u00edos y oportunidades que aparecen en el campo de saber en los tiempos actuales. As\u00ed tambi\u00e9n se espera poder dialogar y reflexionar sobre cu\u00e1les son las demandas actuales del campo profesional de las ingenier\u00edas.<\/p>\n<h4><span style=\"color: #808080;\"><strong><a style=\"color: #808080;\" href=\"https:\/\/www.fica.unsl.edu.ar\/index.php\/webinar-el-rol-de-la-mujer-en-la-ingenieria-desafios-y-oportunidades-profesionales\/\" target=\"_blank\" rel=\"noopener\">Leer m\u00e1s<\/a><\/strong><\/span><\/h4>\n","protected":false},"excerpt":{"rendered":"<p>El Decano, Mag. Sergio Ribotta, el Vicedecano, Lic. Waldo Sanjurjo y Equipo de Gesti\u00f3n, saluda a todas las ingenieras, especialmente a quienes trabajan e integran&hellip;<\/p>\n","protected":false},"author":9,"featured_media":5489,"comment_status":"closed","ping_status":"closed","sticky":false,"template":"","format":"standard","meta":{"_monsterinsights_skip_tracking":false,"_monsterinsights_sitenote_active":false,"_monsterinsights_sitenote_note":"","_monsterinsights_sitenote_category":0,"_joinchat":[],"footnotes":""},"categories":[22],"tags":[],"class_list":["post-5488","post","type-post","status-publish","format-standard","has-post-thumbnail","hentry","category-archivadas"],"yoast_head":"<!-- This site is optimized with the Yoast SEO plugin v27.4 - https:\/\/yoast.com\/product\/yoast-seo-wordpress\/ -->\n<title>23 de junio: D\u00eda Internacional de la Mujer en la Ingenier\u00eda - Facultad de Ingenier\u00eda y Ciencias Agropecuarias<\/title>\n<meta name=\"robots\" content=\"index, follow, max-snippet:-1, max-image-preview:large, max-video-preview:-1\" \/>\n<link rel=\"canonical\" href=\"https:\/\/www.fica.unsl.edu.ar\/index.php\/23-de-junio-dia-internacional-de-la-mujer-en-la-ingenieria\/\" \/>\n<meta property=\"og:locale\" content=\"es_ES\" \/>\n<meta property=\"og:type\" content=\"article\" \/>\n<meta property=\"og:title\" content=\"23 de junio: D\u00eda Internacional de la Mujer en la Ingenier\u00eda - Facultad de Ingenier\u00eda y Ciencias Agropecuarias\" \/>\n<meta property=\"og:description\" content=\"El Decano, Mag. Sergio Ribotta, el Vicedecano, Lic. Waldo Sanjurjo y Equipo de Gesti\u00f3n, saluda a todas las ingenieras, especialmente a quienes trabajan e integran&hellip;\" \/>\n<meta property=\"og:url\" content=\"https:\/\/www.fica.unsl.edu.ar\/index.php\/23-de-junio-dia-internacional-de-la-mujer-en-la-ingenieria\/\" \/>\n<meta property=\"og:site_name\" content=\"Facultad de Ingenier\u00eda y Ciencias Agropecuarias\" \/>\n<meta property=\"article:publisher\" content=\"https:\/\/www.facebook.com\/FICA.UNSL\/\" \/>\n<meta property=\"article:published_time\" content=\"2021-06-23T16:45:17+00:00\" \/>\n<meta property=\"article:modified_time\" content=\"2021-06-24T18:51:25+00:00\" \/>\n<meta property=\"og:image\" content=\"https:\/\/www.fica.unsl.edu.ar\/wp-content\/uploads\/2021\/06\/ingeniera-fica.jpg\" \/>\n\t<meta property=\"og:image:width\" content=\"1061\" \/>\n\t<meta property=\"og:image:height\" content=\"600\" \/>\n\t<meta property=\"og:image:type\" content=\"image\/jpeg\" \/>\n<meta name=\"author\" content=\"DATI\" \/>\n<meta name=\"twitter:card\" content=\"summary_large_image\" \/>\n<meta name=\"twitter:creator\" content=\"@FICAUNSL\" \/>\n<meta name=\"twitter:site\" content=\"@FICAUNSL\" \/>\n<meta name=\"twitter:label1\" content=\"Escrito por\" \/>\n\t<meta name=\"twitter:data1\" content=\"DATI\" \/>\n\t<meta name=\"twitter:label2\" content=\"Tiempo de lectura\" \/>\n\t<meta name=\"twitter:data2\" content=\"2 minutos\" \/>\n<script type=\"application\/ld+json\" class=\"yoast-schema-graph\">{\"@context\":\"https:\\\/\\\/schema.org\",\"@graph\":[{\"@type\":\"Article\",\"@id\":\"https:\\\/\\\/www.fica.unsl.edu.ar\\\/index.php\\\/23-de-junio-dia-internacional-de-la-mujer-en-la-ingenieria\\\/#article\",\"isPartOf\":{\"@id\":\"https:\\\/\\\/www.fica.unsl.edu.ar\\\/index.php\\\/23-de-junio-dia-internacional-de-la-mujer-en-la-ingenieria\\\/\"},\"author\":{\"name\":\"DATI\",\"@id\":\"https:\\\/\\\/www.fica.unsl.edu.ar\\\/#\\\/schema\\\/person\\\/6058f9c66301868d3a691b1f5d6c3544\"},\"headline\":\"23 de junio: D\u00eda Internacional de la Mujer en la Ingenier\u00eda\",\"datePublished\":\"2021-06-23T16:45:17+00:00\",\"dateModified\":\"2021-06-24T18:51:25+00:00\",\"mainEntityOfPage\":{\"@id\":\"https:\\\/\\\/www.fica.unsl.edu.ar\\\/index.php\\\/23-de-junio-dia-internacional-de-la-mujer-en-la-ingenieria\\\/\"},\"wordCount\":390,\"publisher\":{\"@id\":\"https:\\\/\\\/www.fica.unsl.edu.ar\\\/#organization\"},\"image\":{\"@id\":\"https:\\\/\\\/www.fica.unsl.edu.ar\\\/index.php\\\/23-de-junio-dia-internacional-de-la-mujer-en-la-ingenieria\\\/#primaryimage\"},\"thumbnailUrl\":\"https:\\\/\\\/www.fica.unsl.edu.ar\\\/wp-content\\\/uploads\\\/2021\\\/06\\\/ingeniera-fica.jpg\",\"articleSection\":[\"Archivadas\"],\"inLanguage\":\"es-AR\"},{\"@type\":\"WebPage\",\"@id\":\"https:\\\/\\\/www.fica.unsl.edu.ar\\\/index.php\\\/23-de-junio-dia-internacional-de-la-mujer-en-la-ingenieria\\\/\",\"url\":\"https:\\\/\\\/www.fica.unsl.edu.ar\\\/index.php\\\/23-de-junio-dia-internacional-de-la-mujer-en-la-ingenieria\\\/\",\"name\":\"23 de junio: D\u00eda Internacional de la Mujer en la Ingenier\u00eda - Facultad de Ingenier\u00eda y Ciencias Agropecuarias\",\"isPartOf\":{\"@id\":\"https:\\\/\\\/www.fica.unsl.edu.ar\\\/#website\"},\"primaryImageOfPage\":{\"@id\":\"https:\\\/\\\/www.fica.unsl.edu.ar\\\/index.php\\\/23-de-junio-dia-internacional-de-la-mujer-en-la-ingenieria\\\/#primaryimage\"},\"image\":{\"@id\":\"https:\\\/\\\/www.fica.unsl.edu.ar\\\/index.php\\\/23-de-junio-dia-internacional-de-la-mujer-en-la-ingenieria\\\/#primaryimage\"},\"thumbnailUrl\":\"https:\\\/\\\/www.fica.unsl.edu.ar\\\/wp-content\\\/uploads\\\/2021\\\/06\\\/ingeniera-fica.jpg\",\"datePublished\":\"2021-06-23T16:45:17+00:00\",\"dateModified\":\"2021-06-24T18:51:25+00:00\",\"inLanguage\":\"es-AR\",\"potentialAction\":[{\"@type\":\"ReadAction\",\"target\":[\"https:\\\/\\\/www.fica.unsl.edu.ar\\\/index.php\\\/23-de-junio-dia-internacional-de-la-mujer-en-la-ingenieria\\\/\"]}]},{\"@type\":\"ImageObject\",\"inLanguage\":\"es-AR\",\"@id\":\"https:\\\/\\\/www.fica.unsl.edu.ar\\\/index.php\\\/23-de-junio-dia-internacional-de-la-mujer-en-la-ingenieria\\\/#primaryimage\",\"url\":\"https:\\\/\\\/www.fica.unsl.edu.ar\\\/wp-content\\\/uploads\\\/2021\\\/06\\\/ingeniera-fica.jpg\",\"contentUrl\":\"https:\\\/\\\/www.fica.unsl.edu.ar\\\/wp-content\\\/uploads\\\/2021\\\/06\\\/ingeniera-fica.jpg\",\"width\":1061,\"height\":600},{\"@type\":\"WebSite\",\"@id\":\"https:\\\/\\\/www.fica.unsl.edu.ar\\\/#website\",\"url\":\"https:\\\/\\\/www.fica.unsl.edu.ar\\\/\",\"name\":\"Facultad de Ingenier\u00eda y Ciencias Agropecuarias\",\"description\":\"\",\"publisher\":{\"@id\":\"https:\\\/\\\/www.fica.unsl.edu.ar\\\/#organization\"},\"potentialAction\":[{\"@type\":\"SearchAction\",\"target\":{\"@type\":\"EntryPoint\",\"urlTemplate\":\"https:\\\/\\\/www.fica.unsl.edu.ar\\\/?s={search_term_string}\"},\"query-input\":{\"@type\":\"PropertyValueSpecification\",\"valueRequired\":true,\"valueName\":\"search_term_string\"}}],\"inLanguage\":\"es-AR\"},{\"@type\":\"Organization\",\"@id\":\"https:\\\/\\\/www.fica.unsl.edu.ar\\\/#organization\",\"name\":\"Facultad de Ingenier\u00eda y Ciencias Agropecuarias\",\"url\":\"https:\\\/\\\/www.fica.unsl.edu.ar\\\/\",\"logo\":{\"@type\":\"ImageObject\",\"inLanguage\":\"es-AR\",\"@id\":\"https:\\\/\\\/www.fica.unsl.edu.ar\\\/#\\\/schema\\\/logo\\\/image\\\/\",\"url\":\"https:\\\/\\\/www.fica.unsl.edu.ar\\\/wp-content\\\/uploads\\\/2021\\\/03\\\/LOGO-1.jpg\",\"contentUrl\":\"https:\\\/\\\/www.fica.unsl.edu.ar\\\/wp-content\\\/uploads\\\/2021\\\/03\\\/LOGO-1.jpg\",\"width\":463,\"height\":145,\"caption\":\"Facultad de Ingenier\u00eda y Ciencias Agropecuarias\"},\"image\":{\"@id\":\"https:\\\/\\\/www.fica.unsl.edu.ar\\\/#\\\/schema\\\/logo\\\/image\\\/\"},\"sameAs\":[\"https:\\\/\\\/www.facebook.com\\\/FICA.UNSL\\\/\",\"https:\\\/\\\/x.com\\\/FICAUNSL\",\"https:\\\/\\\/www.instagram.com\\\/fica.unsl\\\/\",\"https:\\\/\\\/www.youtube.com\\\/channel\\\/UCs2MM53gb2PyBrMySdtWZDQ\"]},{\"@type\":\"Person\",\"@id\":\"https:\\\/\\\/www.fica.unsl.edu.ar\\\/#\\\/schema\\\/person\\\/6058f9c66301868d3a691b1f5d6c3544\",\"name\":\"DATI\"}]}<\/script>\n<!-- \/ Yoast SEO plugin. -->","yoast_head_json":{"title":"23 de junio: D\u00eda Internacional de la Mujer en la Ingenier\u00eda - Facultad de Ingenier\u00eda y Ciencias Agropecuarias","robots":{"index":"index","follow":"follow","max-snippet":"max-snippet:-1","max-image-preview":"max-image-preview:large","max-video-preview":"max-video-preview:-1"},"canonical":"https:\/\/www.fica.unsl.edu.ar\/index.php\/23-de-junio-dia-internacional-de-la-mujer-en-la-ingenieria\/","og_locale":"es_ES","og_type":"article","og_title":"23 de junio: D\u00eda Internacional de la Mujer en la Ingenier\u00eda - Facultad de Ingenier\u00eda y Ciencias Agropecuarias","og_description":"El Decano, Mag. Sergio Ribotta, el Vicedecano, Lic. Waldo Sanjurjo y Equipo de Gesti\u00f3n, saluda a todas las ingenieras, especialmente a quienes trabajan e integran&hellip;","og_url":"https:\/\/www.fica.unsl.edu.ar\/index.php\/23-de-junio-dia-internacional-de-la-mujer-en-la-ingenieria\/","og_site_name":"Facultad de Ingenier\u00eda y Ciencias Agropecuarias","article_publisher":"https:\/\/www.facebook.com\/FICA.UNSL\/","article_published_time":"2021-06-23T16:45:17+00:00","article_modified_time":"2021-06-24T18:51:25+00:00","og_image":[{"width":1061,"height":600,"url":"https:\/\/www.fica.unsl.edu.ar\/wp-content\/uploads\/2021\/06\/ingeniera-fica.jpg","type":"image\/jpeg"}],"author":"DATI","twitter_card":"summary_large_image","twitter_creator":"@FICAUNSL","twitter_site":"@FICAUNSL","twitter_misc":{"Escrito por":"DATI","Tiempo de lectura":"2 minutos"},"schema":{"@context":"https:\/\/schema.org","@graph":[{"@type":"Article","@id":"https:\/\/www.fica.unsl.edu.ar\/index.php\/23-de-junio-dia-internacional-de-la-mujer-en-la-ingenieria\/#article","isPartOf":{"@id":"https:\/\/www.fica.unsl.edu.ar\/index.php\/23-de-junio-dia-internacional-de-la-mujer-en-la-ingenieria\/"},"author":{"name":"DATI","@id":"https:\/\/www.fica.unsl.edu.ar\/#\/schema\/person\/6058f9c66301868d3a691b1f5d6c3544"},"headline":"23 de junio: D\u00eda Internacional de la Mujer en la Ingenier\u00eda","datePublished":"2021-06-23T16:45:17+00:00","dateModified":"2021-06-24T18:51:25+00:00","mainEntityOfPage":{"@id":"https:\/\/www.fica.unsl.edu.ar\/index.php\/23-de-junio-dia-internacional-de-la-mujer-en-la-ingenieria\/"},"wordCount":390,"publisher":{"@id":"https:\/\/www.fica.unsl.edu.ar\/#organization"},"image":{"@id":"https:\/\/www.fica.unsl.edu.ar\/index.php\/23-de-junio-dia-internacional-de-la-mujer-en-la-ingenieria\/#primaryimage"},"thumbnailUrl":"https:\/\/www.fica.unsl.edu.ar\/wp-content\/uploads\/2021\/06\/ingeniera-fica.jpg","articleSection":["Archivadas"],"inLanguage":"es-AR"},{"@type":"WebPage","@id":"https:\/\/www.fica.unsl.edu.ar\/index.php\/23-de-junio-dia-internacional-de-la-mujer-en-la-ingenieria\/","url":"https:\/\/www.fica.unsl.edu.ar\/index.php\/23-de-junio-dia-internacional-de-la-mujer-en-la-ingenieria\/","name":"23 de junio: D\u00eda Internacional de la Mujer en la Ingenier\u00eda - Facultad de Ingenier\u00eda y Ciencias Agropecuarias","isPartOf":{"@id":"https:\/\/www.fica.unsl.edu.ar\/#website"},"primaryImageOfPage":{"@id":"https:\/\/www.fica.unsl.edu.ar\/index.php\/23-de-junio-dia-internacional-de-la-mujer-en-la-ingenieria\/#primaryimage"},"image":{"@id":"https:\/\/www.fica.unsl.edu.ar\/index.php\/23-de-junio-dia-internacional-de-la-mujer-en-la-ingenieria\/#primaryimage"},"thumbnailUrl":"https:\/\/www.fica.unsl.edu.ar\/wp-content\/uploads\/2021\/06\/ingeniera-fica.jpg","datePublished":"2021-06-23T16:45:17+00:00","dateModified":"2021-06-24T18:51:25+00:00","inLanguage":"es-AR","potentialAction":[{"@type":"ReadAction","target":["https:\/\/www.fica.unsl.edu.ar\/index.php\/23-de-junio-dia-internacional-de-la-mujer-en-la-ingenieria\/"]}]},{"@type":"ImageObject","inLanguage":"es-AR","@id":"https:\/\/www.fica.unsl.edu.ar\/index.php\/23-de-junio-dia-internacional-de-la-mujer-en-la-ingenieria\/#primaryimage","url":"https:\/\/www.fica.unsl.edu.ar\/wp-content\/uploads\/2021\/06\/ingeniera-fica.jpg","contentUrl":"https:\/\/www.fica.unsl.edu.ar\/wp-content\/uploads\/2021\/06\/ingeniera-fica.jpg","width":1061,"height":600},{"@type":"WebSite","@id":"https:\/\/www.fica.unsl.edu.ar\/#website","url":"https:\/\/www.fica.unsl.edu.ar\/","name":"Facultad de Ingenier\u00eda y Ciencias Agropecuarias","description":"","publisher":{"@id":"https:\/\/www.fica.unsl.edu.ar\/#organization"},"potentialAction":[{"@type":"SearchAction","target":{"@type":"EntryPoint","urlTemplate":"https:\/\/www.fica.unsl.edu.ar\/?s={search_term_string}"},"query-input":{"@type":"PropertyValueSpecification","valueRequired":true,"valueName":"search_term_string"}}],"inLanguage":"es-AR"},{"@type":"Organization","@id":"https:\/\/www.fica.unsl.edu.ar\/#organization","name":"Facultad de Ingenier\u00eda y Ciencias Agropecuarias","url":"https:\/\/www.fica.unsl.edu.ar\/","logo":{"@type":"ImageObject","inLanguage":"es-AR","@id":"https:\/\/www.fica.unsl.edu.ar\/#\/schema\/logo\/image\/","url":"https:\/\/www.fica.unsl.edu.ar\/wp-content\/uploads\/2021\/03\/LOGO-1.jpg","contentUrl":"https:\/\/www.fica.unsl.edu.ar\/wp-content\/uploads\/2021\/03\/LOGO-1.jpg","width":463,"height":145,"caption":"Facultad de Ingenier\u00eda y Ciencias Agropecuarias"},"image":{"@id":"https:\/\/www.fica.unsl.edu.ar\/#\/schema\/logo\/image\/"},"sameAs":["https:\/\/www.facebook.com\/FICA.UNSL\/","https:\/\/x.com\/FICAUNSL","https:\/\/www.instagram.com\/fica.unsl\/","https:\/\/www.youtube.com\/channel\/UCs2MM53gb2PyBrMySdtWZDQ"]},{"@type":"Person","@id":"https:\/\/www.fica.unsl.edu.ar\/#\/schema\/person\/6058f9c66301868d3a691b1f5d6c3544","name":"DATI"}]}},"_links":{"self":[{"href":"https:\/\/www.fica.unsl.edu.ar\/index.php\/wp-json\/wp\/v2\/posts\/5488","targetHints":{"allow":["GET"]}}],"collection":[{"href":"https:\/\/www.fica.unsl.edu.ar\/index.php\/wp-json\/wp\/v2\/posts"}],"about":[{"href":"https:\/\/www.fica.unsl.edu.ar\/index.php\/wp-json\/wp\/v2\/types\/post"}],"author":[{"embeddable":true,"href":"https:\/\/www.fica.unsl.edu.ar\/index.php\/wp-json\/wp\/v2\/users\/9"}],"replies":[{"embeddable":true,"href":"https:\/\/www.fica.unsl.edu.ar\/index.php\/wp-json\/wp\/v2\/comments?post=5488"}],"version-history":[{"count":4,"href":"https:\/\/www.fica.unsl.edu.ar\/index.php\/wp-json\/wp\/v2\/posts\/5488\/revisions"}],"predecessor-version":[{"id":5493,"href":"https:\/\/www.fica.unsl.edu.ar\/index.php\/wp-json\/wp\/v2\/posts\/5488\/revisions\/5493"}],"wp:featuredmedia":[{"embeddable":true,"href":"https:\/\/www.fica.unsl.edu.ar\/index.php\/wp-json\/wp\/v2\/media\/5489"}],"wp:attachment":[{"href":"https:\/\/www.fica.unsl.edu.ar\/index.php\/wp-json\/wp\/v2\/media?parent=5488"}],"wp:term":[{"taxonomy":"category","embeddable":true,"href":"https:\/\/www.fica.unsl.edu.ar\/index.php\/wp-json\/wp\/v2\/categories?post=5488"},{"taxonomy":"post_tag","embeddable":true,"href":"https:\/\/www.fica.unsl.edu.ar\/index.php\/wp-json\/wp\/v2\/tags?post=5488"}],"curies":[{"name":"wp","href":"https:\/\/api.w.org\/{rel}","templated":true}]}}