{"id":5511,"date":"2021-09-12T23:49:22","date_gmt":"2021-09-13T02:49:22","guid":{"rendered":"http:\/\/10.101.10.196\/www\/?p=5511"},"modified":"2021-09-27T09:14:12","modified_gmt":"2021-09-27T12:14:12","slug":"segunda-edicion-del-premio-para-mujeres-tecnologas","status":"publish","type":"post","link":"https:\/\/www.fica.unsl.edu.ar\/index.php\/segunda-edicion-del-premio-para-mujeres-tecnologas\/","title":{"rendered":"Segunda edici\u00f3n del premio para mujeres tecn\u00f3logas"},"content":{"rendered":"<p>El premio Ada Byron busca visibilizar el trabajo de las mujeres en el campo de la Ciencia, la Ingenier\u00eda y la Tecnolog\u00eda. Las postulantes al Premio podr\u00e1n inscribirse del 24 de junio al 24 de septiembre de 2021. El lanzamiento de la convocatoria ser\u00e1 online, el 23 de junio a las 14:30 horas.<\/p>\n<div class=\"entry-content clearfix\">\n<p>La Universidad Cat\u00f3lica de C\u00f3rdoba, la Universidad Tecnol\u00f3gica Nacional y la Universidad de Deusto (Espa\u00f1a) invitan a participar del Premio Ada Byron 2021 para mujeres cient\u00edficas y tecn\u00f3logas. Esta segunda edici\u00f3n en Argentina cuenta con el patrocinio de las empresas Fortinet y Microsoft y el lanzamiento de la convocatoria ser\u00e1 online, el 23 de junio a las 14:30 horas, por el canal de YouTube\u00a0<a href=\"https:\/\/www.youtube.com\/channel\/UCO_SQZcmSTKlkE2Jhciyu2w\" target=\"_blank\" rel=\"noreferrer noopener\">Premio Ada Byron Argentina<\/a>.<\/p>\n<p>El premio lleva el nombre de la primera programadora en el campo de la inform\u00e1tica y se origina en la Universidad de Deusto, en la que se entrega desde 2014. Est\u00e1 orientado a mujeres con titulaci\u00f3n o trayectoria profesional en \u00e1reas tecnol\u00f3gicas, ingenier\u00eda y otros campos cient\u00edficos relacionados. Entre 78 postulantes, el a\u00f1o pasado la ganadora fue la Dra. Silvia Goyanes, destacada por su extensa y original carrera cient\u00edfica y tecnol\u00f3gica en la s\u00edntesis de nanopart\u00edculas y su utilizaci\u00f3n en compuestos de matriz polim\u00e9rica.<\/p>\n<p>La din\u00e1mica de la edici\u00f3n 2021 ser\u00e1 similar: cada candidata puede presentarse a s\u00ed misma o ser presentada por cualquier otra persona o entidad. La ganadora ser\u00e1 elegida, previa examinaci\u00f3n de las candidaturas, por un jurado independiente, integrado por referentes acad\u00e9micos, cient\u00edficos, empresariales e institucionales, tanto del \u00e1mbito p\u00fablico como privado, y recibir\u00e1 como premio una dotaci\u00f3n econ\u00f3mica de 450.000 pesos.<\/p>\n<p>Las solicitudes se presentar\u00e1n exclusivamente por v\u00eda electr\u00f3nica, completando el formulario que estar\u00e1 habilitado desde el 24 de junio y hasta el 24 de septiembre en\u00a0<a href=\"https:\/\/premioadabyron.org.ar\/\" target=\"_blank\" rel=\"noreferrer noopener\">https:\/\/premioadabyron.org.ar\/<\/a>. Quienes hayan postulado al premio en 2020 podr\u00e1n actualizar solamente sus presentaciones, sin necesidad de volver a completar toda la informaci\u00f3n, para ello ser\u00e1n contactadas v\u00eda mail. Una vez finalizado el proceso de postulaci\u00f3n, un Comit\u00e9 T\u00e9cnico-Cient\u00edfico analizar\u00e1 las candidaturas y un Jurado evaluar\u00e1 a las finalistas. La premiaci\u00f3n est\u00e1 prevista para el 18 de noviembre.<\/p>\n<p>En Argentina, el premio cuenta con el acompa\u00f1amiento institucional de los ministerios de Ciencia, Tecnolog\u00eda e Innovaci\u00f3n de la Naci\u00f3n (MinCyT) y de Desarrollo Productivo de la Naci\u00f3n; CONICET; ministerios de la Mujer y de Ciencia y Tecnolog\u00eda del Gobierno de la Provincia de C\u00f3rdoba;\u00a0Laboratorio de Innovaci\u00f3n P\u00fablica y Social (CORLAB) y Secretar\u00eda de Planeamiento, Modernizaci\u00f3n y Relaciones Institucionales \u2013 Municipalidad de C\u00f3rdoba; Ministerio de Cultura de la Ciudad de Buenos Aires; Consejo Interuniversitario Nacional (CIN); Consejo de Rectores de Universidades Privadas de Argentina (CRUP); Organizaci\u00f3n Civil Chicas en Tecnolog\u00eda; C\u00f3rdoba Technology Cluster; AmCham Argentina; Grupo de Fundaciones y Empresas (GDFE); Delegaci\u00f3n Gobierno Vasco en Argentina; y la Regi\u00f3n de Murcia.<\/p>\n<p>Para postularse, bases y condiciones:\u00a0<a href=\"https:\/\/premioadabyron.org.ar\/\" target=\"_blank\" rel=\"noreferrer noopener\">https:\/\/premioadabyron.org.ar\/<\/a><\/p>\n<p>Para visualizar el lanzamiento, YouTube\u00a0<a href=\"https:\/\/www.youtube.com\/channel\/UCO_SQZcmSTKlkE2Jhciyu2w\" target=\"_blank\" rel=\"noreferrer noopener\">Premio Ada Byron Argentina<\/a>.<\/p>\n<\/div>\n","protected":false},"excerpt":{"rendered":"<p>El premio Ada Byron busca visibilizar el trabajo de las mujeres en el campo de la Ciencia, la Ingenier\u00eda y la Tecnolog\u00eda. Las postulantes al&hellip;<\/p>\n","protected":false},"author":9,"featured_media":5512,"comment_status":"closed","ping_status":"closed","sticky":false,"template":"","format":"standard","meta":{"_monsterinsights_skip_tracking":false,"_monsterinsights_sitenote_active":false,"_monsterinsights_sitenote_note":"","_monsterinsights_sitenote_category":0,"_joinchat":[],"footnotes":""},"categories":[22],"tags":[],"class_list":["post-5511","post","type-post","status-publish","format-standard","has-post-thumbnail","hentry","category-archivadas"],"yoast_head":"<!-- This site is optimized with the Yoast SEO plugin v27.4 - https:\/\/yoast.com\/product\/yoast-seo-wordpress\/ -->\n<title>Segunda edici\u00f3n del premio para mujeres tecn\u00f3logas - Facultad de Ingenier\u00eda y Ciencias Agropecuarias<\/title>\n<meta name=\"robots\" content=\"index, follow, max-snippet:-1, max-image-preview:large, max-video-preview:-1\" \/>\n<link rel=\"canonical\" href=\"https:\/\/www.fica.unsl.edu.ar\/index.php\/segunda-edicion-del-premio-para-mujeres-tecnologas\/\" \/>\n<meta property=\"og:locale\" content=\"es_ES\" \/>\n<meta property=\"og:type\" content=\"article\" \/>\n<meta property=\"og:title\" content=\"Segunda edici\u00f3n del premio para mujeres tecn\u00f3logas - Facultad de Ingenier\u00eda y Ciencias Agropecuarias\" \/>\n<meta property=\"og:description\" content=\"El premio Ada Byron busca visibilizar el trabajo de las mujeres en el campo de la Ciencia, la Ingenier\u00eda y la Tecnolog\u00eda. Las postulantes al&hellip;\" \/>\n<meta property=\"og:url\" content=\"https:\/\/www.fica.unsl.edu.ar\/index.php\/segunda-edicion-del-premio-para-mujeres-tecnologas\/\" \/>\n<meta property=\"og:site_name\" content=\"Facultad de Ingenier\u00eda y Ciencias Agropecuarias\" \/>\n<meta property=\"article:publisher\" content=\"https:\/\/www.facebook.com\/FICA.UNSL\/\" \/>\n<meta property=\"article:published_time\" content=\"2021-09-13T02:49:22+00:00\" \/>\n<meta property=\"article:modified_time\" content=\"2021-09-27T12:14:12+00:00\" \/>\n<meta property=\"og:image\" content=\"https:\/\/www.fica.unsl.edu.ar\/wp-content\/uploads\/2021\/06\/ada-buron.jpg\" \/>\n\t<meta property=\"og:image:width\" content=\"1061\" \/>\n\t<meta property=\"og:image:height\" content=\"600\" \/>\n\t<meta property=\"og:image:type\" content=\"image\/jpeg\" \/>\n<meta name=\"author\" content=\"DATI\" \/>\n<meta name=\"twitter:card\" content=\"summary_large_image\" \/>\n<meta name=\"twitter:creator\" content=\"@FICAUNSL\" \/>\n<meta name=\"twitter:site\" content=\"@FICAUNSL\" \/>\n<meta name=\"twitter:label1\" content=\"Escrito por\" \/>\n\t<meta name=\"twitter:data1\" content=\"DATI\" \/>\n\t<meta name=\"twitter:label2\" content=\"Tiempo de lectura\" \/>\n\t<meta name=\"twitter:data2\" content=\"3 minutos\" \/>\n<script type=\"application\/ld+json\" class=\"yoast-schema-graph\">{\"@context\":\"https:\\\/\\\/schema.org\",\"@graph\":[{\"@type\":\"Article\",\"@id\":\"https:\\\/\\\/www.fica.unsl.edu.ar\\\/index.php\\\/segunda-edicion-del-premio-para-mujeres-tecnologas\\\/#article\",\"isPartOf\":{\"@id\":\"https:\\\/\\\/www.fica.unsl.edu.ar\\\/index.php\\\/segunda-edicion-del-premio-para-mujeres-tecnologas\\\/\"},\"author\":{\"name\":\"DATI\",\"@id\":\"https:\\\/\\\/www.fica.unsl.edu.ar\\\/#\\\/schema\\\/person\\\/6058f9c66301868d3a691b1f5d6c3544\"},\"headline\":\"Segunda edici\u00f3n del premio para mujeres tecn\u00f3logas\",\"datePublished\":\"2021-09-13T02:49:22+00:00\",\"dateModified\":\"2021-09-27T12:14:12+00:00\",\"mainEntityOfPage\":{\"@id\":\"https:\\\/\\\/www.fica.unsl.edu.ar\\\/index.php\\\/segunda-edicion-del-premio-para-mujeres-tecnologas\\\/\"},\"wordCount\":532,\"publisher\":{\"@id\":\"https:\\\/\\\/www.fica.unsl.edu.ar\\\/#organization\"},\"image\":{\"@id\":\"https:\\\/\\\/www.fica.unsl.edu.ar\\\/index.php\\\/segunda-edicion-del-premio-para-mujeres-tecnologas\\\/#primaryimage\"},\"thumbnailUrl\":\"https:\\\/\\\/www.fica.unsl.edu.ar\\\/wp-content\\\/uploads\\\/2021\\\/06\\\/ada-buron.jpg\",\"articleSection\":[\"Archivadas\"],\"inLanguage\":\"es-AR\"},{\"@type\":\"WebPage\",\"@id\":\"https:\\\/\\\/www.fica.unsl.edu.ar\\\/index.php\\\/segunda-edicion-del-premio-para-mujeres-tecnologas\\\/\",\"url\":\"https:\\\/\\\/www.fica.unsl.edu.ar\\\/index.php\\\/segunda-edicion-del-premio-para-mujeres-tecnologas\\\/\",\"name\":\"Segunda edici\u00f3n del premio para mujeres tecn\u00f3logas - Facultad de Ingenier\u00eda y Ciencias Agropecuarias\",\"isPartOf\":{\"@id\":\"https:\\\/\\\/www.fica.unsl.edu.ar\\\/#website\"},\"primaryImageOfPage\":{\"@id\":\"https:\\\/\\\/www.fica.unsl.edu.ar\\\/index.php\\\/segunda-edicion-del-premio-para-mujeres-tecnologas\\\/#primaryimage\"},\"image\":{\"@id\":\"https:\\\/\\\/www.fica.unsl.edu.ar\\\/index.php\\\/segunda-edicion-del-premio-para-mujeres-tecnologas\\\/#primaryimage\"},\"thumbnailUrl\":\"https:\\\/\\\/www.fica.unsl.edu.ar\\\/wp-content\\\/uploads\\\/2021\\\/06\\\/ada-buron.jpg\",\"datePublished\":\"2021-09-13T02:49:22+00:00\",\"dateModified\":\"2021-09-27T12:14:12+00:00\",\"inLanguage\":\"es-AR\",\"potentialAction\":[{\"@type\":\"ReadAction\",\"target\":[\"https:\\\/\\\/www.fica.unsl.edu.ar\\\/index.php\\\/segunda-edicion-del-premio-para-mujeres-tecnologas\\\/\"]}]},{\"@type\":\"ImageObject\",\"inLanguage\":\"es-AR\",\"@id\":\"https:\\\/\\\/www.fica.unsl.edu.ar\\\/index.php\\\/segunda-edicion-del-premio-para-mujeres-tecnologas\\\/#primaryimage\",\"url\":\"https:\\\/\\\/www.fica.unsl.edu.ar\\\/wp-content\\\/uploads\\\/2021\\\/06\\\/ada-buron.jpg\",\"contentUrl\":\"https:\\\/\\\/www.fica.unsl.edu.ar\\\/wp-content\\\/uploads\\\/2021\\\/06\\\/ada-buron.jpg\",\"width\":1061,\"height\":600},{\"@type\":\"WebSite\",\"@id\":\"https:\\\/\\\/www.fica.unsl.edu.ar\\\/#website\",\"url\":\"https:\\\/\\\/www.fica.unsl.edu.ar\\\/\",\"name\":\"Facultad de Ingenier\u00eda y Ciencias Agropecuarias\",\"description\":\"\",\"publisher\":{\"@id\":\"https:\\\/\\\/www.fica.unsl.edu.ar\\\/#organization\"},\"potentialAction\":[{\"@type\":\"SearchAction\",\"target\":{\"@type\":\"EntryPoint\",\"urlTemplate\":\"https:\\\/\\\/www.fica.unsl.edu.ar\\\/?s={search_term_string}\"},\"query-input\":{\"@type\":\"PropertyValueSpecification\",\"valueRequired\":true,\"valueName\":\"search_term_string\"}}],\"inLanguage\":\"es-AR\"},{\"@type\":\"Organization\",\"@id\":\"https:\\\/\\\/www.fica.unsl.edu.ar\\\/#organization\",\"name\":\"Facultad de Ingenier\u00eda y Ciencias Agropecuarias\",\"url\":\"https:\\\/\\\/www.fica.unsl.edu.ar\\\/\",\"logo\":{\"@type\":\"ImageObject\",\"inLanguage\":\"es-AR\",\"@id\":\"https:\\\/\\\/www.fica.unsl.edu.ar\\\/#\\\/schema\\\/logo\\\/image\\\/\",\"url\":\"https:\\\/\\\/www.fica.unsl.edu.ar\\\/wp-content\\\/uploads\\\/2021\\\/03\\\/LOGO-1.jpg\",\"contentUrl\":\"https:\\\/\\\/www.fica.unsl.edu.ar\\\/wp-content\\\/uploads\\\/2021\\\/03\\\/LOGO-1.jpg\",\"width\":463,\"height\":145,\"caption\":\"Facultad de Ingenier\u00eda y Ciencias Agropecuarias\"},\"image\":{\"@id\":\"https:\\\/\\\/www.fica.unsl.edu.ar\\\/#\\\/schema\\\/logo\\\/image\\\/\"},\"sameAs\":[\"https:\\\/\\\/www.facebook.com\\\/FICA.UNSL\\\/\",\"https:\\\/\\\/x.com\\\/FICAUNSL\",\"https:\\\/\\\/www.instagram.com\\\/fica.unsl\\\/\",\"https:\\\/\\\/www.youtube.com\\\/channel\\\/UCs2MM53gb2PyBrMySdtWZDQ\"]},{\"@type\":\"Person\",\"@id\":\"https:\\\/\\\/www.fica.unsl.edu.ar\\\/#\\\/schema\\\/person\\\/6058f9c66301868d3a691b1f5d6c3544\",\"name\":\"DATI\"}]}<\/script>\n<!-- \/ Yoast SEO plugin. -->","yoast_head_json":{"title":"Segunda edici\u00f3n del premio para mujeres tecn\u00f3logas - Facultad de Ingenier\u00eda y Ciencias Agropecuarias","robots":{"index":"index","follow":"follow","max-snippet":"max-snippet:-1","max-image-preview":"max-image-preview:large","max-video-preview":"max-video-preview:-1"},"canonical":"https:\/\/www.fica.unsl.edu.ar\/index.php\/segunda-edicion-del-premio-para-mujeres-tecnologas\/","og_locale":"es_ES","og_type":"article","og_title":"Segunda edici\u00f3n del premio para mujeres tecn\u00f3logas - Facultad de Ingenier\u00eda y Ciencias Agropecuarias","og_description":"El premio Ada Byron busca visibilizar el trabajo de las mujeres en el campo de la Ciencia, la Ingenier\u00eda y la Tecnolog\u00eda. Las postulantes al&hellip;","og_url":"https:\/\/www.fica.unsl.edu.ar\/index.php\/segunda-edicion-del-premio-para-mujeres-tecnologas\/","og_site_name":"Facultad de Ingenier\u00eda y Ciencias Agropecuarias","article_publisher":"https:\/\/www.facebook.com\/FICA.UNSL\/","article_published_time":"2021-09-13T02:49:22+00:00","article_modified_time":"2021-09-27T12:14:12+00:00","og_image":[{"width":1061,"height":600,"url":"https:\/\/www.fica.unsl.edu.ar\/wp-content\/uploads\/2021\/06\/ada-buron.jpg","type":"image\/jpeg"}],"author":"DATI","twitter_card":"summary_large_image","twitter_creator":"@FICAUNSL","twitter_site":"@FICAUNSL","twitter_misc":{"Escrito por":"DATI","Tiempo de lectura":"3 minutos"},"schema":{"@context":"https:\/\/schema.org","@graph":[{"@type":"Article","@id":"https:\/\/www.fica.unsl.edu.ar\/index.php\/segunda-edicion-del-premio-para-mujeres-tecnologas\/#article","isPartOf":{"@id":"https:\/\/www.fica.unsl.edu.ar\/index.php\/segunda-edicion-del-premio-para-mujeres-tecnologas\/"},"author":{"name":"DATI","@id":"https:\/\/www.fica.unsl.edu.ar\/#\/schema\/person\/6058f9c66301868d3a691b1f5d6c3544"},"headline":"Segunda edici\u00f3n del premio para mujeres tecn\u00f3logas","datePublished":"2021-09-13T02:49:22+00:00","dateModified":"2021-09-27T12:14:12+00:00","mainEntityOfPage":{"@id":"https:\/\/www.fica.unsl.edu.ar\/index.php\/segunda-edicion-del-premio-para-mujeres-tecnologas\/"},"wordCount":532,"publisher":{"@id":"https:\/\/www.fica.unsl.edu.ar\/#organization"},"image":{"@id":"https:\/\/www.fica.unsl.edu.ar\/index.php\/segunda-edicion-del-premio-para-mujeres-tecnologas\/#primaryimage"},"thumbnailUrl":"https:\/\/www.fica.unsl.edu.ar\/wp-content\/uploads\/2021\/06\/ada-buron.jpg","articleSection":["Archivadas"],"inLanguage":"es-AR"},{"@type":"WebPage","@id":"https:\/\/www.fica.unsl.edu.ar\/index.php\/segunda-edicion-del-premio-para-mujeres-tecnologas\/","url":"https:\/\/www.fica.unsl.edu.ar\/index.php\/segunda-edicion-del-premio-para-mujeres-tecnologas\/","name":"Segunda edici\u00f3n del premio para mujeres tecn\u00f3logas - Facultad de Ingenier\u00eda y Ciencias Agropecuarias","isPartOf":{"@id":"https:\/\/www.fica.unsl.edu.ar\/#website"},"primaryImageOfPage":{"@id":"https:\/\/www.fica.unsl.edu.ar\/index.php\/segunda-edicion-del-premio-para-mujeres-tecnologas\/#primaryimage"},"image":{"@id":"https:\/\/www.fica.unsl.edu.ar\/index.php\/segunda-edicion-del-premio-para-mujeres-tecnologas\/#primaryimage"},"thumbnailUrl":"https:\/\/www.fica.unsl.edu.ar\/wp-content\/uploads\/2021\/06\/ada-buron.jpg","datePublished":"2021-09-13T02:49:22+00:00","dateModified":"2021-09-27T12:14:12+00:00","inLanguage":"es-AR","potentialAction":[{"@type":"ReadAction","target":["https:\/\/www.fica.unsl.edu.ar\/index.php\/segunda-edicion-del-premio-para-mujeres-tecnologas\/"]}]},{"@type":"ImageObject","inLanguage":"es-AR","@id":"https:\/\/www.fica.unsl.edu.ar\/index.php\/segunda-edicion-del-premio-para-mujeres-tecnologas\/#primaryimage","url":"https:\/\/www.fica.unsl.edu.ar\/wp-content\/uploads\/2021\/06\/ada-buron.jpg","contentUrl":"https:\/\/www.fica.unsl.edu.ar\/wp-content\/uploads\/2021\/06\/ada-buron.jpg","width":1061,"height":600},{"@type":"WebSite","@id":"https:\/\/www.fica.unsl.edu.ar\/#website","url":"https:\/\/www.fica.unsl.edu.ar\/","name":"Facultad de Ingenier\u00eda y Ciencias Agropecuarias","description":"","publisher":{"@id":"https:\/\/www.fica.unsl.edu.ar\/#organization"},"potentialAction":[{"@type":"SearchAction","target":{"@type":"EntryPoint","urlTemplate":"https:\/\/www.fica.unsl.edu.ar\/?s={search_term_string}"},"query-input":{"@type":"PropertyValueSpecification","valueRequired":true,"valueName":"search_term_string"}}],"inLanguage":"es-AR"},{"@type":"Organization","@id":"https:\/\/www.fica.unsl.edu.ar\/#organization","name":"Facultad de Ingenier\u00eda y Ciencias Agropecuarias","url":"https:\/\/www.fica.unsl.edu.ar\/","logo":{"@type":"ImageObject","inLanguage":"es-AR","@id":"https:\/\/www.fica.unsl.edu.ar\/#\/schema\/logo\/image\/","url":"https:\/\/www.fica.unsl.edu.ar\/wp-content\/uploads\/2021\/03\/LOGO-1.jpg","contentUrl":"https:\/\/www.fica.unsl.edu.ar\/wp-content\/uploads\/2021\/03\/LOGO-1.jpg","width":463,"height":145,"caption":"Facultad de Ingenier\u00eda y Ciencias Agropecuarias"},"image":{"@id":"https:\/\/www.fica.unsl.edu.ar\/#\/schema\/logo\/image\/"},"sameAs":["https:\/\/www.facebook.com\/FICA.UNSL\/","https:\/\/x.com\/FICAUNSL","https:\/\/www.instagram.com\/fica.unsl\/","https:\/\/www.youtube.com\/channel\/UCs2MM53gb2PyBrMySdtWZDQ"]},{"@type":"Person","@id":"https:\/\/www.fica.unsl.edu.ar\/#\/schema\/person\/6058f9c66301868d3a691b1f5d6c3544","name":"DATI"}]}},"_links":{"self":[{"href":"https:\/\/www.fica.unsl.edu.ar\/index.php\/wp-json\/wp\/v2\/posts\/5511","targetHints":{"allow":["GET"]}}],"collection":[{"href":"https:\/\/www.fica.unsl.edu.ar\/index.php\/wp-json\/wp\/v2\/posts"}],"about":[{"href":"https:\/\/www.fica.unsl.edu.ar\/index.php\/wp-json\/wp\/v2\/types\/post"}],"author":[{"embeddable":true,"href":"https:\/\/www.fica.unsl.edu.ar\/index.php\/wp-json\/wp\/v2\/users\/9"}],"replies":[{"embeddable":true,"href":"https:\/\/www.fica.unsl.edu.ar\/index.php\/wp-json\/wp\/v2\/comments?post=5511"}],"version-history":[{"count":1,"href":"https:\/\/www.fica.unsl.edu.ar\/index.php\/wp-json\/wp\/v2\/posts\/5511\/revisions"}],"predecessor-version":[{"id":5513,"href":"https:\/\/www.fica.unsl.edu.ar\/index.php\/wp-json\/wp\/v2\/posts\/5511\/revisions\/5513"}],"wp:featuredmedia":[{"embeddable":true,"href":"https:\/\/www.fica.unsl.edu.ar\/index.php\/wp-json\/wp\/v2\/media\/5512"}],"wp:attachment":[{"href":"https:\/\/www.fica.unsl.edu.ar\/index.php\/wp-json\/wp\/v2\/media?parent=5511"}],"wp:term":[{"taxonomy":"category","embeddable":true,"href":"https:\/\/www.fica.unsl.edu.ar\/index.php\/wp-json\/wp\/v2\/categories?post=5511"},{"taxonomy":"post_tag","embeddable":true,"href":"https:\/\/www.fica.unsl.edu.ar\/index.php\/wp-json\/wp\/v2\/tags?post=5511"}],"curies":[{"name":"wp","href":"https:\/\/api.w.org\/{rel}","templated":true}]}}