{"id":5537,"date":"2021-06-25T11:30:24","date_gmt":"2021-06-25T14:30:24","guid":{"rendered":"http:\/\/10.101.10.196\/www\/?p=5537"},"modified":"2021-07-01T10:25:30","modified_gmt":"2021-07-01T13:25:30","slug":"charlas-logisticas-8-treggo-la-revelacion-de-ultima-milla","status":"publish","type":"post","link":"https:\/\/www.fica.unsl.edu.ar\/index.php\/charlas-logisticas-8-treggo-la-revelacion-de-ultima-milla\/","title":{"rendered":"Charlas Log\u00edsticas &#8211; #8 Treggo: La Revelaci\u00f3n de \u00daltima Milla"},"content":{"rendered":"<p>La c\u00e1tedra de Log\u00edstica de la FICA-UNSL invita a la comunidad en general y a los estudiantes en particular a participar de la 2\u00b0 Temporada del Ciclo Charlas Log\u00edsticas.<\/p>\n<p>En esta ocasi\u00f3n, el 28 de junio de 2021 a partir de las 18h y de manera virtual por Zoom tendr\u00e1 lugar la 8\u00ba Charla del Ciclo denominada: \u201cLa Revelaci\u00f3n de \u00daltima Milla\u201d\u00a0 a cargo de Carlos B\u00e1ez, Jefe de Operaciones Treggo.<\/p>\n<p>Esta actividad es coordinada por el Ing. Facundo Monti. Con cupos limitados, el ciclo est\u00e1 protocolizado por la FICA-UNSL y se entregar\u00e1n certificados de asistencia a los participantes del evento<\/p>\n<h4 style=\"text-align: center;\"><strong><a href=\"https:\/\/us02web.zoom.us\/meeting\/register\/tZEsdOGgqDgsGdOE7Uuh6QvvuqXc85qnOjX6\" target=\"_blank\" rel=\"noopener\">Inscripciones<\/a><\/strong><\/h4>\n<p>&nbsp;<\/p>\n<p><img fetchpriority=\"high\" decoding=\"async\" class=\"aligncenter size-full wp-image-5539\" src=\"https:\/\/www.fica.unsl.edu.ar\/wp-content\/uploads\/2021\/06\/monti.jpg\" alt=\"\" width=\"1280\" height=\"1280\" srcset=\"https:\/\/www.fica.unsl.edu.ar\/wp-content\/uploads\/2021\/06\/monti.jpg 1280w, https:\/\/www.fica.unsl.edu.ar\/wp-content\/uploads\/2021\/06\/monti-300x300.jpg 300w, https:\/\/www.fica.unsl.edu.ar\/wp-content\/uploads\/2021\/06\/monti-1024x1024.jpg 1024w, https:\/\/www.fica.unsl.edu.ar\/wp-content\/uploads\/2021\/06\/monti-150x150.jpg 150w, https:\/\/www.fica.unsl.edu.ar\/wp-content\/uploads\/2021\/06\/monti-768x768.jpg 768w\" sizes=\"(max-width: 1280px) 100vw, 1280px\" \/><\/p>\n","protected":false},"excerpt":{"rendered":"<p>La c\u00e1tedra de Log\u00edstica de la FICA-UNSL invita a la comunidad en general y a los estudiantes en particular a participar de la 2\u00b0 Temporada&hellip;<\/p>\n","protected":false},"author":9,"featured_media":5538,"comment_status":"closed","ping_status":"closed","sticky":false,"template":"","format":"standard","meta":{"_monsterinsights_skip_tracking":false,"_monsterinsights_sitenote_active":false,"_monsterinsights_sitenote_note":"","_monsterinsights_sitenote_category":0,"_joinchat":[],"footnotes":""},"categories":[22],"tags":[],"class_list":["post-5537","post","type-post","status-publish","format-standard","has-post-thumbnail","hentry","category-archivadas"],"yoast_head":"<!-- This site is optimized with the Yoast SEO plugin v27.4 - https:\/\/yoast.com\/product\/yoast-seo-wordpress\/ -->\n<title>Charlas Log\u00edsticas - #8 Treggo: La Revelaci\u00f3n de \u00daltima Milla - Facultad de Ingenier\u00eda y Ciencias Agropecuarias<\/title>\n<meta name=\"robots\" content=\"index, follow, max-snippet:-1, max-image-preview:large, max-video-preview:-1\" \/>\n<link rel=\"canonical\" href=\"https:\/\/www.fica.unsl.edu.ar\/index.php\/charlas-logisticas-8-treggo-la-revelacion-de-ultima-milla\/\" \/>\n<meta property=\"og:locale\" content=\"es_ES\" \/>\n<meta property=\"og:type\" content=\"article\" \/>\n<meta property=\"og:title\" content=\"Charlas Log\u00edsticas - #8 Treggo: La Revelaci\u00f3n de \u00daltima Milla - Facultad de Ingenier\u00eda y Ciencias Agropecuarias\" \/>\n<meta property=\"og:description\" content=\"La c\u00e1tedra de Log\u00edstica de la FICA-UNSL invita a la comunidad en general y a los estudiantes en particular a participar de la 2\u00b0 Temporada&hellip;\" \/>\n<meta property=\"og:url\" content=\"https:\/\/www.fica.unsl.edu.ar\/index.php\/charlas-logisticas-8-treggo-la-revelacion-de-ultima-milla\/\" \/>\n<meta property=\"og:site_name\" content=\"Facultad de Ingenier\u00eda y Ciencias Agropecuarias\" \/>\n<meta property=\"article:publisher\" content=\"https:\/\/www.facebook.com\/FICA.UNSL\/\" \/>\n<meta property=\"article:published_time\" content=\"2021-06-25T14:30:24+00:00\" \/>\n<meta property=\"article:modified_time\" content=\"2021-07-01T13:25:30+00:00\" \/>\n<meta property=\"og:image\" content=\"https:\/\/www.fica.unsl.edu.ar\/wp-content\/uploads\/2021\/06\/monti-front.jpg\" \/>\n\t<meta property=\"og:image:width\" content=\"1061\" \/>\n\t<meta property=\"og:image:height\" content=\"600\" \/>\n\t<meta property=\"og:image:type\" content=\"image\/jpeg\" \/>\n<meta name=\"author\" content=\"DATI\" \/>\n<meta name=\"twitter:card\" content=\"summary_large_image\" \/>\n<meta name=\"twitter:creator\" content=\"@FICAUNSL\" \/>\n<meta name=\"twitter:site\" content=\"@FICAUNSL\" \/>\n<meta name=\"twitter:label1\" content=\"Escrito por\" \/>\n\t<meta name=\"twitter:data1\" content=\"DATI\" \/>\n\t<meta name=\"twitter:label2\" content=\"Tiempo de lectura\" \/>\n\t<meta name=\"twitter:data2\" content=\"1 minuto\" \/>\n<script type=\"application\/ld+json\" class=\"yoast-schema-graph\">{\"@context\":\"https:\\\/\\\/schema.org\",\"@graph\":[{\"@type\":\"Article\",\"@id\":\"https:\\\/\\\/www.fica.unsl.edu.ar\\\/index.php\\\/charlas-logisticas-8-treggo-la-revelacion-de-ultima-milla\\\/#article\",\"isPartOf\":{\"@id\":\"https:\\\/\\\/www.fica.unsl.edu.ar\\\/index.php\\\/charlas-logisticas-8-treggo-la-revelacion-de-ultima-milla\\\/\"},\"author\":{\"name\":\"DATI\",\"@id\":\"https:\\\/\\\/www.fica.unsl.edu.ar\\\/#\\\/schema\\\/person\\\/6058f9c66301868d3a691b1f5d6c3544\"},\"headline\":\"Charlas Log\u00edsticas &#8211; #8 Treggo: La Revelaci\u00f3n de \u00daltima Milla\",\"datePublished\":\"2021-06-25T14:30:24+00:00\",\"dateModified\":\"2021-07-01T13:25:30+00:00\",\"mainEntityOfPage\":{\"@id\":\"https:\\\/\\\/www.fica.unsl.edu.ar\\\/index.php\\\/charlas-logisticas-8-treggo-la-revelacion-de-ultima-milla\\\/\"},\"wordCount\":117,\"publisher\":{\"@id\":\"https:\\\/\\\/www.fica.unsl.edu.ar\\\/#organization\"},\"image\":{\"@id\":\"https:\\\/\\\/www.fica.unsl.edu.ar\\\/index.php\\\/charlas-logisticas-8-treggo-la-revelacion-de-ultima-milla\\\/#primaryimage\"},\"thumbnailUrl\":\"https:\\\/\\\/www.fica.unsl.edu.ar\\\/wp-content\\\/uploads\\\/2021\\\/06\\\/monti-front.jpg\",\"articleSection\":[\"Archivadas\"],\"inLanguage\":\"es-AR\"},{\"@type\":\"WebPage\",\"@id\":\"https:\\\/\\\/www.fica.unsl.edu.ar\\\/index.php\\\/charlas-logisticas-8-treggo-la-revelacion-de-ultima-milla\\\/\",\"url\":\"https:\\\/\\\/www.fica.unsl.edu.ar\\\/index.php\\\/charlas-logisticas-8-treggo-la-revelacion-de-ultima-milla\\\/\",\"name\":\"Charlas Log\u00edsticas - #8 Treggo: La Revelaci\u00f3n de \u00daltima Milla - Facultad de Ingenier\u00eda y Ciencias Agropecuarias\",\"isPartOf\":{\"@id\":\"https:\\\/\\\/www.fica.unsl.edu.ar\\\/#website\"},\"primaryImageOfPage\":{\"@id\":\"https:\\\/\\\/www.fica.unsl.edu.ar\\\/index.php\\\/charlas-logisticas-8-treggo-la-revelacion-de-ultima-milla\\\/#primaryimage\"},\"image\":{\"@id\":\"https:\\\/\\\/www.fica.unsl.edu.ar\\\/index.php\\\/charlas-logisticas-8-treggo-la-revelacion-de-ultima-milla\\\/#primaryimage\"},\"thumbnailUrl\":\"https:\\\/\\\/www.fica.unsl.edu.ar\\\/wp-content\\\/uploads\\\/2021\\\/06\\\/monti-front.jpg\",\"datePublished\":\"2021-06-25T14:30:24+00:00\",\"dateModified\":\"2021-07-01T13:25:30+00:00\",\"inLanguage\":\"es-AR\",\"potentialAction\":[{\"@type\":\"ReadAction\",\"target\":[\"https:\\\/\\\/www.fica.unsl.edu.ar\\\/index.php\\\/charlas-logisticas-8-treggo-la-revelacion-de-ultima-milla\\\/\"]}]},{\"@type\":\"ImageObject\",\"inLanguage\":\"es-AR\",\"@id\":\"https:\\\/\\\/www.fica.unsl.edu.ar\\\/index.php\\\/charlas-logisticas-8-treggo-la-revelacion-de-ultima-milla\\\/#primaryimage\",\"url\":\"https:\\\/\\\/www.fica.unsl.edu.ar\\\/wp-content\\\/uploads\\\/2021\\\/06\\\/monti-front.jpg\",\"contentUrl\":\"https:\\\/\\\/www.fica.unsl.edu.ar\\\/wp-content\\\/uploads\\\/2021\\\/06\\\/monti-front.jpg\",\"width\":1061,\"height\":600},{\"@type\":\"WebSite\",\"@id\":\"https:\\\/\\\/www.fica.unsl.edu.ar\\\/#website\",\"url\":\"https:\\\/\\\/www.fica.unsl.edu.ar\\\/\",\"name\":\"Facultad de Ingenier\u00eda y Ciencias Agropecuarias\",\"description\":\"\",\"publisher\":{\"@id\":\"https:\\\/\\\/www.fica.unsl.edu.ar\\\/#organization\"},\"potentialAction\":[{\"@type\":\"SearchAction\",\"target\":{\"@type\":\"EntryPoint\",\"urlTemplate\":\"https:\\\/\\\/www.fica.unsl.edu.ar\\\/?s={search_term_string}\"},\"query-input\":{\"@type\":\"PropertyValueSpecification\",\"valueRequired\":true,\"valueName\":\"search_term_string\"}}],\"inLanguage\":\"es-AR\"},{\"@type\":\"Organization\",\"@id\":\"https:\\\/\\\/www.fica.unsl.edu.ar\\\/#organization\",\"name\":\"Facultad de Ingenier\u00eda y Ciencias Agropecuarias\",\"url\":\"https:\\\/\\\/www.fica.unsl.edu.ar\\\/\",\"logo\":{\"@type\":\"ImageObject\",\"inLanguage\":\"es-AR\",\"@id\":\"https:\\\/\\\/www.fica.unsl.edu.ar\\\/#\\\/schema\\\/logo\\\/image\\\/\",\"url\":\"https:\\\/\\\/www.fica.unsl.edu.ar\\\/wp-content\\\/uploads\\\/2021\\\/03\\\/LOGO-1.jpg\",\"contentUrl\":\"https:\\\/\\\/www.fica.unsl.edu.ar\\\/wp-content\\\/uploads\\\/2021\\\/03\\\/LOGO-1.jpg\",\"width\":463,\"height\":145,\"caption\":\"Facultad de Ingenier\u00eda y Ciencias Agropecuarias\"},\"image\":{\"@id\":\"https:\\\/\\\/www.fica.unsl.edu.ar\\\/#\\\/schema\\\/logo\\\/image\\\/\"},\"sameAs\":[\"https:\\\/\\\/www.facebook.com\\\/FICA.UNSL\\\/\",\"https:\\\/\\\/x.com\\\/FICAUNSL\",\"https:\\\/\\\/www.instagram.com\\\/fica.unsl\\\/\",\"https:\\\/\\\/www.youtube.com\\\/channel\\\/UCs2MM53gb2PyBrMySdtWZDQ\"]},{\"@type\":\"Person\",\"@id\":\"https:\\\/\\\/www.fica.unsl.edu.ar\\\/#\\\/schema\\\/person\\\/6058f9c66301868d3a691b1f5d6c3544\",\"name\":\"DATI\"}]}<\/script>\n<!-- \/ Yoast SEO plugin. -->","yoast_head_json":{"title":"Charlas Log\u00edsticas - #8 Treggo: La Revelaci\u00f3n de \u00daltima Milla - Facultad de Ingenier\u00eda y Ciencias Agropecuarias","robots":{"index":"index","follow":"follow","max-snippet":"max-snippet:-1","max-image-preview":"max-image-preview:large","max-video-preview":"max-video-preview:-1"},"canonical":"https:\/\/www.fica.unsl.edu.ar\/index.php\/charlas-logisticas-8-treggo-la-revelacion-de-ultima-milla\/","og_locale":"es_ES","og_type":"article","og_title":"Charlas Log\u00edsticas - #8 Treggo: La Revelaci\u00f3n de \u00daltima Milla - Facultad de Ingenier\u00eda y Ciencias Agropecuarias","og_description":"La c\u00e1tedra de Log\u00edstica de la FICA-UNSL invita a la comunidad en general y a los estudiantes en particular a participar de la 2\u00b0 Temporada&hellip;","og_url":"https:\/\/www.fica.unsl.edu.ar\/index.php\/charlas-logisticas-8-treggo-la-revelacion-de-ultima-milla\/","og_site_name":"Facultad de Ingenier\u00eda y Ciencias Agropecuarias","article_publisher":"https:\/\/www.facebook.com\/FICA.UNSL\/","article_published_time":"2021-06-25T14:30:24+00:00","article_modified_time":"2021-07-01T13:25:30+00:00","og_image":[{"width":1061,"height":600,"url":"https:\/\/www.fica.unsl.edu.ar\/wp-content\/uploads\/2021\/06\/monti-front.jpg","type":"image\/jpeg"}],"author":"DATI","twitter_card":"summary_large_image","twitter_creator":"@FICAUNSL","twitter_site":"@FICAUNSL","twitter_misc":{"Escrito por":"DATI","Tiempo de lectura":"1 minuto"},"schema":{"@context":"https:\/\/schema.org","@graph":[{"@type":"Article","@id":"https:\/\/www.fica.unsl.edu.ar\/index.php\/charlas-logisticas-8-treggo-la-revelacion-de-ultima-milla\/#article","isPartOf":{"@id":"https:\/\/www.fica.unsl.edu.ar\/index.php\/charlas-logisticas-8-treggo-la-revelacion-de-ultima-milla\/"},"author":{"name":"DATI","@id":"https:\/\/www.fica.unsl.edu.ar\/#\/schema\/person\/6058f9c66301868d3a691b1f5d6c3544"},"headline":"Charlas Log\u00edsticas &#8211; #8 Treggo: La Revelaci\u00f3n de \u00daltima Milla","datePublished":"2021-06-25T14:30:24+00:00","dateModified":"2021-07-01T13:25:30+00:00","mainEntityOfPage":{"@id":"https:\/\/www.fica.unsl.edu.ar\/index.php\/charlas-logisticas-8-treggo-la-revelacion-de-ultima-milla\/"},"wordCount":117,"publisher":{"@id":"https:\/\/www.fica.unsl.edu.ar\/#organization"},"image":{"@id":"https:\/\/www.fica.unsl.edu.ar\/index.php\/charlas-logisticas-8-treggo-la-revelacion-de-ultima-milla\/#primaryimage"},"thumbnailUrl":"https:\/\/www.fica.unsl.edu.ar\/wp-content\/uploads\/2021\/06\/monti-front.jpg","articleSection":["Archivadas"],"inLanguage":"es-AR"},{"@type":"WebPage","@id":"https:\/\/www.fica.unsl.edu.ar\/index.php\/charlas-logisticas-8-treggo-la-revelacion-de-ultima-milla\/","url":"https:\/\/www.fica.unsl.edu.ar\/index.php\/charlas-logisticas-8-treggo-la-revelacion-de-ultima-milla\/","name":"Charlas Log\u00edsticas - #8 Treggo: La Revelaci\u00f3n de \u00daltima Milla - Facultad de Ingenier\u00eda y Ciencias Agropecuarias","isPartOf":{"@id":"https:\/\/www.fica.unsl.edu.ar\/#website"},"primaryImageOfPage":{"@id":"https:\/\/www.fica.unsl.edu.ar\/index.php\/charlas-logisticas-8-treggo-la-revelacion-de-ultima-milla\/#primaryimage"},"image":{"@id":"https:\/\/www.fica.unsl.edu.ar\/index.php\/charlas-logisticas-8-treggo-la-revelacion-de-ultima-milla\/#primaryimage"},"thumbnailUrl":"https:\/\/www.fica.unsl.edu.ar\/wp-content\/uploads\/2021\/06\/monti-front.jpg","datePublished":"2021-06-25T14:30:24+00:00","dateModified":"2021-07-01T13:25:30+00:00","inLanguage":"es-AR","potentialAction":[{"@type":"ReadAction","target":["https:\/\/www.fica.unsl.edu.ar\/index.php\/charlas-logisticas-8-treggo-la-revelacion-de-ultima-milla\/"]}]},{"@type":"ImageObject","inLanguage":"es-AR","@id":"https:\/\/www.fica.unsl.edu.ar\/index.php\/charlas-logisticas-8-treggo-la-revelacion-de-ultima-milla\/#primaryimage","url":"https:\/\/www.fica.unsl.edu.ar\/wp-content\/uploads\/2021\/06\/monti-front.jpg","contentUrl":"https:\/\/www.fica.unsl.edu.ar\/wp-content\/uploads\/2021\/06\/monti-front.jpg","width":1061,"height":600},{"@type":"WebSite","@id":"https:\/\/www.fica.unsl.edu.ar\/#website","url":"https:\/\/www.fica.unsl.edu.ar\/","name":"Facultad de Ingenier\u00eda y Ciencias Agropecuarias","description":"","publisher":{"@id":"https:\/\/www.fica.unsl.edu.ar\/#organization"},"potentialAction":[{"@type":"SearchAction","target":{"@type":"EntryPoint","urlTemplate":"https:\/\/www.fica.unsl.edu.ar\/?s={search_term_string}"},"query-input":{"@type":"PropertyValueSpecification","valueRequired":true,"valueName":"search_term_string"}}],"inLanguage":"es-AR"},{"@type":"Organization","@id":"https:\/\/www.fica.unsl.edu.ar\/#organization","name":"Facultad de Ingenier\u00eda y Ciencias Agropecuarias","url":"https:\/\/www.fica.unsl.edu.ar\/","logo":{"@type":"ImageObject","inLanguage":"es-AR","@id":"https:\/\/www.fica.unsl.edu.ar\/#\/schema\/logo\/image\/","url":"https:\/\/www.fica.unsl.edu.ar\/wp-content\/uploads\/2021\/03\/LOGO-1.jpg","contentUrl":"https:\/\/www.fica.unsl.edu.ar\/wp-content\/uploads\/2021\/03\/LOGO-1.jpg","width":463,"height":145,"caption":"Facultad de Ingenier\u00eda y Ciencias Agropecuarias"},"image":{"@id":"https:\/\/www.fica.unsl.edu.ar\/#\/schema\/logo\/image\/"},"sameAs":["https:\/\/www.facebook.com\/FICA.UNSL\/","https:\/\/x.com\/FICAUNSL","https:\/\/www.instagram.com\/fica.unsl\/","https:\/\/www.youtube.com\/channel\/UCs2MM53gb2PyBrMySdtWZDQ"]},{"@type":"Person","@id":"https:\/\/www.fica.unsl.edu.ar\/#\/schema\/person\/6058f9c66301868d3a691b1f5d6c3544","name":"DATI"}]}},"_links":{"self":[{"href":"https:\/\/www.fica.unsl.edu.ar\/index.php\/wp-json\/wp\/v2\/posts\/5537","targetHints":{"allow":["GET"]}}],"collection":[{"href":"https:\/\/www.fica.unsl.edu.ar\/index.php\/wp-json\/wp\/v2\/posts"}],"about":[{"href":"https:\/\/www.fica.unsl.edu.ar\/index.php\/wp-json\/wp\/v2\/types\/post"}],"author":[{"embeddable":true,"href":"https:\/\/www.fica.unsl.edu.ar\/index.php\/wp-json\/wp\/v2\/users\/9"}],"replies":[{"embeddable":true,"href":"https:\/\/www.fica.unsl.edu.ar\/index.php\/wp-json\/wp\/v2\/comments?post=5537"}],"version-history":[{"count":1,"href":"https:\/\/www.fica.unsl.edu.ar\/index.php\/wp-json\/wp\/v2\/posts\/5537\/revisions"}],"predecessor-version":[{"id":5540,"href":"https:\/\/www.fica.unsl.edu.ar\/index.php\/wp-json\/wp\/v2\/posts\/5537\/revisions\/5540"}],"wp:featuredmedia":[{"embeddable":true,"href":"https:\/\/www.fica.unsl.edu.ar\/index.php\/wp-json\/wp\/v2\/media\/5538"}],"wp:attachment":[{"href":"https:\/\/www.fica.unsl.edu.ar\/index.php\/wp-json\/wp\/v2\/media?parent=5537"}],"wp:term":[{"taxonomy":"category","embeddable":true,"href":"https:\/\/www.fica.unsl.edu.ar\/index.php\/wp-json\/wp\/v2\/categories?post=5537"},{"taxonomy":"post_tag","embeddable":true,"href":"https:\/\/www.fica.unsl.edu.ar\/index.php\/wp-json\/wp\/v2\/tags?post=5537"}],"curies":[{"name":"wp","href":"https:\/\/api.w.org\/{rel}","templated":true}]}}