{"id":5731,"date":"2021-08-08T10:46:42","date_gmt":"2021-08-08T13:46:42","guid":{"rendered":"http:\/\/10.101.10.196\/www\/?p=5731"},"modified":"2021-11-18T10:59:26","modified_gmt":"2021-11-18T13:59:26","slug":"se-dictara-la-asignatura-electiva-ingles-comunicacional-en-el-2do-cuatrimestre","status":"publish","type":"post","link":"https:\/\/www.fica.unsl.edu.ar\/index.php\/se-dictara-la-asignatura-electiva-ingles-comunicacional-en-el-2do-cuatrimestre\/","title":{"rendered":"Se dictar\u00e1 la asignatura electiva \u201cIngl\u00e9s Comunicacional\u201d en el 2do. Cuatrimestre"},"content":{"rendered":"<p>Desde el \u00c1rea de Idiomas se invita a una experiencia nueva con el Ingl\u00e9s: a partir de este segundo cuatrimestre se podr\u00e1 cursar \u201c<strong>Ingl\u00e9s Comunicacional<\/strong>\u201d como una asignatura ELECTIVA, es decir, elegirla como la asignatura electiva del plan de estudios. El \u00fanico requisito para inscribirse a trav\u00e9s del SIU GUARANI es tener aprobada la asignatura \u201cAcreditaci\u00f3n de Ingl\u00e9s\u201d de la carrera. La misma ha sido aprobada para las siguientes carreras: Alimentos, Electromec\u00e1nica, Electr\u00f3nica, Industrial, Mecatr\u00f3nica y Qu\u00edmica.<\/p>\n<p>Ser\u00e1 semi-presencial, lo que significa que habr\u00e1 trabajo virtual y presencial y se dictar\u00e1 los jueves de 9 a 12h, cuando sea presencial, en el aula 137 del primer piso del campus y cuando sea de forma virtual mediante Google Meet o Zoom. Se deber\u00e1 tener acceso a internet ya que la parte virtual ser\u00e1 a trav\u00e9s de la plataforma educativa Moodle y ser\u00e1 imprescindible trabajar en los contenidos presentados a trav\u00e9s de la misma para poder avanzar.<\/p>\n<p>La asignatura tiene como objetivo: \u201cAdquirir la competencia comunicativa en ingl\u00e9s tanto a nivel oral como escrito de modo que los estudiantes puedan entablar una comunicaci\u00f3n b\u00e1sica, en situaciones de la vida cotidiana con un nivel equivalente al nivel A1 seg\u00fan el Marco Com\u00fan Europeo de Referencia para las Lenguas (MCERL).\u201d<\/p>\n<p>Para m\u00e1s informaci\u00f3n escribir al mail: <a href=\"mailto:rivarola.marcela@gmail.com\">rivarola.marcela@gmail.com<\/a><\/p>\n","protected":false},"excerpt":{"rendered":"<p>Desde el \u00c1rea de Idiomas se invita a una experiencia nueva con el Ingl\u00e9s: a partir de este segundo cuatrimestre se podr\u00e1 cursar \u201cIngl\u00e9s Comunicacional\u201d&hellip;<\/p>\n","protected":false},"author":9,"featured_media":5958,"comment_status":"closed","ping_status":"closed","sticky":false,"template":"","format":"standard","meta":{"_monsterinsights_skip_tracking":false,"_monsterinsights_sitenote_active":false,"_monsterinsights_sitenote_note":"","_monsterinsights_sitenote_category":0,"_joinchat":[],"footnotes":""},"categories":[22],"tags":[],"class_list":["post-5731","post","type-post","status-publish","format-standard","has-post-thumbnail","hentry","category-archivadas"],"yoast_head":"<!-- This site is optimized with the Yoast SEO plugin v27.4 - https:\/\/yoast.com\/product\/yoast-seo-wordpress\/ -->\n<title>Se dictar\u00e1 la asignatura electiva \u201cIngl\u00e9s Comunicacional\u201d en el 2do. Cuatrimestre - Facultad de Ingenier\u00eda y Ciencias Agropecuarias<\/title>\n<meta name=\"robots\" content=\"index, follow, max-snippet:-1, max-image-preview:large, max-video-preview:-1\" \/>\n<link rel=\"canonical\" href=\"https:\/\/www.fica.unsl.edu.ar\/index.php\/se-dictara-la-asignatura-electiva-ingles-comunicacional-en-el-2do-cuatrimestre\/\" \/>\n<meta property=\"og:locale\" content=\"es_ES\" \/>\n<meta property=\"og:type\" content=\"article\" \/>\n<meta property=\"og:title\" content=\"Se dictar\u00e1 la asignatura electiva \u201cIngl\u00e9s Comunicacional\u201d en el 2do. Cuatrimestre - Facultad de Ingenier\u00eda y Ciencias Agropecuarias\" \/>\n<meta property=\"og:description\" content=\"Desde el \u00c1rea de Idiomas se invita a una experiencia nueva con el Ingl\u00e9s: a partir de este segundo cuatrimestre se podr\u00e1 cursar \u201cIngl\u00e9s Comunicacional\u201d&hellip;\" \/>\n<meta property=\"og:url\" content=\"https:\/\/www.fica.unsl.edu.ar\/index.php\/se-dictara-la-asignatura-electiva-ingles-comunicacional-en-el-2do-cuatrimestre\/\" \/>\n<meta property=\"og:site_name\" content=\"Facultad de Ingenier\u00eda y Ciencias Agropecuarias\" \/>\n<meta property=\"article:publisher\" content=\"https:\/\/www.facebook.com\/FICA.UNSL\/\" \/>\n<meta property=\"article:published_time\" content=\"2021-08-08T13:46:42+00:00\" \/>\n<meta property=\"article:modified_time\" content=\"2021-11-18T13:59:26+00:00\" \/>\n<meta property=\"og:image\" content=\"https:\/\/www.fica.unsl.edu.ar\/wp-content\/uploads\/2021\/07\/ingles-FACE.jpg\" \/>\n\t<meta property=\"og:image:width\" content=\"1280\" \/>\n\t<meta property=\"og:image:height\" content=\"669\" \/>\n\t<meta property=\"og:image:type\" content=\"image\/jpeg\" \/>\n<meta name=\"author\" content=\"DATI\" \/>\n<meta name=\"twitter:card\" content=\"summary_large_image\" \/>\n<meta name=\"twitter:creator\" content=\"@FICAUNSL\" \/>\n<meta name=\"twitter:site\" content=\"@FICAUNSL\" \/>\n<meta name=\"twitter:label1\" content=\"Escrito por\" \/>\n\t<meta name=\"twitter:data1\" content=\"DATI\" \/>\n\t<meta name=\"twitter:label2\" content=\"Tiempo de lectura\" \/>\n\t<meta name=\"twitter:data2\" content=\"1 minuto\" \/>\n<script type=\"application\/ld+json\" class=\"yoast-schema-graph\">{\"@context\":\"https:\\\/\\\/schema.org\",\"@graph\":[{\"@type\":\"Article\",\"@id\":\"https:\\\/\\\/www.fica.unsl.edu.ar\\\/index.php\\\/se-dictara-la-asignatura-electiva-ingles-comunicacional-en-el-2do-cuatrimestre\\\/#article\",\"isPartOf\":{\"@id\":\"https:\\\/\\\/www.fica.unsl.edu.ar\\\/index.php\\\/se-dictara-la-asignatura-electiva-ingles-comunicacional-en-el-2do-cuatrimestre\\\/\"},\"author\":{\"name\":\"DATI\",\"@id\":\"https:\\\/\\\/www.fica.unsl.edu.ar\\\/#\\\/schema\\\/person\\\/6058f9c66301868d3a691b1f5d6c3544\"},\"headline\":\"Se dictar\u00e1 la asignatura electiva \u201cIngl\u00e9s Comunicacional\u201d en el 2do. Cuatrimestre\",\"datePublished\":\"2021-08-08T13:46:42+00:00\",\"dateModified\":\"2021-11-18T13:59:26+00:00\",\"mainEntityOfPage\":{\"@id\":\"https:\\\/\\\/www.fica.unsl.edu.ar\\\/index.php\\\/se-dictara-la-asignatura-electiva-ingles-comunicacional-en-el-2do-cuatrimestre\\\/\"},\"wordCount\":244,\"publisher\":{\"@id\":\"https:\\\/\\\/www.fica.unsl.edu.ar\\\/#organization\"},\"image\":{\"@id\":\"https:\\\/\\\/www.fica.unsl.edu.ar\\\/index.php\\\/se-dictara-la-asignatura-electiva-ingles-comunicacional-en-el-2do-cuatrimestre\\\/#primaryimage\"},\"thumbnailUrl\":\"https:\\\/\\\/www.fica.unsl.edu.ar\\\/wp-content\\\/uploads\\\/2021\\\/07\\\/ingles-FACE.jpg\",\"articleSection\":[\"Archivadas\"],\"inLanguage\":\"es-AR\"},{\"@type\":\"WebPage\",\"@id\":\"https:\\\/\\\/www.fica.unsl.edu.ar\\\/index.php\\\/se-dictara-la-asignatura-electiva-ingles-comunicacional-en-el-2do-cuatrimestre\\\/\",\"url\":\"https:\\\/\\\/www.fica.unsl.edu.ar\\\/index.php\\\/se-dictara-la-asignatura-electiva-ingles-comunicacional-en-el-2do-cuatrimestre\\\/\",\"name\":\"Se dictar\u00e1 la asignatura electiva \u201cIngl\u00e9s Comunicacional\u201d en el 2do. Cuatrimestre - Facultad de Ingenier\u00eda y Ciencias Agropecuarias\",\"isPartOf\":{\"@id\":\"https:\\\/\\\/www.fica.unsl.edu.ar\\\/#website\"},\"primaryImageOfPage\":{\"@id\":\"https:\\\/\\\/www.fica.unsl.edu.ar\\\/index.php\\\/se-dictara-la-asignatura-electiva-ingles-comunicacional-en-el-2do-cuatrimestre\\\/#primaryimage\"},\"image\":{\"@id\":\"https:\\\/\\\/www.fica.unsl.edu.ar\\\/index.php\\\/se-dictara-la-asignatura-electiva-ingles-comunicacional-en-el-2do-cuatrimestre\\\/#primaryimage\"},\"thumbnailUrl\":\"https:\\\/\\\/www.fica.unsl.edu.ar\\\/wp-content\\\/uploads\\\/2021\\\/07\\\/ingles-FACE.jpg\",\"datePublished\":\"2021-08-08T13:46:42+00:00\",\"dateModified\":\"2021-11-18T13:59:26+00:00\",\"inLanguage\":\"es-AR\",\"potentialAction\":[{\"@type\":\"ReadAction\",\"target\":[\"https:\\\/\\\/www.fica.unsl.edu.ar\\\/index.php\\\/se-dictara-la-asignatura-electiva-ingles-comunicacional-en-el-2do-cuatrimestre\\\/\"]}]},{\"@type\":\"ImageObject\",\"inLanguage\":\"es-AR\",\"@id\":\"https:\\\/\\\/www.fica.unsl.edu.ar\\\/index.php\\\/se-dictara-la-asignatura-electiva-ingles-comunicacional-en-el-2do-cuatrimestre\\\/#primaryimage\",\"url\":\"https:\\\/\\\/www.fica.unsl.edu.ar\\\/wp-content\\\/uploads\\\/2021\\\/07\\\/ingles-FACE.jpg\",\"contentUrl\":\"https:\\\/\\\/www.fica.unsl.edu.ar\\\/wp-content\\\/uploads\\\/2021\\\/07\\\/ingles-FACE.jpg\",\"width\":1280,\"height\":669},{\"@type\":\"WebSite\",\"@id\":\"https:\\\/\\\/www.fica.unsl.edu.ar\\\/#website\",\"url\":\"https:\\\/\\\/www.fica.unsl.edu.ar\\\/\",\"name\":\"Facultad de Ingenier\u00eda y Ciencias Agropecuarias\",\"description\":\"\",\"publisher\":{\"@id\":\"https:\\\/\\\/www.fica.unsl.edu.ar\\\/#organization\"},\"potentialAction\":[{\"@type\":\"SearchAction\",\"target\":{\"@type\":\"EntryPoint\",\"urlTemplate\":\"https:\\\/\\\/www.fica.unsl.edu.ar\\\/?s={search_term_string}\"},\"query-input\":{\"@type\":\"PropertyValueSpecification\",\"valueRequired\":true,\"valueName\":\"search_term_string\"}}],\"inLanguage\":\"es-AR\"},{\"@type\":\"Organization\",\"@id\":\"https:\\\/\\\/www.fica.unsl.edu.ar\\\/#organization\",\"name\":\"Facultad de Ingenier\u00eda y Ciencias Agropecuarias\",\"url\":\"https:\\\/\\\/www.fica.unsl.edu.ar\\\/\",\"logo\":{\"@type\":\"ImageObject\",\"inLanguage\":\"es-AR\",\"@id\":\"https:\\\/\\\/www.fica.unsl.edu.ar\\\/#\\\/schema\\\/logo\\\/image\\\/\",\"url\":\"https:\\\/\\\/www.fica.unsl.edu.ar\\\/wp-content\\\/uploads\\\/2021\\\/03\\\/LOGO-1.jpg\",\"contentUrl\":\"https:\\\/\\\/www.fica.unsl.edu.ar\\\/wp-content\\\/uploads\\\/2021\\\/03\\\/LOGO-1.jpg\",\"width\":463,\"height\":145,\"caption\":\"Facultad de Ingenier\u00eda y Ciencias Agropecuarias\"},\"image\":{\"@id\":\"https:\\\/\\\/www.fica.unsl.edu.ar\\\/#\\\/schema\\\/logo\\\/image\\\/\"},\"sameAs\":[\"https:\\\/\\\/www.facebook.com\\\/FICA.UNSL\\\/\",\"https:\\\/\\\/x.com\\\/FICAUNSL\",\"https:\\\/\\\/www.instagram.com\\\/fica.unsl\\\/\",\"https:\\\/\\\/www.youtube.com\\\/channel\\\/UCs2MM53gb2PyBrMySdtWZDQ\"]},{\"@type\":\"Person\",\"@id\":\"https:\\\/\\\/www.fica.unsl.edu.ar\\\/#\\\/schema\\\/person\\\/6058f9c66301868d3a691b1f5d6c3544\",\"name\":\"DATI\"}]}<\/script>\n<!-- \/ Yoast SEO plugin. -->","yoast_head_json":{"title":"Se dictar\u00e1 la asignatura electiva \u201cIngl\u00e9s Comunicacional\u201d en el 2do. Cuatrimestre - Facultad de Ingenier\u00eda y Ciencias Agropecuarias","robots":{"index":"index","follow":"follow","max-snippet":"max-snippet:-1","max-image-preview":"max-image-preview:large","max-video-preview":"max-video-preview:-1"},"canonical":"https:\/\/www.fica.unsl.edu.ar\/index.php\/se-dictara-la-asignatura-electiva-ingles-comunicacional-en-el-2do-cuatrimestre\/","og_locale":"es_ES","og_type":"article","og_title":"Se dictar\u00e1 la asignatura electiva \u201cIngl\u00e9s Comunicacional\u201d en el 2do. Cuatrimestre - Facultad de Ingenier\u00eda y Ciencias Agropecuarias","og_description":"Desde el \u00c1rea de Idiomas se invita a una experiencia nueva con el Ingl\u00e9s: a partir de este segundo cuatrimestre se podr\u00e1 cursar \u201cIngl\u00e9s Comunicacional\u201d&hellip;","og_url":"https:\/\/www.fica.unsl.edu.ar\/index.php\/se-dictara-la-asignatura-electiva-ingles-comunicacional-en-el-2do-cuatrimestre\/","og_site_name":"Facultad de Ingenier\u00eda y Ciencias Agropecuarias","article_publisher":"https:\/\/www.facebook.com\/FICA.UNSL\/","article_published_time":"2021-08-08T13:46:42+00:00","article_modified_time":"2021-11-18T13:59:26+00:00","og_image":[{"width":1280,"height":669,"url":"https:\/\/www.fica.unsl.edu.ar\/wp-content\/uploads\/2021\/07\/ingles-FACE.jpg","type":"image\/jpeg"}],"author":"DATI","twitter_card":"summary_large_image","twitter_creator":"@FICAUNSL","twitter_site":"@FICAUNSL","twitter_misc":{"Escrito por":"DATI","Tiempo de lectura":"1 minuto"},"schema":{"@context":"https:\/\/schema.org","@graph":[{"@type":"Article","@id":"https:\/\/www.fica.unsl.edu.ar\/index.php\/se-dictara-la-asignatura-electiva-ingles-comunicacional-en-el-2do-cuatrimestre\/#article","isPartOf":{"@id":"https:\/\/www.fica.unsl.edu.ar\/index.php\/se-dictara-la-asignatura-electiva-ingles-comunicacional-en-el-2do-cuatrimestre\/"},"author":{"name":"DATI","@id":"https:\/\/www.fica.unsl.edu.ar\/#\/schema\/person\/6058f9c66301868d3a691b1f5d6c3544"},"headline":"Se dictar\u00e1 la asignatura electiva \u201cIngl\u00e9s Comunicacional\u201d en el 2do. Cuatrimestre","datePublished":"2021-08-08T13:46:42+00:00","dateModified":"2021-11-18T13:59:26+00:00","mainEntityOfPage":{"@id":"https:\/\/www.fica.unsl.edu.ar\/index.php\/se-dictara-la-asignatura-electiva-ingles-comunicacional-en-el-2do-cuatrimestre\/"},"wordCount":244,"publisher":{"@id":"https:\/\/www.fica.unsl.edu.ar\/#organization"},"image":{"@id":"https:\/\/www.fica.unsl.edu.ar\/index.php\/se-dictara-la-asignatura-electiva-ingles-comunicacional-en-el-2do-cuatrimestre\/#primaryimage"},"thumbnailUrl":"https:\/\/www.fica.unsl.edu.ar\/wp-content\/uploads\/2021\/07\/ingles-FACE.jpg","articleSection":["Archivadas"],"inLanguage":"es-AR"},{"@type":"WebPage","@id":"https:\/\/www.fica.unsl.edu.ar\/index.php\/se-dictara-la-asignatura-electiva-ingles-comunicacional-en-el-2do-cuatrimestre\/","url":"https:\/\/www.fica.unsl.edu.ar\/index.php\/se-dictara-la-asignatura-electiva-ingles-comunicacional-en-el-2do-cuatrimestre\/","name":"Se dictar\u00e1 la asignatura electiva \u201cIngl\u00e9s Comunicacional\u201d en el 2do. Cuatrimestre - Facultad de Ingenier\u00eda y Ciencias Agropecuarias","isPartOf":{"@id":"https:\/\/www.fica.unsl.edu.ar\/#website"},"primaryImageOfPage":{"@id":"https:\/\/www.fica.unsl.edu.ar\/index.php\/se-dictara-la-asignatura-electiva-ingles-comunicacional-en-el-2do-cuatrimestre\/#primaryimage"},"image":{"@id":"https:\/\/www.fica.unsl.edu.ar\/index.php\/se-dictara-la-asignatura-electiva-ingles-comunicacional-en-el-2do-cuatrimestre\/#primaryimage"},"thumbnailUrl":"https:\/\/www.fica.unsl.edu.ar\/wp-content\/uploads\/2021\/07\/ingles-FACE.jpg","datePublished":"2021-08-08T13:46:42+00:00","dateModified":"2021-11-18T13:59:26+00:00","inLanguage":"es-AR","potentialAction":[{"@type":"ReadAction","target":["https:\/\/www.fica.unsl.edu.ar\/index.php\/se-dictara-la-asignatura-electiva-ingles-comunicacional-en-el-2do-cuatrimestre\/"]}]},{"@type":"ImageObject","inLanguage":"es-AR","@id":"https:\/\/www.fica.unsl.edu.ar\/index.php\/se-dictara-la-asignatura-electiva-ingles-comunicacional-en-el-2do-cuatrimestre\/#primaryimage","url":"https:\/\/www.fica.unsl.edu.ar\/wp-content\/uploads\/2021\/07\/ingles-FACE.jpg","contentUrl":"https:\/\/www.fica.unsl.edu.ar\/wp-content\/uploads\/2021\/07\/ingles-FACE.jpg","width":1280,"height":669},{"@type":"WebSite","@id":"https:\/\/www.fica.unsl.edu.ar\/#website","url":"https:\/\/www.fica.unsl.edu.ar\/","name":"Facultad de Ingenier\u00eda y Ciencias Agropecuarias","description":"","publisher":{"@id":"https:\/\/www.fica.unsl.edu.ar\/#organization"},"potentialAction":[{"@type":"SearchAction","target":{"@type":"EntryPoint","urlTemplate":"https:\/\/www.fica.unsl.edu.ar\/?s={search_term_string}"},"query-input":{"@type":"PropertyValueSpecification","valueRequired":true,"valueName":"search_term_string"}}],"inLanguage":"es-AR"},{"@type":"Organization","@id":"https:\/\/www.fica.unsl.edu.ar\/#organization","name":"Facultad de Ingenier\u00eda y Ciencias Agropecuarias","url":"https:\/\/www.fica.unsl.edu.ar\/","logo":{"@type":"ImageObject","inLanguage":"es-AR","@id":"https:\/\/www.fica.unsl.edu.ar\/#\/schema\/logo\/image\/","url":"https:\/\/www.fica.unsl.edu.ar\/wp-content\/uploads\/2021\/03\/LOGO-1.jpg","contentUrl":"https:\/\/www.fica.unsl.edu.ar\/wp-content\/uploads\/2021\/03\/LOGO-1.jpg","width":463,"height":145,"caption":"Facultad de Ingenier\u00eda y Ciencias Agropecuarias"},"image":{"@id":"https:\/\/www.fica.unsl.edu.ar\/#\/schema\/logo\/image\/"},"sameAs":["https:\/\/www.facebook.com\/FICA.UNSL\/","https:\/\/x.com\/FICAUNSL","https:\/\/www.instagram.com\/fica.unsl\/","https:\/\/www.youtube.com\/channel\/UCs2MM53gb2PyBrMySdtWZDQ"]},{"@type":"Person","@id":"https:\/\/www.fica.unsl.edu.ar\/#\/schema\/person\/6058f9c66301868d3a691b1f5d6c3544","name":"DATI"}]}},"_links":{"self":[{"href":"https:\/\/www.fica.unsl.edu.ar\/index.php\/wp-json\/wp\/v2\/posts\/5731","targetHints":{"allow":["GET"]}}],"collection":[{"href":"https:\/\/www.fica.unsl.edu.ar\/index.php\/wp-json\/wp\/v2\/posts"}],"about":[{"href":"https:\/\/www.fica.unsl.edu.ar\/index.php\/wp-json\/wp\/v2\/types\/post"}],"author":[{"embeddable":true,"href":"https:\/\/www.fica.unsl.edu.ar\/index.php\/wp-json\/wp\/v2\/users\/9"}],"replies":[{"embeddable":true,"href":"https:\/\/www.fica.unsl.edu.ar\/index.php\/wp-json\/wp\/v2\/comments?post=5731"}],"version-history":[{"count":1,"href":"https:\/\/www.fica.unsl.edu.ar\/index.php\/wp-json\/wp\/v2\/posts\/5731\/revisions"}],"predecessor-version":[{"id":5733,"href":"https:\/\/www.fica.unsl.edu.ar\/index.php\/wp-json\/wp\/v2\/posts\/5731\/revisions\/5733"}],"wp:featuredmedia":[{"embeddable":true,"href":"https:\/\/www.fica.unsl.edu.ar\/index.php\/wp-json\/wp\/v2\/media\/5958"}],"wp:attachment":[{"href":"https:\/\/www.fica.unsl.edu.ar\/index.php\/wp-json\/wp\/v2\/media?parent=5731"}],"wp:term":[{"taxonomy":"category","embeddable":true,"href":"https:\/\/www.fica.unsl.edu.ar\/index.php\/wp-json\/wp\/v2\/categories?post=5731"},{"taxonomy":"post_tag","embeddable":true,"href":"https:\/\/www.fica.unsl.edu.ar\/index.php\/wp-json\/wp\/v2\/tags?post=5731"}],"curies":[{"name":"wp","href":"https:\/\/api.w.org\/{rel}","templated":true}]}}