{"id":5857,"date":"2021-08-04T13:17:40","date_gmt":"2021-08-04T16:17:40","guid":{"rendered":"http:\/\/10.101.10.196\/www\/?p=5857"},"modified":"2021-09-10T21:20:18","modified_gmt":"2021-09-11T00:20:18","slug":"la-fundacion-acindar-selecciono-para-su-financiacion-un-proyecto-educativo-social-en-energias-renovables","status":"publish","type":"post","link":"https:\/\/www.fica.unsl.edu.ar\/index.php\/la-fundacion-acindar-selecciono-para-su-financiacion-un-proyecto-educativo-social-en-energias-renovables\/","title":{"rendered":"La fundaci\u00f3n Acindar seleccion\u00f3 para su financiaci\u00f3n un proyecto educativo-social en energ\u00edas renovables"},"content":{"rendered":"<p>El proyecto \u201cProyecto educativo-social en energ\u00edas renovables: capacitaciones para el sostenimiento de sistemas instalados en escuela rural Puertas del Sol y puesto de salud de Guanaco del Morro &#8211; San Luis\u201d fue seleccionado en el marco de la Convocatoria de la Fundaci\u00f3n Acindar: \u201cConstruir Comunidad 2021\u201d.<\/p>\n<p>Esta convocatoria tiene por objetivo fortalecer el tejido comunitario y promover la educaci\u00f3n y la inclusi\u00f3n social en las localizaciones ArcelorMittal Acindar. El proyecto de la FICA recibir\u00e1 el financiamiento de $360.000 requerido para la iniciativa.<\/p>\n<p>Se presentaron 25 proyectos, el mayor n\u00famero de proyectos recibidos desde que Acindar impulsa esta convocatoria. Once de ellos fueron de Villa Constituci\u00f3n, Santa Fe; 5 de La Matanza y 5 de San Nicol\u00e1s, Provincia de Buenos Aires; 3 de Villa Mercedes, San Luis y 1 de todas las localizaciones.<\/p>\n<p>La propuesta fue destinada a financiar iniciativas socioeducativas de organizaciones de la sociedad civil y municipios en las ciudades de: Villa Mercedes (San Luis), La Tablada y San Nicol\u00e1s (Pcia de Buenos Aires) y Villa Constituci\u00f3n (Santa Fe). Se recibieron proyectos de organizaciones formalmente constituidas que, tomando a la educaci\u00f3n como punto de partida, propusieran la construcci\u00f3n de lazos dentro de las comunidades donde la empresa tiene plantas productivas.<\/p>\n<p>La convocatoria 2021 incluy\u00f3 la perspectiva de g\u00e9nero como criterio de selecci\u00f3n (no excluyente). Esto significa proyectos que impulsen, profundicen o consoliden los esfuerzos de la comunidad para prevenir la discriminaci\u00f3n y la violencia hacia las mujeres, generar oportunidades igualitarias de desarrollo y\/o contribuyan a sensibilizar a la sociedad acerca de las desigualdades actuales entre varones y mujeres.<\/p>\n<p>&nbsp;<\/p>\n","protected":false},"excerpt":{"rendered":"<p>El proyecto \u201cProyecto educativo-social en energ\u00edas renovables: capacitaciones para el sostenimiento de sistemas instalados en escuela rural Puertas del Sol y puesto de salud de&hellip;<\/p>\n","protected":false},"author":9,"featured_media":5858,"comment_status":"closed","ping_status":"closed","sticky":false,"template":"","format":"standard","meta":{"_monsterinsights_skip_tracking":false,"_monsterinsights_sitenote_active":false,"_monsterinsights_sitenote_note":"","_monsterinsights_sitenote_category":0,"_joinchat":[],"footnotes":""},"categories":[19],"tags":[],"class_list":["post-5857","post","type-post","status-publish","format-standard","has-post-thumbnail","hentry","category-noticias"],"yoast_head":"<!-- This site is optimized with the Yoast SEO plugin v27.4 - https:\/\/yoast.com\/product\/yoast-seo-wordpress\/ -->\n<title>La fundaci\u00f3n Acindar seleccion\u00f3 para su financiaci\u00f3n un proyecto educativo-social en energ\u00edas renovables - Facultad de Ingenier\u00eda y Ciencias Agropecuarias<\/title>\n<meta name=\"robots\" content=\"index, follow, max-snippet:-1, max-image-preview:large, max-video-preview:-1\" \/>\n<link rel=\"canonical\" href=\"https:\/\/www.fica.unsl.edu.ar\/index.php\/la-fundacion-acindar-selecciono-para-su-financiacion-un-proyecto-educativo-social-en-energias-renovables\/\" \/>\n<meta property=\"og:locale\" content=\"es_ES\" \/>\n<meta property=\"og:type\" content=\"article\" \/>\n<meta property=\"og:title\" content=\"La fundaci\u00f3n Acindar seleccion\u00f3 para su financiaci\u00f3n un proyecto educativo-social en energ\u00edas renovables - Facultad de Ingenier\u00eda y Ciencias Agropecuarias\" \/>\n<meta property=\"og:description\" content=\"El proyecto \u201cProyecto educativo-social en energ\u00edas renovables: capacitaciones para el sostenimiento de sistemas instalados en escuela rural Puertas del Sol y puesto de salud de&hellip;\" \/>\n<meta property=\"og:url\" content=\"https:\/\/www.fica.unsl.edu.ar\/index.php\/la-fundacion-acindar-selecciono-para-su-financiacion-un-proyecto-educativo-social-en-energias-renovables\/\" \/>\n<meta property=\"og:site_name\" content=\"Facultad de Ingenier\u00eda y Ciencias Agropecuarias\" \/>\n<meta property=\"article:publisher\" content=\"https:\/\/www.facebook.com\/FICA.UNSL\/\" \/>\n<meta property=\"article:published_time\" content=\"2021-08-04T16:17:40+00:00\" \/>\n<meta property=\"article:modified_time\" content=\"2021-09-11T00:20:18+00:00\" \/>\n<meta property=\"og:image\" content=\"https:\/\/www.fica.unsl.edu.ar\/wp-content\/uploads\/2021\/08\/acindar.jpg\" \/>\n\t<meta property=\"og:image:width\" content=\"1061\" \/>\n\t<meta property=\"og:image:height\" content=\"600\" \/>\n\t<meta property=\"og:image:type\" content=\"image\/jpeg\" \/>\n<meta name=\"author\" content=\"DATI\" \/>\n<meta name=\"twitter:card\" content=\"summary_large_image\" \/>\n<meta name=\"twitter:creator\" content=\"@FICAUNSL\" \/>\n<meta name=\"twitter:site\" content=\"@FICAUNSL\" \/>\n<meta name=\"twitter:label1\" content=\"Escrito por\" \/>\n\t<meta name=\"twitter:data1\" content=\"DATI\" \/>\n\t<meta name=\"twitter:label2\" content=\"Tiempo de lectura\" \/>\n\t<meta name=\"twitter:data2\" content=\"2 minutos\" \/>\n<script type=\"application\/ld+json\" class=\"yoast-schema-graph\">{\"@context\":\"https:\\\/\\\/schema.org\",\"@graph\":[{\"@type\":\"Article\",\"@id\":\"https:\\\/\\\/www.fica.unsl.edu.ar\\\/index.php\\\/la-fundacion-acindar-selecciono-para-su-financiacion-un-proyecto-educativo-social-en-energias-renovables\\\/#article\",\"isPartOf\":{\"@id\":\"https:\\\/\\\/www.fica.unsl.edu.ar\\\/index.php\\\/la-fundacion-acindar-selecciono-para-su-financiacion-un-proyecto-educativo-social-en-energias-renovables\\\/\"},\"author\":{\"name\":\"DATI\",\"@id\":\"https:\\\/\\\/www.fica.unsl.edu.ar\\\/#\\\/schema\\\/person\\\/6058f9c66301868d3a691b1f5d6c3544\"},\"headline\":\"La fundaci\u00f3n Acindar seleccion\u00f3 para su financiaci\u00f3n un proyecto educativo-social en energ\u00edas renovables\",\"datePublished\":\"2021-08-04T16:17:40+00:00\",\"dateModified\":\"2021-09-11T00:20:18+00:00\",\"mainEntityOfPage\":{\"@id\":\"https:\\\/\\\/www.fica.unsl.edu.ar\\\/index.php\\\/la-fundacion-acindar-selecciono-para-su-financiacion-un-proyecto-educativo-social-en-energias-renovables\\\/\"},\"wordCount\":283,\"publisher\":{\"@id\":\"https:\\\/\\\/www.fica.unsl.edu.ar\\\/#organization\"},\"image\":{\"@id\":\"https:\\\/\\\/www.fica.unsl.edu.ar\\\/index.php\\\/la-fundacion-acindar-selecciono-para-su-financiacion-un-proyecto-educativo-social-en-energias-renovables\\\/#primaryimage\"},\"thumbnailUrl\":\"https:\\\/\\\/www.fica.unsl.edu.ar\\\/wp-content\\\/uploads\\\/2021\\\/08\\\/acindar.jpg\",\"articleSection\":[\"Noticias\"],\"inLanguage\":\"es-AR\"},{\"@type\":\"WebPage\",\"@id\":\"https:\\\/\\\/www.fica.unsl.edu.ar\\\/index.php\\\/la-fundacion-acindar-selecciono-para-su-financiacion-un-proyecto-educativo-social-en-energias-renovables\\\/\",\"url\":\"https:\\\/\\\/www.fica.unsl.edu.ar\\\/index.php\\\/la-fundacion-acindar-selecciono-para-su-financiacion-un-proyecto-educativo-social-en-energias-renovables\\\/\",\"name\":\"La fundaci\u00f3n Acindar seleccion\u00f3 para su financiaci\u00f3n un proyecto educativo-social en energ\u00edas renovables - Facultad de Ingenier\u00eda y Ciencias Agropecuarias\",\"isPartOf\":{\"@id\":\"https:\\\/\\\/www.fica.unsl.edu.ar\\\/#website\"},\"primaryImageOfPage\":{\"@id\":\"https:\\\/\\\/www.fica.unsl.edu.ar\\\/index.php\\\/la-fundacion-acindar-selecciono-para-su-financiacion-un-proyecto-educativo-social-en-energias-renovables\\\/#primaryimage\"},\"image\":{\"@id\":\"https:\\\/\\\/www.fica.unsl.edu.ar\\\/index.php\\\/la-fundacion-acindar-selecciono-para-su-financiacion-un-proyecto-educativo-social-en-energias-renovables\\\/#primaryimage\"},\"thumbnailUrl\":\"https:\\\/\\\/www.fica.unsl.edu.ar\\\/wp-content\\\/uploads\\\/2021\\\/08\\\/acindar.jpg\",\"datePublished\":\"2021-08-04T16:17:40+00:00\",\"dateModified\":\"2021-09-11T00:20:18+00:00\",\"inLanguage\":\"es-AR\",\"potentialAction\":[{\"@type\":\"ReadAction\",\"target\":[\"https:\\\/\\\/www.fica.unsl.edu.ar\\\/index.php\\\/la-fundacion-acindar-selecciono-para-su-financiacion-un-proyecto-educativo-social-en-energias-renovables\\\/\"]}]},{\"@type\":\"ImageObject\",\"inLanguage\":\"es-AR\",\"@id\":\"https:\\\/\\\/www.fica.unsl.edu.ar\\\/index.php\\\/la-fundacion-acindar-selecciono-para-su-financiacion-un-proyecto-educativo-social-en-energias-renovables\\\/#primaryimage\",\"url\":\"https:\\\/\\\/www.fica.unsl.edu.ar\\\/wp-content\\\/uploads\\\/2021\\\/08\\\/acindar.jpg\",\"contentUrl\":\"https:\\\/\\\/www.fica.unsl.edu.ar\\\/wp-content\\\/uploads\\\/2021\\\/08\\\/acindar.jpg\",\"width\":1061,\"height\":600},{\"@type\":\"WebSite\",\"@id\":\"https:\\\/\\\/www.fica.unsl.edu.ar\\\/#website\",\"url\":\"https:\\\/\\\/www.fica.unsl.edu.ar\\\/\",\"name\":\"Facultad de Ingenier\u00eda y Ciencias Agropecuarias\",\"description\":\"\",\"publisher\":{\"@id\":\"https:\\\/\\\/www.fica.unsl.edu.ar\\\/#organization\"},\"potentialAction\":[{\"@type\":\"SearchAction\",\"target\":{\"@type\":\"EntryPoint\",\"urlTemplate\":\"https:\\\/\\\/www.fica.unsl.edu.ar\\\/?s={search_term_string}\"},\"query-input\":{\"@type\":\"PropertyValueSpecification\",\"valueRequired\":true,\"valueName\":\"search_term_string\"}}],\"inLanguage\":\"es-AR\"},{\"@type\":\"Organization\",\"@id\":\"https:\\\/\\\/www.fica.unsl.edu.ar\\\/#organization\",\"name\":\"Facultad de Ingenier\u00eda y Ciencias Agropecuarias\",\"url\":\"https:\\\/\\\/www.fica.unsl.edu.ar\\\/\",\"logo\":{\"@type\":\"ImageObject\",\"inLanguage\":\"es-AR\",\"@id\":\"https:\\\/\\\/www.fica.unsl.edu.ar\\\/#\\\/schema\\\/logo\\\/image\\\/\",\"url\":\"https:\\\/\\\/www.fica.unsl.edu.ar\\\/wp-content\\\/uploads\\\/2021\\\/03\\\/LOGO-1.jpg\",\"contentUrl\":\"https:\\\/\\\/www.fica.unsl.edu.ar\\\/wp-content\\\/uploads\\\/2021\\\/03\\\/LOGO-1.jpg\",\"width\":463,\"height\":145,\"caption\":\"Facultad de Ingenier\u00eda y Ciencias Agropecuarias\"},\"image\":{\"@id\":\"https:\\\/\\\/www.fica.unsl.edu.ar\\\/#\\\/schema\\\/logo\\\/image\\\/\"},\"sameAs\":[\"https:\\\/\\\/www.facebook.com\\\/FICA.UNSL\\\/\",\"https:\\\/\\\/x.com\\\/FICAUNSL\",\"https:\\\/\\\/www.instagram.com\\\/fica.unsl\\\/\",\"https:\\\/\\\/www.youtube.com\\\/channel\\\/UCs2MM53gb2PyBrMySdtWZDQ\"]},{\"@type\":\"Person\",\"@id\":\"https:\\\/\\\/www.fica.unsl.edu.ar\\\/#\\\/schema\\\/person\\\/6058f9c66301868d3a691b1f5d6c3544\",\"name\":\"DATI\"}]}<\/script>\n<!-- \/ Yoast SEO plugin. -->","yoast_head_json":{"title":"La fundaci\u00f3n Acindar seleccion\u00f3 para su financiaci\u00f3n un proyecto educativo-social en energ\u00edas renovables - Facultad de Ingenier\u00eda y Ciencias Agropecuarias","robots":{"index":"index","follow":"follow","max-snippet":"max-snippet:-1","max-image-preview":"max-image-preview:large","max-video-preview":"max-video-preview:-1"},"canonical":"https:\/\/www.fica.unsl.edu.ar\/index.php\/la-fundacion-acindar-selecciono-para-su-financiacion-un-proyecto-educativo-social-en-energias-renovables\/","og_locale":"es_ES","og_type":"article","og_title":"La fundaci\u00f3n Acindar seleccion\u00f3 para su financiaci\u00f3n un proyecto educativo-social en energ\u00edas renovables - Facultad de Ingenier\u00eda y Ciencias Agropecuarias","og_description":"El proyecto \u201cProyecto educativo-social en energ\u00edas renovables: capacitaciones para el sostenimiento de sistemas instalados en escuela rural Puertas del Sol y puesto de salud de&hellip;","og_url":"https:\/\/www.fica.unsl.edu.ar\/index.php\/la-fundacion-acindar-selecciono-para-su-financiacion-un-proyecto-educativo-social-en-energias-renovables\/","og_site_name":"Facultad de Ingenier\u00eda y Ciencias Agropecuarias","article_publisher":"https:\/\/www.facebook.com\/FICA.UNSL\/","article_published_time":"2021-08-04T16:17:40+00:00","article_modified_time":"2021-09-11T00:20:18+00:00","og_image":[{"width":1061,"height":600,"url":"https:\/\/www.fica.unsl.edu.ar\/wp-content\/uploads\/2021\/08\/acindar.jpg","type":"image\/jpeg"}],"author":"DATI","twitter_card":"summary_large_image","twitter_creator":"@FICAUNSL","twitter_site":"@FICAUNSL","twitter_misc":{"Escrito por":"DATI","Tiempo de lectura":"2 minutos"},"schema":{"@context":"https:\/\/schema.org","@graph":[{"@type":"Article","@id":"https:\/\/www.fica.unsl.edu.ar\/index.php\/la-fundacion-acindar-selecciono-para-su-financiacion-un-proyecto-educativo-social-en-energias-renovables\/#article","isPartOf":{"@id":"https:\/\/www.fica.unsl.edu.ar\/index.php\/la-fundacion-acindar-selecciono-para-su-financiacion-un-proyecto-educativo-social-en-energias-renovables\/"},"author":{"name":"DATI","@id":"https:\/\/www.fica.unsl.edu.ar\/#\/schema\/person\/6058f9c66301868d3a691b1f5d6c3544"},"headline":"La fundaci\u00f3n Acindar seleccion\u00f3 para su financiaci\u00f3n un proyecto educativo-social en energ\u00edas renovables","datePublished":"2021-08-04T16:17:40+00:00","dateModified":"2021-09-11T00:20:18+00:00","mainEntityOfPage":{"@id":"https:\/\/www.fica.unsl.edu.ar\/index.php\/la-fundacion-acindar-selecciono-para-su-financiacion-un-proyecto-educativo-social-en-energias-renovables\/"},"wordCount":283,"publisher":{"@id":"https:\/\/www.fica.unsl.edu.ar\/#organization"},"image":{"@id":"https:\/\/www.fica.unsl.edu.ar\/index.php\/la-fundacion-acindar-selecciono-para-su-financiacion-un-proyecto-educativo-social-en-energias-renovables\/#primaryimage"},"thumbnailUrl":"https:\/\/www.fica.unsl.edu.ar\/wp-content\/uploads\/2021\/08\/acindar.jpg","articleSection":["Noticias"],"inLanguage":"es-AR"},{"@type":"WebPage","@id":"https:\/\/www.fica.unsl.edu.ar\/index.php\/la-fundacion-acindar-selecciono-para-su-financiacion-un-proyecto-educativo-social-en-energias-renovables\/","url":"https:\/\/www.fica.unsl.edu.ar\/index.php\/la-fundacion-acindar-selecciono-para-su-financiacion-un-proyecto-educativo-social-en-energias-renovables\/","name":"La fundaci\u00f3n Acindar seleccion\u00f3 para su financiaci\u00f3n un proyecto educativo-social en energ\u00edas renovables - Facultad de Ingenier\u00eda y Ciencias Agropecuarias","isPartOf":{"@id":"https:\/\/www.fica.unsl.edu.ar\/#website"},"primaryImageOfPage":{"@id":"https:\/\/www.fica.unsl.edu.ar\/index.php\/la-fundacion-acindar-selecciono-para-su-financiacion-un-proyecto-educativo-social-en-energias-renovables\/#primaryimage"},"image":{"@id":"https:\/\/www.fica.unsl.edu.ar\/index.php\/la-fundacion-acindar-selecciono-para-su-financiacion-un-proyecto-educativo-social-en-energias-renovables\/#primaryimage"},"thumbnailUrl":"https:\/\/www.fica.unsl.edu.ar\/wp-content\/uploads\/2021\/08\/acindar.jpg","datePublished":"2021-08-04T16:17:40+00:00","dateModified":"2021-09-11T00:20:18+00:00","inLanguage":"es-AR","potentialAction":[{"@type":"ReadAction","target":["https:\/\/www.fica.unsl.edu.ar\/index.php\/la-fundacion-acindar-selecciono-para-su-financiacion-un-proyecto-educativo-social-en-energias-renovables\/"]}]},{"@type":"ImageObject","inLanguage":"es-AR","@id":"https:\/\/www.fica.unsl.edu.ar\/index.php\/la-fundacion-acindar-selecciono-para-su-financiacion-un-proyecto-educativo-social-en-energias-renovables\/#primaryimage","url":"https:\/\/www.fica.unsl.edu.ar\/wp-content\/uploads\/2021\/08\/acindar.jpg","contentUrl":"https:\/\/www.fica.unsl.edu.ar\/wp-content\/uploads\/2021\/08\/acindar.jpg","width":1061,"height":600},{"@type":"WebSite","@id":"https:\/\/www.fica.unsl.edu.ar\/#website","url":"https:\/\/www.fica.unsl.edu.ar\/","name":"Facultad de Ingenier\u00eda y Ciencias Agropecuarias","description":"","publisher":{"@id":"https:\/\/www.fica.unsl.edu.ar\/#organization"},"potentialAction":[{"@type":"SearchAction","target":{"@type":"EntryPoint","urlTemplate":"https:\/\/www.fica.unsl.edu.ar\/?s={search_term_string}"},"query-input":{"@type":"PropertyValueSpecification","valueRequired":true,"valueName":"search_term_string"}}],"inLanguage":"es-AR"},{"@type":"Organization","@id":"https:\/\/www.fica.unsl.edu.ar\/#organization","name":"Facultad de Ingenier\u00eda y Ciencias Agropecuarias","url":"https:\/\/www.fica.unsl.edu.ar\/","logo":{"@type":"ImageObject","inLanguage":"es-AR","@id":"https:\/\/www.fica.unsl.edu.ar\/#\/schema\/logo\/image\/","url":"https:\/\/www.fica.unsl.edu.ar\/wp-content\/uploads\/2021\/03\/LOGO-1.jpg","contentUrl":"https:\/\/www.fica.unsl.edu.ar\/wp-content\/uploads\/2021\/03\/LOGO-1.jpg","width":463,"height":145,"caption":"Facultad de Ingenier\u00eda y Ciencias Agropecuarias"},"image":{"@id":"https:\/\/www.fica.unsl.edu.ar\/#\/schema\/logo\/image\/"},"sameAs":["https:\/\/www.facebook.com\/FICA.UNSL\/","https:\/\/x.com\/FICAUNSL","https:\/\/www.instagram.com\/fica.unsl\/","https:\/\/www.youtube.com\/channel\/UCs2MM53gb2PyBrMySdtWZDQ"]},{"@type":"Person","@id":"https:\/\/www.fica.unsl.edu.ar\/#\/schema\/person\/6058f9c66301868d3a691b1f5d6c3544","name":"DATI"}]}},"_links":{"self":[{"href":"https:\/\/www.fica.unsl.edu.ar\/index.php\/wp-json\/wp\/v2\/posts\/5857","targetHints":{"allow":["GET"]}}],"collection":[{"href":"https:\/\/www.fica.unsl.edu.ar\/index.php\/wp-json\/wp\/v2\/posts"}],"about":[{"href":"https:\/\/www.fica.unsl.edu.ar\/index.php\/wp-json\/wp\/v2\/types\/post"}],"author":[{"embeddable":true,"href":"https:\/\/www.fica.unsl.edu.ar\/index.php\/wp-json\/wp\/v2\/users\/9"}],"replies":[{"embeddable":true,"href":"https:\/\/www.fica.unsl.edu.ar\/index.php\/wp-json\/wp\/v2\/comments?post=5857"}],"version-history":[{"count":1,"href":"https:\/\/www.fica.unsl.edu.ar\/index.php\/wp-json\/wp\/v2\/posts\/5857\/revisions"}],"predecessor-version":[{"id":5859,"href":"https:\/\/www.fica.unsl.edu.ar\/index.php\/wp-json\/wp\/v2\/posts\/5857\/revisions\/5859"}],"wp:featuredmedia":[{"embeddable":true,"href":"https:\/\/www.fica.unsl.edu.ar\/index.php\/wp-json\/wp\/v2\/media\/5858"}],"wp:attachment":[{"href":"https:\/\/www.fica.unsl.edu.ar\/index.php\/wp-json\/wp\/v2\/media?parent=5857"}],"wp:term":[{"taxonomy":"category","embeddable":true,"href":"https:\/\/www.fica.unsl.edu.ar\/index.php\/wp-json\/wp\/v2\/categories?post=5857"},{"taxonomy":"post_tag","embeddable":true,"href":"https:\/\/www.fica.unsl.edu.ar\/index.php\/wp-json\/wp\/v2\/tags?post=5857"}],"curies":[{"name":"wp","href":"https:\/\/api.w.org\/{rel}","templated":true}]}}