{"id":5868,"date":"2021-08-04T20:36:18","date_gmt":"2021-08-04T23:36:18","guid":{"rendered":"http:\/\/10.101.10.196\/www\/?p=5868"},"modified":"2021-08-06T09:37:37","modified_gmt":"2021-08-06T12:37:37","slug":"el-rector-cpn-victor-morinigo-fue-designado-vicepresidente-por-argentina-para-criscos","status":"publish","type":"post","link":"https:\/\/www.fica.unsl.edu.ar\/index.php\/el-rector-cpn-victor-morinigo-fue-designado-vicepresidente-por-argentina-para-criscos\/","title":{"rendered":"El Rector, CPN V\u00edctor Mori\u00f1igo, fue designado vicepresidente por Argentina para CRISCOS"},"content":{"rendered":"<p>El rector de la Universidad Nacional de San Luis (UNSL), C.P.N V\u00edctor Mori\u00f1igo, ser\u00e1 el representante nacional ante el Consejo de Rectores por la Integraci\u00f3n de la Regi\u00f3n Sur Oeste de Sudam\u00e9rica (CRISCOS), integrado por universidades p\u00fablicas y privadas de Chile, Paraguay, Per\u00fa, Ecuador, Bolivia y Argentina.<\/p>\n<p>Nuevamente Mori\u00f1igo fue elegido por sus pares rectores de Argentina para representarlos en un organismo internacional. En el mes de junio fue designado como representante del Consejo Consultivo de la Asociaci\u00f3n de Universidades Grupo Montevideo (AUGM), representando a las 14 Universidades del pa\u00eds.<\/p>\n<p><em>\u00abSumado a mi participaci\u00f3n en el Consejo Consultivo de AUGM, me parece que son los dos (2) estamentos m\u00e1s prestigiosos que tenemos en Latinoam\u00e9rica que integra la UNSL (\u2026) Puede cultivarse en estos dos \u00e1mbitos, haciendo fruto de esta representaci\u00f3n nacional que tengo en estos organismos internacionales, una mejor vinculaci\u00f3n de la Universidad y de sus investigadores en distintas l\u00edneas y en distintas oportunidades y acceder a distintos financiamientos (\u2026) Es una linda responsabilidad representar a la Universidad y a nuestro pa\u00eds\u00bb<\/em>, remarc\u00f3 el Rector.<\/p>\n<p>CRISCOS es un organismo sin fines de lucro, conformado por prestigiosas y reconocidas universidades. Su esquema de gobierno es un presidente y un comit\u00e9 conformado por un vicepresidente por pa\u00eds, del cual Mori\u00f1igo ser\u00e1 el representante por Argentina por el per\u00edodo de un (1) a\u00f1o. El principal desaf\u00edo que se asume en este Consejo es la integraci\u00f3n regional para los pueblos latinoamericanos. CRISCOS se conforma de universidades p\u00fablicas y privadas que velan por el crecimiento de los pueblos y la hermandad latinoamericana.<\/p>\n<p>Institucionalmente esta designaci\u00f3n coloca a la Universidad Nacional de San Luis como la Universidad de la Provincia que tiene m\u00e1s impulso a nivel de internacionalizaci\u00f3n, fruto de 82 a\u00f1os de historia como Universidad de Cuyo y casi 50 como Universidad Nacional de San Luis.\u00a0<em>\u00abEl aspecto internacional es algo que se logra por m\u00e9rito de nuestros antecesores, m\u00e9rito acad\u00e9mico y cient\u00edfico, fruto de la cantidad de a\u00f1os en los que la UNSL est\u00e1 en los primeros lugares de los rankings mundiales (\u2026) As\u00ed que muy contento de que la Universidad siga ganando espacios en este terreno porque nos hace una gran universidad\u00bb<\/em>, expres\u00f3 el Rector.<\/p>\n<p>La pandemia llev\u00f3 a las universidades a afrontar una tarea muy dif\u00edcil para la cooperaci\u00f3n internacional y para la integraci\u00f3n regional, porque al no poder haber movilidad estudiantil (presencial), y no poder existir el intercambio acad\u00e9mico y cient\u00edfico, se convierten en \u00e9pocas muy arduas para la internacionalizaci\u00f3n.\u00a0<em>\u00abAl divisarse una pospandemia cada vez m\u00e1s cerca, vamos a establecer los desaf\u00edos de volver a la comunicaci\u00f3n y a las actividades\u00bb<\/em>, coment\u00f3.<\/p>\n<p>Con esta designaci\u00f3n se observa que la UNSL adem\u00e1s de tener una visi\u00f3n interna de comunicaci\u00f3n con la sociedad, de ordenar y conducir la Universidad para el adentro, tambi\u00e9n dedica su tiempo para el v\u00ednculo regional e internacional.\u00a0<em>\u00abEl camino de una mejor universidad seguramente va vincul\u00e1ndose con las mejores universidades del mundo y ese camino se transita a trav\u00e9s de estos organismos, as\u00ed que agradecerle a CRISCOS por toda la confianza y sobre todo a mis pares rectores que han confiado nuevamente en m\u00ed\u00bb<\/em>, manifest\u00f3.<\/p>\n<p>Prensa UNSL<\/p>\n","protected":false},"excerpt":{"rendered":"<p>El rector de la Universidad Nacional de San Luis (UNSL), C.P.N V\u00edctor Mori\u00f1igo, ser\u00e1 el representante nacional ante el Consejo de Rectores por la Integraci\u00f3n&hellip;<\/p>\n","protected":false},"author":9,"featured_media":5869,"comment_status":"closed","ping_status":"closed","sticky":false,"template":"","format":"standard","meta":{"_monsterinsights_skip_tracking":false,"_monsterinsights_sitenote_active":false,"_monsterinsights_sitenote_note":"","_monsterinsights_sitenote_category":0,"_joinchat":[],"footnotes":""},"categories":[19],"tags":[],"class_list":["post-5868","post","type-post","status-publish","format-standard","has-post-thumbnail","hentry","category-noticias"],"yoast_head":"<!-- This site is optimized with the Yoast SEO plugin v27.4 - https:\/\/yoast.com\/product\/yoast-seo-wordpress\/ -->\n<title>El Rector, CPN V\u00edctor Mori\u00f1igo, fue designado vicepresidente por Argentina para CRISCOS - Facultad de Ingenier\u00eda y Ciencias Agropecuarias<\/title>\n<meta name=\"robots\" content=\"index, follow, max-snippet:-1, max-image-preview:large, max-video-preview:-1\" \/>\n<link rel=\"canonical\" href=\"https:\/\/www.fica.unsl.edu.ar\/index.php\/el-rector-cpn-victor-morinigo-fue-designado-vicepresidente-por-argentina-para-criscos\/\" \/>\n<meta property=\"og:locale\" content=\"es_ES\" \/>\n<meta property=\"og:type\" content=\"article\" \/>\n<meta property=\"og:title\" content=\"El Rector, CPN V\u00edctor Mori\u00f1igo, fue designado vicepresidente por Argentina para CRISCOS - Facultad de Ingenier\u00eda y Ciencias Agropecuarias\" \/>\n<meta property=\"og:description\" content=\"El rector de la Universidad Nacional de San Luis (UNSL), C.P.N V\u00edctor Mori\u00f1igo, ser\u00e1 el representante nacional ante el Consejo de Rectores por la Integraci\u00f3n&hellip;\" \/>\n<meta property=\"og:url\" content=\"https:\/\/www.fica.unsl.edu.ar\/index.php\/el-rector-cpn-victor-morinigo-fue-designado-vicepresidente-por-argentina-para-criscos\/\" \/>\n<meta property=\"og:site_name\" content=\"Facultad de Ingenier\u00eda y Ciencias Agropecuarias\" \/>\n<meta property=\"article:publisher\" content=\"https:\/\/www.facebook.com\/FICA.UNSL\/\" \/>\n<meta property=\"article:published_time\" content=\"2021-08-04T23:36:18+00:00\" \/>\n<meta property=\"article:modified_time\" content=\"2021-08-06T12:37:37+00:00\" \/>\n<meta property=\"og:image\" content=\"https:\/\/www.fica.unsl.edu.ar\/wp-content\/uploads\/2021\/08\/Designacion-CRISCOS.jpg\" \/>\n\t<meta property=\"og:image:width\" content=\"1000\" \/>\n\t<meta property=\"og:image:height\" content=\"600\" \/>\n\t<meta property=\"og:image:type\" content=\"image\/jpeg\" \/>\n<meta name=\"author\" content=\"DATI\" \/>\n<meta name=\"twitter:card\" content=\"summary_large_image\" \/>\n<meta name=\"twitter:creator\" content=\"@FICAUNSL\" \/>\n<meta name=\"twitter:site\" content=\"@FICAUNSL\" \/>\n<meta name=\"twitter:label1\" content=\"Escrito por\" \/>\n\t<meta name=\"twitter:data1\" content=\"DATI\" \/>\n\t<meta name=\"twitter:label2\" content=\"Tiempo de lectura\" \/>\n\t<meta name=\"twitter:data2\" content=\"3 minutos\" \/>\n<script type=\"application\/ld+json\" class=\"yoast-schema-graph\">{\"@context\":\"https:\\\/\\\/schema.org\",\"@graph\":[{\"@type\":\"Article\",\"@id\":\"https:\\\/\\\/www.fica.unsl.edu.ar\\\/index.php\\\/el-rector-cpn-victor-morinigo-fue-designado-vicepresidente-por-argentina-para-criscos\\\/#article\",\"isPartOf\":{\"@id\":\"https:\\\/\\\/www.fica.unsl.edu.ar\\\/index.php\\\/el-rector-cpn-victor-morinigo-fue-designado-vicepresidente-por-argentina-para-criscos\\\/\"},\"author\":{\"name\":\"DATI\",\"@id\":\"https:\\\/\\\/www.fica.unsl.edu.ar\\\/#\\\/schema\\\/person\\\/6058f9c66301868d3a691b1f5d6c3544\"},\"headline\":\"El Rector, CPN V\u00edctor Mori\u00f1igo, fue designado vicepresidente por Argentina para CRISCOS\",\"datePublished\":\"2021-08-04T23:36:18+00:00\",\"dateModified\":\"2021-08-06T12:37:37+00:00\",\"mainEntityOfPage\":{\"@id\":\"https:\\\/\\\/www.fica.unsl.edu.ar\\\/index.php\\\/el-rector-cpn-victor-morinigo-fue-designado-vicepresidente-por-argentina-para-criscos\\\/\"},\"wordCount\":577,\"publisher\":{\"@id\":\"https:\\\/\\\/www.fica.unsl.edu.ar\\\/#organization\"},\"image\":{\"@id\":\"https:\\\/\\\/www.fica.unsl.edu.ar\\\/index.php\\\/el-rector-cpn-victor-morinigo-fue-designado-vicepresidente-por-argentina-para-criscos\\\/#primaryimage\"},\"thumbnailUrl\":\"https:\\\/\\\/www.fica.unsl.edu.ar\\\/wp-content\\\/uploads\\\/2021\\\/08\\\/Designacion-CRISCOS.jpg\",\"articleSection\":[\"Noticias\"],\"inLanguage\":\"es-AR\"},{\"@type\":\"WebPage\",\"@id\":\"https:\\\/\\\/www.fica.unsl.edu.ar\\\/index.php\\\/el-rector-cpn-victor-morinigo-fue-designado-vicepresidente-por-argentina-para-criscos\\\/\",\"url\":\"https:\\\/\\\/www.fica.unsl.edu.ar\\\/index.php\\\/el-rector-cpn-victor-morinigo-fue-designado-vicepresidente-por-argentina-para-criscos\\\/\",\"name\":\"El Rector, CPN V\u00edctor Mori\u00f1igo, fue designado vicepresidente por Argentina para CRISCOS - Facultad de Ingenier\u00eda y Ciencias Agropecuarias\",\"isPartOf\":{\"@id\":\"https:\\\/\\\/www.fica.unsl.edu.ar\\\/#website\"},\"primaryImageOfPage\":{\"@id\":\"https:\\\/\\\/www.fica.unsl.edu.ar\\\/index.php\\\/el-rector-cpn-victor-morinigo-fue-designado-vicepresidente-por-argentina-para-criscos\\\/#primaryimage\"},\"image\":{\"@id\":\"https:\\\/\\\/www.fica.unsl.edu.ar\\\/index.php\\\/el-rector-cpn-victor-morinigo-fue-designado-vicepresidente-por-argentina-para-criscos\\\/#primaryimage\"},\"thumbnailUrl\":\"https:\\\/\\\/www.fica.unsl.edu.ar\\\/wp-content\\\/uploads\\\/2021\\\/08\\\/Designacion-CRISCOS.jpg\",\"datePublished\":\"2021-08-04T23:36:18+00:00\",\"dateModified\":\"2021-08-06T12:37:37+00:00\",\"inLanguage\":\"es-AR\",\"potentialAction\":[{\"@type\":\"ReadAction\",\"target\":[\"https:\\\/\\\/www.fica.unsl.edu.ar\\\/index.php\\\/el-rector-cpn-victor-morinigo-fue-designado-vicepresidente-por-argentina-para-criscos\\\/\"]}]},{\"@type\":\"ImageObject\",\"inLanguage\":\"es-AR\",\"@id\":\"https:\\\/\\\/www.fica.unsl.edu.ar\\\/index.php\\\/el-rector-cpn-victor-morinigo-fue-designado-vicepresidente-por-argentina-para-criscos\\\/#primaryimage\",\"url\":\"https:\\\/\\\/www.fica.unsl.edu.ar\\\/wp-content\\\/uploads\\\/2021\\\/08\\\/Designacion-CRISCOS.jpg\",\"contentUrl\":\"https:\\\/\\\/www.fica.unsl.edu.ar\\\/wp-content\\\/uploads\\\/2021\\\/08\\\/Designacion-CRISCOS.jpg\",\"width\":1000,\"height\":600},{\"@type\":\"WebSite\",\"@id\":\"https:\\\/\\\/www.fica.unsl.edu.ar\\\/#website\",\"url\":\"https:\\\/\\\/www.fica.unsl.edu.ar\\\/\",\"name\":\"Facultad de Ingenier\u00eda y Ciencias Agropecuarias\",\"description\":\"\",\"publisher\":{\"@id\":\"https:\\\/\\\/www.fica.unsl.edu.ar\\\/#organization\"},\"potentialAction\":[{\"@type\":\"SearchAction\",\"target\":{\"@type\":\"EntryPoint\",\"urlTemplate\":\"https:\\\/\\\/www.fica.unsl.edu.ar\\\/?s={search_term_string}\"},\"query-input\":{\"@type\":\"PropertyValueSpecification\",\"valueRequired\":true,\"valueName\":\"search_term_string\"}}],\"inLanguage\":\"es-AR\"},{\"@type\":\"Organization\",\"@id\":\"https:\\\/\\\/www.fica.unsl.edu.ar\\\/#organization\",\"name\":\"Facultad de Ingenier\u00eda y Ciencias Agropecuarias\",\"url\":\"https:\\\/\\\/www.fica.unsl.edu.ar\\\/\",\"logo\":{\"@type\":\"ImageObject\",\"inLanguage\":\"es-AR\",\"@id\":\"https:\\\/\\\/www.fica.unsl.edu.ar\\\/#\\\/schema\\\/logo\\\/image\\\/\",\"url\":\"https:\\\/\\\/www.fica.unsl.edu.ar\\\/wp-content\\\/uploads\\\/2021\\\/03\\\/LOGO-1.jpg\",\"contentUrl\":\"https:\\\/\\\/www.fica.unsl.edu.ar\\\/wp-content\\\/uploads\\\/2021\\\/03\\\/LOGO-1.jpg\",\"width\":463,\"height\":145,\"caption\":\"Facultad de Ingenier\u00eda y Ciencias Agropecuarias\"},\"image\":{\"@id\":\"https:\\\/\\\/www.fica.unsl.edu.ar\\\/#\\\/schema\\\/logo\\\/image\\\/\"},\"sameAs\":[\"https:\\\/\\\/www.facebook.com\\\/FICA.UNSL\\\/\",\"https:\\\/\\\/x.com\\\/FICAUNSL\",\"https:\\\/\\\/www.instagram.com\\\/fica.unsl\\\/\",\"https:\\\/\\\/www.youtube.com\\\/channel\\\/UCs2MM53gb2PyBrMySdtWZDQ\"]},{\"@type\":\"Person\",\"@id\":\"https:\\\/\\\/www.fica.unsl.edu.ar\\\/#\\\/schema\\\/person\\\/6058f9c66301868d3a691b1f5d6c3544\",\"name\":\"DATI\"}]}<\/script>\n<!-- \/ Yoast SEO plugin. -->","yoast_head_json":{"title":"El Rector, CPN V\u00edctor Mori\u00f1igo, fue designado vicepresidente por Argentina para CRISCOS - Facultad de Ingenier\u00eda y Ciencias Agropecuarias","robots":{"index":"index","follow":"follow","max-snippet":"max-snippet:-1","max-image-preview":"max-image-preview:large","max-video-preview":"max-video-preview:-1"},"canonical":"https:\/\/www.fica.unsl.edu.ar\/index.php\/el-rector-cpn-victor-morinigo-fue-designado-vicepresidente-por-argentina-para-criscos\/","og_locale":"es_ES","og_type":"article","og_title":"El Rector, CPN V\u00edctor Mori\u00f1igo, fue designado vicepresidente por Argentina para CRISCOS - Facultad de Ingenier\u00eda y Ciencias Agropecuarias","og_description":"El rector de la Universidad Nacional de San Luis (UNSL), C.P.N V\u00edctor Mori\u00f1igo, ser\u00e1 el representante nacional ante el Consejo de Rectores por la Integraci\u00f3n&hellip;","og_url":"https:\/\/www.fica.unsl.edu.ar\/index.php\/el-rector-cpn-victor-morinigo-fue-designado-vicepresidente-por-argentina-para-criscos\/","og_site_name":"Facultad de Ingenier\u00eda y Ciencias Agropecuarias","article_publisher":"https:\/\/www.facebook.com\/FICA.UNSL\/","article_published_time":"2021-08-04T23:36:18+00:00","article_modified_time":"2021-08-06T12:37:37+00:00","og_image":[{"width":1000,"height":600,"url":"https:\/\/www.fica.unsl.edu.ar\/wp-content\/uploads\/2021\/08\/Designacion-CRISCOS.jpg","type":"image\/jpeg"}],"author":"DATI","twitter_card":"summary_large_image","twitter_creator":"@FICAUNSL","twitter_site":"@FICAUNSL","twitter_misc":{"Escrito por":"DATI","Tiempo de lectura":"3 minutos"},"schema":{"@context":"https:\/\/schema.org","@graph":[{"@type":"Article","@id":"https:\/\/www.fica.unsl.edu.ar\/index.php\/el-rector-cpn-victor-morinigo-fue-designado-vicepresidente-por-argentina-para-criscos\/#article","isPartOf":{"@id":"https:\/\/www.fica.unsl.edu.ar\/index.php\/el-rector-cpn-victor-morinigo-fue-designado-vicepresidente-por-argentina-para-criscos\/"},"author":{"name":"DATI","@id":"https:\/\/www.fica.unsl.edu.ar\/#\/schema\/person\/6058f9c66301868d3a691b1f5d6c3544"},"headline":"El Rector, CPN V\u00edctor Mori\u00f1igo, fue designado vicepresidente por Argentina para CRISCOS","datePublished":"2021-08-04T23:36:18+00:00","dateModified":"2021-08-06T12:37:37+00:00","mainEntityOfPage":{"@id":"https:\/\/www.fica.unsl.edu.ar\/index.php\/el-rector-cpn-victor-morinigo-fue-designado-vicepresidente-por-argentina-para-criscos\/"},"wordCount":577,"publisher":{"@id":"https:\/\/www.fica.unsl.edu.ar\/#organization"},"image":{"@id":"https:\/\/www.fica.unsl.edu.ar\/index.php\/el-rector-cpn-victor-morinigo-fue-designado-vicepresidente-por-argentina-para-criscos\/#primaryimage"},"thumbnailUrl":"https:\/\/www.fica.unsl.edu.ar\/wp-content\/uploads\/2021\/08\/Designacion-CRISCOS.jpg","articleSection":["Noticias"],"inLanguage":"es-AR"},{"@type":"WebPage","@id":"https:\/\/www.fica.unsl.edu.ar\/index.php\/el-rector-cpn-victor-morinigo-fue-designado-vicepresidente-por-argentina-para-criscos\/","url":"https:\/\/www.fica.unsl.edu.ar\/index.php\/el-rector-cpn-victor-morinigo-fue-designado-vicepresidente-por-argentina-para-criscos\/","name":"El Rector, CPN V\u00edctor Mori\u00f1igo, fue designado vicepresidente por Argentina para CRISCOS - Facultad de Ingenier\u00eda y Ciencias Agropecuarias","isPartOf":{"@id":"https:\/\/www.fica.unsl.edu.ar\/#website"},"primaryImageOfPage":{"@id":"https:\/\/www.fica.unsl.edu.ar\/index.php\/el-rector-cpn-victor-morinigo-fue-designado-vicepresidente-por-argentina-para-criscos\/#primaryimage"},"image":{"@id":"https:\/\/www.fica.unsl.edu.ar\/index.php\/el-rector-cpn-victor-morinigo-fue-designado-vicepresidente-por-argentina-para-criscos\/#primaryimage"},"thumbnailUrl":"https:\/\/www.fica.unsl.edu.ar\/wp-content\/uploads\/2021\/08\/Designacion-CRISCOS.jpg","datePublished":"2021-08-04T23:36:18+00:00","dateModified":"2021-08-06T12:37:37+00:00","inLanguage":"es-AR","potentialAction":[{"@type":"ReadAction","target":["https:\/\/www.fica.unsl.edu.ar\/index.php\/el-rector-cpn-victor-morinigo-fue-designado-vicepresidente-por-argentina-para-criscos\/"]}]},{"@type":"ImageObject","inLanguage":"es-AR","@id":"https:\/\/www.fica.unsl.edu.ar\/index.php\/el-rector-cpn-victor-morinigo-fue-designado-vicepresidente-por-argentina-para-criscos\/#primaryimage","url":"https:\/\/www.fica.unsl.edu.ar\/wp-content\/uploads\/2021\/08\/Designacion-CRISCOS.jpg","contentUrl":"https:\/\/www.fica.unsl.edu.ar\/wp-content\/uploads\/2021\/08\/Designacion-CRISCOS.jpg","width":1000,"height":600},{"@type":"WebSite","@id":"https:\/\/www.fica.unsl.edu.ar\/#website","url":"https:\/\/www.fica.unsl.edu.ar\/","name":"Facultad de Ingenier\u00eda y Ciencias Agropecuarias","description":"","publisher":{"@id":"https:\/\/www.fica.unsl.edu.ar\/#organization"},"potentialAction":[{"@type":"SearchAction","target":{"@type":"EntryPoint","urlTemplate":"https:\/\/www.fica.unsl.edu.ar\/?s={search_term_string}"},"query-input":{"@type":"PropertyValueSpecification","valueRequired":true,"valueName":"search_term_string"}}],"inLanguage":"es-AR"},{"@type":"Organization","@id":"https:\/\/www.fica.unsl.edu.ar\/#organization","name":"Facultad de Ingenier\u00eda y Ciencias Agropecuarias","url":"https:\/\/www.fica.unsl.edu.ar\/","logo":{"@type":"ImageObject","inLanguage":"es-AR","@id":"https:\/\/www.fica.unsl.edu.ar\/#\/schema\/logo\/image\/","url":"https:\/\/www.fica.unsl.edu.ar\/wp-content\/uploads\/2021\/03\/LOGO-1.jpg","contentUrl":"https:\/\/www.fica.unsl.edu.ar\/wp-content\/uploads\/2021\/03\/LOGO-1.jpg","width":463,"height":145,"caption":"Facultad de Ingenier\u00eda y Ciencias Agropecuarias"},"image":{"@id":"https:\/\/www.fica.unsl.edu.ar\/#\/schema\/logo\/image\/"},"sameAs":["https:\/\/www.facebook.com\/FICA.UNSL\/","https:\/\/x.com\/FICAUNSL","https:\/\/www.instagram.com\/fica.unsl\/","https:\/\/www.youtube.com\/channel\/UCs2MM53gb2PyBrMySdtWZDQ"]},{"@type":"Person","@id":"https:\/\/www.fica.unsl.edu.ar\/#\/schema\/person\/6058f9c66301868d3a691b1f5d6c3544","name":"DATI"}]}},"_links":{"self":[{"href":"https:\/\/www.fica.unsl.edu.ar\/index.php\/wp-json\/wp\/v2\/posts\/5868","targetHints":{"allow":["GET"]}}],"collection":[{"href":"https:\/\/www.fica.unsl.edu.ar\/index.php\/wp-json\/wp\/v2\/posts"}],"about":[{"href":"https:\/\/www.fica.unsl.edu.ar\/index.php\/wp-json\/wp\/v2\/types\/post"}],"author":[{"embeddable":true,"href":"https:\/\/www.fica.unsl.edu.ar\/index.php\/wp-json\/wp\/v2\/users\/9"}],"replies":[{"embeddable":true,"href":"https:\/\/www.fica.unsl.edu.ar\/index.php\/wp-json\/wp\/v2\/comments?post=5868"}],"version-history":[{"count":2,"href":"https:\/\/www.fica.unsl.edu.ar\/index.php\/wp-json\/wp\/v2\/posts\/5868\/revisions"}],"predecessor-version":[{"id":5871,"href":"https:\/\/www.fica.unsl.edu.ar\/index.php\/wp-json\/wp\/v2\/posts\/5868\/revisions\/5871"}],"wp:featuredmedia":[{"embeddable":true,"href":"https:\/\/www.fica.unsl.edu.ar\/index.php\/wp-json\/wp\/v2\/media\/5869"}],"wp:attachment":[{"href":"https:\/\/www.fica.unsl.edu.ar\/index.php\/wp-json\/wp\/v2\/media?parent=5868"}],"wp:term":[{"taxonomy":"category","embeddable":true,"href":"https:\/\/www.fica.unsl.edu.ar\/index.php\/wp-json\/wp\/v2\/categories?post=5868"},{"taxonomy":"post_tag","embeddable":true,"href":"https:\/\/www.fica.unsl.edu.ar\/index.php\/wp-json\/wp\/v2\/tags?post=5868"}],"curies":[{"name":"wp","href":"https:\/\/api.w.org\/{rel}","templated":true}]}}