{"id":6015,"date":"2021-08-11T09:56:37","date_gmt":"2021-08-11T12:56:37","guid":{"rendered":"http:\/\/10.101.10.196\/www\/?p=6015"},"modified":"2021-08-11T09:56:37","modified_gmt":"2021-08-11T12:56:37","slug":"nueva-red-cloacal-en-las-residencias-universitarias-en-villa-mercedes","status":"publish","type":"post","link":"https:\/\/www.fica.unsl.edu.ar\/index.php\/nueva-red-cloacal-en-las-residencias-universitarias-en-villa-mercedes\/","title":{"rendered":"Nueva red cloacal en las residencias universitarias en Villa Mercedes"},"content":{"rendered":"<p>La Subsecretaria de Asuntos Estudiantiles y Bienestar Universitario (Ssaebu) informa que se iniciaron los trabajos de instalaci\u00f3n de una nueva red cloacal para la Residencia Universitaria. Se trata de una importante obra que solucionar\u00e1 un constante problema que sufr\u00edan los\/as estudiantes que residen en el lugar.<\/p>\n<p>As\u00ed lo explic\u00f3 el subsecretario de Asuntos Estudiantiles y Bienestar Universitario (Ssaebu) Mag. Jorge Sosa. El cambio total de la red cloacal se prev\u00e9 realizar en la totalidad de los 32 m\u00f3dulos que tiene el predio en un plazo de 30 a 45 d\u00edas.<\/p>\n<p>Es una obra que se ven\u00eda solicitando hace un par de a\u00f1os debido al deterioro que sufr\u00eda la red actual. Adem\u00e1s era un constante pedido de los\/as estudiantes teniendo en cuenta que se obstru\u00edan en forma permanente.<\/p>\n<p><em>\u00abEn este sentido se llev\u00f3 a licitaci\u00f3n. Hay una empresa que ha encarado la obra y est\u00e1 previsto que est\u00e9 terminada en el plazo de 30 a 45 d\u00edas\u00bb,\u00a0<\/em>dijo Sosa.<\/p>\n<p>A trav\u00e9s de un estudio realizado en el lugar, se determin\u00f3 que el problema era causado por el gran crecimiento de las ra\u00edces de algunos \u00e1rboles que tienen muchos a\u00f1os de antig\u00fcedad en las residencias.<\/p>\n<p><em>\u00abLa obra tambi\u00e9n incluye la extracci\u00f3n de esos \u00e1rboles, ya que las ra\u00edces hab\u00edan roto el sistema actual. Es un sistema viejo, tiene aproximadamente de 25 a 30 a\u00f1os. Las ra\u00edces terminaban obstruyendo los drenajes y el sistema colapsaba cada diez (10) a 15 d\u00edas\u00bb<\/em>, concluy\u00f3 el Subsecretario.<\/p>\n","protected":false},"excerpt":{"rendered":"<p>La Subsecretaria de Asuntos Estudiantiles y Bienestar Universitario (Ssaebu) informa que se iniciaron los trabajos de instalaci\u00f3n de una nueva red cloacal para la Residencia&hellip;<\/p>\n","protected":false},"author":9,"featured_media":6016,"comment_status":"closed","ping_status":"closed","sticky":false,"template":"","format":"standard","meta":{"_monsterinsights_skip_tracking":false,"_monsterinsights_sitenote_active":false,"_monsterinsights_sitenote_note":"","_monsterinsights_sitenote_category":0,"_joinchat":[],"footnotes":""},"categories":[19],"tags":[],"class_list":["post-6015","post","type-post","status-publish","format-standard","has-post-thumbnail","hentry","category-noticias"],"yoast_head":"<!-- This site is optimized with the Yoast SEO plugin v27.4 - https:\/\/yoast.com\/product\/yoast-seo-wordpress\/ -->\n<title>Nueva red cloacal en las residencias universitarias en Villa Mercedes - Facultad de Ingenier\u00eda y Ciencias Agropecuarias<\/title>\n<meta name=\"robots\" content=\"index, follow, max-snippet:-1, max-image-preview:large, max-video-preview:-1\" \/>\n<link rel=\"canonical\" href=\"https:\/\/www.fica.unsl.edu.ar\/index.php\/nueva-red-cloacal-en-las-residencias-universitarias-en-villa-mercedes\/\" \/>\n<meta property=\"og:locale\" content=\"es_ES\" \/>\n<meta property=\"og:type\" content=\"article\" \/>\n<meta property=\"og:title\" content=\"Nueva red cloacal en las residencias universitarias en Villa Mercedes - Facultad de Ingenier\u00eda y Ciencias Agropecuarias\" \/>\n<meta property=\"og:description\" content=\"La Subsecretaria de Asuntos Estudiantiles y Bienestar Universitario (Ssaebu) informa que se iniciaron los trabajos de instalaci\u00f3n de una nueva red cloacal para la Residencia&hellip;\" \/>\n<meta property=\"og:url\" content=\"https:\/\/www.fica.unsl.edu.ar\/index.php\/nueva-red-cloacal-en-las-residencias-universitarias-en-villa-mercedes\/\" \/>\n<meta property=\"og:site_name\" content=\"Facultad de Ingenier\u00eda y Ciencias Agropecuarias\" \/>\n<meta property=\"article:publisher\" content=\"https:\/\/www.facebook.com\/FICA.UNSL\/\" \/>\n<meta property=\"article:published_time\" content=\"2021-08-11T12:56:37+00:00\" \/>\n<meta property=\"og:image\" content=\"https:\/\/www.fica.unsl.edu.ar\/wp-content\/uploads\/2021\/08\/residencia-VM2-990x600-1.jpg\" \/>\n\t<meta property=\"og:image:width\" content=\"990\" \/>\n\t<meta property=\"og:image:height\" content=\"600\" \/>\n\t<meta property=\"og:image:type\" content=\"image\/jpeg\" \/>\n<meta name=\"author\" content=\"DATI\" \/>\n<meta name=\"twitter:card\" content=\"summary_large_image\" \/>\n<meta name=\"twitter:creator\" content=\"@FICAUNSL\" \/>\n<meta name=\"twitter:site\" content=\"@FICAUNSL\" \/>\n<meta name=\"twitter:label1\" content=\"Escrito por\" \/>\n\t<meta name=\"twitter:data1\" content=\"DATI\" \/>\n\t<meta name=\"twitter:label2\" content=\"Tiempo de lectura\" \/>\n\t<meta name=\"twitter:data2\" content=\"2 minutos\" \/>\n<script type=\"application\/ld+json\" class=\"yoast-schema-graph\">{\"@context\":\"https:\\\/\\\/schema.org\",\"@graph\":[{\"@type\":\"Article\",\"@id\":\"https:\\\/\\\/www.fica.unsl.edu.ar\\\/index.php\\\/nueva-red-cloacal-en-las-residencias-universitarias-en-villa-mercedes\\\/#article\",\"isPartOf\":{\"@id\":\"https:\\\/\\\/www.fica.unsl.edu.ar\\\/index.php\\\/nueva-red-cloacal-en-las-residencias-universitarias-en-villa-mercedes\\\/\"},\"author\":{\"name\":\"DATI\",\"@id\":\"https:\\\/\\\/www.fica.unsl.edu.ar\\\/#\\\/schema\\\/person\\\/6058f9c66301868d3a691b1f5d6c3544\"},\"headline\":\"Nueva red cloacal en las residencias universitarias en Villa Mercedes\",\"datePublished\":\"2021-08-11T12:56:37+00:00\",\"mainEntityOfPage\":{\"@id\":\"https:\\\/\\\/www.fica.unsl.edu.ar\\\/index.php\\\/nueva-red-cloacal-en-las-residencias-universitarias-en-villa-mercedes\\\/\"},\"wordCount\":266,\"publisher\":{\"@id\":\"https:\\\/\\\/www.fica.unsl.edu.ar\\\/#organization\"},\"image\":{\"@id\":\"https:\\\/\\\/www.fica.unsl.edu.ar\\\/index.php\\\/nueva-red-cloacal-en-las-residencias-universitarias-en-villa-mercedes\\\/#primaryimage\"},\"thumbnailUrl\":\"https:\\\/\\\/www.fica.unsl.edu.ar\\\/wp-content\\\/uploads\\\/2021\\\/08\\\/residencia-VM2-990x600-1.jpg\",\"articleSection\":[\"Noticias\"],\"inLanguage\":\"es-AR\"},{\"@type\":\"WebPage\",\"@id\":\"https:\\\/\\\/www.fica.unsl.edu.ar\\\/index.php\\\/nueva-red-cloacal-en-las-residencias-universitarias-en-villa-mercedes\\\/\",\"url\":\"https:\\\/\\\/www.fica.unsl.edu.ar\\\/index.php\\\/nueva-red-cloacal-en-las-residencias-universitarias-en-villa-mercedes\\\/\",\"name\":\"Nueva red cloacal en las residencias universitarias en Villa Mercedes - Facultad de Ingenier\u00eda y Ciencias Agropecuarias\",\"isPartOf\":{\"@id\":\"https:\\\/\\\/www.fica.unsl.edu.ar\\\/#website\"},\"primaryImageOfPage\":{\"@id\":\"https:\\\/\\\/www.fica.unsl.edu.ar\\\/index.php\\\/nueva-red-cloacal-en-las-residencias-universitarias-en-villa-mercedes\\\/#primaryimage\"},\"image\":{\"@id\":\"https:\\\/\\\/www.fica.unsl.edu.ar\\\/index.php\\\/nueva-red-cloacal-en-las-residencias-universitarias-en-villa-mercedes\\\/#primaryimage\"},\"thumbnailUrl\":\"https:\\\/\\\/www.fica.unsl.edu.ar\\\/wp-content\\\/uploads\\\/2021\\\/08\\\/residencia-VM2-990x600-1.jpg\",\"datePublished\":\"2021-08-11T12:56:37+00:00\",\"inLanguage\":\"es-AR\",\"potentialAction\":[{\"@type\":\"ReadAction\",\"target\":[\"https:\\\/\\\/www.fica.unsl.edu.ar\\\/index.php\\\/nueva-red-cloacal-en-las-residencias-universitarias-en-villa-mercedes\\\/\"]}]},{\"@type\":\"ImageObject\",\"inLanguage\":\"es-AR\",\"@id\":\"https:\\\/\\\/www.fica.unsl.edu.ar\\\/index.php\\\/nueva-red-cloacal-en-las-residencias-universitarias-en-villa-mercedes\\\/#primaryimage\",\"url\":\"https:\\\/\\\/www.fica.unsl.edu.ar\\\/wp-content\\\/uploads\\\/2021\\\/08\\\/residencia-VM2-990x600-1.jpg\",\"contentUrl\":\"https:\\\/\\\/www.fica.unsl.edu.ar\\\/wp-content\\\/uploads\\\/2021\\\/08\\\/residencia-VM2-990x600-1.jpg\",\"width\":990,\"height\":600},{\"@type\":\"WebSite\",\"@id\":\"https:\\\/\\\/www.fica.unsl.edu.ar\\\/#website\",\"url\":\"https:\\\/\\\/www.fica.unsl.edu.ar\\\/\",\"name\":\"Facultad de Ingenier\u00eda y Ciencias Agropecuarias\",\"description\":\"\",\"publisher\":{\"@id\":\"https:\\\/\\\/www.fica.unsl.edu.ar\\\/#organization\"},\"potentialAction\":[{\"@type\":\"SearchAction\",\"target\":{\"@type\":\"EntryPoint\",\"urlTemplate\":\"https:\\\/\\\/www.fica.unsl.edu.ar\\\/?s={search_term_string}\"},\"query-input\":{\"@type\":\"PropertyValueSpecification\",\"valueRequired\":true,\"valueName\":\"search_term_string\"}}],\"inLanguage\":\"es-AR\"},{\"@type\":\"Organization\",\"@id\":\"https:\\\/\\\/www.fica.unsl.edu.ar\\\/#organization\",\"name\":\"Facultad de Ingenier\u00eda y Ciencias Agropecuarias\",\"url\":\"https:\\\/\\\/www.fica.unsl.edu.ar\\\/\",\"logo\":{\"@type\":\"ImageObject\",\"inLanguage\":\"es-AR\",\"@id\":\"https:\\\/\\\/www.fica.unsl.edu.ar\\\/#\\\/schema\\\/logo\\\/image\\\/\",\"url\":\"https:\\\/\\\/www.fica.unsl.edu.ar\\\/wp-content\\\/uploads\\\/2021\\\/03\\\/LOGO-1.jpg\",\"contentUrl\":\"https:\\\/\\\/www.fica.unsl.edu.ar\\\/wp-content\\\/uploads\\\/2021\\\/03\\\/LOGO-1.jpg\",\"width\":463,\"height\":145,\"caption\":\"Facultad de Ingenier\u00eda y Ciencias Agropecuarias\"},\"image\":{\"@id\":\"https:\\\/\\\/www.fica.unsl.edu.ar\\\/#\\\/schema\\\/logo\\\/image\\\/\"},\"sameAs\":[\"https:\\\/\\\/www.facebook.com\\\/FICA.UNSL\\\/\",\"https:\\\/\\\/x.com\\\/FICAUNSL\",\"https:\\\/\\\/www.instagram.com\\\/fica.unsl\\\/\",\"https:\\\/\\\/www.youtube.com\\\/channel\\\/UCs2MM53gb2PyBrMySdtWZDQ\"]},{\"@type\":\"Person\",\"@id\":\"https:\\\/\\\/www.fica.unsl.edu.ar\\\/#\\\/schema\\\/person\\\/6058f9c66301868d3a691b1f5d6c3544\",\"name\":\"DATI\"}]}<\/script>\n<!-- \/ Yoast SEO plugin. -->","yoast_head_json":{"title":"Nueva red cloacal en las residencias universitarias en Villa Mercedes - Facultad de Ingenier\u00eda y Ciencias Agropecuarias","robots":{"index":"index","follow":"follow","max-snippet":"max-snippet:-1","max-image-preview":"max-image-preview:large","max-video-preview":"max-video-preview:-1"},"canonical":"https:\/\/www.fica.unsl.edu.ar\/index.php\/nueva-red-cloacal-en-las-residencias-universitarias-en-villa-mercedes\/","og_locale":"es_ES","og_type":"article","og_title":"Nueva red cloacal en las residencias universitarias en Villa Mercedes - Facultad de Ingenier\u00eda y Ciencias Agropecuarias","og_description":"La Subsecretaria de Asuntos Estudiantiles y Bienestar Universitario (Ssaebu) informa que se iniciaron los trabajos de instalaci\u00f3n de una nueva red cloacal para la Residencia&hellip;","og_url":"https:\/\/www.fica.unsl.edu.ar\/index.php\/nueva-red-cloacal-en-las-residencias-universitarias-en-villa-mercedes\/","og_site_name":"Facultad de Ingenier\u00eda y Ciencias Agropecuarias","article_publisher":"https:\/\/www.facebook.com\/FICA.UNSL\/","article_published_time":"2021-08-11T12:56:37+00:00","og_image":[{"width":990,"height":600,"url":"https:\/\/www.fica.unsl.edu.ar\/wp-content\/uploads\/2021\/08\/residencia-VM2-990x600-1.jpg","type":"image\/jpeg"}],"author":"DATI","twitter_card":"summary_large_image","twitter_creator":"@FICAUNSL","twitter_site":"@FICAUNSL","twitter_misc":{"Escrito por":"DATI","Tiempo de lectura":"2 minutos"},"schema":{"@context":"https:\/\/schema.org","@graph":[{"@type":"Article","@id":"https:\/\/www.fica.unsl.edu.ar\/index.php\/nueva-red-cloacal-en-las-residencias-universitarias-en-villa-mercedes\/#article","isPartOf":{"@id":"https:\/\/www.fica.unsl.edu.ar\/index.php\/nueva-red-cloacal-en-las-residencias-universitarias-en-villa-mercedes\/"},"author":{"name":"DATI","@id":"https:\/\/www.fica.unsl.edu.ar\/#\/schema\/person\/6058f9c66301868d3a691b1f5d6c3544"},"headline":"Nueva red cloacal en las residencias universitarias en Villa Mercedes","datePublished":"2021-08-11T12:56:37+00:00","mainEntityOfPage":{"@id":"https:\/\/www.fica.unsl.edu.ar\/index.php\/nueva-red-cloacal-en-las-residencias-universitarias-en-villa-mercedes\/"},"wordCount":266,"publisher":{"@id":"https:\/\/www.fica.unsl.edu.ar\/#organization"},"image":{"@id":"https:\/\/www.fica.unsl.edu.ar\/index.php\/nueva-red-cloacal-en-las-residencias-universitarias-en-villa-mercedes\/#primaryimage"},"thumbnailUrl":"https:\/\/www.fica.unsl.edu.ar\/wp-content\/uploads\/2021\/08\/residencia-VM2-990x600-1.jpg","articleSection":["Noticias"],"inLanguage":"es-AR"},{"@type":"WebPage","@id":"https:\/\/www.fica.unsl.edu.ar\/index.php\/nueva-red-cloacal-en-las-residencias-universitarias-en-villa-mercedes\/","url":"https:\/\/www.fica.unsl.edu.ar\/index.php\/nueva-red-cloacal-en-las-residencias-universitarias-en-villa-mercedes\/","name":"Nueva red cloacal en las residencias universitarias en Villa Mercedes - Facultad de Ingenier\u00eda y Ciencias Agropecuarias","isPartOf":{"@id":"https:\/\/www.fica.unsl.edu.ar\/#website"},"primaryImageOfPage":{"@id":"https:\/\/www.fica.unsl.edu.ar\/index.php\/nueva-red-cloacal-en-las-residencias-universitarias-en-villa-mercedes\/#primaryimage"},"image":{"@id":"https:\/\/www.fica.unsl.edu.ar\/index.php\/nueva-red-cloacal-en-las-residencias-universitarias-en-villa-mercedes\/#primaryimage"},"thumbnailUrl":"https:\/\/www.fica.unsl.edu.ar\/wp-content\/uploads\/2021\/08\/residencia-VM2-990x600-1.jpg","datePublished":"2021-08-11T12:56:37+00:00","inLanguage":"es-AR","potentialAction":[{"@type":"ReadAction","target":["https:\/\/www.fica.unsl.edu.ar\/index.php\/nueva-red-cloacal-en-las-residencias-universitarias-en-villa-mercedes\/"]}]},{"@type":"ImageObject","inLanguage":"es-AR","@id":"https:\/\/www.fica.unsl.edu.ar\/index.php\/nueva-red-cloacal-en-las-residencias-universitarias-en-villa-mercedes\/#primaryimage","url":"https:\/\/www.fica.unsl.edu.ar\/wp-content\/uploads\/2021\/08\/residencia-VM2-990x600-1.jpg","contentUrl":"https:\/\/www.fica.unsl.edu.ar\/wp-content\/uploads\/2021\/08\/residencia-VM2-990x600-1.jpg","width":990,"height":600},{"@type":"WebSite","@id":"https:\/\/www.fica.unsl.edu.ar\/#website","url":"https:\/\/www.fica.unsl.edu.ar\/","name":"Facultad de Ingenier\u00eda y Ciencias Agropecuarias","description":"","publisher":{"@id":"https:\/\/www.fica.unsl.edu.ar\/#organization"},"potentialAction":[{"@type":"SearchAction","target":{"@type":"EntryPoint","urlTemplate":"https:\/\/www.fica.unsl.edu.ar\/?s={search_term_string}"},"query-input":{"@type":"PropertyValueSpecification","valueRequired":true,"valueName":"search_term_string"}}],"inLanguage":"es-AR"},{"@type":"Organization","@id":"https:\/\/www.fica.unsl.edu.ar\/#organization","name":"Facultad de Ingenier\u00eda y Ciencias Agropecuarias","url":"https:\/\/www.fica.unsl.edu.ar\/","logo":{"@type":"ImageObject","inLanguage":"es-AR","@id":"https:\/\/www.fica.unsl.edu.ar\/#\/schema\/logo\/image\/","url":"https:\/\/www.fica.unsl.edu.ar\/wp-content\/uploads\/2021\/03\/LOGO-1.jpg","contentUrl":"https:\/\/www.fica.unsl.edu.ar\/wp-content\/uploads\/2021\/03\/LOGO-1.jpg","width":463,"height":145,"caption":"Facultad de Ingenier\u00eda y Ciencias Agropecuarias"},"image":{"@id":"https:\/\/www.fica.unsl.edu.ar\/#\/schema\/logo\/image\/"},"sameAs":["https:\/\/www.facebook.com\/FICA.UNSL\/","https:\/\/x.com\/FICAUNSL","https:\/\/www.instagram.com\/fica.unsl\/","https:\/\/www.youtube.com\/channel\/UCs2MM53gb2PyBrMySdtWZDQ"]},{"@type":"Person","@id":"https:\/\/www.fica.unsl.edu.ar\/#\/schema\/person\/6058f9c66301868d3a691b1f5d6c3544","name":"DATI"}]}},"_links":{"self":[{"href":"https:\/\/www.fica.unsl.edu.ar\/index.php\/wp-json\/wp\/v2\/posts\/6015","targetHints":{"allow":["GET"]}}],"collection":[{"href":"https:\/\/www.fica.unsl.edu.ar\/index.php\/wp-json\/wp\/v2\/posts"}],"about":[{"href":"https:\/\/www.fica.unsl.edu.ar\/index.php\/wp-json\/wp\/v2\/types\/post"}],"author":[{"embeddable":true,"href":"https:\/\/www.fica.unsl.edu.ar\/index.php\/wp-json\/wp\/v2\/users\/9"}],"replies":[{"embeddable":true,"href":"https:\/\/www.fica.unsl.edu.ar\/index.php\/wp-json\/wp\/v2\/comments?post=6015"}],"version-history":[{"count":1,"href":"https:\/\/www.fica.unsl.edu.ar\/index.php\/wp-json\/wp\/v2\/posts\/6015\/revisions"}],"predecessor-version":[{"id":6017,"href":"https:\/\/www.fica.unsl.edu.ar\/index.php\/wp-json\/wp\/v2\/posts\/6015\/revisions\/6017"}],"wp:featuredmedia":[{"embeddable":true,"href":"https:\/\/www.fica.unsl.edu.ar\/index.php\/wp-json\/wp\/v2\/media\/6016"}],"wp:attachment":[{"href":"https:\/\/www.fica.unsl.edu.ar\/index.php\/wp-json\/wp\/v2\/media?parent=6015"}],"wp:term":[{"taxonomy":"category","embeddable":true,"href":"https:\/\/www.fica.unsl.edu.ar\/index.php\/wp-json\/wp\/v2\/categories?post=6015"},{"taxonomy":"post_tag","embeddable":true,"href":"https:\/\/www.fica.unsl.edu.ar\/index.php\/wp-json\/wp\/v2\/tags?post=6015"}],"curies":[{"name":"wp","href":"https:\/\/api.w.org\/{rel}","templated":true}]}}