{"id":6065,"date":"2021-08-18T10:19:40","date_gmt":"2021-08-18T13:19:40","guid":{"rendered":"http:\/\/10.101.10.196\/www\/?p=6065"},"modified":"2021-08-23T10:08:55","modified_gmt":"2021-08-23T13:08:55","slug":"quinta-jornada-del-seminario-de-investigacion-actualizacion-y-vinculacion-en-ciencias-de-la-ingenieria-2021","status":"publish","type":"post","link":"https:\/\/www.fica.unsl.edu.ar\/index.php\/quinta-jornada-del-seminario-de-investigacion-actualizacion-y-vinculacion-en-ciencias-de-la-ingenieria-2021\/","title":{"rendered":"Quinta jornada del Seminario de Investigaci\u00f3n, Actualizaci\u00f3n y Vinculaci\u00f3n en Ciencias de la Ingenier\u00eda 2021"},"content":{"rendered":"<p>La Secretar\u00eda de Investigaci\u00f3n y Posgrado invita a participar de la 5\u00b0 jornada del Seminario de Investigaci\u00f3n, Actualizaci\u00f3n y Vinculaci\u00f3n en Ciencias de la Ingenier\u00eda 2021 (SIAVCI-2021). La misma se llevar\u00e1 a cabo de forma virtual, el viernes 20 de agosto a las 11 horas.<\/p>\n<p>En este nuevo encuentro disertar\u00e1n el Ing. Fernando Mezzano sobre \u201cEstrategia de control para la gesti\u00f3n de la energ\u00eda en una microrred aislada\u201d y el Ing. Juan Antonio Vidal Treber sobre \u201cRemoci\u00f3n de metales del grupo platino mediante vermiculita expandida\u201d.<\/p>\n<p>Para mayor informaci\u00f3n e inscripciones contactarse con los coordinadores del seminario: Ing. Pablo Belzunce (belzuncepablo@gmail.com); Ing. Francisco Esteban (franesteban92@gmail.com).<\/p>\n<p>Res\u00famenes<\/p>\n<p><img fetchpriority=\"high\" decoding=\"async\" class=\"aligncenter size-full wp-image-6069\" src=\"https:\/\/www.fica.unsl.edu.ar\/wp-content\/uploads\/2021\/08\/WEB-FICA-MEZZANO.jpg\" alt=\"\" width=\"433\" height=\"291\" srcset=\"https:\/\/www.fica.unsl.edu.ar\/wp-content\/uploads\/2021\/08\/WEB-FICA-MEZZANO.jpg 433w, https:\/\/www.fica.unsl.edu.ar\/wp-content\/uploads\/2021\/08\/WEB-FICA-MEZZANO-300x202.jpg 300w\" sizes=\"(max-width: 433px) 100vw, 433px\" \/><\/p>\n<p><em>En este trabajo se presenta una estrategia de control para la gesti\u00f3n de la energ\u00eda en una microrred aislada. La misma est\u00e1 constituida por un arreglo de paneles fotovoltaicos conectado a un convertidor Boost, un banco de bater\u00edas de respaldo que alimenta una barra de corriente continua mediante la utilizaci\u00f3n de un convertidor Buck-Boost bidireccional, y una carga resistiva. El objetivo de la estrategia de control es regular la tensi\u00f3n en la barra de corriente continua en un valor de referencia, incluso ante variaciones en la carga y cambios en las condiciones del arreglo fotovoltaico. Se muestran resultados de simulaci\u00f3n a fin de validar el desempe\u00f1o de la estrategia de control propuesta.<\/em><\/p>\n<p><img decoding=\"async\" class=\"aligncenter size-full wp-image-6072\" src=\"https:\/\/www.fica.unsl.edu.ar\/wp-content\/uploads\/2021\/08\/WEB-FICA-VIDAL.jpg\" alt=\"\" width=\"433\" height=\"291\" srcset=\"https:\/\/www.fica.unsl.edu.ar\/wp-content\/uploads\/2021\/08\/WEB-FICA-VIDAL.jpg 433w, https:\/\/www.fica.unsl.edu.ar\/wp-content\/uploads\/2021\/08\/WEB-FICA-VIDAL-300x202.jpg 300w\" sizes=\"(max-width: 433px) 100vw, 433px\" \/><\/p>\n<p>En este trabajo se eval\u00faa la aplicaci\u00f3n de vermiculita expandida granular como adsorbente (VEG) con el prop\u00f3sito de remover metales del grupo platino: Pt (IV), Rh (III), Ru (III) e Ir (III), a partir de soluciones sint\u00e9ticas diluidas. La VEG se caracteriz\u00f3 mediante difracci\u00f3n de rayos X (DRX), fluorescencia de rayos X (FRX), microscop\u00eda electr\u00f3nica de barrido (MEB) y adsorci\u00f3n-desorci\u00f3n de N2 a 77 K. Primero, mediante experimentos de adsorci\u00f3n en batch se analizaron factores tales como: pH, dosis de adsorbente y tiempo de contacto. Luego en un sistema de flujo continuo se estudi\u00f3, por un lado, el efecto de la altura de lecho en la capacidad de adsorci\u00f3n de los iones met\u00e1licos en las columnas empacadas de VEG y; por el otro, la desorci\u00f3n de los metales empleando HCl como agente eluyente. Los resultados revelaron que la VEG tiene potencial para ser empleada como adsorbente.<\/p>\n<p>&nbsp;<\/p>\n","protected":false},"excerpt":{"rendered":"<p>La Secretar\u00eda de Investigaci\u00f3n y Posgrado invita a participar de la 5\u00b0 jornada del Seminario de Investigaci\u00f3n, Actualizaci\u00f3n y Vinculaci\u00f3n en Ciencias de la Ingenier\u00eda&hellip;<\/p>\n","protected":false},"author":9,"featured_media":6070,"comment_status":"closed","ping_status":"closed","sticky":false,"template":"","format":"standard","meta":{"_monsterinsights_skip_tracking":false,"_monsterinsights_sitenote_active":false,"_monsterinsights_sitenote_note":"","_monsterinsights_sitenote_category":0,"_joinchat":[],"footnotes":""},"categories":[22],"tags":[],"class_list":["post-6065","post","type-post","status-publish","format-standard","has-post-thumbnail","hentry","category-archivadas"],"yoast_head":"<!-- This site is optimized with the Yoast SEO plugin v27.4 - https:\/\/yoast.com\/product\/yoast-seo-wordpress\/ -->\n<title>Quinta jornada del Seminario de Investigaci\u00f3n, Actualizaci\u00f3n y Vinculaci\u00f3n en Ciencias de la Ingenier\u00eda 2021 - Facultad de Ingenier\u00eda y Ciencias Agropecuarias<\/title>\n<meta name=\"robots\" content=\"index, follow, max-snippet:-1, max-image-preview:large, max-video-preview:-1\" \/>\n<link rel=\"canonical\" href=\"https:\/\/www.fica.unsl.edu.ar\/index.php\/quinta-jornada-del-seminario-de-investigacion-actualizacion-y-vinculacion-en-ciencias-de-la-ingenieria-2021\/\" \/>\n<meta property=\"og:locale\" content=\"es_ES\" \/>\n<meta property=\"og:type\" content=\"article\" \/>\n<meta property=\"og:title\" content=\"Quinta jornada del Seminario de Investigaci\u00f3n, Actualizaci\u00f3n y Vinculaci\u00f3n en Ciencias de la Ingenier\u00eda 2021 - Facultad de Ingenier\u00eda y Ciencias Agropecuarias\" \/>\n<meta property=\"og:description\" content=\"La Secretar\u00eda de Investigaci\u00f3n y Posgrado invita a participar de la 5\u00b0 jornada del Seminario de Investigaci\u00f3n, Actualizaci\u00f3n y Vinculaci\u00f3n en Ciencias de la Ingenier\u00eda&hellip;\" \/>\n<meta property=\"og:url\" content=\"https:\/\/www.fica.unsl.edu.ar\/index.php\/quinta-jornada-del-seminario-de-investigacion-actualizacion-y-vinculacion-en-ciencias-de-la-ingenieria-2021\/\" \/>\n<meta property=\"og:site_name\" content=\"Facultad de Ingenier\u00eda y Ciencias Agropecuarias\" \/>\n<meta property=\"article:publisher\" content=\"https:\/\/www.facebook.com\/FICA.UNSL\/\" \/>\n<meta property=\"article:published_time\" content=\"2021-08-18T13:19:40+00:00\" \/>\n<meta property=\"article:modified_time\" content=\"2021-08-23T13:08:55+00:00\" \/>\n<meta property=\"og:image\" content=\"https:\/\/www.fica.unsl.edu.ar\/wp-content\/uploads\/2021\/08\/portada-web-FICA-MEZZANO-VIDAL.jpg\" \/>\n\t<meta property=\"og:image:width\" content=\"1080\" \/>\n\t<meta property=\"og:image:height\" content=\"566\" \/>\n\t<meta property=\"og:image:type\" content=\"image\/jpeg\" \/>\n<meta name=\"author\" content=\"DATI\" \/>\n<meta name=\"twitter:card\" content=\"summary_large_image\" \/>\n<meta name=\"twitter:creator\" content=\"@FICAUNSL\" \/>\n<meta name=\"twitter:site\" content=\"@FICAUNSL\" \/>\n<meta name=\"twitter:label1\" content=\"Escrito por\" \/>\n\t<meta name=\"twitter:data1\" content=\"DATI\" \/>\n\t<meta name=\"twitter:label2\" content=\"Tiempo de lectura\" \/>\n\t<meta name=\"twitter:data2\" content=\"2 minutos\" \/>\n<script type=\"application\/ld+json\" class=\"yoast-schema-graph\">{\"@context\":\"https:\\\/\\\/schema.org\",\"@graph\":[{\"@type\":\"Article\",\"@id\":\"https:\\\/\\\/www.fica.unsl.edu.ar\\\/index.php\\\/quinta-jornada-del-seminario-de-investigacion-actualizacion-y-vinculacion-en-ciencias-de-la-ingenieria-2021\\\/#article\",\"isPartOf\":{\"@id\":\"https:\\\/\\\/www.fica.unsl.edu.ar\\\/index.php\\\/quinta-jornada-del-seminario-de-investigacion-actualizacion-y-vinculacion-en-ciencias-de-la-ingenieria-2021\\\/\"},\"author\":{\"name\":\"DATI\",\"@id\":\"https:\\\/\\\/www.fica.unsl.edu.ar\\\/#\\\/schema\\\/person\\\/6058f9c66301868d3a691b1f5d6c3544\"},\"headline\":\"Quinta jornada del Seminario de Investigaci\u00f3n, Actualizaci\u00f3n y Vinculaci\u00f3n en Ciencias de la Ingenier\u00eda 2021\",\"datePublished\":\"2021-08-18T13:19:40+00:00\",\"dateModified\":\"2021-08-23T13:08:55+00:00\",\"mainEntityOfPage\":{\"@id\":\"https:\\\/\\\/www.fica.unsl.edu.ar\\\/index.php\\\/quinta-jornada-del-seminario-de-investigacion-actualizacion-y-vinculacion-en-ciencias-de-la-ingenieria-2021\\\/\"},\"wordCount\":413,\"publisher\":{\"@id\":\"https:\\\/\\\/www.fica.unsl.edu.ar\\\/#organization\"},\"image\":{\"@id\":\"https:\\\/\\\/www.fica.unsl.edu.ar\\\/index.php\\\/quinta-jornada-del-seminario-de-investigacion-actualizacion-y-vinculacion-en-ciencias-de-la-ingenieria-2021\\\/#primaryimage\"},\"thumbnailUrl\":\"https:\\\/\\\/www.fica.unsl.edu.ar\\\/wp-content\\\/uploads\\\/2021\\\/08\\\/portada-web-FICA-MEZZANO-VIDAL.jpg\",\"articleSection\":[\"Archivadas\"],\"inLanguage\":\"es-AR\"},{\"@type\":\"WebPage\",\"@id\":\"https:\\\/\\\/www.fica.unsl.edu.ar\\\/index.php\\\/quinta-jornada-del-seminario-de-investigacion-actualizacion-y-vinculacion-en-ciencias-de-la-ingenieria-2021\\\/\",\"url\":\"https:\\\/\\\/www.fica.unsl.edu.ar\\\/index.php\\\/quinta-jornada-del-seminario-de-investigacion-actualizacion-y-vinculacion-en-ciencias-de-la-ingenieria-2021\\\/\",\"name\":\"Quinta jornada del Seminario de Investigaci\u00f3n, Actualizaci\u00f3n y Vinculaci\u00f3n en Ciencias de la Ingenier\u00eda 2021 - Facultad de Ingenier\u00eda y Ciencias Agropecuarias\",\"isPartOf\":{\"@id\":\"https:\\\/\\\/www.fica.unsl.edu.ar\\\/#website\"},\"primaryImageOfPage\":{\"@id\":\"https:\\\/\\\/www.fica.unsl.edu.ar\\\/index.php\\\/quinta-jornada-del-seminario-de-investigacion-actualizacion-y-vinculacion-en-ciencias-de-la-ingenieria-2021\\\/#primaryimage\"},\"image\":{\"@id\":\"https:\\\/\\\/www.fica.unsl.edu.ar\\\/index.php\\\/quinta-jornada-del-seminario-de-investigacion-actualizacion-y-vinculacion-en-ciencias-de-la-ingenieria-2021\\\/#primaryimage\"},\"thumbnailUrl\":\"https:\\\/\\\/www.fica.unsl.edu.ar\\\/wp-content\\\/uploads\\\/2021\\\/08\\\/portada-web-FICA-MEZZANO-VIDAL.jpg\",\"datePublished\":\"2021-08-18T13:19:40+00:00\",\"dateModified\":\"2021-08-23T13:08:55+00:00\",\"inLanguage\":\"es-AR\",\"potentialAction\":[{\"@type\":\"ReadAction\",\"target\":[\"https:\\\/\\\/www.fica.unsl.edu.ar\\\/index.php\\\/quinta-jornada-del-seminario-de-investigacion-actualizacion-y-vinculacion-en-ciencias-de-la-ingenieria-2021\\\/\"]}]},{\"@type\":\"ImageObject\",\"inLanguage\":\"es-AR\",\"@id\":\"https:\\\/\\\/www.fica.unsl.edu.ar\\\/index.php\\\/quinta-jornada-del-seminario-de-investigacion-actualizacion-y-vinculacion-en-ciencias-de-la-ingenieria-2021\\\/#primaryimage\",\"url\":\"https:\\\/\\\/www.fica.unsl.edu.ar\\\/wp-content\\\/uploads\\\/2021\\\/08\\\/portada-web-FICA-MEZZANO-VIDAL.jpg\",\"contentUrl\":\"https:\\\/\\\/www.fica.unsl.edu.ar\\\/wp-content\\\/uploads\\\/2021\\\/08\\\/portada-web-FICA-MEZZANO-VIDAL.jpg\",\"width\":1080,\"height\":566},{\"@type\":\"WebSite\",\"@id\":\"https:\\\/\\\/www.fica.unsl.edu.ar\\\/#website\",\"url\":\"https:\\\/\\\/www.fica.unsl.edu.ar\\\/\",\"name\":\"Facultad de Ingenier\u00eda y Ciencias Agropecuarias\",\"description\":\"\",\"publisher\":{\"@id\":\"https:\\\/\\\/www.fica.unsl.edu.ar\\\/#organization\"},\"potentialAction\":[{\"@type\":\"SearchAction\",\"target\":{\"@type\":\"EntryPoint\",\"urlTemplate\":\"https:\\\/\\\/www.fica.unsl.edu.ar\\\/?s={search_term_string}\"},\"query-input\":{\"@type\":\"PropertyValueSpecification\",\"valueRequired\":true,\"valueName\":\"search_term_string\"}}],\"inLanguage\":\"es-AR\"},{\"@type\":\"Organization\",\"@id\":\"https:\\\/\\\/www.fica.unsl.edu.ar\\\/#organization\",\"name\":\"Facultad de Ingenier\u00eda y Ciencias Agropecuarias\",\"url\":\"https:\\\/\\\/www.fica.unsl.edu.ar\\\/\",\"logo\":{\"@type\":\"ImageObject\",\"inLanguage\":\"es-AR\",\"@id\":\"https:\\\/\\\/www.fica.unsl.edu.ar\\\/#\\\/schema\\\/logo\\\/image\\\/\",\"url\":\"https:\\\/\\\/www.fica.unsl.edu.ar\\\/wp-content\\\/uploads\\\/2021\\\/03\\\/LOGO-1.jpg\",\"contentUrl\":\"https:\\\/\\\/www.fica.unsl.edu.ar\\\/wp-content\\\/uploads\\\/2021\\\/03\\\/LOGO-1.jpg\",\"width\":463,\"height\":145,\"caption\":\"Facultad de Ingenier\u00eda y Ciencias Agropecuarias\"},\"image\":{\"@id\":\"https:\\\/\\\/www.fica.unsl.edu.ar\\\/#\\\/schema\\\/logo\\\/image\\\/\"},\"sameAs\":[\"https:\\\/\\\/www.facebook.com\\\/FICA.UNSL\\\/\",\"https:\\\/\\\/x.com\\\/FICAUNSL\",\"https:\\\/\\\/www.instagram.com\\\/fica.unsl\\\/\",\"https:\\\/\\\/www.youtube.com\\\/channel\\\/UCs2MM53gb2PyBrMySdtWZDQ\"]},{\"@type\":\"Person\",\"@id\":\"https:\\\/\\\/www.fica.unsl.edu.ar\\\/#\\\/schema\\\/person\\\/6058f9c66301868d3a691b1f5d6c3544\",\"name\":\"DATI\"}]}<\/script>\n<!-- \/ Yoast SEO plugin. -->","yoast_head_json":{"title":"Quinta jornada del Seminario de Investigaci\u00f3n, Actualizaci\u00f3n y Vinculaci\u00f3n en Ciencias de la Ingenier\u00eda 2021 - Facultad de Ingenier\u00eda y Ciencias Agropecuarias","robots":{"index":"index","follow":"follow","max-snippet":"max-snippet:-1","max-image-preview":"max-image-preview:large","max-video-preview":"max-video-preview:-1"},"canonical":"https:\/\/www.fica.unsl.edu.ar\/index.php\/quinta-jornada-del-seminario-de-investigacion-actualizacion-y-vinculacion-en-ciencias-de-la-ingenieria-2021\/","og_locale":"es_ES","og_type":"article","og_title":"Quinta jornada del Seminario de Investigaci\u00f3n, Actualizaci\u00f3n y Vinculaci\u00f3n en Ciencias de la Ingenier\u00eda 2021 - Facultad de Ingenier\u00eda y Ciencias Agropecuarias","og_description":"La Secretar\u00eda de Investigaci\u00f3n y Posgrado invita a participar de la 5\u00b0 jornada del Seminario de Investigaci\u00f3n, Actualizaci\u00f3n y Vinculaci\u00f3n en Ciencias de la Ingenier\u00eda&hellip;","og_url":"https:\/\/www.fica.unsl.edu.ar\/index.php\/quinta-jornada-del-seminario-de-investigacion-actualizacion-y-vinculacion-en-ciencias-de-la-ingenieria-2021\/","og_site_name":"Facultad de Ingenier\u00eda y Ciencias Agropecuarias","article_publisher":"https:\/\/www.facebook.com\/FICA.UNSL\/","article_published_time":"2021-08-18T13:19:40+00:00","article_modified_time":"2021-08-23T13:08:55+00:00","og_image":[{"width":1080,"height":566,"url":"https:\/\/www.fica.unsl.edu.ar\/wp-content\/uploads\/2021\/08\/portada-web-FICA-MEZZANO-VIDAL.jpg","type":"image\/jpeg"}],"author":"DATI","twitter_card":"summary_large_image","twitter_creator":"@FICAUNSL","twitter_site":"@FICAUNSL","twitter_misc":{"Escrito por":"DATI","Tiempo de lectura":"2 minutos"},"schema":{"@context":"https:\/\/schema.org","@graph":[{"@type":"Article","@id":"https:\/\/www.fica.unsl.edu.ar\/index.php\/quinta-jornada-del-seminario-de-investigacion-actualizacion-y-vinculacion-en-ciencias-de-la-ingenieria-2021\/#article","isPartOf":{"@id":"https:\/\/www.fica.unsl.edu.ar\/index.php\/quinta-jornada-del-seminario-de-investigacion-actualizacion-y-vinculacion-en-ciencias-de-la-ingenieria-2021\/"},"author":{"name":"DATI","@id":"https:\/\/www.fica.unsl.edu.ar\/#\/schema\/person\/6058f9c66301868d3a691b1f5d6c3544"},"headline":"Quinta jornada del Seminario de Investigaci\u00f3n, Actualizaci\u00f3n y Vinculaci\u00f3n en Ciencias de la Ingenier\u00eda 2021","datePublished":"2021-08-18T13:19:40+00:00","dateModified":"2021-08-23T13:08:55+00:00","mainEntityOfPage":{"@id":"https:\/\/www.fica.unsl.edu.ar\/index.php\/quinta-jornada-del-seminario-de-investigacion-actualizacion-y-vinculacion-en-ciencias-de-la-ingenieria-2021\/"},"wordCount":413,"publisher":{"@id":"https:\/\/www.fica.unsl.edu.ar\/#organization"},"image":{"@id":"https:\/\/www.fica.unsl.edu.ar\/index.php\/quinta-jornada-del-seminario-de-investigacion-actualizacion-y-vinculacion-en-ciencias-de-la-ingenieria-2021\/#primaryimage"},"thumbnailUrl":"https:\/\/www.fica.unsl.edu.ar\/wp-content\/uploads\/2021\/08\/portada-web-FICA-MEZZANO-VIDAL.jpg","articleSection":["Archivadas"],"inLanguage":"es-AR"},{"@type":"WebPage","@id":"https:\/\/www.fica.unsl.edu.ar\/index.php\/quinta-jornada-del-seminario-de-investigacion-actualizacion-y-vinculacion-en-ciencias-de-la-ingenieria-2021\/","url":"https:\/\/www.fica.unsl.edu.ar\/index.php\/quinta-jornada-del-seminario-de-investigacion-actualizacion-y-vinculacion-en-ciencias-de-la-ingenieria-2021\/","name":"Quinta jornada del Seminario de Investigaci\u00f3n, Actualizaci\u00f3n y Vinculaci\u00f3n en Ciencias de la Ingenier\u00eda 2021 - Facultad de Ingenier\u00eda y Ciencias Agropecuarias","isPartOf":{"@id":"https:\/\/www.fica.unsl.edu.ar\/#website"},"primaryImageOfPage":{"@id":"https:\/\/www.fica.unsl.edu.ar\/index.php\/quinta-jornada-del-seminario-de-investigacion-actualizacion-y-vinculacion-en-ciencias-de-la-ingenieria-2021\/#primaryimage"},"image":{"@id":"https:\/\/www.fica.unsl.edu.ar\/index.php\/quinta-jornada-del-seminario-de-investigacion-actualizacion-y-vinculacion-en-ciencias-de-la-ingenieria-2021\/#primaryimage"},"thumbnailUrl":"https:\/\/www.fica.unsl.edu.ar\/wp-content\/uploads\/2021\/08\/portada-web-FICA-MEZZANO-VIDAL.jpg","datePublished":"2021-08-18T13:19:40+00:00","dateModified":"2021-08-23T13:08:55+00:00","inLanguage":"es-AR","potentialAction":[{"@type":"ReadAction","target":["https:\/\/www.fica.unsl.edu.ar\/index.php\/quinta-jornada-del-seminario-de-investigacion-actualizacion-y-vinculacion-en-ciencias-de-la-ingenieria-2021\/"]}]},{"@type":"ImageObject","inLanguage":"es-AR","@id":"https:\/\/www.fica.unsl.edu.ar\/index.php\/quinta-jornada-del-seminario-de-investigacion-actualizacion-y-vinculacion-en-ciencias-de-la-ingenieria-2021\/#primaryimage","url":"https:\/\/www.fica.unsl.edu.ar\/wp-content\/uploads\/2021\/08\/portada-web-FICA-MEZZANO-VIDAL.jpg","contentUrl":"https:\/\/www.fica.unsl.edu.ar\/wp-content\/uploads\/2021\/08\/portada-web-FICA-MEZZANO-VIDAL.jpg","width":1080,"height":566},{"@type":"WebSite","@id":"https:\/\/www.fica.unsl.edu.ar\/#website","url":"https:\/\/www.fica.unsl.edu.ar\/","name":"Facultad de Ingenier\u00eda y Ciencias Agropecuarias","description":"","publisher":{"@id":"https:\/\/www.fica.unsl.edu.ar\/#organization"},"potentialAction":[{"@type":"SearchAction","target":{"@type":"EntryPoint","urlTemplate":"https:\/\/www.fica.unsl.edu.ar\/?s={search_term_string}"},"query-input":{"@type":"PropertyValueSpecification","valueRequired":true,"valueName":"search_term_string"}}],"inLanguage":"es-AR"},{"@type":"Organization","@id":"https:\/\/www.fica.unsl.edu.ar\/#organization","name":"Facultad de Ingenier\u00eda y Ciencias Agropecuarias","url":"https:\/\/www.fica.unsl.edu.ar\/","logo":{"@type":"ImageObject","inLanguage":"es-AR","@id":"https:\/\/www.fica.unsl.edu.ar\/#\/schema\/logo\/image\/","url":"https:\/\/www.fica.unsl.edu.ar\/wp-content\/uploads\/2021\/03\/LOGO-1.jpg","contentUrl":"https:\/\/www.fica.unsl.edu.ar\/wp-content\/uploads\/2021\/03\/LOGO-1.jpg","width":463,"height":145,"caption":"Facultad de Ingenier\u00eda y Ciencias Agropecuarias"},"image":{"@id":"https:\/\/www.fica.unsl.edu.ar\/#\/schema\/logo\/image\/"},"sameAs":["https:\/\/www.facebook.com\/FICA.UNSL\/","https:\/\/x.com\/FICAUNSL","https:\/\/www.instagram.com\/fica.unsl\/","https:\/\/www.youtube.com\/channel\/UCs2MM53gb2PyBrMySdtWZDQ"]},{"@type":"Person","@id":"https:\/\/www.fica.unsl.edu.ar\/#\/schema\/person\/6058f9c66301868d3a691b1f5d6c3544","name":"DATI"}]}},"_links":{"self":[{"href":"https:\/\/www.fica.unsl.edu.ar\/index.php\/wp-json\/wp\/v2\/posts\/6065","targetHints":{"allow":["GET"]}}],"collection":[{"href":"https:\/\/www.fica.unsl.edu.ar\/index.php\/wp-json\/wp\/v2\/posts"}],"about":[{"href":"https:\/\/www.fica.unsl.edu.ar\/index.php\/wp-json\/wp\/v2\/types\/post"}],"author":[{"embeddable":true,"href":"https:\/\/www.fica.unsl.edu.ar\/index.php\/wp-json\/wp\/v2\/users\/9"}],"replies":[{"embeddable":true,"href":"https:\/\/www.fica.unsl.edu.ar\/index.php\/wp-json\/wp\/v2\/comments?post=6065"}],"version-history":[{"count":2,"href":"https:\/\/www.fica.unsl.edu.ar\/index.php\/wp-json\/wp\/v2\/posts\/6065\/revisions"}],"predecessor-version":[{"id":6073,"href":"https:\/\/www.fica.unsl.edu.ar\/index.php\/wp-json\/wp\/v2\/posts\/6065\/revisions\/6073"}],"wp:featuredmedia":[{"embeddable":true,"href":"https:\/\/www.fica.unsl.edu.ar\/index.php\/wp-json\/wp\/v2\/media\/6070"}],"wp:attachment":[{"href":"https:\/\/www.fica.unsl.edu.ar\/index.php\/wp-json\/wp\/v2\/media?parent=6065"}],"wp:term":[{"taxonomy":"category","embeddable":true,"href":"https:\/\/www.fica.unsl.edu.ar\/index.php\/wp-json\/wp\/v2\/categories?post=6065"},{"taxonomy":"post_tag","embeddable":true,"href":"https:\/\/www.fica.unsl.edu.ar\/index.php\/wp-json\/wp\/v2\/tags?post=6065"}],"curies":[{"name":"wp","href":"https:\/\/api.w.org\/{rel}","templated":true}]}}