{"id":6272,"date":"2021-08-30T09:36:40","date_gmt":"2021-08-30T12:36:40","guid":{"rendered":"http:\/\/10.101.10.196\/www\/?p=6272"},"modified":"2021-09-27T09:15:43","modified_gmt":"2021-09-27T12:15:43","slug":"charlas-logisticas-mujeres-logisticas1-el-valor-agregado-de-la-mujer-en-el-supply-chain-y-comex","status":"publish","type":"post","link":"https:\/\/www.fica.unsl.edu.ar\/index.php\/charlas-logisticas-mujeres-logisticas1-el-valor-agregado-de-la-mujer-en-el-supply-chain-y-comex\/","title":{"rendered":"Charlas Log\u00edsticas \u2013 Mujeres Log\u00edsticas#1 \u2013 El Valor Agregado de la Mujer en el Supply Chain y Comex"},"content":{"rendered":"<p>La c\u00e1tedra de Log\u00edstica de la FICA-UNSL invita a la comunidad en general y a los estudiantes en particular \u00a0a participar de la 2\u00b0 Temporada del Ciclo Charlas Log\u00edsticas.<\/p>\n<p>En esta ocasi\u00f3n se inaugura desde una Perspectiva de G\u00e9nero, un nuevo espacio denominado #MujeresLog\u00edsticas, con el cual se intenta aportar a la reivindicaci\u00f3n de los derechos de las mujeres y la igualdad de g\u00e9nero, en este rubro que hist\u00f3ricamente fue y a\u00fan es dominado por los hombres, visibilizando las actividades y los roles de referentes: las Mujeres Log\u00edsticas, desde distintos puntos de Latinoam\u00e9rica y el resto del mundo.<\/p>\n<p>El martes 31 de agosto de 2021 a partir de las 18h y de manera virtual por Zoom tendr\u00e1 lugar la 12\u00ba Charla del Ciclo denominada: \u201cEl Valor Agregado de la Mujer en el Supply Chain y Comex\u201d\u00a0con la participaci\u00f3n de la Lic. Dafne Anghelidis (Presidente) y a la Dra. Yamila Denise Rivero (Vocal), integrantes del Board de WISTA Argentina.<\/p>\n<p>WISTA (Women&#8217;s International Shipping &amp; Trading Association) es una organizaci\u00f3n global formada en 1974 con presencia en 54 pa\u00edses, que conecta a mujeres ejecutivas y responsables de la toma de decisiones en todo el mundo, conformando una red de m\u00e1s de 3.800 mujeres profesionales de todos los sectores de la industria mar\u00edtima.<\/p>\n<p>Esta actividad es coordinada por el Ing. Facundo Monti. Con cupos limitados, el ciclo est\u00e1 protocolizado por la FICA-UNSL y se entregar\u00e1n certificados de asistencia a los participantes del evento<\/p>\n<p style=\"text-align: center;\"><strong><a href=\"https:\/\/bit.ly\/Charla12\">Inscripciones<\/a><\/strong><\/p>\n","protected":false},"excerpt":{"rendered":"<p>La c\u00e1tedra de Log\u00edstica de la FICA-UNSL invita a la comunidad en general y a los estudiantes en particular \u00a0a participar de la 2\u00b0 Temporada&hellip;<\/p>\n","protected":false},"author":9,"featured_media":6273,"comment_status":"closed","ping_status":"closed","sticky":false,"template":"","format":"standard","meta":{"_monsterinsights_skip_tracking":false,"_monsterinsights_sitenote_active":false,"_monsterinsights_sitenote_note":"","_monsterinsights_sitenote_category":0,"_joinchat":[],"footnotes":""},"categories":[22],"tags":[],"class_list":["post-6272","post","type-post","status-publish","format-standard","has-post-thumbnail","hentry","category-archivadas"],"yoast_head":"<!-- This site is optimized with the Yoast SEO plugin v27.4 - https:\/\/yoast.com\/product\/yoast-seo-wordpress\/ -->\n<title>Charlas Log\u00edsticas \u2013 Mujeres Log\u00edsticas#1 \u2013 El Valor Agregado de la Mujer en el Supply Chain y Comex - Facultad de Ingenier\u00eda y Ciencias Agropecuarias<\/title>\n<meta name=\"robots\" content=\"index, follow, max-snippet:-1, max-image-preview:large, max-video-preview:-1\" \/>\n<link rel=\"canonical\" href=\"https:\/\/www.fica.unsl.edu.ar\/index.php\/charlas-logisticas-mujeres-logisticas1-el-valor-agregado-de-la-mujer-en-el-supply-chain-y-comex\/\" \/>\n<meta property=\"og:locale\" content=\"es_ES\" \/>\n<meta property=\"og:type\" content=\"article\" \/>\n<meta property=\"og:title\" content=\"Charlas Log\u00edsticas \u2013 Mujeres Log\u00edsticas#1 \u2013 El Valor Agregado de la Mujer en el Supply Chain y Comex - Facultad de Ingenier\u00eda y Ciencias Agropecuarias\" \/>\n<meta property=\"og:description\" content=\"La c\u00e1tedra de Log\u00edstica de la FICA-UNSL invita a la comunidad en general y a los estudiantes en particular \u00a0a participar de la 2\u00b0 Temporada&hellip;\" \/>\n<meta property=\"og:url\" content=\"https:\/\/www.fica.unsl.edu.ar\/index.php\/charlas-logisticas-mujeres-logisticas1-el-valor-agregado-de-la-mujer-en-el-supply-chain-y-comex\/\" \/>\n<meta property=\"og:site_name\" content=\"Facultad de Ingenier\u00eda y Ciencias Agropecuarias\" \/>\n<meta property=\"article:publisher\" content=\"https:\/\/www.facebook.com\/FICA.UNSL\/\" \/>\n<meta property=\"article:published_time\" content=\"2021-08-30T12:36:40+00:00\" \/>\n<meta property=\"article:modified_time\" content=\"2021-09-27T12:15:43+00:00\" \/>\n<meta property=\"og:image\" content=\"https:\/\/www.fica.unsl.edu.ar\/wp-content\/uploads\/2021\/08\/11.jpeg\" \/>\n\t<meta property=\"og:image:width\" content=\"1280\" \/>\n\t<meta property=\"og:image:height\" content=\"1280\" \/>\n\t<meta property=\"og:image:type\" content=\"image\/jpeg\" \/>\n<meta name=\"author\" content=\"DATI\" \/>\n<meta name=\"twitter:card\" content=\"summary_large_image\" \/>\n<meta name=\"twitter:creator\" content=\"@FICAUNSL\" \/>\n<meta name=\"twitter:site\" content=\"@FICAUNSL\" \/>\n<meta name=\"twitter:label1\" content=\"Escrito por\" \/>\n\t<meta name=\"twitter:data1\" content=\"DATI\" \/>\n\t<meta name=\"twitter:label2\" content=\"Tiempo de lectura\" \/>\n\t<meta name=\"twitter:data2\" content=\"2 minutos\" \/>\n<script type=\"application\/ld+json\" class=\"yoast-schema-graph\">{\"@context\":\"https:\\\/\\\/schema.org\",\"@graph\":[{\"@type\":\"Article\",\"@id\":\"https:\\\/\\\/www.fica.unsl.edu.ar\\\/index.php\\\/charlas-logisticas-mujeres-logisticas1-el-valor-agregado-de-la-mujer-en-el-supply-chain-y-comex\\\/#article\",\"isPartOf\":{\"@id\":\"https:\\\/\\\/www.fica.unsl.edu.ar\\\/index.php\\\/charlas-logisticas-mujeres-logisticas1-el-valor-agregado-de-la-mujer-en-el-supply-chain-y-comex\\\/\"},\"author\":{\"name\":\"DATI\",\"@id\":\"https:\\\/\\\/www.fica.unsl.edu.ar\\\/#\\\/schema\\\/person\\\/6058f9c66301868d3a691b1f5d6c3544\"},\"headline\":\"Charlas Log\u00edsticas \u2013 Mujeres Log\u00edsticas#1 \u2013 El Valor Agregado de la Mujer en el Supply Chain y Comex\",\"datePublished\":\"2021-08-30T12:36:40+00:00\",\"dateModified\":\"2021-09-27T12:15:43+00:00\",\"mainEntityOfPage\":{\"@id\":\"https:\\\/\\\/www.fica.unsl.edu.ar\\\/index.php\\\/charlas-logisticas-mujeres-logisticas1-el-valor-agregado-de-la-mujer-en-el-supply-chain-y-comex\\\/\"},\"wordCount\":272,\"publisher\":{\"@id\":\"https:\\\/\\\/www.fica.unsl.edu.ar\\\/#organization\"},\"image\":{\"@id\":\"https:\\\/\\\/www.fica.unsl.edu.ar\\\/index.php\\\/charlas-logisticas-mujeres-logisticas1-el-valor-agregado-de-la-mujer-en-el-supply-chain-y-comex\\\/#primaryimage\"},\"thumbnailUrl\":\"https:\\\/\\\/www.fica.unsl.edu.ar\\\/wp-content\\\/uploads\\\/2021\\\/08\\\/11.jpeg\",\"articleSection\":[\"Archivadas\"],\"inLanguage\":\"es-AR\"},{\"@type\":\"WebPage\",\"@id\":\"https:\\\/\\\/www.fica.unsl.edu.ar\\\/index.php\\\/charlas-logisticas-mujeres-logisticas1-el-valor-agregado-de-la-mujer-en-el-supply-chain-y-comex\\\/\",\"url\":\"https:\\\/\\\/www.fica.unsl.edu.ar\\\/index.php\\\/charlas-logisticas-mujeres-logisticas1-el-valor-agregado-de-la-mujer-en-el-supply-chain-y-comex\\\/\",\"name\":\"Charlas Log\u00edsticas \u2013 Mujeres Log\u00edsticas#1 \u2013 El Valor Agregado de la Mujer en el Supply Chain y Comex - Facultad de Ingenier\u00eda y Ciencias Agropecuarias\",\"isPartOf\":{\"@id\":\"https:\\\/\\\/www.fica.unsl.edu.ar\\\/#website\"},\"primaryImageOfPage\":{\"@id\":\"https:\\\/\\\/www.fica.unsl.edu.ar\\\/index.php\\\/charlas-logisticas-mujeres-logisticas1-el-valor-agregado-de-la-mujer-en-el-supply-chain-y-comex\\\/#primaryimage\"},\"image\":{\"@id\":\"https:\\\/\\\/www.fica.unsl.edu.ar\\\/index.php\\\/charlas-logisticas-mujeres-logisticas1-el-valor-agregado-de-la-mujer-en-el-supply-chain-y-comex\\\/#primaryimage\"},\"thumbnailUrl\":\"https:\\\/\\\/www.fica.unsl.edu.ar\\\/wp-content\\\/uploads\\\/2021\\\/08\\\/11.jpeg\",\"datePublished\":\"2021-08-30T12:36:40+00:00\",\"dateModified\":\"2021-09-27T12:15:43+00:00\",\"inLanguage\":\"es-AR\",\"potentialAction\":[{\"@type\":\"ReadAction\",\"target\":[\"https:\\\/\\\/www.fica.unsl.edu.ar\\\/index.php\\\/charlas-logisticas-mujeres-logisticas1-el-valor-agregado-de-la-mujer-en-el-supply-chain-y-comex\\\/\"]}]},{\"@type\":\"ImageObject\",\"inLanguage\":\"es-AR\",\"@id\":\"https:\\\/\\\/www.fica.unsl.edu.ar\\\/index.php\\\/charlas-logisticas-mujeres-logisticas1-el-valor-agregado-de-la-mujer-en-el-supply-chain-y-comex\\\/#primaryimage\",\"url\":\"https:\\\/\\\/www.fica.unsl.edu.ar\\\/wp-content\\\/uploads\\\/2021\\\/08\\\/11.jpeg\",\"contentUrl\":\"https:\\\/\\\/www.fica.unsl.edu.ar\\\/wp-content\\\/uploads\\\/2021\\\/08\\\/11.jpeg\",\"width\":1280,\"height\":1280},{\"@type\":\"WebSite\",\"@id\":\"https:\\\/\\\/www.fica.unsl.edu.ar\\\/#website\",\"url\":\"https:\\\/\\\/www.fica.unsl.edu.ar\\\/\",\"name\":\"Facultad de Ingenier\u00eda y Ciencias Agropecuarias\",\"description\":\"\",\"publisher\":{\"@id\":\"https:\\\/\\\/www.fica.unsl.edu.ar\\\/#organization\"},\"potentialAction\":[{\"@type\":\"SearchAction\",\"target\":{\"@type\":\"EntryPoint\",\"urlTemplate\":\"https:\\\/\\\/www.fica.unsl.edu.ar\\\/?s={search_term_string}\"},\"query-input\":{\"@type\":\"PropertyValueSpecification\",\"valueRequired\":true,\"valueName\":\"search_term_string\"}}],\"inLanguage\":\"es-AR\"},{\"@type\":\"Organization\",\"@id\":\"https:\\\/\\\/www.fica.unsl.edu.ar\\\/#organization\",\"name\":\"Facultad de Ingenier\u00eda y Ciencias Agropecuarias\",\"url\":\"https:\\\/\\\/www.fica.unsl.edu.ar\\\/\",\"logo\":{\"@type\":\"ImageObject\",\"inLanguage\":\"es-AR\",\"@id\":\"https:\\\/\\\/www.fica.unsl.edu.ar\\\/#\\\/schema\\\/logo\\\/image\\\/\",\"url\":\"https:\\\/\\\/www.fica.unsl.edu.ar\\\/wp-content\\\/uploads\\\/2021\\\/03\\\/LOGO-1.jpg\",\"contentUrl\":\"https:\\\/\\\/www.fica.unsl.edu.ar\\\/wp-content\\\/uploads\\\/2021\\\/03\\\/LOGO-1.jpg\",\"width\":463,\"height\":145,\"caption\":\"Facultad de Ingenier\u00eda y Ciencias Agropecuarias\"},\"image\":{\"@id\":\"https:\\\/\\\/www.fica.unsl.edu.ar\\\/#\\\/schema\\\/logo\\\/image\\\/\"},\"sameAs\":[\"https:\\\/\\\/www.facebook.com\\\/FICA.UNSL\\\/\",\"https:\\\/\\\/x.com\\\/FICAUNSL\",\"https:\\\/\\\/www.instagram.com\\\/fica.unsl\\\/\",\"https:\\\/\\\/www.youtube.com\\\/channel\\\/UCs2MM53gb2PyBrMySdtWZDQ\"]},{\"@type\":\"Person\",\"@id\":\"https:\\\/\\\/www.fica.unsl.edu.ar\\\/#\\\/schema\\\/person\\\/6058f9c66301868d3a691b1f5d6c3544\",\"name\":\"DATI\"}]}<\/script>\n<!-- \/ Yoast SEO plugin. -->","yoast_head_json":{"title":"Charlas Log\u00edsticas \u2013 Mujeres Log\u00edsticas#1 \u2013 El Valor Agregado de la Mujer en el Supply Chain y Comex - Facultad de Ingenier\u00eda y Ciencias Agropecuarias","robots":{"index":"index","follow":"follow","max-snippet":"max-snippet:-1","max-image-preview":"max-image-preview:large","max-video-preview":"max-video-preview:-1"},"canonical":"https:\/\/www.fica.unsl.edu.ar\/index.php\/charlas-logisticas-mujeres-logisticas1-el-valor-agregado-de-la-mujer-en-el-supply-chain-y-comex\/","og_locale":"es_ES","og_type":"article","og_title":"Charlas Log\u00edsticas \u2013 Mujeres Log\u00edsticas#1 \u2013 El Valor Agregado de la Mujer en el Supply Chain y Comex - Facultad de Ingenier\u00eda y Ciencias Agropecuarias","og_description":"La c\u00e1tedra de Log\u00edstica de la FICA-UNSL invita a la comunidad en general y a los estudiantes en particular \u00a0a participar de la 2\u00b0 Temporada&hellip;","og_url":"https:\/\/www.fica.unsl.edu.ar\/index.php\/charlas-logisticas-mujeres-logisticas1-el-valor-agregado-de-la-mujer-en-el-supply-chain-y-comex\/","og_site_name":"Facultad de Ingenier\u00eda y Ciencias Agropecuarias","article_publisher":"https:\/\/www.facebook.com\/FICA.UNSL\/","article_published_time":"2021-08-30T12:36:40+00:00","article_modified_time":"2021-09-27T12:15:43+00:00","og_image":[{"width":1280,"height":1280,"url":"https:\/\/www.fica.unsl.edu.ar\/wp-content\/uploads\/2021\/08\/11.jpeg","type":"image\/jpeg"}],"author":"DATI","twitter_card":"summary_large_image","twitter_creator":"@FICAUNSL","twitter_site":"@FICAUNSL","twitter_misc":{"Escrito por":"DATI","Tiempo de lectura":"2 minutos"},"schema":{"@context":"https:\/\/schema.org","@graph":[{"@type":"Article","@id":"https:\/\/www.fica.unsl.edu.ar\/index.php\/charlas-logisticas-mujeres-logisticas1-el-valor-agregado-de-la-mujer-en-el-supply-chain-y-comex\/#article","isPartOf":{"@id":"https:\/\/www.fica.unsl.edu.ar\/index.php\/charlas-logisticas-mujeres-logisticas1-el-valor-agregado-de-la-mujer-en-el-supply-chain-y-comex\/"},"author":{"name":"DATI","@id":"https:\/\/www.fica.unsl.edu.ar\/#\/schema\/person\/6058f9c66301868d3a691b1f5d6c3544"},"headline":"Charlas Log\u00edsticas \u2013 Mujeres Log\u00edsticas#1 \u2013 El Valor Agregado de la Mujer en el Supply Chain y Comex","datePublished":"2021-08-30T12:36:40+00:00","dateModified":"2021-09-27T12:15:43+00:00","mainEntityOfPage":{"@id":"https:\/\/www.fica.unsl.edu.ar\/index.php\/charlas-logisticas-mujeres-logisticas1-el-valor-agregado-de-la-mujer-en-el-supply-chain-y-comex\/"},"wordCount":272,"publisher":{"@id":"https:\/\/www.fica.unsl.edu.ar\/#organization"},"image":{"@id":"https:\/\/www.fica.unsl.edu.ar\/index.php\/charlas-logisticas-mujeres-logisticas1-el-valor-agregado-de-la-mujer-en-el-supply-chain-y-comex\/#primaryimage"},"thumbnailUrl":"https:\/\/www.fica.unsl.edu.ar\/wp-content\/uploads\/2021\/08\/11.jpeg","articleSection":["Archivadas"],"inLanguage":"es-AR"},{"@type":"WebPage","@id":"https:\/\/www.fica.unsl.edu.ar\/index.php\/charlas-logisticas-mujeres-logisticas1-el-valor-agregado-de-la-mujer-en-el-supply-chain-y-comex\/","url":"https:\/\/www.fica.unsl.edu.ar\/index.php\/charlas-logisticas-mujeres-logisticas1-el-valor-agregado-de-la-mujer-en-el-supply-chain-y-comex\/","name":"Charlas Log\u00edsticas \u2013 Mujeres Log\u00edsticas#1 \u2013 El Valor Agregado de la Mujer en el Supply Chain y Comex - Facultad de Ingenier\u00eda y Ciencias Agropecuarias","isPartOf":{"@id":"https:\/\/www.fica.unsl.edu.ar\/#website"},"primaryImageOfPage":{"@id":"https:\/\/www.fica.unsl.edu.ar\/index.php\/charlas-logisticas-mujeres-logisticas1-el-valor-agregado-de-la-mujer-en-el-supply-chain-y-comex\/#primaryimage"},"image":{"@id":"https:\/\/www.fica.unsl.edu.ar\/index.php\/charlas-logisticas-mujeres-logisticas1-el-valor-agregado-de-la-mujer-en-el-supply-chain-y-comex\/#primaryimage"},"thumbnailUrl":"https:\/\/www.fica.unsl.edu.ar\/wp-content\/uploads\/2021\/08\/11.jpeg","datePublished":"2021-08-30T12:36:40+00:00","dateModified":"2021-09-27T12:15:43+00:00","inLanguage":"es-AR","potentialAction":[{"@type":"ReadAction","target":["https:\/\/www.fica.unsl.edu.ar\/index.php\/charlas-logisticas-mujeres-logisticas1-el-valor-agregado-de-la-mujer-en-el-supply-chain-y-comex\/"]}]},{"@type":"ImageObject","inLanguage":"es-AR","@id":"https:\/\/www.fica.unsl.edu.ar\/index.php\/charlas-logisticas-mujeres-logisticas1-el-valor-agregado-de-la-mujer-en-el-supply-chain-y-comex\/#primaryimage","url":"https:\/\/www.fica.unsl.edu.ar\/wp-content\/uploads\/2021\/08\/11.jpeg","contentUrl":"https:\/\/www.fica.unsl.edu.ar\/wp-content\/uploads\/2021\/08\/11.jpeg","width":1280,"height":1280},{"@type":"WebSite","@id":"https:\/\/www.fica.unsl.edu.ar\/#website","url":"https:\/\/www.fica.unsl.edu.ar\/","name":"Facultad de Ingenier\u00eda y Ciencias Agropecuarias","description":"","publisher":{"@id":"https:\/\/www.fica.unsl.edu.ar\/#organization"},"potentialAction":[{"@type":"SearchAction","target":{"@type":"EntryPoint","urlTemplate":"https:\/\/www.fica.unsl.edu.ar\/?s={search_term_string}"},"query-input":{"@type":"PropertyValueSpecification","valueRequired":true,"valueName":"search_term_string"}}],"inLanguage":"es-AR"},{"@type":"Organization","@id":"https:\/\/www.fica.unsl.edu.ar\/#organization","name":"Facultad de Ingenier\u00eda y Ciencias Agropecuarias","url":"https:\/\/www.fica.unsl.edu.ar\/","logo":{"@type":"ImageObject","inLanguage":"es-AR","@id":"https:\/\/www.fica.unsl.edu.ar\/#\/schema\/logo\/image\/","url":"https:\/\/www.fica.unsl.edu.ar\/wp-content\/uploads\/2021\/03\/LOGO-1.jpg","contentUrl":"https:\/\/www.fica.unsl.edu.ar\/wp-content\/uploads\/2021\/03\/LOGO-1.jpg","width":463,"height":145,"caption":"Facultad de Ingenier\u00eda y Ciencias Agropecuarias"},"image":{"@id":"https:\/\/www.fica.unsl.edu.ar\/#\/schema\/logo\/image\/"},"sameAs":["https:\/\/www.facebook.com\/FICA.UNSL\/","https:\/\/x.com\/FICAUNSL","https:\/\/www.instagram.com\/fica.unsl\/","https:\/\/www.youtube.com\/channel\/UCs2MM53gb2PyBrMySdtWZDQ"]},{"@type":"Person","@id":"https:\/\/www.fica.unsl.edu.ar\/#\/schema\/person\/6058f9c66301868d3a691b1f5d6c3544","name":"DATI"}]}},"_links":{"self":[{"href":"https:\/\/www.fica.unsl.edu.ar\/index.php\/wp-json\/wp\/v2\/posts\/6272","targetHints":{"allow":["GET"]}}],"collection":[{"href":"https:\/\/www.fica.unsl.edu.ar\/index.php\/wp-json\/wp\/v2\/posts"}],"about":[{"href":"https:\/\/www.fica.unsl.edu.ar\/index.php\/wp-json\/wp\/v2\/types\/post"}],"author":[{"embeddable":true,"href":"https:\/\/www.fica.unsl.edu.ar\/index.php\/wp-json\/wp\/v2\/users\/9"}],"replies":[{"embeddable":true,"href":"https:\/\/www.fica.unsl.edu.ar\/index.php\/wp-json\/wp\/v2\/comments?post=6272"}],"version-history":[{"count":1,"href":"https:\/\/www.fica.unsl.edu.ar\/index.php\/wp-json\/wp\/v2\/posts\/6272\/revisions"}],"predecessor-version":[{"id":6274,"href":"https:\/\/www.fica.unsl.edu.ar\/index.php\/wp-json\/wp\/v2\/posts\/6272\/revisions\/6274"}],"wp:featuredmedia":[{"embeddable":true,"href":"https:\/\/www.fica.unsl.edu.ar\/index.php\/wp-json\/wp\/v2\/media\/6273"}],"wp:attachment":[{"href":"https:\/\/www.fica.unsl.edu.ar\/index.php\/wp-json\/wp\/v2\/media?parent=6272"}],"wp:term":[{"taxonomy":"category","embeddable":true,"href":"https:\/\/www.fica.unsl.edu.ar\/index.php\/wp-json\/wp\/v2\/categories?post=6272"},{"taxonomy":"post_tag","embeddable":true,"href":"https:\/\/www.fica.unsl.edu.ar\/index.php\/wp-json\/wp\/v2\/tags?post=6272"}],"curies":[{"name":"wp","href":"https:\/\/api.w.org\/{rel}","templated":true}]}}