{"id":6324,"date":"2021-09-12T00:05:06","date_gmt":"2021-09-12T03:05:06","guid":{"rendered":"http:\/\/10.101.10.196\/www\/?p=6324"},"modified":"2021-09-27T09:13:55","modified_gmt":"2021-09-27T12:13:55","slug":"convocatoria-abierta-a-becas-especiales-de-ciencia-y-tecnologia-2021","status":"publish","type":"post","link":"https:\/\/www.fica.unsl.edu.ar\/index.php\/convocatoria-abierta-a-becas-especiales-de-ciencia-y-tecnologia-2021\/","title":{"rendered":"Convocatoria abierta a Becas Especiales de Ciencia y Tecnolog\u00eda 2021"},"content":{"rendered":"<p>La Secretar\u00eda de Ciencia y Tecnolog\u00eda de la UNSL informa que, hasta el 17 de septiembre 2021, se encuentra abierta la convocatoria a Becas Especiales 2021 del Sistema de Ciencia y Tecnolog\u00eda UNSL, bajo dos modalidades: Est\u00edmulo a las vocaciones Cient\u00edficas y Finalizaci\u00f3n de Estudios de Posgrado. La duraci\u00f3n de las becas es de 12 meses.<\/p>\n<p>Esta convocatoria se propone como parte de las acciones institucionales y de promoci\u00f3n cient\u00edfica que, por un lado, acompa\u00f1an la formaci\u00f3n integral de estudiantes avanzados\/as, en investigaci\u00f3n y que, por el otro, propician la finalizaci\u00f3n de carreras de posgrado a docentes investigadores.<\/p>\n<p>El importe destinado a las becas es de m\u00e1s de $4.000.000 que se imputar\u00e1n a los fondos de la Resoluci\u00f3n SPU N\u00b095\/2021.<\/p>\n<p>Las postulaciones pueden realizarse bajo dos modalidades:<\/p>\n<p><strong>-Becas Est\u00edmulo a las Vocaciones Cient\u00edficas:<\/strong> destinadas a estudiantes de carreras de grado y pregrado de la Universidad Nacional de San Luis con al menos el 60% del Plan de Estudios de la carrera aprobado. Se otorgar\u00e1n 3 (tres) por Unidad Acad\u00e9mica de$7000 (siete mil pesos), cada una, durante 12 meses.<\/p>\n<p>Documentaci\u00f3n a presentar: Completar el formulario habilitado para la convocatoria en SIGEVA-UNSL al que deber\u00e1 adjuntar<\/p>\n<ul>\n<li>Certificado de antecedentes acad\u00e9micos del estudiante, o Certificado anal\u00edtico o Historia acad\u00e9mica <span style=\"color: #333333;\">(<span style=\"color: #333399;\"><a style=\"color: #333399;\" href=\"https:\/\/alumnos.unsl.edu.ar\/portada_alumnos\/\" target=\"_blank\" rel=\"noopener\">SIU-Guarani<\/a><\/span>)<\/span><\/li>\n<li>Comprobante de avance de carrera (SIU-Guarani)<\/li>\n<li><span style=\"color: #333399;\"><a style=\"color: #333399;\" href=\"https:\/\/docs.google.com\/document\/d\/1aGoHrjpLjfieiTagg_78ohx9v1RztNug\/edit?usp=sharing&amp;ouid=103723169606819465888&amp;rtpof=true&amp;sd=true\" target=\"_blank\" rel=\"noopener\">Plan de actividades del\/la becario\/a<\/a> <\/span>en el marco del PROICO o PROIPRO de la UNSL en el que el Director o la Directora de la Beca es investigador\/a<\/li>\n<li>Cronograma<\/li>\n<li><span style=\"color: #333399;\"><a style=\"color: #333399;\" href=\"https:\/\/docs.google.com\/document\/d\/1LFir-U_44BquuNObtxKs8ci1PI-qGncQ\/edit?usp=sharing&amp;ouid=103723169606819465888&amp;rtpof=true&amp;sd=true\" target=\"_blank\" rel=\"noopener\">Carta de motivaci\u00f3n<\/a><\/span><\/li>\n<li><span style=\"color: #333399;\"><a style=\"color: #333399;\" href=\"https:\/\/docs.google.com\/document\/d\/1k7opT1NvNoHmyrmyvKEVFp4eEI7Ikpxd\/edit?usp=sharing&amp;ouid=103723169606819465888&amp;rtpof=true&amp;sd=true\" target=\"_blank\" rel=\"noopener\">Aval de director\/a del proyecto<\/a><\/span> (El Director o la Directora de Beca deber\u00e1 tener actualizado el SIGEVA)<\/li>\n<\/ul>\n<p>&#8211;<strong>Becas para la Finalizaci\u00f3n de Trabajos Finales de Carreras de Posgrado<\/strong>:\u00a0destinadas a docentes de la UNSL, que se encuentren en etapa de redacci\u00f3n de tesis o trabajos finales de carreras de posgrado de nuestra Universidad o de otras Universidades Nacionales. Se otorgar\u00e1n 2 (dos) por Unidad Acad\u00e9mica de $12.500 (doce mil quinientos pesos) cada una, durante 12 meses.<\/p>\n<p>Documentaci\u00f3n a presentar: Completar el formulario habilitado para la convocatoria en SIGEVA-UNSL al que deber\u00e1 adjuntar:<\/p>\n<ul>\n<li>Certificaci\u00f3n del cargo docente que lo vincula a una Unidad Acad\u00e9mica de la UNSL *Resoluci\u00f3n de aprobaci\u00f3n del Plan de Trabajo o de admisi\u00f3n a la carrera de posgrado en curso<\/li>\n<li>Certificado de avance de la carrera de posgrado que especifique si se dio inicio al proceso de escritura dela tesis o el trabajo final de la carrera de posgrado en curso, emitido por el \u00c1rea de Posgrado de la Facultad.<\/li>\n<li><span style=\"color: #800080;\"><span style=\"color: #333333;\"><a style=\"color: #333333;\" href=\"https:\/\/docs.google.com\/document\/d\/1aGoHrjpLjfieiTagg_78ohx9v1RztNug\/edit?usp=sharing&amp;ouid=103723169606819465888&amp;rtpof=true&amp;sd=true\" target=\"_blank\" rel=\"noopener\">Plan de actividades del\/la Becario\/a<\/a><\/span>\u00a0<\/span>en el marco del PROICO o PROIPRO de la Universidad Nacional de San Luis en el que el Director o la Directora de la Beca es investigador<\/li>\n<li>Cronograma de actividades distribuidas en 4 trimestres<\/li>\n<li>Posibilidades de articulaci\u00f3n entre investigaci\u00f3n, docencia, extensi\u00f3n y vinculaci\u00f3n tecnol\u00f3gica<\/li>\n<li><span style=\"color: #333333;\"><a style=\"color: #333333;\" href=\"https:\/\/docs.google.com\/document\/d\/1k7opT1NvNoHmyrmyvKEVFp4eEI7Ikpxd\/edit?usp=sharing&amp;ouid=103723169606819465888&amp;rtpof=true&amp;sd=true\" target=\"_blank\" rel=\"noopener\">Aval del director\/a del proyecto <\/a><\/span>(El Director o la Directora de Beca deber\u00e1 tener actualizado el CV en SIGEVA).<\/li>\n<\/ul>\n<p>Cronograma:<\/p>\n<ul>\n<li>Fecha de apertura de la convocatoria: Del 1 al 17 de septiembre de 2021, por SIGEVA<\/li>\n<li>Revisi\u00f3n t\u00e9cnica de postulaciones: 20 y 22 septiembre de 2021<\/li>\n<li>Evaluaci\u00f3n de la CAI en las Unidades Acad\u00e9micas: 23 septiembre al 1 de octubre de 2021<\/li>\n<li>Toma de posesi\u00f3n de la beca: hasta el\u00a0 29 de octubre\u00a0 de 2021<\/li>\n<li>Inicio de las actividades de los becarios: 1 de noviembre de 2021<\/li>\n<li>Informe final: hasta el 30 de noviembre\u00a0 de 2022<\/li>\n<\/ul>\n<p>Presentaci\u00f3n de la postulaci\u00f3n<\/p>\n<p>La car\u00e1tula y formulario generados por\u00a0<span style=\"color: #333399;\"><a style=\"color: #333399;\" href=\"https:\/\/unsl.sigeva.gob.ar\/auth\/index.jsp\" target=\"_blank\" rel=\"noopener\">SIGEVA-UNSL<\/a> <\/span>cuando se realiza el env\u00edo de la postulaci\u00f3n debe ser firmado por el Postulante, y el Director o la Directora de la Beca, y por la m\u00e1xima autoridad de la UA,\u00a0 y enviado por email a la Secretar\u00eda de Investigaci\u00f3n y Posgrado de la FICA:<\/p>\n<p>-Secretar\u00eda de Investigaci\u00f3n y Posgrado FICA \u2013 sec.iyp.fica@gmail.com<\/p>\n<p>Link de la Resoluci\u00f3n con aprobaci\u00f3n del Consejo Superior:\u00a0Resoluci\u00f3n N\u00b0 168\/21<\/p>\n","protected":false},"excerpt":{"rendered":"<p>La Secretar\u00eda de Ciencia y Tecnolog\u00eda de la UNSL informa que, hasta el 17 de septiembre 2021, se encuentra abierta la convocatoria a Becas Especiales&hellip;<\/p>\n","protected":false},"author":9,"featured_media":6325,"comment_status":"closed","ping_status":"closed","sticky":false,"template":"","format":"standard","meta":{"_monsterinsights_skip_tracking":false,"_monsterinsights_sitenote_active":false,"_monsterinsights_sitenote_note":"","_monsterinsights_sitenote_category":0,"_joinchat":[],"footnotes":""},"categories":[22],"tags":[],"class_list":["post-6324","post","type-post","status-publish","format-standard","has-post-thumbnail","hentry","category-archivadas"],"yoast_head":"<!-- This site is optimized with the Yoast SEO plugin v27.4 - https:\/\/yoast.com\/product\/yoast-seo-wordpress\/ -->\n<title>Convocatoria abierta a Becas Especiales de Ciencia y Tecnolog\u00eda 2021 - Facultad de Ingenier\u00eda y Ciencias Agropecuarias<\/title>\n<meta name=\"robots\" content=\"index, follow, max-snippet:-1, max-image-preview:large, max-video-preview:-1\" \/>\n<link rel=\"canonical\" href=\"https:\/\/www.fica.unsl.edu.ar\/index.php\/convocatoria-abierta-a-becas-especiales-de-ciencia-y-tecnologia-2021\/\" \/>\n<meta property=\"og:locale\" content=\"es_ES\" \/>\n<meta property=\"og:type\" content=\"article\" \/>\n<meta property=\"og:title\" content=\"Convocatoria abierta a Becas Especiales de Ciencia y Tecnolog\u00eda 2021 - Facultad de Ingenier\u00eda y Ciencias Agropecuarias\" \/>\n<meta property=\"og:description\" content=\"La Secretar\u00eda de Ciencia y Tecnolog\u00eda de la UNSL informa que, hasta el 17 de septiembre 2021, se encuentra abierta la convocatoria a Becas Especiales&hellip;\" \/>\n<meta property=\"og:url\" content=\"https:\/\/www.fica.unsl.edu.ar\/index.php\/convocatoria-abierta-a-becas-especiales-de-ciencia-y-tecnologia-2021\/\" \/>\n<meta property=\"og:site_name\" content=\"Facultad de Ingenier\u00eda y Ciencias Agropecuarias\" \/>\n<meta property=\"article:publisher\" content=\"https:\/\/www.facebook.com\/FICA.UNSL\/\" \/>\n<meta property=\"article:published_time\" content=\"2021-09-12T03:05:06+00:00\" \/>\n<meta property=\"article:modified_time\" content=\"2021-09-27T12:13:55+00:00\" \/>\n<meta property=\"og:image\" content=\"https:\/\/www.fica.unsl.edu.ar\/wp-content\/uploads\/2021\/09\/syt-becas-2021.jpg\" \/>\n\t<meta property=\"og:image:width\" content=\"1061\" \/>\n\t<meta property=\"og:image:height\" content=\"600\" \/>\n\t<meta property=\"og:image:type\" content=\"image\/jpeg\" \/>\n<meta name=\"author\" content=\"DATI\" \/>\n<meta name=\"twitter:card\" content=\"summary_large_image\" \/>\n<meta name=\"twitter:creator\" content=\"@FICAUNSL\" \/>\n<meta name=\"twitter:site\" content=\"@FICAUNSL\" \/>\n<meta name=\"twitter:label1\" content=\"Escrito por\" \/>\n\t<meta name=\"twitter:data1\" content=\"DATI\" \/>\n\t<meta name=\"twitter:label2\" content=\"Tiempo de lectura\" \/>\n\t<meta name=\"twitter:data2\" content=\"3 minutos\" \/>\n<script type=\"application\/ld+json\" class=\"yoast-schema-graph\">{\"@context\":\"https:\\\/\\\/schema.org\",\"@graph\":[{\"@type\":\"Article\",\"@id\":\"https:\\\/\\\/www.fica.unsl.edu.ar\\\/index.php\\\/convocatoria-abierta-a-becas-especiales-de-ciencia-y-tecnologia-2021\\\/#article\",\"isPartOf\":{\"@id\":\"https:\\\/\\\/www.fica.unsl.edu.ar\\\/index.php\\\/convocatoria-abierta-a-becas-especiales-de-ciencia-y-tecnologia-2021\\\/\"},\"author\":{\"name\":\"DATI\",\"@id\":\"https:\\\/\\\/www.fica.unsl.edu.ar\\\/#\\\/schema\\\/person\\\/6058f9c66301868d3a691b1f5d6c3544\"},\"headline\":\"Convocatoria abierta a Becas Especiales de Ciencia y Tecnolog\u00eda 2021\",\"datePublished\":\"2021-09-12T03:05:06+00:00\",\"dateModified\":\"2021-09-27T12:13:55+00:00\",\"mainEntityOfPage\":{\"@id\":\"https:\\\/\\\/www.fica.unsl.edu.ar\\\/index.php\\\/convocatoria-abierta-a-becas-especiales-de-ciencia-y-tecnologia-2021\\\/\"},\"wordCount\":680,\"publisher\":{\"@id\":\"https:\\\/\\\/www.fica.unsl.edu.ar\\\/#organization\"},\"image\":{\"@id\":\"https:\\\/\\\/www.fica.unsl.edu.ar\\\/index.php\\\/convocatoria-abierta-a-becas-especiales-de-ciencia-y-tecnologia-2021\\\/#primaryimage\"},\"thumbnailUrl\":\"https:\\\/\\\/www.fica.unsl.edu.ar\\\/wp-content\\\/uploads\\\/2021\\\/09\\\/syt-becas-2021.jpg\",\"articleSection\":[\"Archivadas\"],\"inLanguage\":\"es-AR\"},{\"@type\":\"WebPage\",\"@id\":\"https:\\\/\\\/www.fica.unsl.edu.ar\\\/index.php\\\/convocatoria-abierta-a-becas-especiales-de-ciencia-y-tecnologia-2021\\\/\",\"url\":\"https:\\\/\\\/www.fica.unsl.edu.ar\\\/index.php\\\/convocatoria-abierta-a-becas-especiales-de-ciencia-y-tecnologia-2021\\\/\",\"name\":\"Convocatoria abierta a Becas Especiales de Ciencia y Tecnolog\u00eda 2021 - Facultad de Ingenier\u00eda y Ciencias Agropecuarias\",\"isPartOf\":{\"@id\":\"https:\\\/\\\/www.fica.unsl.edu.ar\\\/#website\"},\"primaryImageOfPage\":{\"@id\":\"https:\\\/\\\/www.fica.unsl.edu.ar\\\/index.php\\\/convocatoria-abierta-a-becas-especiales-de-ciencia-y-tecnologia-2021\\\/#primaryimage\"},\"image\":{\"@id\":\"https:\\\/\\\/www.fica.unsl.edu.ar\\\/index.php\\\/convocatoria-abierta-a-becas-especiales-de-ciencia-y-tecnologia-2021\\\/#primaryimage\"},\"thumbnailUrl\":\"https:\\\/\\\/www.fica.unsl.edu.ar\\\/wp-content\\\/uploads\\\/2021\\\/09\\\/syt-becas-2021.jpg\",\"datePublished\":\"2021-09-12T03:05:06+00:00\",\"dateModified\":\"2021-09-27T12:13:55+00:00\",\"inLanguage\":\"es-AR\",\"potentialAction\":[{\"@type\":\"ReadAction\",\"target\":[\"https:\\\/\\\/www.fica.unsl.edu.ar\\\/index.php\\\/convocatoria-abierta-a-becas-especiales-de-ciencia-y-tecnologia-2021\\\/\"]}]},{\"@type\":\"ImageObject\",\"inLanguage\":\"es-AR\",\"@id\":\"https:\\\/\\\/www.fica.unsl.edu.ar\\\/index.php\\\/convocatoria-abierta-a-becas-especiales-de-ciencia-y-tecnologia-2021\\\/#primaryimage\",\"url\":\"https:\\\/\\\/www.fica.unsl.edu.ar\\\/wp-content\\\/uploads\\\/2021\\\/09\\\/syt-becas-2021.jpg\",\"contentUrl\":\"https:\\\/\\\/www.fica.unsl.edu.ar\\\/wp-content\\\/uploads\\\/2021\\\/09\\\/syt-becas-2021.jpg\",\"width\":1061,\"height\":600},{\"@type\":\"WebSite\",\"@id\":\"https:\\\/\\\/www.fica.unsl.edu.ar\\\/#website\",\"url\":\"https:\\\/\\\/www.fica.unsl.edu.ar\\\/\",\"name\":\"Facultad de Ingenier\u00eda y Ciencias Agropecuarias\",\"description\":\"\",\"publisher\":{\"@id\":\"https:\\\/\\\/www.fica.unsl.edu.ar\\\/#organization\"},\"potentialAction\":[{\"@type\":\"SearchAction\",\"target\":{\"@type\":\"EntryPoint\",\"urlTemplate\":\"https:\\\/\\\/www.fica.unsl.edu.ar\\\/?s={search_term_string}\"},\"query-input\":{\"@type\":\"PropertyValueSpecification\",\"valueRequired\":true,\"valueName\":\"search_term_string\"}}],\"inLanguage\":\"es-AR\"},{\"@type\":\"Organization\",\"@id\":\"https:\\\/\\\/www.fica.unsl.edu.ar\\\/#organization\",\"name\":\"Facultad de Ingenier\u00eda y Ciencias Agropecuarias\",\"url\":\"https:\\\/\\\/www.fica.unsl.edu.ar\\\/\",\"logo\":{\"@type\":\"ImageObject\",\"inLanguage\":\"es-AR\",\"@id\":\"https:\\\/\\\/www.fica.unsl.edu.ar\\\/#\\\/schema\\\/logo\\\/image\\\/\",\"url\":\"https:\\\/\\\/www.fica.unsl.edu.ar\\\/wp-content\\\/uploads\\\/2021\\\/03\\\/LOGO-1.jpg\",\"contentUrl\":\"https:\\\/\\\/www.fica.unsl.edu.ar\\\/wp-content\\\/uploads\\\/2021\\\/03\\\/LOGO-1.jpg\",\"width\":463,\"height\":145,\"caption\":\"Facultad de Ingenier\u00eda y Ciencias Agropecuarias\"},\"image\":{\"@id\":\"https:\\\/\\\/www.fica.unsl.edu.ar\\\/#\\\/schema\\\/logo\\\/image\\\/\"},\"sameAs\":[\"https:\\\/\\\/www.facebook.com\\\/FICA.UNSL\\\/\",\"https:\\\/\\\/x.com\\\/FICAUNSL\",\"https:\\\/\\\/www.instagram.com\\\/fica.unsl\\\/\",\"https:\\\/\\\/www.youtube.com\\\/channel\\\/UCs2MM53gb2PyBrMySdtWZDQ\"]},{\"@type\":\"Person\",\"@id\":\"https:\\\/\\\/www.fica.unsl.edu.ar\\\/#\\\/schema\\\/person\\\/6058f9c66301868d3a691b1f5d6c3544\",\"name\":\"DATI\"}]}<\/script>\n<!-- \/ Yoast SEO plugin. -->","yoast_head_json":{"title":"Convocatoria abierta a Becas Especiales de Ciencia y Tecnolog\u00eda 2021 - Facultad de Ingenier\u00eda y Ciencias Agropecuarias","robots":{"index":"index","follow":"follow","max-snippet":"max-snippet:-1","max-image-preview":"max-image-preview:large","max-video-preview":"max-video-preview:-1"},"canonical":"https:\/\/www.fica.unsl.edu.ar\/index.php\/convocatoria-abierta-a-becas-especiales-de-ciencia-y-tecnologia-2021\/","og_locale":"es_ES","og_type":"article","og_title":"Convocatoria abierta a Becas Especiales de Ciencia y Tecnolog\u00eda 2021 - Facultad de Ingenier\u00eda y Ciencias Agropecuarias","og_description":"La Secretar\u00eda de Ciencia y Tecnolog\u00eda de la UNSL informa que, hasta el 17 de septiembre 2021, se encuentra abierta la convocatoria a Becas Especiales&hellip;","og_url":"https:\/\/www.fica.unsl.edu.ar\/index.php\/convocatoria-abierta-a-becas-especiales-de-ciencia-y-tecnologia-2021\/","og_site_name":"Facultad de Ingenier\u00eda y Ciencias Agropecuarias","article_publisher":"https:\/\/www.facebook.com\/FICA.UNSL\/","article_published_time":"2021-09-12T03:05:06+00:00","article_modified_time":"2021-09-27T12:13:55+00:00","og_image":[{"width":1061,"height":600,"url":"https:\/\/www.fica.unsl.edu.ar\/wp-content\/uploads\/2021\/09\/syt-becas-2021.jpg","type":"image\/jpeg"}],"author":"DATI","twitter_card":"summary_large_image","twitter_creator":"@FICAUNSL","twitter_site":"@FICAUNSL","twitter_misc":{"Escrito por":"DATI","Tiempo de lectura":"3 minutos"},"schema":{"@context":"https:\/\/schema.org","@graph":[{"@type":"Article","@id":"https:\/\/www.fica.unsl.edu.ar\/index.php\/convocatoria-abierta-a-becas-especiales-de-ciencia-y-tecnologia-2021\/#article","isPartOf":{"@id":"https:\/\/www.fica.unsl.edu.ar\/index.php\/convocatoria-abierta-a-becas-especiales-de-ciencia-y-tecnologia-2021\/"},"author":{"name":"DATI","@id":"https:\/\/www.fica.unsl.edu.ar\/#\/schema\/person\/6058f9c66301868d3a691b1f5d6c3544"},"headline":"Convocatoria abierta a Becas Especiales de Ciencia y Tecnolog\u00eda 2021","datePublished":"2021-09-12T03:05:06+00:00","dateModified":"2021-09-27T12:13:55+00:00","mainEntityOfPage":{"@id":"https:\/\/www.fica.unsl.edu.ar\/index.php\/convocatoria-abierta-a-becas-especiales-de-ciencia-y-tecnologia-2021\/"},"wordCount":680,"publisher":{"@id":"https:\/\/www.fica.unsl.edu.ar\/#organization"},"image":{"@id":"https:\/\/www.fica.unsl.edu.ar\/index.php\/convocatoria-abierta-a-becas-especiales-de-ciencia-y-tecnologia-2021\/#primaryimage"},"thumbnailUrl":"https:\/\/www.fica.unsl.edu.ar\/wp-content\/uploads\/2021\/09\/syt-becas-2021.jpg","articleSection":["Archivadas"],"inLanguage":"es-AR"},{"@type":"WebPage","@id":"https:\/\/www.fica.unsl.edu.ar\/index.php\/convocatoria-abierta-a-becas-especiales-de-ciencia-y-tecnologia-2021\/","url":"https:\/\/www.fica.unsl.edu.ar\/index.php\/convocatoria-abierta-a-becas-especiales-de-ciencia-y-tecnologia-2021\/","name":"Convocatoria abierta a Becas Especiales de Ciencia y Tecnolog\u00eda 2021 - Facultad de Ingenier\u00eda y Ciencias Agropecuarias","isPartOf":{"@id":"https:\/\/www.fica.unsl.edu.ar\/#website"},"primaryImageOfPage":{"@id":"https:\/\/www.fica.unsl.edu.ar\/index.php\/convocatoria-abierta-a-becas-especiales-de-ciencia-y-tecnologia-2021\/#primaryimage"},"image":{"@id":"https:\/\/www.fica.unsl.edu.ar\/index.php\/convocatoria-abierta-a-becas-especiales-de-ciencia-y-tecnologia-2021\/#primaryimage"},"thumbnailUrl":"https:\/\/www.fica.unsl.edu.ar\/wp-content\/uploads\/2021\/09\/syt-becas-2021.jpg","datePublished":"2021-09-12T03:05:06+00:00","dateModified":"2021-09-27T12:13:55+00:00","inLanguage":"es-AR","potentialAction":[{"@type":"ReadAction","target":["https:\/\/www.fica.unsl.edu.ar\/index.php\/convocatoria-abierta-a-becas-especiales-de-ciencia-y-tecnologia-2021\/"]}]},{"@type":"ImageObject","inLanguage":"es-AR","@id":"https:\/\/www.fica.unsl.edu.ar\/index.php\/convocatoria-abierta-a-becas-especiales-de-ciencia-y-tecnologia-2021\/#primaryimage","url":"https:\/\/www.fica.unsl.edu.ar\/wp-content\/uploads\/2021\/09\/syt-becas-2021.jpg","contentUrl":"https:\/\/www.fica.unsl.edu.ar\/wp-content\/uploads\/2021\/09\/syt-becas-2021.jpg","width":1061,"height":600},{"@type":"WebSite","@id":"https:\/\/www.fica.unsl.edu.ar\/#website","url":"https:\/\/www.fica.unsl.edu.ar\/","name":"Facultad de Ingenier\u00eda y Ciencias Agropecuarias","description":"","publisher":{"@id":"https:\/\/www.fica.unsl.edu.ar\/#organization"},"potentialAction":[{"@type":"SearchAction","target":{"@type":"EntryPoint","urlTemplate":"https:\/\/www.fica.unsl.edu.ar\/?s={search_term_string}"},"query-input":{"@type":"PropertyValueSpecification","valueRequired":true,"valueName":"search_term_string"}}],"inLanguage":"es-AR"},{"@type":"Organization","@id":"https:\/\/www.fica.unsl.edu.ar\/#organization","name":"Facultad de Ingenier\u00eda y Ciencias Agropecuarias","url":"https:\/\/www.fica.unsl.edu.ar\/","logo":{"@type":"ImageObject","inLanguage":"es-AR","@id":"https:\/\/www.fica.unsl.edu.ar\/#\/schema\/logo\/image\/","url":"https:\/\/www.fica.unsl.edu.ar\/wp-content\/uploads\/2021\/03\/LOGO-1.jpg","contentUrl":"https:\/\/www.fica.unsl.edu.ar\/wp-content\/uploads\/2021\/03\/LOGO-1.jpg","width":463,"height":145,"caption":"Facultad de Ingenier\u00eda y Ciencias Agropecuarias"},"image":{"@id":"https:\/\/www.fica.unsl.edu.ar\/#\/schema\/logo\/image\/"},"sameAs":["https:\/\/www.facebook.com\/FICA.UNSL\/","https:\/\/x.com\/FICAUNSL","https:\/\/www.instagram.com\/fica.unsl\/","https:\/\/www.youtube.com\/channel\/UCs2MM53gb2PyBrMySdtWZDQ"]},{"@type":"Person","@id":"https:\/\/www.fica.unsl.edu.ar\/#\/schema\/person\/6058f9c66301868d3a691b1f5d6c3544","name":"DATI"}]}},"_links":{"self":[{"href":"https:\/\/www.fica.unsl.edu.ar\/index.php\/wp-json\/wp\/v2\/posts\/6324","targetHints":{"allow":["GET"]}}],"collection":[{"href":"https:\/\/www.fica.unsl.edu.ar\/index.php\/wp-json\/wp\/v2\/posts"}],"about":[{"href":"https:\/\/www.fica.unsl.edu.ar\/index.php\/wp-json\/wp\/v2\/types\/post"}],"author":[{"embeddable":true,"href":"https:\/\/www.fica.unsl.edu.ar\/index.php\/wp-json\/wp\/v2\/users\/9"}],"replies":[{"embeddable":true,"href":"https:\/\/www.fica.unsl.edu.ar\/index.php\/wp-json\/wp\/v2\/comments?post=6324"}],"version-history":[{"count":5,"href":"https:\/\/www.fica.unsl.edu.ar\/index.php\/wp-json\/wp\/v2\/posts\/6324\/revisions"}],"predecessor-version":[{"id":6424,"href":"https:\/\/www.fica.unsl.edu.ar\/index.php\/wp-json\/wp\/v2\/posts\/6324\/revisions\/6424"}],"wp:featuredmedia":[{"embeddable":true,"href":"https:\/\/www.fica.unsl.edu.ar\/index.php\/wp-json\/wp\/v2\/media\/6325"}],"wp:attachment":[{"href":"https:\/\/www.fica.unsl.edu.ar\/index.php\/wp-json\/wp\/v2\/media?parent=6324"}],"wp:term":[{"taxonomy":"category","embeddable":true,"href":"https:\/\/www.fica.unsl.edu.ar\/index.php\/wp-json\/wp\/v2\/categories?post=6324"},{"taxonomy":"post_tag","embeddable":true,"href":"https:\/\/www.fica.unsl.edu.ar\/index.php\/wp-json\/wp\/v2\/tags?post=6324"}],"curies":[{"name":"wp","href":"https:\/\/api.w.org\/{rel}","templated":true}]}}