{"id":6417,"date":"2021-09-02T10:04:10","date_gmt":"2021-09-02T13:04:10","guid":{"rendered":"http:\/\/10.101.10.196\/www\/?p=6417"},"modified":"2021-09-02T10:04:10","modified_gmt":"2021-09-02T13:04:10","slug":"ciclo-de-cursos-del-programa-de-educacion-continua-intergeneracional-de-adultos-2021","status":"publish","type":"post","link":"https:\/\/www.fica.unsl.edu.ar\/index.php\/ciclo-de-cursos-del-programa-de-educacion-continua-intergeneracional-de-adultos-2021\/","title":{"rendered":"Ciclo de Cursos del Programa de Educaci\u00f3n Continua Intergeneracional de Adultos 2021"},"content":{"rendered":"<p>La Secretar\u00eda de Extensi\u00f3n Universitaria de FCEJS informa que, a partir de la segunda semana de septiembre, dar\u00e1 inicio el ciclo de Cursos del Programa de Educaci\u00f3n Continua Intergeneracional de Adultos (PECIA) 2021.\u00a0Consultas e inscripci\u00f3n de lunes a viernes de 9 a 13 horas al tel\u00e9fono 26457-53100 int. 7365 o v\u00eda correo electr\u00f3nico a secretariaextensionfcejs@gmail.com<\/p>\n<p>Cursos:<\/p>\n<p><em><strong>\u201cNOS FORTALECEMOS: Estimulaci\u00f3n cognitiva para personas mayores\u201d<\/strong><\/em><\/p>\n<ul>\n<li>Actividad semanal, mi\u00e9rcoles de 10 a 12 horas<\/li>\n<li>Inicia el 8 de septiembre.<\/li>\n<\/ul>\n<p>Este taller est\u00e1 pensado para ejercitar con las personas mayores las capacidades cognitivas que son aquellas que se refieren a lo relacionado con el procesamiento de la informaci\u00f3n, esto es razonamiento, atenci\u00f3n, percepci\u00f3n, memoria, resoluci\u00f3n de problemas, comprensi\u00f3n, establecimientos de analog\u00edas entre otras.<\/p>\n<p>Al igual que se realizan diferentes ejercicios para mantener en \u00f3ptimas condiciones el cuerpo, nuestra mente tambi\u00e9n debe entrenarse continuamente para alcanzar bienestar en la salud de manera completa, ya que somos seres biopsicosociales<br \/>\nLa finalidad del taller es que las personas que asistan logren tonificar y fortificar las funciones cerebrales superiores fundamentales para tener una vida plena e independiente<\/p>\n<p>Objetivos:<\/p>\n<ul>\n<li>Favorecer y activar las funciones cerebrales superiores, utilizando diferentes t\u00e9cnicas y estrategias, para estimularlas y mantenerlas operantes el mayor tiempo posible.<\/li>\n<li>Preservar el rendimiento cognitivo en personas mayores para disminuir el riesgo de un deterioro y mejorar la calidad de vida.<\/li>\n<\/ul>\n<p><em><strong>\u201cEn movimiento, somos y sentimos mejor. Taller de danza folcl\u00f3rica y expresi\u00f3n corporal para personas mayores\u201d<\/strong><\/em><\/p>\n<ul>\n<li><em>Taller semanal, jueves de 10 a 12 horas<\/em><\/li>\n<li><em>Inicia el 9 de septiembre a las 10 horas<\/em><\/li>\n<\/ul>\n<p>La m\u00fasica y la danza, como eje fundamental en la vida de las personas mayores , tienen un gran poder terap\u00e9utico con grandes beneficios para la salud. Tales como, eliminaci\u00f3n del estr\u00e9s, la ansiedad ayudando en estados depresivos con unos excelentes resultados.<br \/>\nDesde la m\u00fasica y la danzaterapia se pueden prevenir problemas degenerativos como el Alzheimer. Favorece la sincronicidad de los dos hemisferios cerebrales. La m\u00fasica es capaz de mover grandes cantidades de energ\u00eda, de producir una gran expansi\u00f3n del potencial de desarrollo de cada uno de nosotros. A trav\u00e9s de la m\u00fasica se produce un estado de calma y serenidad para combatir el estr\u00e9s.<\/p>\n<p>Objetivos:<\/p>\n<ul>\n<li>Fomentar la danza como medio de comunicaci\u00f3n y expresi\u00f3n de emociones<\/li>\n<li>Adquirir conocimiento de pasos y movimientos b\u00e1sicos del folklore Argentino<\/li>\n<li>Promover el v\u00ednculo social, a trav\u00e9s de la danza y la m\u00fasica de nuestros adultos mayores<\/li>\n<li>Comprender los efectos negativos de la falta de movimiento.<\/li>\n<\/ul>\n<p><strong>Taller de radio \u201cLa palabra es nuestra\u201d.<\/strong><\/p>\n<ul>\n<li><em>Taller quincenal, jueves 15.30 a 17.30 horas.<\/em><\/li>\n<li>Inicia el 9 de septiembre a las 15.30 horas<\/li>\n<\/ul>\n<p>La radio acompa\u00f1a a las personas en diferentes etapas de la vida, aun entre tanta virtualidad este espacio permite comunicar, acercar, imaginar, contener, divertir, ense\u00f1ar, entre otros.<br \/>\nPor tanto, se busca trabajar los procesos previos para el armado de un programa radial. Este proceso ha de generar v\u00ednculos entre las personas mayores, la posibilidad de desarrollar sus habilidades, expresar sus intereses y participar activamente en una construcci\u00f3n colectiva de un programa radial.<\/p>\n<p>Objetivos:<\/p>\n<ul>\n<li>Revelar la riqueza socio afectivo y cultural de las personas mayores.<\/li>\n<li>Potenciar v\u00ednculos sociales y afectivos a trav\u00e9s de la exploraci\u00f3n y desaf\u00edos en pos de un proyecto en com\u00fan.<\/li>\n<li>Propiciar espacios para la participaci\u00f3n, creativa, espontanea para el crecimiento personal.<\/li>\n<li>Adquirir herramientas b\u00e1sicas para la construcci\u00f3n de un programa radial.<\/li>\n<\/ul>\n<p><em><strong>\u201cDialogando los saberes y trayectorias comunitarias\u201d<\/strong><\/em><\/p>\n<ul>\n<li><em>Actividad quincenal, viernes de 18 a 20 horas<\/em><\/li>\n<li><em>Inicia el 10 de septiembre a las 18 horas.<\/em><\/li>\n<\/ul>\n<p>Este Taller pretende Recuperar saberes, experiencias y sentires sobre distintas tem\u00e1ticas relacionadas a la salud, educaci\u00f3n, v\u00ednculos afectivos, cambios tecnol\u00f3gicos, participaci\u00f3n ciudadana, temas de la agenda p\u00fablica, saberes ancestrales.<\/p>\n<p>La OEA en 2015 se\u00f1ala: &#8221; Las personas mayores tienen derecho al reconocimiento y pleno hice y ejercicio, en condiciones de igualdad, a todos los derechos y libertades fundamentales, a fin de contribuir a su plena inclusi\u00f3n, integraci\u00f3n y participaci\u00f3n en la sociedad&#8221;<\/p>\n<p>Desde una perspectiva \u00e9tica- pol\u00edtica se pretende reconocer el contexto social y trayectorias de vida, ampliando el alcance de las formas de intervenci\u00f3n desde la historia y el marco relacional de cada persona mayor, examinando las confluencias econ\u00f3micas, sociales, culturales e hist\u00f3ricas del cual el adulto mayor proviene.<\/p>\n<p>Las personas mayores para llevar una vida satisfactoria dependen en principio de los sistemas de su entorno social mediato e inmediato, estableciendo espacios de promoci\u00f3n de derechos y autogesti\u00f3n, articulando la facilitaci\u00f3n de los contactos entre las personas mayores y redes de recursos institucionales y sociales.<\/p>\n<p>Objetivos:<\/p>\n<ul>\n<li>Desarrollar talleres grupales con personas Mayores desde una perspectiva de derechos humanos.<\/li>\n<li>Impulsar espacios de interacci\u00f3n, socializaci\u00f3n y participaci\u00f3n que den valor a la palabra de las personas mayores como sujetos plenos de derechos.<\/li>\n<li>Generar actividades que posibiliten el rol de las personas mayores como sujetos integrados e incluidos a la sociedad.<\/li>\n<\/ul>\n","protected":false},"excerpt":{"rendered":"<p>La Secretar\u00eda de Extensi\u00f3n Universitaria de FCEJS informa que, a partir de la segunda semana de septiembre, dar\u00e1 inicio el ciclo de Cursos del Programa&hellip;<\/p>\n","protected":false},"author":9,"featured_media":6418,"comment_status":"closed","ping_status":"closed","sticky":false,"template":"","format":"standard","meta":{"_monsterinsights_skip_tracking":false,"_monsterinsights_sitenote_active":false,"_monsterinsights_sitenote_note":"","_monsterinsights_sitenote_category":0,"_joinchat":[],"footnotes":""},"categories":[19],"tags":[],"class_list":["post-6417","post","type-post","status-publish","format-standard","has-post-thumbnail","hentry","category-noticias"],"yoast_head":"<!-- This site is optimized with the Yoast SEO plugin v27.4 - https:\/\/yoast.com\/product\/yoast-seo-wordpress\/ -->\n<title>Ciclo de Cursos del Programa de Educaci\u00f3n Continua Intergeneracional de Adultos 2021 - Facultad de Ingenier\u00eda y Ciencias Agropecuarias<\/title>\n<meta name=\"robots\" content=\"index, follow, max-snippet:-1, max-image-preview:large, max-video-preview:-1\" \/>\n<link rel=\"canonical\" href=\"https:\/\/www.fica.unsl.edu.ar\/index.php\/ciclo-de-cursos-del-programa-de-educacion-continua-intergeneracional-de-adultos-2021\/\" \/>\n<meta property=\"og:locale\" content=\"es_ES\" \/>\n<meta property=\"og:type\" content=\"article\" \/>\n<meta property=\"og:title\" content=\"Ciclo de Cursos del Programa de Educaci\u00f3n Continua Intergeneracional de Adultos 2021 - Facultad de Ingenier\u00eda y Ciencias Agropecuarias\" \/>\n<meta property=\"og:description\" content=\"La Secretar\u00eda de Extensi\u00f3n Universitaria de FCEJS informa que, a partir de la segunda semana de septiembre, dar\u00e1 inicio el ciclo de Cursos del Programa&hellip;\" \/>\n<meta property=\"og:url\" content=\"https:\/\/www.fica.unsl.edu.ar\/index.php\/ciclo-de-cursos-del-programa-de-educacion-continua-intergeneracional-de-adultos-2021\/\" \/>\n<meta property=\"og:site_name\" content=\"Facultad de Ingenier\u00eda y Ciencias Agropecuarias\" \/>\n<meta property=\"article:publisher\" content=\"https:\/\/www.facebook.com\/FICA.UNSL\/\" \/>\n<meta property=\"article:published_time\" content=\"2021-09-02T13:04:10+00:00\" \/>\n<meta property=\"og:image\" content=\"https:\/\/www.fica.unsl.edu.ar\/wp-content\/uploads\/2021\/09\/pecia-2021-.jpg\" \/>\n\t<meta property=\"og:image:width\" content=\"1152\" \/>\n\t<meta property=\"og:image:height\" content=\"647\" \/>\n\t<meta property=\"og:image:type\" content=\"image\/jpeg\" \/>\n<meta name=\"author\" content=\"DATI\" \/>\n<meta name=\"twitter:card\" content=\"summary_large_image\" \/>\n<meta name=\"twitter:creator\" content=\"@FICAUNSL\" \/>\n<meta name=\"twitter:site\" content=\"@FICAUNSL\" \/>\n<meta name=\"twitter:label1\" content=\"Escrito por\" \/>\n\t<meta name=\"twitter:data1\" content=\"DATI\" \/>\n\t<meta name=\"twitter:label2\" content=\"Tiempo de lectura\" \/>\n\t<meta name=\"twitter:data2\" content=\"4 minutos\" \/>\n<script type=\"application\/ld+json\" class=\"yoast-schema-graph\">{\"@context\":\"https:\\\/\\\/schema.org\",\"@graph\":[{\"@type\":\"Article\",\"@id\":\"https:\\\/\\\/www.fica.unsl.edu.ar\\\/index.php\\\/ciclo-de-cursos-del-programa-de-educacion-continua-intergeneracional-de-adultos-2021\\\/#article\",\"isPartOf\":{\"@id\":\"https:\\\/\\\/www.fica.unsl.edu.ar\\\/index.php\\\/ciclo-de-cursos-del-programa-de-educacion-continua-intergeneracional-de-adultos-2021\\\/\"},\"author\":{\"name\":\"DATI\",\"@id\":\"https:\\\/\\\/www.fica.unsl.edu.ar\\\/#\\\/schema\\\/person\\\/6058f9c66301868d3a691b1f5d6c3544\"},\"headline\":\"Ciclo de Cursos del Programa de Educaci\u00f3n Continua Intergeneracional de Adultos 2021\",\"datePublished\":\"2021-09-02T13:04:10+00:00\",\"mainEntityOfPage\":{\"@id\":\"https:\\\/\\\/www.fica.unsl.edu.ar\\\/index.php\\\/ciclo-de-cursos-del-programa-de-educacion-continua-intergeneracional-de-adultos-2021\\\/\"},\"wordCount\":856,\"publisher\":{\"@id\":\"https:\\\/\\\/www.fica.unsl.edu.ar\\\/#organization\"},\"image\":{\"@id\":\"https:\\\/\\\/www.fica.unsl.edu.ar\\\/index.php\\\/ciclo-de-cursos-del-programa-de-educacion-continua-intergeneracional-de-adultos-2021\\\/#primaryimage\"},\"thumbnailUrl\":\"https:\\\/\\\/www.fica.unsl.edu.ar\\\/wp-content\\\/uploads\\\/2021\\\/09\\\/pecia-2021-.jpg\",\"articleSection\":[\"Noticias\"],\"inLanguage\":\"es-AR\"},{\"@type\":\"WebPage\",\"@id\":\"https:\\\/\\\/www.fica.unsl.edu.ar\\\/index.php\\\/ciclo-de-cursos-del-programa-de-educacion-continua-intergeneracional-de-adultos-2021\\\/\",\"url\":\"https:\\\/\\\/www.fica.unsl.edu.ar\\\/index.php\\\/ciclo-de-cursos-del-programa-de-educacion-continua-intergeneracional-de-adultos-2021\\\/\",\"name\":\"Ciclo de Cursos del Programa de Educaci\u00f3n Continua Intergeneracional de Adultos 2021 - Facultad de Ingenier\u00eda y Ciencias Agropecuarias\",\"isPartOf\":{\"@id\":\"https:\\\/\\\/www.fica.unsl.edu.ar\\\/#website\"},\"primaryImageOfPage\":{\"@id\":\"https:\\\/\\\/www.fica.unsl.edu.ar\\\/index.php\\\/ciclo-de-cursos-del-programa-de-educacion-continua-intergeneracional-de-adultos-2021\\\/#primaryimage\"},\"image\":{\"@id\":\"https:\\\/\\\/www.fica.unsl.edu.ar\\\/index.php\\\/ciclo-de-cursos-del-programa-de-educacion-continua-intergeneracional-de-adultos-2021\\\/#primaryimage\"},\"thumbnailUrl\":\"https:\\\/\\\/www.fica.unsl.edu.ar\\\/wp-content\\\/uploads\\\/2021\\\/09\\\/pecia-2021-.jpg\",\"datePublished\":\"2021-09-02T13:04:10+00:00\",\"inLanguage\":\"es-AR\",\"potentialAction\":[{\"@type\":\"ReadAction\",\"target\":[\"https:\\\/\\\/www.fica.unsl.edu.ar\\\/index.php\\\/ciclo-de-cursos-del-programa-de-educacion-continua-intergeneracional-de-adultos-2021\\\/\"]}]},{\"@type\":\"ImageObject\",\"inLanguage\":\"es-AR\",\"@id\":\"https:\\\/\\\/www.fica.unsl.edu.ar\\\/index.php\\\/ciclo-de-cursos-del-programa-de-educacion-continua-intergeneracional-de-adultos-2021\\\/#primaryimage\",\"url\":\"https:\\\/\\\/www.fica.unsl.edu.ar\\\/wp-content\\\/uploads\\\/2021\\\/09\\\/pecia-2021-.jpg\",\"contentUrl\":\"https:\\\/\\\/www.fica.unsl.edu.ar\\\/wp-content\\\/uploads\\\/2021\\\/09\\\/pecia-2021-.jpg\",\"width\":1152,\"height\":647},{\"@type\":\"WebSite\",\"@id\":\"https:\\\/\\\/www.fica.unsl.edu.ar\\\/#website\",\"url\":\"https:\\\/\\\/www.fica.unsl.edu.ar\\\/\",\"name\":\"Facultad de Ingenier\u00eda y Ciencias Agropecuarias\",\"description\":\"\",\"publisher\":{\"@id\":\"https:\\\/\\\/www.fica.unsl.edu.ar\\\/#organization\"},\"potentialAction\":[{\"@type\":\"SearchAction\",\"target\":{\"@type\":\"EntryPoint\",\"urlTemplate\":\"https:\\\/\\\/www.fica.unsl.edu.ar\\\/?s={search_term_string}\"},\"query-input\":{\"@type\":\"PropertyValueSpecification\",\"valueRequired\":true,\"valueName\":\"search_term_string\"}}],\"inLanguage\":\"es-AR\"},{\"@type\":\"Organization\",\"@id\":\"https:\\\/\\\/www.fica.unsl.edu.ar\\\/#organization\",\"name\":\"Facultad de Ingenier\u00eda y Ciencias Agropecuarias\",\"url\":\"https:\\\/\\\/www.fica.unsl.edu.ar\\\/\",\"logo\":{\"@type\":\"ImageObject\",\"inLanguage\":\"es-AR\",\"@id\":\"https:\\\/\\\/www.fica.unsl.edu.ar\\\/#\\\/schema\\\/logo\\\/image\\\/\",\"url\":\"https:\\\/\\\/www.fica.unsl.edu.ar\\\/wp-content\\\/uploads\\\/2021\\\/03\\\/LOGO-1.jpg\",\"contentUrl\":\"https:\\\/\\\/www.fica.unsl.edu.ar\\\/wp-content\\\/uploads\\\/2021\\\/03\\\/LOGO-1.jpg\",\"width\":463,\"height\":145,\"caption\":\"Facultad de Ingenier\u00eda y Ciencias Agropecuarias\"},\"image\":{\"@id\":\"https:\\\/\\\/www.fica.unsl.edu.ar\\\/#\\\/schema\\\/logo\\\/image\\\/\"},\"sameAs\":[\"https:\\\/\\\/www.facebook.com\\\/FICA.UNSL\\\/\",\"https:\\\/\\\/x.com\\\/FICAUNSL\",\"https:\\\/\\\/www.instagram.com\\\/fica.unsl\\\/\",\"https:\\\/\\\/www.youtube.com\\\/channel\\\/UCs2MM53gb2PyBrMySdtWZDQ\"]},{\"@type\":\"Person\",\"@id\":\"https:\\\/\\\/www.fica.unsl.edu.ar\\\/#\\\/schema\\\/person\\\/6058f9c66301868d3a691b1f5d6c3544\",\"name\":\"DATI\"}]}<\/script>\n<!-- \/ Yoast SEO plugin. -->","yoast_head_json":{"title":"Ciclo de Cursos del Programa de Educaci\u00f3n Continua Intergeneracional de Adultos 2021 - Facultad de Ingenier\u00eda y Ciencias Agropecuarias","robots":{"index":"index","follow":"follow","max-snippet":"max-snippet:-1","max-image-preview":"max-image-preview:large","max-video-preview":"max-video-preview:-1"},"canonical":"https:\/\/www.fica.unsl.edu.ar\/index.php\/ciclo-de-cursos-del-programa-de-educacion-continua-intergeneracional-de-adultos-2021\/","og_locale":"es_ES","og_type":"article","og_title":"Ciclo de Cursos del Programa de Educaci\u00f3n Continua Intergeneracional de Adultos 2021 - Facultad de Ingenier\u00eda y Ciencias Agropecuarias","og_description":"La Secretar\u00eda de Extensi\u00f3n Universitaria de FCEJS informa que, a partir de la segunda semana de septiembre, dar\u00e1 inicio el ciclo de Cursos del Programa&hellip;","og_url":"https:\/\/www.fica.unsl.edu.ar\/index.php\/ciclo-de-cursos-del-programa-de-educacion-continua-intergeneracional-de-adultos-2021\/","og_site_name":"Facultad de Ingenier\u00eda y Ciencias Agropecuarias","article_publisher":"https:\/\/www.facebook.com\/FICA.UNSL\/","article_published_time":"2021-09-02T13:04:10+00:00","og_image":[{"width":1152,"height":647,"url":"https:\/\/www.fica.unsl.edu.ar\/wp-content\/uploads\/2021\/09\/pecia-2021-.jpg","type":"image\/jpeg"}],"author":"DATI","twitter_card":"summary_large_image","twitter_creator":"@FICAUNSL","twitter_site":"@FICAUNSL","twitter_misc":{"Escrito por":"DATI","Tiempo de lectura":"4 minutos"},"schema":{"@context":"https:\/\/schema.org","@graph":[{"@type":"Article","@id":"https:\/\/www.fica.unsl.edu.ar\/index.php\/ciclo-de-cursos-del-programa-de-educacion-continua-intergeneracional-de-adultos-2021\/#article","isPartOf":{"@id":"https:\/\/www.fica.unsl.edu.ar\/index.php\/ciclo-de-cursos-del-programa-de-educacion-continua-intergeneracional-de-adultos-2021\/"},"author":{"name":"DATI","@id":"https:\/\/www.fica.unsl.edu.ar\/#\/schema\/person\/6058f9c66301868d3a691b1f5d6c3544"},"headline":"Ciclo de Cursos del Programa de Educaci\u00f3n Continua Intergeneracional de Adultos 2021","datePublished":"2021-09-02T13:04:10+00:00","mainEntityOfPage":{"@id":"https:\/\/www.fica.unsl.edu.ar\/index.php\/ciclo-de-cursos-del-programa-de-educacion-continua-intergeneracional-de-adultos-2021\/"},"wordCount":856,"publisher":{"@id":"https:\/\/www.fica.unsl.edu.ar\/#organization"},"image":{"@id":"https:\/\/www.fica.unsl.edu.ar\/index.php\/ciclo-de-cursos-del-programa-de-educacion-continua-intergeneracional-de-adultos-2021\/#primaryimage"},"thumbnailUrl":"https:\/\/www.fica.unsl.edu.ar\/wp-content\/uploads\/2021\/09\/pecia-2021-.jpg","articleSection":["Noticias"],"inLanguage":"es-AR"},{"@type":"WebPage","@id":"https:\/\/www.fica.unsl.edu.ar\/index.php\/ciclo-de-cursos-del-programa-de-educacion-continua-intergeneracional-de-adultos-2021\/","url":"https:\/\/www.fica.unsl.edu.ar\/index.php\/ciclo-de-cursos-del-programa-de-educacion-continua-intergeneracional-de-adultos-2021\/","name":"Ciclo de Cursos del Programa de Educaci\u00f3n Continua Intergeneracional de Adultos 2021 - Facultad de Ingenier\u00eda y Ciencias Agropecuarias","isPartOf":{"@id":"https:\/\/www.fica.unsl.edu.ar\/#website"},"primaryImageOfPage":{"@id":"https:\/\/www.fica.unsl.edu.ar\/index.php\/ciclo-de-cursos-del-programa-de-educacion-continua-intergeneracional-de-adultos-2021\/#primaryimage"},"image":{"@id":"https:\/\/www.fica.unsl.edu.ar\/index.php\/ciclo-de-cursos-del-programa-de-educacion-continua-intergeneracional-de-adultos-2021\/#primaryimage"},"thumbnailUrl":"https:\/\/www.fica.unsl.edu.ar\/wp-content\/uploads\/2021\/09\/pecia-2021-.jpg","datePublished":"2021-09-02T13:04:10+00:00","inLanguage":"es-AR","potentialAction":[{"@type":"ReadAction","target":["https:\/\/www.fica.unsl.edu.ar\/index.php\/ciclo-de-cursos-del-programa-de-educacion-continua-intergeneracional-de-adultos-2021\/"]}]},{"@type":"ImageObject","inLanguage":"es-AR","@id":"https:\/\/www.fica.unsl.edu.ar\/index.php\/ciclo-de-cursos-del-programa-de-educacion-continua-intergeneracional-de-adultos-2021\/#primaryimage","url":"https:\/\/www.fica.unsl.edu.ar\/wp-content\/uploads\/2021\/09\/pecia-2021-.jpg","contentUrl":"https:\/\/www.fica.unsl.edu.ar\/wp-content\/uploads\/2021\/09\/pecia-2021-.jpg","width":1152,"height":647},{"@type":"WebSite","@id":"https:\/\/www.fica.unsl.edu.ar\/#website","url":"https:\/\/www.fica.unsl.edu.ar\/","name":"Facultad de Ingenier\u00eda y Ciencias Agropecuarias","description":"","publisher":{"@id":"https:\/\/www.fica.unsl.edu.ar\/#organization"},"potentialAction":[{"@type":"SearchAction","target":{"@type":"EntryPoint","urlTemplate":"https:\/\/www.fica.unsl.edu.ar\/?s={search_term_string}"},"query-input":{"@type":"PropertyValueSpecification","valueRequired":true,"valueName":"search_term_string"}}],"inLanguage":"es-AR"},{"@type":"Organization","@id":"https:\/\/www.fica.unsl.edu.ar\/#organization","name":"Facultad de Ingenier\u00eda y Ciencias Agropecuarias","url":"https:\/\/www.fica.unsl.edu.ar\/","logo":{"@type":"ImageObject","inLanguage":"es-AR","@id":"https:\/\/www.fica.unsl.edu.ar\/#\/schema\/logo\/image\/","url":"https:\/\/www.fica.unsl.edu.ar\/wp-content\/uploads\/2021\/03\/LOGO-1.jpg","contentUrl":"https:\/\/www.fica.unsl.edu.ar\/wp-content\/uploads\/2021\/03\/LOGO-1.jpg","width":463,"height":145,"caption":"Facultad de Ingenier\u00eda y Ciencias Agropecuarias"},"image":{"@id":"https:\/\/www.fica.unsl.edu.ar\/#\/schema\/logo\/image\/"},"sameAs":["https:\/\/www.facebook.com\/FICA.UNSL\/","https:\/\/x.com\/FICAUNSL","https:\/\/www.instagram.com\/fica.unsl\/","https:\/\/www.youtube.com\/channel\/UCs2MM53gb2PyBrMySdtWZDQ"]},{"@type":"Person","@id":"https:\/\/www.fica.unsl.edu.ar\/#\/schema\/person\/6058f9c66301868d3a691b1f5d6c3544","name":"DATI"}]}},"_links":{"self":[{"href":"https:\/\/www.fica.unsl.edu.ar\/index.php\/wp-json\/wp\/v2\/posts\/6417","targetHints":{"allow":["GET"]}}],"collection":[{"href":"https:\/\/www.fica.unsl.edu.ar\/index.php\/wp-json\/wp\/v2\/posts"}],"about":[{"href":"https:\/\/www.fica.unsl.edu.ar\/index.php\/wp-json\/wp\/v2\/types\/post"}],"author":[{"embeddable":true,"href":"https:\/\/www.fica.unsl.edu.ar\/index.php\/wp-json\/wp\/v2\/users\/9"}],"replies":[{"embeddable":true,"href":"https:\/\/www.fica.unsl.edu.ar\/index.php\/wp-json\/wp\/v2\/comments?post=6417"}],"version-history":[{"count":1,"href":"https:\/\/www.fica.unsl.edu.ar\/index.php\/wp-json\/wp\/v2\/posts\/6417\/revisions"}],"predecessor-version":[{"id":6419,"href":"https:\/\/www.fica.unsl.edu.ar\/index.php\/wp-json\/wp\/v2\/posts\/6417\/revisions\/6419"}],"wp:featuredmedia":[{"embeddable":true,"href":"https:\/\/www.fica.unsl.edu.ar\/index.php\/wp-json\/wp\/v2\/media\/6418"}],"wp:attachment":[{"href":"https:\/\/www.fica.unsl.edu.ar\/index.php\/wp-json\/wp\/v2\/media?parent=6417"}],"wp:term":[{"taxonomy":"category","embeddable":true,"href":"https:\/\/www.fica.unsl.edu.ar\/index.php\/wp-json\/wp\/v2\/categories?post=6417"},{"taxonomy":"post_tag","embeddable":true,"href":"https:\/\/www.fica.unsl.edu.ar\/index.php\/wp-json\/wp\/v2\/tags?post=6417"}],"curies":[{"name":"wp","href":"https:\/\/api.w.org\/{rel}","templated":true}]}}