{"id":6434,"date":"2021-09-06T09:35:43","date_gmt":"2021-09-06T12:35:43","guid":{"rendered":"http:\/\/10.101.10.196\/www\/?p=6434"},"modified":"2022-02-22T09:19:00","modified_gmt":"2022-02-22T12:19:00","slug":"extienden-el-plazo-de-inscripcion-a-las-becas-progresar","status":"publish","type":"post","link":"https:\/\/www.fica.unsl.edu.ar\/index.php\/extienden-el-plazo-de-inscripcion-a-las-becas-progresar\/","title":{"rendered":"Extienden el plazo de inscripci\u00f3n a las becas Progresar"},"content":{"rendered":"<p>El Ministerio de Educaci\u00f3n de la Naci\u00f3n notific\u00f3 la extensi\u00f3n de las inscripciones para las Becas Progresar hasta el 17 de septiembre.\u00a0La cartera educativa nacional notific\u00f3 la extensi\u00f3n de las inscripciones a las Becas Progresar a partir del 1 y hasta el 17 de septiembre inclusive para las l\u00edneas educaci\u00f3n obligatoria (primaria y secundaria), educaci\u00f3n superior (terciaria y universitaria) y enfermer\u00eda (terciaria y universitaria).<\/p>\n<p>La inscripci\u00f3n a Progresar Trabajo contin\u00faa su curso hasta el 30 de noviembre.<\/p>\n<p>El Programa de Respaldo a Estudiantes Argentinos (Progresar) se orienta a generar nuevas oportunidades de inclusi\u00f3n social a personas en situaci\u00f3n de vulnerabilidad, con acciones integradas que permitan su capacitaci\u00f3n e inserci\u00f3n laboral.<\/p>\n<p>Quienes cumplan con los requisitos en esta segunda convocatoria percibir\u00e1n seis (6) cuotas, de agosto a enero. Los montos mensuales asignados, seg\u00fan l\u00ednea de beca, son:<\/p>\n<ul>\n<li>Escuela Primaria y Secundaria: $3.600<\/li>\n<li>Formaci\u00f3n profesional: $3.600<\/li>\n<li>Nivel universitario: desde $3.600 hasta $4.600<\/li>\n<li>Nivel terciario: desde $3.600 a $3.800<\/li>\n<li>Enfermer\u00eda universitaria: desde $5.000 a $9.700<\/li>\n<li>Enfermer\u00eda terciaria: desde $5.000 a $8.000<\/li>\n<\/ul>\n<p>Adem\u00e1s, a partir de este mes se incrementa en $1.000 el monto mensual de las becas, en todas sus l\u00edneas y convocatorias en concepto de adicional por conectividad nacional.<\/p>\n<p>Desde el a\u00f1o 2016 el programa tuvo fuertes recortes presupuestarios que implicaron una reducci\u00f3n en la cantidad de becas otorgadas. En 2019 se adjudicaron 500 mil de un programa que en 2015 lleg\u00f3 a 916 mil beneficiarios\/as. A partir de 2021 se increment\u00f3 el presupuesto de las Becas Progresar en m\u00e1s del 170% y las cuotas fueron ampliadas a 12 por a\u00f1o. Adem\u00e1s, se incorpor\u00f3 el 20% de lo recaudado del aporte solidario y extraordinario. Hasta la fecha, el programa cuenta con 903 mil estudiantes titulares de derecho.<\/p>\n<p>Los requisitos para acceder al programa son: ser estudiante regular de una instituci\u00f3n educativa y tener entre 18 y 24 a\u00f1os de edad cumplidos; ser estudiante avanzado en una carrera y tener hasta 30 a\u00f1os de edad (en el caso de tener hijos\/as menores de 18 a\u00f1os a cargo, el l\u00edmite se extiende hasta los 35 a\u00f1os) y para estudiantes de enfermer\u00eda o poblaciones vulnerables, no hay l\u00edmite de edad. Los ingresos del grupo familiar de las y los aspirantes deben ser de hasta tres (3) salarios m\u00ednimos, vitales y m\u00f3viles.<\/p>\n<p>Asimismo, las y los estudiantes que no pudieron ser adjudicatarias\/os de las Becas Estrat\u00e9gicas Manuel Belgrano, pero que cumplieron con los requisitos, podr\u00e1n acceder a la Beca Progresar por asignaci\u00f3n directa si as\u00ed lo decidieran.<\/p>\n<p>La inscripci\u00f3n puede realizarse ingresando a la p\u00e1gina\u00a0<a href=\"https:\/\/www.argentina.gob.ar\/educacion\/progresar\" target=\"_blank\" rel=\"noreferrer noopener\">argentina.gob.ar\/progresar<\/a>\u00a0o descargando la App Progresar+ desde Play Store.<\/p>\n<p>Para m\u00e1s informaci\u00f3n pod\u00e9s ingresar a:<br \/>\n<a href=\"https:\/\/www.argentina.gob.ar\/educacion\/progresar\/requisitos\" target=\"_blank\" rel=\"noreferrer noopener\">www.argentina.gob.ar\/educacion\/progresar\/requisitos<\/a><\/p>\n","protected":false},"excerpt":{"rendered":"<p>El Ministerio de Educaci\u00f3n de la Naci\u00f3n notific\u00f3 la extensi\u00f3n de las inscripciones para las Becas Progresar hasta el 17 de septiembre.\u00a0La cartera educativa nacional&hellip;<\/p>\n","protected":false},"author":9,"featured_media":6435,"comment_status":"closed","ping_status":"closed","sticky":false,"template":"","format":"standard","meta":{"_monsterinsights_skip_tracking":false,"_monsterinsights_sitenote_active":false,"_monsterinsights_sitenote_note":"","_monsterinsights_sitenote_category":0,"_joinchat":[],"footnotes":""},"categories":[19],"tags":[],"class_list":["post-6434","post","type-post","status-publish","format-standard","has-post-thumbnail","hentry","category-noticias"],"yoast_head":"<!-- This site is optimized with the Yoast SEO plugin v27.4 - https:\/\/yoast.com\/product\/yoast-seo-wordpress\/ -->\n<title>Extienden el plazo de inscripci\u00f3n a las becas Progresar - Facultad de Ingenier\u00eda y Ciencias Agropecuarias<\/title>\n<meta name=\"robots\" content=\"index, follow, max-snippet:-1, max-image-preview:large, max-video-preview:-1\" \/>\n<link rel=\"canonical\" href=\"https:\/\/www.fica.unsl.edu.ar\/index.php\/extienden-el-plazo-de-inscripcion-a-las-becas-progresar\/\" \/>\n<meta property=\"og:locale\" content=\"es_ES\" \/>\n<meta property=\"og:type\" content=\"article\" \/>\n<meta property=\"og:title\" content=\"Extienden el plazo de inscripci\u00f3n a las becas Progresar - Facultad de Ingenier\u00eda y Ciencias Agropecuarias\" \/>\n<meta property=\"og:description\" content=\"El Ministerio de Educaci\u00f3n de la Naci\u00f3n notific\u00f3 la extensi\u00f3n de las inscripciones para las Becas Progresar hasta el 17 de septiembre.\u00a0La cartera educativa nacional&hellip;\" \/>\n<meta property=\"og:url\" content=\"https:\/\/www.fica.unsl.edu.ar\/index.php\/extienden-el-plazo-de-inscripcion-a-las-becas-progresar\/\" \/>\n<meta property=\"og:site_name\" content=\"Facultad de Ingenier\u00eda y Ciencias Agropecuarias\" \/>\n<meta property=\"article:publisher\" content=\"https:\/\/www.facebook.com\/FICA.UNSL\/\" \/>\n<meta property=\"article:published_time\" content=\"2021-09-06T12:35:43+00:00\" \/>\n<meta property=\"article:modified_time\" content=\"2022-02-22T12:19:00+00:00\" \/>\n<meta property=\"og:image\" content=\"https:\/\/www.fica.unsl.edu.ar\/wp-content\/uploads\/2021\/09\/progresar-fcejs.jpg\" \/>\n\t<meta property=\"og:image:width\" content=\"1152\" \/>\n\t<meta property=\"og:image:height\" content=\"647\" \/>\n\t<meta property=\"og:image:type\" content=\"image\/jpeg\" \/>\n<meta name=\"author\" content=\"DATI\" \/>\n<meta name=\"twitter:card\" content=\"summary_large_image\" \/>\n<meta name=\"twitter:creator\" content=\"@FICAUNSL\" \/>\n<meta name=\"twitter:site\" content=\"@FICAUNSL\" \/>\n<meta name=\"twitter:label1\" content=\"Escrito por\" \/>\n\t<meta name=\"twitter:data1\" content=\"DATI\" \/>\n\t<meta name=\"twitter:label2\" content=\"Tiempo de lectura\" \/>\n\t<meta name=\"twitter:data2\" content=\"2 minutos\" \/>\n<script type=\"application\/ld+json\" class=\"yoast-schema-graph\">{\"@context\":\"https:\\\/\\\/schema.org\",\"@graph\":[{\"@type\":\"Article\",\"@id\":\"https:\\\/\\\/www.fica.unsl.edu.ar\\\/index.php\\\/extienden-el-plazo-de-inscripcion-a-las-becas-progresar\\\/#article\",\"isPartOf\":{\"@id\":\"https:\\\/\\\/www.fica.unsl.edu.ar\\\/index.php\\\/extienden-el-plazo-de-inscripcion-a-las-becas-progresar\\\/\"},\"author\":{\"name\":\"DATI\",\"@id\":\"https:\\\/\\\/www.fica.unsl.edu.ar\\\/#\\\/schema\\\/person\\\/6058f9c66301868d3a691b1f5d6c3544\"},\"headline\":\"Extienden el plazo de inscripci\u00f3n a las becas Progresar\",\"datePublished\":\"2021-09-06T12:35:43+00:00\",\"dateModified\":\"2022-02-22T12:19:00+00:00\",\"mainEntityOfPage\":{\"@id\":\"https:\\\/\\\/www.fica.unsl.edu.ar\\\/index.php\\\/extienden-el-plazo-de-inscripcion-a-las-becas-progresar\\\/\"},\"wordCount\":471,\"publisher\":{\"@id\":\"https:\\\/\\\/www.fica.unsl.edu.ar\\\/#organization\"},\"image\":{\"@id\":\"https:\\\/\\\/www.fica.unsl.edu.ar\\\/index.php\\\/extienden-el-plazo-de-inscripcion-a-las-becas-progresar\\\/#primaryimage\"},\"thumbnailUrl\":\"https:\\\/\\\/www.fica.unsl.edu.ar\\\/wp-content\\\/uploads\\\/2021\\\/09\\\/progresar-fcejs.jpg\",\"articleSection\":[\"Noticias\"],\"inLanguage\":\"es-AR\"},{\"@type\":\"WebPage\",\"@id\":\"https:\\\/\\\/www.fica.unsl.edu.ar\\\/index.php\\\/extienden-el-plazo-de-inscripcion-a-las-becas-progresar\\\/\",\"url\":\"https:\\\/\\\/www.fica.unsl.edu.ar\\\/index.php\\\/extienden-el-plazo-de-inscripcion-a-las-becas-progresar\\\/\",\"name\":\"Extienden el plazo de inscripci\u00f3n a las becas Progresar - Facultad de Ingenier\u00eda y Ciencias Agropecuarias\",\"isPartOf\":{\"@id\":\"https:\\\/\\\/www.fica.unsl.edu.ar\\\/#website\"},\"primaryImageOfPage\":{\"@id\":\"https:\\\/\\\/www.fica.unsl.edu.ar\\\/index.php\\\/extienden-el-plazo-de-inscripcion-a-las-becas-progresar\\\/#primaryimage\"},\"image\":{\"@id\":\"https:\\\/\\\/www.fica.unsl.edu.ar\\\/index.php\\\/extienden-el-plazo-de-inscripcion-a-las-becas-progresar\\\/#primaryimage\"},\"thumbnailUrl\":\"https:\\\/\\\/www.fica.unsl.edu.ar\\\/wp-content\\\/uploads\\\/2021\\\/09\\\/progresar-fcejs.jpg\",\"datePublished\":\"2021-09-06T12:35:43+00:00\",\"dateModified\":\"2022-02-22T12:19:00+00:00\",\"inLanguage\":\"es-AR\",\"potentialAction\":[{\"@type\":\"ReadAction\",\"target\":[\"https:\\\/\\\/www.fica.unsl.edu.ar\\\/index.php\\\/extienden-el-plazo-de-inscripcion-a-las-becas-progresar\\\/\"]}]},{\"@type\":\"ImageObject\",\"inLanguage\":\"es-AR\",\"@id\":\"https:\\\/\\\/www.fica.unsl.edu.ar\\\/index.php\\\/extienden-el-plazo-de-inscripcion-a-las-becas-progresar\\\/#primaryimage\",\"url\":\"https:\\\/\\\/www.fica.unsl.edu.ar\\\/wp-content\\\/uploads\\\/2021\\\/09\\\/progresar-fcejs.jpg\",\"contentUrl\":\"https:\\\/\\\/www.fica.unsl.edu.ar\\\/wp-content\\\/uploads\\\/2021\\\/09\\\/progresar-fcejs.jpg\",\"width\":1152,\"height\":647},{\"@type\":\"WebSite\",\"@id\":\"https:\\\/\\\/www.fica.unsl.edu.ar\\\/#website\",\"url\":\"https:\\\/\\\/www.fica.unsl.edu.ar\\\/\",\"name\":\"Facultad de Ingenier\u00eda y Ciencias Agropecuarias\",\"description\":\"\",\"publisher\":{\"@id\":\"https:\\\/\\\/www.fica.unsl.edu.ar\\\/#organization\"},\"potentialAction\":[{\"@type\":\"SearchAction\",\"target\":{\"@type\":\"EntryPoint\",\"urlTemplate\":\"https:\\\/\\\/www.fica.unsl.edu.ar\\\/?s={search_term_string}\"},\"query-input\":{\"@type\":\"PropertyValueSpecification\",\"valueRequired\":true,\"valueName\":\"search_term_string\"}}],\"inLanguage\":\"es-AR\"},{\"@type\":\"Organization\",\"@id\":\"https:\\\/\\\/www.fica.unsl.edu.ar\\\/#organization\",\"name\":\"Facultad de Ingenier\u00eda y Ciencias Agropecuarias\",\"url\":\"https:\\\/\\\/www.fica.unsl.edu.ar\\\/\",\"logo\":{\"@type\":\"ImageObject\",\"inLanguage\":\"es-AR\",\"@id\":\"https:\\\/\\\/www.fica.unsl.edu.ar\\\/#\\\/schema\\\/logo\\\/image\\\/\",\"url\":\"https:\\\/\\\/www.fica.unsl.edu.ar\\\/wp-content\\\/uploads\\\/2021\\\/03\\\/LOGO-1.jpg\",\"contentUrl\":\"https:\\\/\\\/www.fica.unsl.edu.ar\\\/wp-content\\\/uploads\\\/2021\\\/03\\\/LOGO-1.jpg\",\"width\":463,\"height\":145,\"caption\":\"Facultad de Ingenier\u00eda y Ciencias Agropecuarias\"},\"image\":{\"@id\":\"https:\\\/\\\/www.fica.unsl.edu.ar\\\/#\\\/schema\\\/logo\\\/image\\\/\"},\"sameAs\":[\"https:\\\/\\\/www.facebook.com\\\/FICA.UNSL\\\/\",\"https:\\\/\\\/x.com\\\/FICAUNSL\",\"https:\\\/\\\/www.instagram.com\\\/fica.unsl\\\/\",\"https:\\\/\\\/www.youtube.com\\\/channel\\\/UCs2MM53gb2PyBrMySdtWZDQ\"]},{\"@type\":\"Person\",\"@id\":\"https:\\\/\\\/www.fica.unsl.edu.ar\\\/#\\\/schema\\\/person\\\/6058f9c66301868d3a691b1f5d6c3544\",\"name\":\"DATI\"}]}<\/script>\n<!-- \/ Yoast SEO plugin. -->","yoast_head_json":{"title":"Extienden el plazo de inscripci\u00f3n a las becas Progresar - Facultad de Ingenier\u00eda y Ciencias Agropecuarias","robots":{"index":"index","follow":"follow","max-snippet":"max-snippet:-1","max-image-preview":"max-image-preview:large","max-video-preview":"max-video-preview:-1"},"canonical":"https:\/\/www.fica.unsl.edu.ar\/index.php\/extienden-el-plazo-de-inscripcion-a-las-becas-progresar\/","og_locale":"es_ES","og_type":"article","og_title":"Extienden el plazo de inscripci\u00f3n a las becas Progresar - Facultad de Ingenier\u00eda y Ciencias Agropecuarias","og_description":"El Ministerio de Educaci\u00f3n de la Naci\u00f3n notific\u00f3 la extensi\u00f3n de las inscripciones para las Becas Progresar hasta el 17 de septiembre.\u00a0La cartera educativa nacional&hellip;","og_url":"https:\/\/www.fica.unsl.edu.ar\/index.php\/extienden-el-plazo-de-inscripcion-a-las-becas-progresar\/","og_site_name":"Facultad de Ingenier\u00eda y Ciencias Agropecuarias","article_publisher":"https:\/\/www.facebook.com\/FICA.UNSL\/","article_published_time":"2021-09-06T12:35:43+00:00","article_modified_time":"2022-02-22T12:19:00+00:00","og_image":[{"width":1152,"height":647,"url":"https:\/\/www.fica.unsl.edu.ar\/wp-content\/uploads\/2021\/09\/progresar-fcejs.jpg","type":"image\/jpeg"}],"author":"DATI","twitter_card":"summary_large_image","twitter_creator":"@FICAUNSL","twitter_site":"@FICAUNSL","twitter_misc":{"Escrito por":"DATI","Tiempo de lectura":"2 minutos"},"schema":{"@context":"https:\/\/schema.org","@graph":[{"@type":"Article","@id":"https:\/\/www.fica.unsl.edu.ar\/index.php\/extienden-el-plazo-de-inscripcion-a-las-becas-progresar\/#article","isPartOf":{"@id":"https:\/\/www.fica.unsl.edu.ar\/index.php\/extienden-el-plazo-de-inscripcion-a-las-becas-progresar\/"},"author":{"name":"DATI","@id":"https:\/\/www.fica.unsl.edu.ar\/#\/schema\/person\/6058f9c66301868d3a691b1f5d6c3544"},"headline":"Extienden el plazo de inscripci\u00f3n a las becas Progresar","datePublished":"2021-09-06T12:35:43+00:00","dateModified":"2022-02-22T12:19:00+00:00","mainEntityOfPage":{"@id":"https:\/\/www.fica.unsl.edu.ar\/index.php\/extienden-el-plazo-de-inscripcion-a-las-becas-progresar\/"},"wordCount":471,"publisher":{"@id":"https:\/\/www.fica.unsl.edu.ar\/#organization"},"image":{"@id":"https:\/\/www.fica.unsl.edu.ar\/index.php\/extienden-el-plazo-de-inscripcion-a-las-becas-progresar\/#primaryimage"},"thumbnailUrl":"https:\/\/www.fica.unsl.edu.ar\/wp-content\/uploads\/2021\/09\/progresar-fcejs.jpg","articleSection":["Noticias"],"inLanguage":"es-AR"},{"@type":"WebPage","@id":"https:\/\/www.fica.unsl.edu.ar\/index.php\/extienden-el-plazo-de-inscripcion-a-las-becas-progresar\/","url":"https:\/\/www.fica.unsl.edu.ar\/index.php\/extienden-el-plazo-de-inscripcion-a-las-becas-progresar\/","name":"Extienden el plazo de inscripci\u00f3n a las becas Progresar - Facultad de Ingenier\u00eda y Ciencias Agropecuarias","isPartOf":{"@id":"https:\/\/www.fica.unsl.edu.ar\/#website"},"primaryImageOfPage":{"@id":"https:\/\/www.fica.unsl.edu.ar\/index.php\/extienden-el-plazo-de-inscripcion-a-las-becas-progresar\/#primaryimage"},"image":{"@id":"https:\/\/www.fica.unsl.edu.ar\/index.php\/extienden-el-plazo-de-inscripcion-a-las-becas-progresar\/#primaryimage"},"thumbnailUrl":"https:\/\/www.fica.unsl.edu.ar\/wp-content\/uploads\/2021\/09\/progresar-fcejs.jpg","datePublished":"2021-09-06T12:35:43+00:00","dateModified":"2022-02-22T12:19:00+00:00","inLanguage":"es-AR","potentialAction":[{"@type":"ReadAction","target":["https:\/\/www.fica.unsl.edu.ar\/index.php\/extienden-el-plazo-de-inscripcion-a-las-becas-progresar\/"]}]},{"@type":"ImageObject","inLanguage":"es-AR","@id":"https:\/\/www.fica.unsl.edu.ar\/index.php\/extienden-el-plazo-de-inscripcion-a-las-becas-progresar\/#primaryimage","url":"https:\/\/www.fica.unsl.edu.ar\/wp-content\/uploads\/2021\/09\/progresar-fcejs.jpg","contentUrl":"https:\/\/www.fica.unsl.edu.ar\/wp-content\/uploads\/2021\/09\/progresar-fcejs.jpg","width":1152,"height":647},{"@type":"WebSite","@id":"https:\/\/www.fica.unsl.edu.ar\/#website","url":"https:\/\/www.fica.unsl.edu.ar\/","name":"Facultad de Ingenier\u00eda y Ciencias Agropecuarias","description":"","publisher":{"@id":"https:\/\/www.fica.unsl.edu.ar\/#organization"},"potentialAction":[{"@type":"SearchAction","target":{"@type":"EntryPoint","urlTemplate":"https:\/\/www.fica.unsl.edu.ar\/?s={search_term_string}"},"query-input":{"@type":"PropertyValueSpecification","valueRequired":true,"valueName":"search_term_string"}}],"inLanguage":"es-AR"},{"@type":"Organization","@id":"https:\/\/www.fica.unsl.edu.ar\/#organization","name":"Facultad de Ingenier\u00eda y Ciencias Agropecuarias","url":"https:\/\/www.fica.unsl.edu.ar\/","logo":{"@type":"ImageObject","inLanguage":"es-AR","@id":"https:\/\/www.fica.unsl.edu.ar\/#\/schema\/logo\/image\/","url":"https:\/\/www.fica.unsl.edu.ar\/wp-content\/uploads\/2021\/03\/LOGO-1.jpg","contentUrl":"https:\/\/www.fica.unsl.edu.ar\/wp-content\/uploads\/2021\/03\/LOGO-1.jpg","width":463,"height":145,"caption":"Facultad de Ingenier\u00eda y Ciencias Agropecuarias"},"image":{"@id":"https:\/\/www.fica.unsl.edu.ar\/#\/schema\/logo\/image\/"},"sameAs":["https:\/\/www.facebook.com\/FICA.UNSL\/","https:\/\/x.com\/FICAUNSL","https:\/\/www.instagram.com\/fica.unsl\/","https:\/\/www.youtube.com\/channel\/UCs2MM53gb2PyBrMySdtWZDQ"]},{"@type":"Person","@id":"https:\/\/www.fica.unsl.edu.ar\/#\/schema\/person\/6058f9c66301868d3a691b1f5d6c3544","name":"DATI"}]}},"_links":{"self":[{"href":"https:\/\/www.fica.unsl.edu.ar\/index.php\/wp-json\/wp\/v2\/posts\/6434","targetHints":{"allow":["GET"]}}],"collection":[{"href":"https:\/\/www.fica.unsl.edu.ar\/index.php\/wp-json\/wp\/v2\/posts"}],"about":[{"href":"https:\/\/www.fica.unsl.edu.ar\/index.php\/wp-json\/wp\/v2\/types\/post"}],"author":[{"embeddable":true,"href":"https:\/\/www.fica.unsl.edu.ar\/index.php\/wp-json\/wp\/v2\/users\/9"}],"replies":[{"embeddable":true,"href":"https:\/\/www.fica.unsl.edu.ar\/index.php\/wp-json\/wp\/v2\/comments?post=6434"}],"version-history":[{"count":1,"href":"https:\/\/www.fica.unsl.edu.ar\/index.php\/wp-json\/wp\/v2\/posts\/6434\/revisions"}],"predecessor-version":[{"id":6436,"href":"https:\/\/www.fica.unsl.edu.ar\/index.php\/wp-json\/wp\/v2\/posts\/6434\/revisions\/6436"}],"wp:featuredmedia":[{"embeddable":true,"href":"https:\/\/www.fica.unsl.edu.ar\/index.php\/wp-json\/wp\/v2\/media\/6435"}],"wp:attachment":[{"href":"https:\/\/www.fica.unsl.edu.ar\/index.php\/wp-json\/wp\/v2\/media?parent=6434"}],"wp:term":[{"taxonomy":"category","embeddable":true,"href":"https:\/\/www.fica.unsl.edu.ar\/index.php\/wp-json\/wp\/v2\/categories?post=6434"},{"taxonomy":"post_tag","embeddable":true,"href":"https:\/\/www.fica.unsl.edu.ar\/index.php\/wp-json\/wp\/v2\/tags?post=6434"}],"curies":[{"name":"wp","href":"https:\/\/api.w.org\/{rel}","templated":true}]}}