{"id":6462,"date":"2021-09-07T09:35:50","date_gmt":"2021-09-07T12:35:50","guid":{"rendered":"http:\/\/10.101.10.196\/www\/?p=6462"},"modified":"2021-09-13T09:59:57","modified_gmt":"2021-09-13T12:59:57","slug":"6ta-siavci-2021","status":"publish","type":"post","link":"https:\/\/www.fica.unsl.edu.ar\/index.php\/6ta-siavci-2021\/","title":{"rendered":"Nueva jornada del Seminario de Investigaci\u00f3n, Actualizaci\u00f3n y Vinculaci\u00f3n en Ciencias de la Ingenier\u00eda 2021"},"content":{"rendered":"<p>La Secretar\u00eda de Investigaci\u00f3n y Posgrado invita a participar de la 6\u00b0 jornada del Seminario de Investigaci\u00f3n, Actualizaci\u00f3n y Vinculaci\u00f3n en Ciencias de la Ingenier\u00eda 2021 (SIAVCI-2021). La misma se llevar\u00e1 a cabo de forma virtual, el viernes 10 de septiembre a las 11 horas.<\/p>\n<p>En esta nueva edici\u00f3n disertar\u00e1n el Ing. Gast\u00f3n Far\u00edas sobre \u201cFCS-MPC Secuencial para Control Tolerante a Fallas de Fase Abierta en Motor S\u00edncrono de Reluctancia\u201d y la Esp. Silvana Muratona, quien expondr\u00e1 sobre la \u201cMejora de la gesti\u00f3n del agua residual en una tintorer\u00eda industrial\u201d.<\/p>\n<p>Para mayor informaci\u00f3n e inscripciones contactarse con los coordinadores del seminario: Ing. Pablo Belzunce (belzuncepablo@gmail.com); Ing. Francisco Esteban (franesteban92@gmail.com).<\/p>\n<p>Res\u00famenes<\/p>\n<p><img fetchpriority=\"high\" decoding=\"async\" class=\"aligncenter size-full wp-image-6464\" src=\"https:\/\/www.fica.unsl.edu.ar\/wp-content\/uploads\/2021\/09\/FICA-UNSL-FACE-FARIAS.jpg\" alt=\"\" width=\"1060\" height=\"600\" srcset=\"https:\/\/www.fica.unsl.edu.ar\/wp-content\/uploads\/2021\/09\/FICA-UNSL-FACE-FARIAS.jpg 1060w, https:\/\/www.fica.unsl.edu.ar\/wp-content\/uploads\/2021\/09\/FICA-UNSL-FACE-FARIAS-300x170.jpg 300w, https:\/\/www.fica.unsl.edu.ar\/wp-content\/uploads\/2021\/09\/FICA-UNSL-FACE-FARIAS-1024x580.jpg 1024w, https:\/\/www.fica.unsl.edu.ar\/wp-content\/uploads\/2021\/09\/FICA-UNSL-FACE-FARIAS-768x435.jpg 768w\" sizes=\"(max-width: 1060px) 100vw, 1060px\" \/><\/p>\n<p><span style=\"font-family: helvetica;\"><em>El control predictivo basado en modelos es una soluci\u00f3n muy atractiva para accionamientos el\u00e9ctricos y control de convertidores, pero si bien los controles predictivos basado en modelos cl\u00e1sicos dan buenos resultados, la elecci\u00f3n de los factores de peso suele ser algo complejo y m\u00e1s a\u00fan cuando el sistema es tolerante a fallas. Por este motivo, el control predictivo basado en modelo secuencial se ve como una alternativa viable para estas aplicaciones. En este trabajo se realiza un control predictivo por modelo de conjunto de control finito secuencial aplicado a una m\u00e1quina s\u00edncrona de reluctancia con tolerancia a fallas de fase abierta cuya ventaja es que no necesita reconfiguraci\u00f3n de la topolog\u00eda ni tampoco del algoritmo de control, prescindiendo de un sistema de detecci\u00f3n de fallas. El algoritmo se compara con un control predictivo por modelo de conjunto de control finito cl\u00e1sico teniendo en cuenta la misma topolog\u00eda del inversor. Los resultados demuestran un buen comportamiento del sistema propuesto dando un correcto seguimiento de las referencias impuestas antes y despu\u00e9s de la falla. Los resultados de par, corrientes en cuadratura y corrientes en abc se presentan mediante Simulink de MatLab.<\/em><\/span><\/p>\n<p><img decoding=\"async\" class=\"aligncenter size-full wp-image-6465\" src=\"https:\/\/www.fica.unsl.edu.ar\/wp-content\/uploads\/2021\/09\/FICA-UNSL-FACE-MURATONA.jpg\" alt=\"\" width=\"1060\" height=\"600\" srcset=\"https:\/\/www.fica.unsl.edu.ar\/wp-content\/uploads\/2021\/09\/FICA-UNSL-FACE-MURATONA.jpg 1060w, https:\/\/www.fica.unsl.edu.ar\/wp-content\/uploads\/2021\/09\/FICA-UNSL-FACE-MURATONA-300x170.jpg 300w, https:\/\/www.fica.unsl.edu.ar\/wp-content\/uploads\/2021\/09\/FICA-UNSL-FACE-MURATONA-1024x580.jpg 1024w, https:\/\/www.fica.unsl.edu.ar\/wp-content\/uploads\/2021\/09\/FICA-UNSL-FACE-MURATONA-768x435.jpg 768w\" sizes=\"(max-width: 1060px) 100vw, 1060px\" \/><\/p>\n<p>&nbsp;<\/p>\n<p><em><span style=\"font-family: helvetica;\">La escasez de agua no es un problema del futuro, es un inconveniente con el que tenemos que comenzar a lidiar desde ahora. Es por este motivo que el reuso del agua residual, tratada o no, se convierte en un recurso tan valioso. Si bien es una pr\u00e1ctica que a\u00fan no est\u00e1 extendida, las nuevas tecnolog\u00edas hacen que cada vez m\u00e1s industrias comiencen a reutilizar el agua residual tratada.<\/span><\/em><br \/>\n<em><span style=\"font-family: helvetica;\">Las industrias textiles, particularmente las que incluyen procesos de tintorer\u00eda, se caracterizan por un elevado consumo de agua, energ\u00eda y productos qu\u00edmicos. Al afrontar el tema, lo primero que se evalu\u00f3 es el origen de dichas aguas residuales y la posibilidad de aplicar acciones primarias para evitar su generaci\u00f3n, o al menos, reducir el volumen y\/o el contenido de contaminantes. Esto implic\u00f3 relevar todas las corrientes y, en las que fue t\u00e9cnica y\/o tecnol\u00f3gicamente viable, se propusieron modificaciones sobre el proceso productivo, sobre procesos auxiliares y hasta el reemplazo de materias primas e insumos. Tambi\u00e9n se analizaron alternativas de tratamiento acordes a la segregaci\u00f3n de las distintas corrientes de efluente, dejando abierta la posibilidad de ampliar la reutilizaci\u00f3n del agua tratada en el proceso o utilizarla para riego, tendiente a la aplicaci\u00f3n del concepto de producci\u00f3n sustentable. Como resultado adicional, se espera reducir el costo de provisi\u00f3n y acondicionamiento de agua cruda, y contribuir a la preservaci\u00f3n de los recursos naturales.<\/span><\/em><\/p>\n<p>&nbsp;<\/p>\n","protected":false},"excerpt":{"rendered":"<p>La Secretar\u00eda de Investigaci\u00f3n y Posgrado invita a participar de la 6\u00b0 jornada del Seminario de Investigaci\u00f3n, Actualizaci\u00f3n y Vinculaci\u00f3n en Ciencias de la Ingenier\u00eda&hellip;<\/p>\n","protected":false},"author":9,"featured_media":6463,"comment_status":"closed","ping_status":"closed","sticky":false,"template":"","format":"standard","meta":{"_monsterinsights_skip_tracking":false,"_monsterinsights_sitenote_active":false,"_monsterinsights_sitenote_note":"","_monsterinsights_sitenote_category":0,"_joinchat":[],"footnotes":""},"categories":[22],"tags":[],"class_list":["post-6462","post","type-post","status-publish","format-standard","has-post-thumbnail","hentry","category-archivadas"],"yoast_head":"<!-- This site is optimized with the Yoast SEO plugin v27.4 - https:\/\/yoast.com\/product\/yoast-seo-wordpress\/ -->\n<title>Nueva jornada del Seminario de Investigaci\u00f3n, Actualizaci\u00f3n y Vinculaci\u00f3n en Ciencias de la Ingenier\u00eda 2021 - Facultad de Ingenier\u00eda y Ciencias Agropecuarias<\/title>\n<meta name=\"robots\" content=\"index, follow, max-snippet:-1, max-image-preview:large, max-video-preview:-1\" \/>\n<link rel=\"canonical\" href=\"https:\/\/www.fica.unsl.edu.ar\/index.php\/6ta-siavci-2021\/\" \/>\n<meta property=\"og:locale\" content=\"es_ES\" \/>\n<meta property=\"og:type\" content=\"article\" \/>\n<meta property=\"og:title\" content=\"Nueva jornada del Seminario de Investigaci\u00f3n, Actualizaci\u00f3n y Vinculaci\u00f3n en Ciencias de la Ingenier\u00eda 2021 - Facultad de Ingenier\u00eda y Ciencias Agropecuarias\" \/>\n<meta property=\"og:description\" content=\"La Secretar\u00eda de Investigaci\u00f3n y Posgrado invita a participar de la 6\u00b0 jornada del Seminario de Investigaci\u00f3n, Actualizaci\u00f3n y Vinculaci\u00f3n en Ciencias de la Ingenier\u00eda&hellip;\" \/>\n<meta property=\"og:url\" content=\"https:\/\/www.fica.unsl.edu.ar\/index.php\/6ta-siavci-2021\/\" \/>\n<meta property=\"og:site_name\" content=\"Facultad de Ingenier\u00eda y Ciencias Agropecuarias\" \/>\n<meta property=\"article:publisher\" content=\"https:\/\/www.facebook.com\/FICA.UNSL\/\" \/>\n<meta property=\"article:published_time\" content=\"2021-09-07T12:35:50+00:00\" \/>\n<meta property=\"article:modified_time\" content=\"2021-09-13T12:59:57+00:00\" \/>\n<meta property=\"og:image\" content=\"https:\/\/www.fica.unsl.edu.ar\/wp-content\/uploads\/2021\/09\/portada-web-FICA-.jpg\" \/>\n\t<meta property=\"og:image:width\" content=\"1080\" \/>\n\t<meta property=\"og:image:height\" content=\"566\" \/>\n\t<meta property=\"og:image:type\" content=\"image\/jpeg\" \/>\n<meta name=\"author\" content=\"DATI\" \/>\n<meta name=\"twitter:card\" content=\"summary_large_image\" \/>\n<meta name=\"twitter:creator\" content=\"@FICAUNSL\" \/>\n<meta name=\"twitter:site\" content=\"@FICAUNSL\" \/>\n<meta name=\"twitter:label1\" content=\"Escrito por\" \/>\n\t<meta name=\"twitter:data1\" content=\"DATI\" \/>\n\t<meta name=\"twitter:label2\" content=\"Tiempo de lectura\" \/>\n\t<meta name=\"twitter:data2\" content=\"3 minutos\" \/>\n<script type=\"application\/ld+json\" class=\"yoast-schema-graph\">{\"@context\":\"https:\\\/\\\/schema.org\",\"@graph\":[{\"@type\":\"Article\",\"@id\":\"https:\\\/\\\/www.fica.unsl.edu.ar\\\/index.php\\\/6ta-siavci-2021\\\/#article\",\"isPartOf\":{\"@id\":\"https:\\\/\\\/www.fica.unsl.edu.ar\\\/index.php\\\/6ta-siavci-2021\\\/\"},\"author\":{\"name\":\"DATI\",\"@id\":\"https:\\\/\\\/www.fica.unsl.edu.ar\\\/#\\\/schema\\\/person\\\/6058f9c66301868d3a691b1f5d6c3544\"},\"headline\":\"Nueva jornada del Seminario de Investigaci\u00f3n, Actualizaci\u00f3n y Vinculaci\u00f3n en Ciencias de la Ingenier\u00eda 2021\",\"datePublished\":\"2021-09-07T12:35:50+00:00\",\"dateModified\":\"2021-09-13T12:59:57+00:00\",\"mainEntityOfPage\":{\"@id\":\"https:\\\/\\\/www.fica.unsl.edu.ar\\\/index.php\\\/6ta-siavci-2021\\\/\"},\"wordCount\":597,\"publisher\":{\"@id\":\"https:\\\/\\\/www.fica.unsl.edu.ar\\\/#organization\"},\"image\":{\"@id\":\"https:\\\/\\\/www.fica.unsl.edu.ar\\\/index.php\\\/6ta-siavci-2021\\\/#primaryimage\"},\"thumbnailUrl\":\"https:\\\/\\\/www.fica.unsl.edu.ar\\\/wp-content\\\/uploads\\\/2021\\\/09\\\/portada-web-FICA-.jpg\",\"articleSection\":[\"Archivadas\"],\"inLanguage\":\"es-AR\"},{\"@type\":\"WebPage\",\"@id\":\"https:\\\/\\\/www.fica.unsl.edu.ar\\\/index.php\\\/6ta-siavci-2021\\\/\",\"url\":\"https:\\\/\\\/www.fica.unsl.edu.ar\\\/index.php\\\/6ta-siavci-2021\\\/\",\"name\":\"Nueva jornada del Seminario de Investigaci\u00f3n, Actualizaci\u00f3n y Vinculaci\u00f3n en Ciencias de la Ingenier\u00eda 2021 - Facultad de Ingenier\u00eda y Ciencias Agropecuarias\",\"isPartOf\":{\"@id\":\"https:\\\/\\\/www.fica.unsl.edu.ar\\\/#website\"},\"primaryImageOfPage\":{\"@id\":\"https:\\\/\\\/www.fica.unsl.edu.ar\\\/index.php\\\/6ta-siavci-2021\\\/#primaryimage\"},\"image\":{\"@id\":\"https:\\\/\\\/www.fica.unsl.edu.ar\\\/index.php\\\/6ta-siavci-2021\\\/#primaryimage\"},\"thumbnailUrl\":\"https:\\\/\\\/www.fica.unsl.edu.ar\\\/wp-content\\\/uploads\\\/2021\\\/09\\\/portada-web-FICA-.jpg\",\"datePublished\":\"2021-09-07T12:35:50+00:00\",\"dateModified\":\"2021-09-13T12:59:57+00:00\",\"inLanguage\":\"es-AR\",\"potentialAction\":[{\"@type\":\"ReadAction\",\"target\":[\"https:\\\/\\\/www.fica.unsl.edu.ar\\\/index.php\\\/6ta-siavci-2021\\\/\"]}]},{\"@type\":\"ImageObject\",\"inLanguage\":\"es-AR\",\"@id\":\"https:\\\/\\\/www.fica.unsl.edu.ar\\\/index.php\\\/6ta-siavci-2021\\\/#primaryimage\",\"url\":\"https:\\\/\\\/www.fica.unsl.edu.ar\\\/wp-content\\\/uploads\\\/2021\\\/09\\\/portada-web-FICA-.jpg\",\"contentUrl\":\"https:\\\/\\\/www.fica.unsl.edu.ar\\\/wp-content\\\/uploads\\\/2021\\\/09\\\/portada-web-FICA-.jpg\",\"width\":1080,\"height\":566},{\"@type\":\"WebSite\",\"@id\":\"https:\\\/\\\/www.fica.unsl.edu.ar\\\/#website\",\"url\":\"https:\\\/\\\/www.fica.unsl.edu.ar\\\/\",\"name\":\"Facultad de Ingenier\u00eda y Ciencias Agropecuarias\",\"description\":\"\",\"publisher\":{\"@id\":\"https:\\\/\\\/www.fica.unsl.edu.ar\\\/#organization\"},\"potentialAction\":[{\"@type\":\"SearchAction\",\"target\":{\"@type\":\"EntryPoint\",\"urlTemplate\":\"https:\\\/\\\/www.fica.unsl.edu.ar\\\/?s={search_term_string}\"},\"query-input\":{\"@type\":\"PropertyValueSpecification\",\"valueRequired\":true,\"valueName\":\"search_term_string\"}}],\"inLanguage\":\"es-AR\"},{\"@type\":\"Organization\",\"@id\":\"https:\\\/\\\/www.fica.unsl.edu.ar\\\/#organization\",\"name\":\"Facultad de Ingenier\u00eda y Ciencias Agropecuarias\",\"url\":\"https:\\\/\\\/www.fica.unsl.edu.ar\\\/\",\"logo\":{\"@type\":\"ImageObject\",\"inLanguage\":\"es-AR\",\"@id\":\"https:\\\/\\\/www.fica.unsl.edu.ar\\\/#\\\/schema\\\/logo\\\/image\\\/\",\"url\":\"https:\\\/\\\/www.fica.unsl.edu.ar\\\/wp-content\\\/uploads\\\/2021\\\/03\\\/LOGO-1.jpg\",\"contentUrl\":\"https:\\\/\\\/www.fica.unsl.edu.ar\\\/wp-content\\\/uploads\\\/2021\\\/03\\\/LOGO-1.jpg\",\"width\":463,\"height\":145,\"caption\":\"Facultad de Ingenier\u00eda y Ciencias Agropecuarias\"},\"image\":{\"@id\":\"https:\\\/\\\/www.fica.unsl.edu.ar\\\/#\\\/schema\\\/logo\\\/image\\\/\"},\"sameAs\":[\"https:\\\/\\\/www.facebook.com\\\/FICA.UNSL\\\/\",\"https:\\\/\\\/x.com\\\/FICAUNSL\",\"https:\\\/\\\/www.instagram.com\\\/fica.unsl\\\/\",\"https:\\\/\\\/www.youtube.com\\\/channel\\\/UCs2MM53gb2PyBrMySdtWZDQ\"]},{\"@type\":\"Person\",\"@id\":\"https:\\\/\\\/www.fica.unsl.edu.ar\\\/#\\\/schema\\\/person\\\/6058f9c66301868d3a691b1f5d6c3544\",\"name\":\"DATI\"}]}<\/script>\n<!-- \/ Yoast SEO plugin. -->","yoast_head_json":{"title":"Nueva jornada del Seminario de Investigaci\u00f3n, Actualizaci\u00f3n y Vinculaci\u00f3n en Ciencias de la Ingenier\u00eda 2021 - Facultad de Ingenier\u00eda y Ciencias Agropecuarias","robots":{"index":"index","follow":"follow","max-snippet":"max-snippet:-1","max-image-preview":"max-image-preview:large","max-video-preview":"max-video-preview:-1"},"canonical":"https:\/\/www.fica.unsl.edu.ar\/index.php\/6ta-siavci-2021\/","og_locale":"es_ES","og_type":"article","og_title":"Nueva jornada del Seminario de Investigaci\u00f3n, Actualizaci\u00f3n y Vinculaci\u00f3n en Ciencias de la Ingenier\u00eda 2021 - Facultad de Ingenier\u00eda y Ciencias Agropecuarias","og_description":"La Secretar\u00eda de Investigaci\u00f3n y Posgrado invita a participar de la 6\u00b0 jornada del Seminario de Investigaci\u00f3n, Actualizaci\u00f3n y Vinculaci\u00f3n en Ciencias de la Ingenier\u00eda&hellip;","og_url":"https:\/\/www.fica.unsl.edu.ar\/index.php\/6ta-siavci-2021\/","og_site_name":"Facultad de Ingenier\u00eda y Ciencias Agropecuarias","article_publisher":"https:\/\/www.facebook.com\/FICA.UNSL\/","article_published_time":"2021-09-07T12:35:50+00:00","article_modified_time":"2021-09-13T12:59:57+00:00","og_image":[{"width":1080,"height":566,"url":"https:\/\/www.fica.unsl.edu.ar\/wp-content\/uploads\/2021\/09\/portada-web-FICA-.jpg","type":"image\/jpeg"}],"author":"DATI","twitter_card":"summary_large_image","twitter_creator":"@FICAUNSL","twitter_site":"@FICAUNSL","twitter_misc":{"Escrito por":"DATI","Tiempo de lectura":"3 minutos"},"schema":{"@context":"https:\/\/schema.org","@graph":[{"@type":"Article","@id":"https:\/\/www.fica.unsl.edu.ar\/index.php\/6ta-siavci-2021\/#article","isPartOf":{"@id":"https:\/\/www.fica.unsl.edu.ar\/index.php\/6ta-siavci-2021\/"},"author":{"name":"DATI","@id":"https:\/\/www.fica.unsl.edu.ar\/#\/schema\/person\/6058f9c66301868d3a691b1f5d6c3544"},"headline":"Nueva jornada del Seminario de Investigaci\u00f3n, Actualizaci\u00f3n y Vinculaci\u00f3n en Ciencias de la Ingenier\u00eda 2021","datePublished":"2021-09-07T12:35:50+00:00","dateModified":"2021-09-13T12:59:57+00:00","mainEntityOfPage":{"@id":"https:\/\/www.fica.unsl.edu.ar\/index.php\/6ta-siavci-2021\/"},"wordCount":597,"publisher":{"@id":"https:\/\/www.fica.unsl.edu.ar\/#organization"},"image":{"@id":"https:\/\/www.fica.unsl.edu.ar\/index.php\/6ta-siavci-2021\/#primaryimage"},"thumbnailUrl":"https:\/\/www.fica.unsl.edu.ar\/wp-content\/uploads\/2021\/09\/portada-web-FICA-.jpg","articleSection":["Archivadas"],"inLanguage":"es-AR"},{"@type":"WebPage","@id":"https:\/\/www.fica.unsl.edu.ar\/index.php\/6ta-siavci-2021\/","url":"https:\/\/www.fica.unsl.edu.ar\/index.php\/6ta-siavci-2021\/","name":"Nueva jornada del Seminario de Investigaci\u00f3n, Actualizaci\u00f3n y Vinculaci\u00f3n en Ciencias de la Ingenier\u00eda 2021 - Facultad de Ingenier\u00eda y Ciencias Agropecuarias","isPartOf":{"@id":"https:\/\/www.fica.unsl.edu.ar\/#website"},"primaryImageOfPage":{"@id":"https:\/\/www.fica.unsl.edu.ar\/index.php\/6ta-siavci-2021\/#primaryimage"},"image":{"@id":"https:\/\/www.fica.unsl.edu.ar\/index.php\/6ta-siavci-2021\/#primaryimage"},"thumbnailUrl":"https:\/\/www.fica.unsl.edu.ar\/wp-content\/uploads\/2021\/09\/portada-web-FICA-.jpg","datePublished":"2021-09-07T12:35:50+00:00","dateModified":"2021-09-13T12:59:57+00:00","inLanguage":"es-AR","potentialAction":[{"@type":"ReadAction","target":["https:\/\/www.fica.unsl.edu.ar\/index.php\/6ta-siavci-2021\/"]}]},{"@type":"ImageObject","inLanguage":"es-AR","@id":"https:\/\/www.fica.unsl.edu.ar\/index.php\/6ta-siavci-2021\/#primaryimage","url":"https:\/\/www.fica.unsl.edu.ar\/wp-content\/uploads\/2021\/09\/portada-web-FICA-.jpg","contentUrl":"https:\/\/www.fica.unsl.edu.ar\/wp-content\/uploads\/2021\/09\/portada-web-FICA-.jpg","width":1080,"height":566},{"@type":"WebSite","@id":"https:\/\/www.fica.unsl.edu.ar\/#website","url":"https:\/\/www.fica.unsl.edu.ar\/","name":"Facultad de Ingenier\u00eda y Ciencias Agropecuarias","description":"","publisher":{"@id":"https:\/\/www.fica.unsl.edu.ar\/#organization"},"potentialAction":[{"@type":"SearchAction","target":{"@type":"EntryPoint","urlTemplate":"https:\/\/www.fica.unsl.edu.ar\/?s={search_term_string}"},"query-input":{"@type":"PropertyValueSpecification","valueRequired":true,"valueName":"search_term_string"}}],"inLanguage":"es-AR"},{"@type":"Organization","@id":"https:\/\/www.fica.unsl.edu.ar\/#organization","name":"Facultad de Ingenier\u00eda y Ciencias Agropecuarias","url":"https:\/\/www.fica.unsl.edu.ar\/","logo":{"@type":"ImageObject","inLanguage":"es-AR","@id":"https:\/\/www.fica.unsl.edu.ar\/#\/schema\/logo\/image\/","url":"https:\/\/www.fica.unsl.edu.ar\/wp-content\/uploads\/2021\/03\/LOGO-1.jpg","contentUrl":"https:\/\/www.fica.unsl.edu.ar\/wp-content\/uploads\/2021\/03\/LOGO-1.jpg","width":463,"height":145,"caption":"Facultad de Ingenier\u00eda y Ciencias Agropecuarias"},"image":{"@id":"https:\/\/www.fica.unsl.edu.ar\/#\/schema\/logo\/image\/"},"sameAs":["https:\/\/www.facebook.com\/FICA.UNSL\/","https:\/\/x.com\/FICAUNSL","https:\/\/www.instagram.com\/fica.unsl\/","https:\/\/www.youtube.com\/channel\/UCs2MM53gb2PyBrMySdtWZDQ"]},{"@type":"Person","@id":"https:\/\/www.fica.unsl.edu.ar\/#\/schema\/person\/6058f9c66301868d3a691b1f5d6c3544","name":"DATI"}]}},"_links":{"self":[{"href":"https:\/\/www.fica.unsl.edu.ar\/index.php\/wp-json\/wp\/v2\/posts\/6462","targetHints":{"allow":["GET"]}}],"collection":[{"href":"https:\/\/www.fica.unsl.edu.ar\/index.php\/wp-json\/wp\/v2\/posts"}],"about":[{"href":"https:\/\/www.fica.unsl.edu.ar\/index.php\/wp-json\/wp\/v2\/types\/post"}],"author":[{"embeddable":true,"href":"https:\/\/www.fica.unsl.edu.ar\/index.php\/wp-json\/wp\/v2\/users\/9"}],"replies":[{"embeddable":true,"href":"https:\/\/www.fica.unsl.edu.ar\/index.php\/wp-json\/wp\/v2\/comments?post=6462"}],"version-history":[{"count":6,"href":"https:\/\/www.fica.unsl.edu.ar\/index.php\/wp-json\/wp\/v2\/posts\/6462\/revisions"}],"predecessor-version":[{"id":6471,"href":"https:\/\/www.fica.unsl.edu.ar\/index.php\/wp-json\/wp\/v2\/posts\/6462\/revisions\/6471"}],"wp:featuredmedia":[{"embeddable":true,"href":"https:\/\/www.fica.unsl.edu.ar\/index.php\/wp-json\/wp\/v2\/media\/6463"}],"wp:attachment":[{"href":"https:\/\/www.fica.unsl.edu.ar\/index.php\/wp-json\/wp\/v2\/media?parent=6462"}],"wp:term":[{"taxonomy":"category","embeddable":true,"href":"https:\/\/www.fica.unsl.edu.ar\/index.php\/wp-json\/wp\/v2\/categories?post=6462"},{"taxonomy":"post_tag","embeddable":true,"href":"https:\/\/www.fica.unsl.edu.ar\/index.php\/wp-json\/wp\/v2\/tags?post=6462"}],"curies":[{"name":"wp","href":"https:\/\/api.w.org\/{rel}","templated":true}]}}