{"id":6507,"date":"2021-09-13T00:47:24","date_gmt":"2021-09-13T03:47:24","guid":{"rendered":"http:\/\/10.101.10.196\/www\/?p=6507"},"modified":"2021-09-14T08:36:11","modified_gmt":"2021-09-14T11:36:11","slug":"viaje-de-complementacion-practica-de-cereales-y-oleaginosas-al-establecimiento-don-andres","status":"publish","type":"post","link":"https:\/\/www.fica.unsl.edu.ar\/index.php\/viaje-de-complementacion-practica-de-cereales-y-oleaginosas-al-establecimiento-don-andres\/","title":{"rendered":"Viaje de complementaci\u00f3n pr\u00e1ctica de Cereales y Oleaginosas al Establecimiento \u201cDon Andr\u00e9s\u201d"},"content":{"rendered":"<p>El viernes 3 de septiembre de 2021, estudiantes de 5\u00ba a\u00f1o de la Asignatura Cereales y Oleaginosas (Ciclo 2021), de la Carrera de Ingenier\u00eda Agron\u00f3mica, realizaron un viaje de Complementaci\u00f3n Pr\u00e1ctica al establecimiento \u201cDon Andr\u00e9s\u201d (Tilisarao).<\/p>\n<p>Los estudiantes fueron acompa\u00f1ados por los docentes Ings. Agrs. Diego Mart\u00ednez \u00c1lvarez, Juan Pablo Odetti y Marcelo Bongiovanni. El viaje fue realizado acorde al protocolo de &#8220;Presencialidad Adaptada&#8221;, establecido por la UNSL en el marco de la pandemia COVID-19.<\/p>\n<p><strong>Actividades realizadas:<\/strong><\/p>\n<p>El establecimiento \u201cDon Andr\u00e9s\u201d, de la localidad de Tilisarao, es un campo demostrativo y experimental desarrollado bajo Convenio marco entre el Productor y la UNSL, desde el a\u00f1o 2014. En la visita se observaron ensayos agron\u00f3micos y de servicios a terceros que realiza el Proyecto P-140618 de CyT de la UNSL. En dicho lugar, tambi\u00e9n se desarrollan trabajos pr\u00e1cticos y tesinas de graduaci\u00f3n de los estudiantes de la Carrera. El Productor, el Proyecto y la Unidad de Extensi\u00f3n del EEA-INTA San Luis y Empresas privadas, tambi\u00e9n desarrollan trabajo en conjunto.<\/p>\n<p>La jornada se inici\u00f3 con una disertaci\u00f3n del Ing. Bongiovanni (Responsable del Campo Experimental y Demostrativo), quien coment\u00f3 el desarrollo de la pasada campa\u00f1a agr\u00edcola 2020\/21 (tanto de la zona como del establecimiento en particular), detallando el comportamiento de las variables meteorol\u00f3gicas, los factores bi\u00f3ticos incidentes, el manejo agr\u00edcola aplicado y el rendimiento obtenido en los principales cultivos de grano. Tambi\u00e9n se expuso sobre la tecnolog\u00eda de los \u201ccultivos de servicios\u201d, la importancia y ventajas de su incorporaci\u00f3n en los sistemas agr\u00edcolas permanentes, y las experiencias realizadas y resultados obtenidos, desde el a\u00f1o 2013.<\/p>\n<p>Posteriormente, se llev\u00f3 a cabo una recorrida de los distintos lotes del campo, donde los alumnos y docentes observaron el manejo agr\u00edcola implementado, las rotaciones aplicadas, el tipo y cantidad de residuos de cosecha presente y el tipo de cultivo de servicio implantado (trigo, centeno, centeno + melilotus), el estado fenol\u00f3gico y la condici\u00f3n sanitaria de los mismos.<\/p>\n<p>Tambi\u00e9n\u00a0 se realiz\u00f3 una caracterizaci\u00f3n clim\u00e1tica y ed\u00e1fica de la zona y se expuso sobre el manejo de los principales cultivos de la zona (ma\u00edz, soja y sorgo gran\u00edfero), dando importancia a la fecha de siembra, densidad, per\u00edodos cr\u00edticos, estrategias de control de malezas, rotaci\u00f3n de cultivos, manejo del agua del suelo, etc.<\/p>\n<p>Durante el desarrollo de la jornada, los estudiantes realizaron tareas pr\u00e1cticas, tales como determinaci\u00f3n de textura del suelo, estimaciones del estado h\u00eddrico del suelo (0 a 2 m), medici\u00f3n de temperatura del suelo, determinaci\u00f3n de estados fenol\u00f3gicos de los cultivos de servicios, muestreo e identificaci\u00f3n de plagas, enfermedades y malezas presentes en los lotes, caracterizaci\u00f3n de diferentes materiales gen\u00e9ticos, etc.<\/p>\n<div class=\"gmedia_gallery phantom_module is_bot\" id=\"GmediaGallery_33\" data-gmid=\"33\" data-module=\"phantom\"><style type='text\/css' class='gmedia_module_style_import'>@import url('https:\/\/www.fica.unsl.edu.ar\/wp-content\/plugins\/grand-media\/module\/phantom\/css\/style.css') all;<\/style>    <div class=\"gmPhantom_Container noLightbox\" >\r\n                <div class=\"gmPhantom_thumbsWrapper gmPhantom_ThumbScale gmPhantom_LabelHover\">\r\n                        <div class=\"gmPhantom_ThumbContainer gmPhantom_ThumbLoader\" data-id=\"445\" data-post_id=\"6611\" data-ratio=\"1\" data-type=\"image\" data-ext=\"jpg\" data-views=\"11\" data-likes=\"0\" data-cc=\"0\" data-post_link=\"https:\/\/www.fica.unsl.edu.ar\/index.php\/gmedia\/practica_de_cereales_y_oleaginosas_8_-jpg\/\">\r\n                <a href=\"https:\/\/www.fica.unsl.edu.ar\/wp-content\/grand-media\/image\/practica_de_Cereales_y_Oleaginosas_8_.jpg\" class=\"gmPhantom_Thumb\"><img decoding=\"async\" src=\"https:\/\/www.fica.unsl.edu.ar\/wp-content\/grand-media\/image\/thumb\/practica_de_Cereales_y_Oleaginosas_8_.jpg\" data-src=\"https:\/\/www.fica.unsl.edu.ar\/wp-content\/grand-media\/image\/practica_de_Cereales_y_Oleaginosas_8_.jpg\" alt=\"Practica De Cereales Y Oleaginosas (8)\"\/><\/a>\r\n                                    <div class=\"gmPhantom_ThumbLabel\"><span class=\"gmPhantom_ThumbLabel_title\">Practica De Cereales Y Oleaginosas (8)<\/span><\/div>\r\n                                    <div style=\"display:none;\" class=\"gmPhantom_Details\">\r\n                                            <div class=\"gmPhantom_description\">\r\n                            <div class=\"gmPhantom_title\">Practica De Cereales Y Oleaginosas (8)<\/div>\r\n                            <div class=\"gmPhantom_text\"><\/div>\r\n                        <\/div>\r\n                                                            <div class=\"gmPhantom_terms\">\r\n                                                    <div class=\"gmPhantom_other_terms\">\r\n                                <table class=\"gmPhantom_other_terms_table\">\r\n                                                                            <tr class=\"gmPhantom_term_row_album\">\r\n                                            <td class=\"gmPhantom_term_key\">Album<\/td>\r\n                                            <td class=\"gmPhantom_term_value\"><a href=\"\/index.php\/wp-json\/wp\/v2\/posts\/6507?gm33[album__in]=33\" class=\"gmPhantom_alb\">CEREALES-OLEAGINOSAS<\/a><\/td>\r\n                                        <\/tr>\r\n                                                                    <\/table>\r\n                            <\/div>\r\n                                                <\/div>\r\n                <\/div>\r\n                <\/div>            <div class=\"gmPhantom_ThumbContainer gmPhantom_ThumbLoader\" data-id=\"444\" data-post_id=\"6610\" data-ratio=\"1\" data-type=\"image\" data-ext=\"jpg\" data-views=\"17\" data-likes=\"0\" data-cc=\"0\" data-post_link=\"https:\/\/www.fica.unsl.edu.ar\/index.php\/gmedia\/practica_de_cereales_y_oleaginosas_7_-jpg\/\">\r\n                <a href=\"https:\/\/www.fica.unsl.edu.ar\/wp-content\/grand-media\/image\/practica_de_Cereales_y_Oleaginosas_7_.jpg\" class=\"gmPhantom_Thumb\"><img decoding=\"async\" src=\"https:\/\/www.fica.unsl.edu.ar\/wp-content\/grand-media\/image\/thumb\/practica_de_Cereales_y_Oleaginosas_7_.jpg\" data-src=\"https:\/\/www.fica.unsl.edu.ar\/wp-content\/grand-media\/image\/practica_de_Cereales_y_Oleaginosas_7_.jpg\" alt=\"Practica De Cereales Y Oleaginosas (7)\"\/><\/a>\r\n                                    <div class=\"gmPhantom_ThumbLabel\"><span class=\"gmPhantom_ThumbLabel_title\">Practica De Cereales Y Oleaginosas (7)<\/span><\/div>\r\n                                    <div style=\"display:none;\" class=\"gmPhantom_Details\">\r\n                                            <div class=\"gmPhantom_description\">\r\n                            <div class=\"gmPhantom_title\">Practica De Cereales Y Oleaginosas (7)<\/div>\r\n                            <div class=\"gmPhantom_text\"><\/div>\r\n                        <\/div>\r\n                                                            <div class=\"gmPhantom_terms\">\r\n                                                    <div class=\"gmPhantom_other_terms\">\r\n                                <table class=\"gmPhantom_other_terms_table\">\r\n                                                                            <tr class=\"gmPhantom_term_row_album\">\r\n                                            <td class=\"gmPhantom_term_key\">Album<\/td>\r\n                                            <td class=\"gmPhantom_term_value\"><a href=\"\/index.php\/wp-json\/wp\/v2\/posts\/6507?gm33[album__in]=33\" class=\"gmPhantom_alb\">CEREALES-OLEAGINOSAS<\/a><\/td>\r\n                                        <\/tr>\r\n                                                                    <\/table>\r\n                            <\/div>\r\n                                                <\/div>\r\n                <\/div>\r\n                <\/div>            <div class=\"gmPhantom_ThumbContainer gmPhantom_ThumbLoader\" data-id=\"443\" data-post_id=\"6609\" data-ratio=\"1.2933333333333\" data-type=\"image\" data-ext=\"jpg\" data-views=\"9\" data-likes=\"0\" data-cc=\"0\" data-post_link=\"https:\/\/www.fica.unsl.edu.ar\/index.php\/gmedia\/practica_de_cereales_y_oleaginosas_6_-jpg\/\">\r\n                <a href=\"https:\/\/www.fica.unsl.edu.ar\/wp-content\/grand-media\/image\/practica_de_Cereales_y_Oleaginosas_6_.jpg\" class=\"gmPhantom_Thumb\"><img decoding=\"async\" src=\"https:\/\/www.fica.unsl.edu.ar\/wp-content\/grand-media\/image\/thumb\/practica_de_Cereales_y_Oleaginosas_6_.jpg\" data-src=\"https:\/\/www.fica.unsl.edu.ar\/wp-content\/grand-media\/image\/practica_de_Cereales_y_Oleaginosas_6_.jpg\" alt=\"Practica De Cereales Y Oleaginosas (6)\"\/><\/a>\r\n                                    <div class=\"gmPhantom_ThumbLabel\"><span class=\"gmPhantom_ThumbLabel_title\">Practica De Cereales Y Oleaginosas (6)<\/span><\/div>\r\n                                    <div style=\"display:none;\" class=\"gmPhantom_Details\">\r\n                                            <div class=\"gmPhantom_description\">\r\n                            <div class=\"gmPhantom_title\">Practica De Cereales Y Oleaginosas (6)<\/div>\r\n                            <div class=\"gmPhantom_text\"><\/div>\r\n                        <\/div>\r\n                                                            <div class=\"gmPhantom_terms\">\r\n                                                    <div class=\"gmPhantom_other_terms\">\r\n                                <table class=\"gmPhantom_other_terms_table\">\r\n                                                                            <tr class=\"gmPhantom_term_row_album\">\r\n                                            <td class=\"gmPhantom_term_key\">Album<\/td>\r\n                                            <td class=\"gmPhantom_term_value\"><a href=\"\/index.php\/wp-json\/wp\/v2\/posts\/6507?gm33[album__in]=33\" class=\"gmPhantom_alb\">CEREALES-OLEAGINOSAS<\/a><\/td>\r\n                                        <\/tr>\r\n                                                                    <\/table>\r\n                            <\/div>\r\n                                                <\/div>\r\n                <\/div>\r\n                <\/div>            <div class=\"gmPhantom_ThumbContainer gmPhantom_ThumbLoader\" data-id=\"442\" data-post_id=\"6608\" data-ratio=\"1.29\" data-type=\"image\" data-ext=\"jpg\" data-views=\"13\" data-likes=\"0\" data-cc=\"0\" data-post_link=\"https:\/\/www.fica.unsl.edu.ar\/index.php\/gmedia\/practica_de_cereales_y_oleaginosas_5_-jpg\/\">\r\n                <a href=\"https:\/\/www.fica.unsl.edu.ar\/wp-content\/grand-media\/image\/practica_de_Cereales_y_Oleaginosas_5_.jpg\" class=\"gmPhantom_Thumb\"><img decoding=\"async\" src=\"https:\/\/www.fica.unsl.edu.ar\/wp-content\/grand-media\/image\/thumb\/practica_de_Cereales_y_Oleaginosas_5_.jpg\" data-src=\"https:\/\/www.fica.unsl.edu.ar\/wp-content\/grand-media\/image\/practica_de_Cereales_y_Oleaginosas_5_.jpg\" alt=\"Practica De Cereales Y Oleaginosas (5)\"\/><\/a>\r\n                                    <div class=\"gmPhantom_ThumbLabel\"><span class=\"gmPhantom_ThumbLabel_title\">Practica De Cereales Y Oleaginosas (5)<\/span><\/div>\r\n                                    <div style=\"display:none;\" class=\"gmPhantom_Details\">\r\n                                            <div class=\"gmPhantom_description\">\r\n                            <div class=\"gmPhantom_title\">Practica De Cereales Y Oleaginosas (5)<\/div>\r\n                            <div class=\"gmPhantom_text\"><\/div>\r\n                        <\/div>\r\n                                                            <div class=\"gmPhantom_terms\">\r\n                                                    <div class=\"gmPhantom_other_terms\">\r\n                                <table class=\"gmPhantom_other_terms_table\">\r\n                                                                            <tr class=\"gmPhantom_term_row_album\">\r\n                                            <td class=\"gmPhantom_term_key\">Album<\/td>\r\n                                            <td class=\"gmPhantom_term_value\"><a href=\"\/index.php\/wp-json\/wp\/v2\/posts\/6507?gm33[album__in]=33\" class=\"gmPhantom_alb\">CEREALES-OLEAGINOSAS<\/a><\/td>\r\n                                        <\/tr>\r\n                                                                    <\/table>\r\n                            <\/div>\r\n                                                <\/div>\r\n                <\/div>\r\n                <\/div>            <div class=\"gmPhantom_ThumbContainer gmPhantom_ThumbLoader\" data-id=\"441\" data-post_id=\"6607\" data-ratio=\"1.3333333333333\" data-type=\"image\" data-ext=\"jpg\" data-views=\"13\" data-likes=\"0\" data-cc=\"0\" data-post_link=\"https:\/\/www.fica.unsl.edu.ar\/index.php\/gmedia\/practica_de_cereales_y_oleaginosas_4_-jpg\/\">\r\n                <a href=\"https:\/\/www.fica.unsl.edu.ar\/wp-content\/grand-media\/image\/practica_de_Cereales_y_Oleaginosas_4_.jpg\" class=\"gmPhantom_Thumb\"><img decoding=\"async\" src=\"https:\/\/www.fica.unsl.edu.ar\/wp-content\/grand-media\/image\/thumb\/practica_de_Cereales_y_Oleaginosas_4_.jpg\" data-src=\"https:\/\/www.fica.unsl.edu.ar\/wp-content\/grand-media\/image\/practica_de_Cereales_y_Oleaginosas_4_.jpg\" alt=\"Practica De Cereales Y Oleaginosas (4)\"\/><\/a>\r\n                                    <div class=\"gmPhantom_ThumbLabel\"><span class=\"gmPhantom_ThumbLabel_title\">Practica De Cereales Y Oleaginosas (4)<\/span><\/div>\r\n                                    <div style=\"display:none;\" class=\"gmPhantom_Details\">\r\n                                            <div class=\"gmPhantom_description\">\r\n                            <div class=\"gmPhantom_title\">Practica De Cereales Y Oleaginosas (4)<\/div>\r\n                            <div class=\"gmPhantom_text\"><\/div>\r\n                        <\/div>\r\n                                                            <div class=\"gmPhantom_terms\">\r\n                                                    <div class=\"gmPhantom_other_terms\">\r\n                                <table class=\"gmPhantom_other_terms_table\">\r\n                                                                            <tr class=\"gmPhantom_term_row_album\">\r\n                                            <td class=\"gmPhantom_term_key\">Album<\/td>\r\n                                            <td class=\"gmPhantom_term_value\"><a href=\"\/index.php\/wp-json\/wp\/v2\/posts\/6507?gm33[album__in]=33\" class=\"gmPhantom_alb\">CEREALES-OLEAGINOSAS<\/a><\/td>\r\n                                        <\/tr>\r\n                                                                    <\/table>\r\n                            <\/div>\r\n                                                <\/div>\r\n                <\/div>\r\n                <\/div>            <div class=\"gmPhantom_ThumbContainer gmPhantom_ThumbLoader\" data-id=\"440\" data-post_id=\"6606\" data-ratio=\"2.22\" data-type=\"image\" data-ext=\"jpg\" data-views=\"14\" data-likes=\"0\" data-cc=\"0\" data-post_link=\"https:\/\/www.fica.unsl.edu.ar\/index.php\/gmedia\/practica_de_cereales_y_oleaginosas_3_-jpg\/\">\r\n                <a href=\"https:\/\/www.fica.unsl.edu.ar\/wp-content\/grand-media\/image\/practica_de_Cereales_y_Oleaginosas_3_.jpg\" class=\"gmPhantom_Thumb\"><img decoding=\"async\" src=\"https:\/\/www.fica.unsl.edu.ar\/wp-content\/grand-media\/image\/thumb\/practica_de_Cereales_y_Oleaginosas_3_.jpg\" data-src=\"https:\/\/www.fica.unsl.edu.ar\/wp-content\/grand-media\/image\/practica_de_Cereales_y_Oleaginosas_3_.jpg\" alt=\"Practica De Cereales Y Oleaginosas (3)\"\/><\/a>\r\n                                    <div class=\"gmPhantom_ThumbLabel\"><span class=\"gmPhantom_ThumbLabel_title\">Practica De Cereales Y Oleaginosas (3)<\/span><\/div>\r\n                                    <div style=\"display:none;\" class=\"gmPhantom_Details\">\r\n                                            <div class=\"gmPhantom_description\">\r\n                            <div class=\"gmPhantom_title\">Practica De Cereales Y Oleaginosas (3)<\/div>\r\n                            <div class=\"gmPhantom_text\"><\/div>\r\n                        <\/div>\r\n                                                            <div class=\"gmPhantom_terms\">\r\n                                                    <div class=\"gmPhantom_other_terms\">\r\n                                <table class=\"gmPhantom_other_terms_table\">\r\n                                                                            <tr class=\"gmPhantom_term_row_album\">\r\n                                            <td class=\"gmPhantom_term_key\">Album<\/td>\r\n                                            <td class=\"gmPhantom_term_value\"><a href=\"\/index.php\/wp-json\/wp\/v2\/posts\/6507?gm33[album__in]=33\" class=\"gmPhantom_alb\">CEREALES-OLEAGINOSAS<\/a><\/td>\r\n                                        <\/tr>\r\n                                                                    <\/table>\r\n                            <\/div>\r\n                                                <\/div>\r\n                <\/div>\r\n                <\/div>            <div class=\"gmPhantom_ThumbContainer gmPhantom_ThumbLoader\" data-id=\"439\" data-post_id=\"6605\" data-ratio=\"0.45045045045045\" data-type=\"image\" data-ext=\"jpg\" data-views=\"9\" data-likes=\"0\" data-cc=\"0\" data-post_link=\"https:\/\/www.fica.unsl.edu.ar\/index.php\/gmedia\/practica_de_cereales_y_oleaginosas_2_-jpg\/\">\r\n                <a href=\"https:\/\/www.fica.unsl.edu.ar\/wp-content\/grand-media\/image\/practica_de_Cereales_y_Oleaginosas_2_.jpg\" class=\"gmPhantom_Thumb\"><img decoding=\"async\" src=\"https:\/\/www.fica.unsl.edu.ar\/wp-content\/grand-media\/image\/thumb\/practica_de_Cereales_y_Oleaginosas_2_.jpg\" data-src=\"https:\/\/www.fica.unsl.edu.ar\/wp-content\/grand-media\/image\/practica_de_Cereales_y_Oleaginosas_2_.jpg\" alt=\"Practica De Cereales Y Oleaginosas (2)\"\/><\/a>\r\n                                    <div class=\"gmPhantom_ThumbLabel\"><span class=\"gmPhantom_ThumbLabel_title\">Practica De Cereales Y Oleaginosas (2)<\/span><\/div>\r\n                                    <div style=\"display:none;\" class=\"gmPhantom_Details\">\r\n                                            <div class=\"gmPhantom_description\">\r\n                            <div class=\"gmPhantom_title\">Practica De Cereales Y Oleaginosas (2)<\/div>\r\n                            <div class=\"gmPhantom_text\"><\/div>\r\n                        <\/div>\r\n                                                            <div class=\"gmPhantom_terms\">\r\n                                                    <div class=\"gmPhantom_other_terms\">\r\n                                <table class=\"gmPhantom_other_terms_table\">\r\n                                                                            <tr class=\"gmPhantom_term_row_album\">\r\n                                            <td class=\"gmPhantom_term_key\">Album<\/td>\r\n                                            <td class=\"gmPhantom_term_value\"><a href=\"\/index.php\/wp-json\/wp\/v2\/posts\/6507?gm33[album__in]=33\" class=\"gmPhantom_alb\">CEREALES-OLEAGINOSAS<\/a><\/td>\r\n                                        <\/tr>\r\n                                                                    <\/table>\r\n                            <\/div>\r\n                                                <\/div>\r\n                <\/div>\r\n                <\/div>            <div class=\"gmPhantom_ThumbContainer gmPhantom_ThumbLoader\" data-id=\"438\" data-post_id=\"6604\" data-ratio=\"1\" data-type=\"image\" data-ext=\"jpg\" data-views=\"19\" data-likes=\"0\" data-cc=\"0\" data-post_link=\"https:\/\/www.fica.unsl.edu.ar\/index.php\/gmedia\/practica_de_cereales_y_oleaginosas_1_-jpg\/\">\r\n                <a href=\"https:\/\/www.fica.unsl.edu.ar\/wp-content\/grand-media\/image\/practica_de_Cereales_y_Oleaginosas_1_.jpg\" class=\"gmPhantom_Thumb\"><img decoding=\"async\" src=\"https:\/\/www.fica.unsl.edu.ar\/wp-content\/grand-media\/image\/thumb\/practica_de_Cereales_y_Oleaginosas_1_.jpg\" data-src=\"https:\/\/www.fica.unsl.edu.ar\/wp-content\/grand-media\/image\/practica_de_Cereales_y_Oleaginosas_1_.jpg\" alt=\"Practica De Cereales Y Oleaginosas (1)\"\/><\/a>\r\n                                    <div class=\"gmPhantom_ThumbLabel\"><span class=\"gmPhantom_ThumbLabel_title\">Practica De Cereales Y Oleaginosas (1)<\/span><\/div>\r\n                                    <div style=\"display:none;\" class=\"gmPhantom_Details\">\r\n                                            <div class=\"gmPhantom_description\">\r\n                            <div class=\"gmPhantom_title\">Practica De Cereales Y Oleaginosas (1)<\/div>\r\n                            <div class=\"gmPhantom_text\"><\/div>\r\n                        <\/div>\r\n                                                            <div class=\"gmPhantom_terms\">\r\n                                                    <div class=\"gmPhantom_other_terms\">\r\n                                <table class=\"gmPhantom_other_terms_table\">\r\n                                                                            <tr class=\"gmPhantom_term_row_album\">\r\n                                            <td class=\"gmPhantom_term_key\">Album<\/td>\r\n                                            <td class=\"gmPhantom_term_value\"><a href=\"\/index.php\/wp-json\/wp\/v2\/posts\/6507?gm33[album__in]=33\" class=\"gmPhantom_alb\">CEREALES-OLEAGINOSAS<\/a><\/td>\r\n                                        <\/tr>\r\n                                                                    <\/table>\r\n                            <\/div>\r\n                                                <\/div>\r\n                <\/div>\r\n                <\/div>            <div class=\"gmPhantom_ThumbContainer gmPhantom_ThumbLoader\" data-id=\"437\" data-post_id=\"6603\" data-ratio=\"1\" data-type=\"image\" data-ext=\"jpg\" data-views=\"15\" data-likes=\"0\" data-cc=\"0\" data-post_link=\"https:\/\/www.fica.unsl.edu.ar\/index.php\/gmedia\/practica_de_cereales_y_oleaginosas_10_-jpg\/\">\r\n                <a href=\"https:\/\/www.fica.unsl.edu.ar\/wp-content\/grand-media\/image\/practica_de_Cereales_y_Oleaginosas_10_.jpg\" class=\"gmPhantom_Thumb\"><img decoding=\"async\" src=\"https:\/\/www.fica.unsl.edu.ar\/wp-content\/grand-media\/image\/thumb\/practica_de_Cereales_y_Oleaginosas_10_.jpg\" data-src=\"https:\/\/www.fica.unsl.edu.ar\/wp-content\/grand-media\/image\/practica_de_Cereales_y_Oleaginosas_10_.jpg\" alt=\"Practica De Cereales Y Oleaginosas (10)\"\/><\/a>\r\n                                    <div class=\"gmPhantom_ThumbLabel\"><span class=\"gmPhantom_ThumbLabel_title\">Practica De Cereales Y Oleaginosas (10)<\/span><\/div>\r\n                                    <div style=\"display:none;\" class=\"gmPhantom_Details\">\r\n                                            <div class=\"gmPhantom_description\">\r\n                            <div class=\"gmPhantom_title\">Practica De Cereales Y Oleaginosas (10)<\/div>\r\n                            <div class=\"gmPhantom_text\"><\/div>\r\n                        <\/div>\r\n                                                            <div class=\"gmPhantom_terms\">\r\n                                                    <div class=\"gmPhantom_other_terms\">\r\n                                <table class=\"gmPhantom_other_terms_table\">\r\n                                                                            <tr class=\"gmPhantom_term_row_album\">\r\n                                            <td class=\"gmPhantom_term_key\">Album<\/td>\r\n                                            <td class=\"gmPhantom_term_value\"><a href=\"\/index.php\/wp-json\/wp\/v2\/posts\/6507?gm33[album__in]=33\" class=\"gmPhantom_alb\">CEREALES-OLEAGINOSAS<\/a><\/td>\r\n                                        <\/tr>\r\n                                                                    <\/table>\r\n                            <\/div>\r\n                                                <\/div>\r\n                <\/div>\r\n                <\/div>        <\/div>\r\n    <\/div>\r\n<\/div>\n<p>&nbsp;<\/p>\n","protected":false},"excerpt":{"rendered":"<p>El viernes 3 de septiembre de 2021, estudiantes de 5\u00ba a\u00f1o de la Asignatura Cereales y Oleaginosas (Ciclo 2021), de la Carrera de Ingenier\u00eda Agron\u00f3mica,&hellip;<\/p>\n","protected":false},"author":9,"featured_media":6600,"comment_status":"closed","ping_status":"closed","sticky":false,"template":"","format":"standard","meta":{"_monsterinsights_skip_tracking":false,"_monsterinsights_sitenote_active":false,"_monsterinsights_sitenote_note":"","_monsterinsights_sitenote_category":0,"_joinchat":[],"footnotes":""},"categories":[19],"tags":[],"class_list":["post-6507","post","type-post","status-publish","format-standard","has-post-thumbnail","hentry","category-noticias"],"yoast_head":"<!-- This site is optimized with the Yoast SEO plugin v27.4 - https:\/\/yoast.com\/product\/yoast-seo-wordpress\/ -->\n<title>Viaje de complementaci\u00f3n pr\u00e1ctica de Cereales y Oleaginosas al Establecimiento \u201cDon Andr\u00e9s\u201d - Facultad de Ingenier\u00eda y Ciencias Agropecuarias<\/title>\n<meta name=\"robots\" content=\"index, follow, max-snippet:-1, max-image-preview:large, max-video-preview:-1\" \/>\n<link rel=\"canonical\" href=\"https:\/\/www.fica.unsl.edu.ar\/index.php\/viaje-de-complementacion-practica-de-cereales-y-oleaginosas-al-establecimiento-don-andres\/\" \/>\n<meta property=\"og:locale\" content=\"es_ES\" \/>\n<meta property=\"og:type\" content=\"article\" \/>\n<meta property=\"og:title\" content=\"Viaje de complementaci\u00f3n pr\u00e1ctica de Cereales y Oleaginosas al Establecimiento \u201cDon Andr\u00e9s\u201d - Facultad de Ingenier\u00eda y Ciencias Agropecuarias\" \/>\n<meta property=\"og:description\" content=\"El viernes 3 de septiembre de 2021, estudiantes de 5\u00ba a\u00f1o de la Asignatura Cereales y Oleaginosas (Ciclo 2021), de la Carrera de Ingenier\u00eda Agron\u00f3mica,&hellip;\" \/>\n<meta property=\"og:url\" content=\"https:\/\/www.fica.unsl.edu.ar\/index.php\/viaje-de-complementacion-practica-de-cereales-y-oleaginosas-al-establecimiento-don-andres\/\" \/>\n<meta property=\"og:site_name\" content=\"Facultad de Ingenier\u00eda y Ciencias Agropecuarias\" \/>\n<meta property=\"article:publisher\" content=\"https:\/\/www.facebook.com\/FICA.UNSL\/\" \/>\n<meta property=\"article:published_time\" content=\"2021-09-13T03:47:24+00:00\" \/>\n<meta property=\"article:modified_time\" content=\"2021-09-14T11:36:11+00:00\" \/>\n<meta property=\"og:image\" content=\"https:\/\/www.fica.unsl.edu.ar\/wp-content\/uploads\/2021\/09\/practica-de-Cereales-Oleaginosas.jpg\" \/>\n\t<meta property=\"og:image:width\" content=\"1061\" \/>\n\t<meta property=\"og:image:height\" content=\"600\" \/>\n\t<meta property=\"og:image:type\" content=\"image\/jpeg\" \/>\n<meta name=\"author\" content=\"DATI\" \/>\n<meta name=\"twitter:card\" content=\"summary_large_image\" \/>\n<meta name=\"twitter:creator\" content=\"@FICAUNSL\" \/>\n<meta name=\"twitter:site\" content=\"@FICAUNSL\" \/>\n<meta name=\"twitter:label1\" content=\"Escrito por\" \/>\n\t<meta name=\"twitter:data1\" content=\"DATI\" \/>\n\t<meta name=\"twitter:label2\" content=\"Tiempo de lectura\" \/>\n\t<meta name=\"twitter:data2\" content=\"2 minutos\" \/>\n<script type=\"application\/ld+json\" class=\"yoast-schema-graph\">{\"@context\":\"https:\\\/\\\/schema.org\",\"@graph\":[{\"@type\":\"Article\",\"@id\":\"https:\\\/\\\/www.fica.unsl.edu.ar\\\/index.php\\\/viaje-de-complementacion-practica-de-cereales-y-oleaginosas-al-establecimiento-don-andres\\\/#article\",\"isPartOf\":{\"@id\":\"https:\\\/\\\/www.fica.unsl.edu.ar\\\/index.php\\\/viaje-de-complementacion-practica-de-cereales-y-oleaginosas-al-establecimiento-don-andres\\\/\"},\"author\":{\"name\":\"DATI\",\"@id\":\"https:\\\/\\\/www.fica.unsl.edu.ar\\\/#\\\/schema\\\/person\\\/6058f9c66301868d3a691b1f5d6c3544\"},\"headline\":\"Viaje de complementaci\u00f3n pr\u00e1ctica de Cereales y Oleaginosas al Establecimiento \u201cDon Andr\u00e9s\u201d\",\"datePublished\":\"2021-09-13T03:47:24+00:00\",\"dateModified\":\"2021-09-14T11:36:11+00:00\",\"mainEntityOfPage\":{\"@id\":\"https:\\\/\\\/www.fica.unsl.edu.ar\\\/index.php\\\/viaje-de-complementacion-practica-de-cereales-y-oleaginosas-al-establecimiento-don-andres\\\/\"},\"wordCount\":488,\"publisher\":{\"@id\":\"https:\\\/\\\/www.fica.unsl.edu.ar\\\/#organization\"},\"image\":{\"@id\":\"https:\\\/\\\/www.fica.unsl.edu.ar\\\/index.php\\\/viaje-de-complementacion-practica-de-cereales-y-oleaginosas-al-establecimiento-don-andres\\\/#primaryimage\"},\"thumbnailUrl\":\"https:\\\/\\\/www.fica.unsl.edu.ar\\\/wp-content\\\/uploads\\\/2021\\\/09\\\/practica-de-Cereales-Oleaginosas.jpg\",\"articleSection\":[\"Noticias\"],\"inLanguage\":\"es-AR\"},{\"@type\":\"WebPage\",\"@id\":\"https:\\\/\\\/www.fica.unsl.edu.ar\\\/index.php\\\/viaje-de-complementacion-practica-de-cereales-y-oleaginosas-al-establecimiento-don-andres\\\/\",\"url\":\"https:\\\/\\\/www.fica.unsl.edu.ar\\\/index.php\\\/viaje-de-complementacion-practica-de-cereales-y-oleaginosas-al-establecimiento-don-andres\\\/\",\"name\":\"Viaje de complementaci\u00f3n pr\u00e1ctica de Cereales y Oleaginosas al Establecimiento \u201cDon Andr\u00e9s\u201d - Facultad de Ingenier\u00eda y Ciencias Agropecuarias\",\"isPartOf\":{\"@id\":\"https:\\\/\\\/www.fica.unsl.edu.ar\\\/#website\"},\"primaryImageOfPage\":{\"@id\":\"https:\\\/\\\/www.fica.unsl.edu.ar\\\/index.php\\\/viaje-de-complementacion-practica-de-cereales-y-oleaginosas-al-establecimiento-don-andres\\\/#primaryimage\"},\"image\":{\"@id\":\"https:\\\/\\\/www.fica.unsl.edu.ar\\\/index.php\\\/viaje-de-complementacion-practica-de-cereales-y-oleaginosas-al-establecimiento-don-andres\\\/#primaryimage\"},\"thumbnailUrl\":\"https:\\\/\\\/www.fica.unsl.edu.ar\\\/wp-content\\\/uploads\\\/2021\\\/09\\\/practica-de-Cereales-Oleaginosas.jpg\",\"datePublished\":\"2021-09-13T03:47:24+00:00\",\"dateModified\":\"2021-09-14T11:36:11+00:00\",\"inLanguage\":\"es-AR\",\"potentialAction\":[{\"@type\":\"ReadAction\",\"target\":[\"https:\\\/\\\/www.fica.unsl.edu.ar\\\/index.php\\\/viaje-de-complementacion-practica-de-cereales-y-oleaginosas-al-establecimiento-don-andres\\\/\"]}]},{\"@type\":\"ImageObject\",\"inLanguage\":\"es-AR\",\"@id\":\"https:\\\/\\\/www.fica.unsl.edu.ar\\\/index.php\\\/viaje-de-complementacion-practica-de-cereales-y-oleaginosas-al-establecimiento-don-andres\\\/#primaryimage\",\"url\":\"https:\\\/\\\/www.fica.unsl.edu.ar\\\/wp-content\\\/uploads\\\/2021\\\/09\\\/practica-de-Cereales-Oleaginosas.jpg\",\"contentUrl\":\"https:\\\/\\\/www.fica.unsl.edu.ar\\\/wp-content\\\/uploads\\\/2021\\\/09\\\/practica-de-Cereales-Oleaginosas.jpg\",\"width\":1061,\"height\":600},{\"@type\":\"WebSite\",\"@id\":\"https:\\\/\\\/www.fica.unsl.edu.ar\\\/#website\",\"url\":\"https:\\\/\\\/www.fica.unsl.edu.ar\\\/\",\"name\":\"Facultad de Ingenier\u00eda y Ciencias Agropecuarias\",\"description\":\"\",\"publisher\":{\"@id\":\"https:\\\/\\\/www.fica.unsl.edu.ar\\\/#organization\"},\"potentialAction\":[{\"@type\":\"SearchAction\",\"target\":{\"@type\":\"EntryPoint\",\"urlTemplate\":\"https:\\\/\\\/www.fica.unsl.edu.ar\\\/?s={search_term_string}\"},\"query-input\":{\"@type\":\"PropertyValueSpecification\",\"valueRequired\":true,\"valueName\":\"search_term_string\"}}],\"inLanguage\":\"es-AR\"},{\"@type\":\"Organization\",\"@id\":\"https:\\\/\\\/www.fica.unsl.edu.ar\\\/#organization\",\"name\":\"Facultad de Ingenier\u00eda y Ciencias Agropecuarias\",\"url\":\"https:\\\/\\\/www.fica.unsl.edu.ar\\\/\",\"logo\":{\"@type\":\"ImageObject\",\"inLanguage\":\"es-AR\",\"@id\":\"https:\\\/\\\/www.fica.unsl.edu.ar\\\/#\\\/schema\\\/logo\\\/image\\\/\",\"url\":\"https:\\\/\\\/www.fica.unsl.edu.ar\\\/wp-content\\\/uploads\\\/2021\\\/03\\\/LOGO-1.jpg\",\"contentUrl\":\"https:\\\/\\\/www.fica.unsl.edu.ar\\\/wp-content\\\/uploads\\\/2021\\\/03\\\/LOGO-1.jpg\",\"width\":463,\"height\":145,\"caption\":\"Facultad de Ingenier\u00eda y Ciencias Agropecuarias\"},\"image\":{\"@id\":\"https:\\\/\\\/www.fica.unsl.edu.ar\\\/#\\\/schema\\\/logo\\\/image\\\/\"},\"sameAs\":[\"https:\\\/\\\/www.facebook.com\\\/FICA.UNSL\\\/\",\"https:\\\/\\\/x.com\\\/FICAUNSL\",\"https:\\\/\\\/www.instagram.com\\\/fica.unsl\\\/\",\"https:\\\/\\\/www.youtube.com\\\/channel\\\/UCs2MM53gb2PyBrMySdtWZDQ\"]},{\"@type\":\"Person\",\"@id\":\"https:\\\/\\\/www.fica.unsl.edu.ar\\\/#\\\/schema\\\/person\\\/6058f9c66301868d3a691b1f5d6c3544\",\"name\":\"DATI\"}]}<\/script>\n<!-- \/ Yoast SEO plugin. -->","yoast_head_json":{"title":"Viaje de complementaci\u00f3n pr\u00e1ctica de Cereales y Oleaginosas al Establecimiento \u201cDon Andr\u00e9s\u201d - Facultad de Ingenier\u00eda y Ciencias Agropecuarias","robots":{"index":"index","follow":"follow","max-snippet":"max-snippet:-1","max-image-preview":"max-image-preview:large","max-video-preview":"max-video-preview:-1"},"canonical":"https:\/\/www.fica.unsl.edu.ar\/index.php\/viaje-de-complementacion-practica-de-cereales-y-oleaginosas-al-establecimiento-don-andres\/","og_locale":"es_ES","og_type":"article","og_title":"Viaje de complementaci\u00f3n pr\u00e1ctica de Cereales y Oleaginosas al Establecimiento \u201cDon Andr\u00e9s\u201d - Facultad de Ingenier\u00eda y Ciencias Agropecuarias","og_description":"El viernes 3 de septiembre de 2021, estudiantes de 5\u00ba a\u00f1o de la Asignatura Cereales y Oleaginosas (Ciclo 2021), de la Carrera de Ingenier\u00eda Agron\u00f3mica,&hellip;","og_url":"https:\/\/www.fica.unsl.edu.ar\/index.php\/viaje-de-complementacion-practica-de-cereales-y-oleaginosas-al-establecimiento-don-andres\/","og_site_name":"Facultad de Ingenier\u00eda y Ciencias Agropecuarias","article_publisher":"https:\/\/www.facebook.com\/FICA.UNSL\/","article_published_time":"2021-09-13T03:47:24+00:00","article_modified_time":"2021-09-14T11:36:11+00:00","og_image":[{"width":1061,"height":600,"url":"https:\/\/www.fica.unsl.edu.ar\/wp-content\/uploads\/2021\/09\/practica-de-Cereales-Oleaginosas.jpg","type":"image\/jpeg"}],"author":"DATI","twitter_card":"summary_large_image","twitter_creator":"@FICAUNSL","twitter_site":"@FICAUNSL","twitter_misc":{"Escrito por":"DATI","Tiempo de lectura":"2 minutos"},"schema":{"@context":"https:\/\/schema.org","@graph":[{"@type":"Article","@id":"https:\/\/www.fica.unsl.edu.ar\/index.php\/viaje-de-complementacion-practica-de-cereales-y-oleaginosas-al-establecimiento-don-andres\/#article","isPartOf":{"@id":"https:\/\/www.fica.unsl.edu.ar\/index.php\/viaje-de-complementacion-practica-de-cereales-y-oleaginosas-al-establecimiento-don-andres\/"},"author":{"name":"DATI","@id":"https:\/\/www.fica.unsl.edu.ar\/#\/schema\/person\/6058f9c66301868d3a691b1f5d6c3544"},"headline":"Viaje de complementaci\u00f3n pr\u00e1ctica de Cereales y Oleaginosas al Establecimiento \u201cDon Andr\u00e9s\u201d","datePublished":"2021-09-13T03:47:24+00:00","dateModified":"2021-09-14T11:36:11+00:00","mainEntityOfPage":{"@id":"https:\/\/www.fica.unsl.edu.ar\/index.php\/viaje-de-complementacion-practica-de-cereales-y-oleaginosas-al-establecimiento-don-andres\/"},"wordCount":488,"publisher":{"@id":"https:\/\/www.fica.unsl.edu.ar\/#organization"},"image":{"@id":"https:\/\/www.fica.unsl.edu.ar\/index.php\/viaje-de-complementacion-practica-de-cereales-y-oleaginosas-al-establecimiento-don-andres\/#primaryimage"},"thumbnailUrl":"https:\/\/www.fica.unsl.edu.ar\/wp-content\/uploads\/2021\/09\/practica-de-Cereales-Oleaginosas.jpg","articleSection":["Noticias"],"inLanguage":"es-AR"},{"@type":"WebPage","@id":"https:\/\/www.fica.unsl.edu.ar\/index.php\/viaje-de-complementacion-practica-de-cereales-y-oleaginosas-al-establecimiento-don-andres\/","url":"https:\/\/www.fica.unsl.edu.ar\/index.php\/viaje-de-complementacion-practica-de-cereales-y-oleaginosas-al-establecimiento-don-andres\/","name":"Viaje de complementaci\u00f3n pr\u00e1ctica de Cereales y Oleaginosas al Establecimiento \u201cDon Andr\u00e9s\u201d - Facultad de Ingenier\u00eda y Ciencias Agropecuarias","isPartOf":{"@id":"https:\/\/www.fica.unsl.edu.ar\/#website"},"primaryImageOfPage":{"@id":"https:\/\/www.fica.unsl.edu.ar\/index.php\/viaje-de-complementacion-practica-de-cereales-y-oleaginosas-al-establecimiento-don-andres\/#primaryimage"},"image":{"@id":"https:\/\/www.fica.unsl.edu.ar\/index.php\/viaje-de-complementacion-practica-de-cereales-y-oleaginosas-al-establecimiento-don-andres\/#primaryimage"},"thumbnailUrl":"https:\/\/www.fica.unsl.edu.ar\/wp-content\/uploads\/2021\/09\/practica-de-Cereales-Oleaginosas.jpg","datePublished":"2021-09-13T03:47:24+00:00","dateModified":"2021-09-14T11:36:11+00:00","inLanguage":"es-AR","potentialAction":[{"@type":"ReadAction","target":["https:\/\/www.fica.unsl.edu.ar\/index.php\/viaje-de-complementacion-practica-de-cereales-y-oleaginosas-al-establecimiento-don-andres\/"]}]},{"@type":"ImageObject","inLanguage":"es-AR","@id":"https:\/\/www.fica.unsl.edu.ar\/index.php\/viaje-de-complementacion-practica-de-cereales-y-oleaginosas-al-establecimiento-don-andres\/#primaryimage","url":"https:\/\/www.fica.unsl.edu.ar\/wp-content\/uploads\/2021\/09\/practica-de-Cereales-Oleaginosas.jpg","contentUrl":"https:\/\/www.fica.unsl.edu.ar\/wp-content\/uploads\/2021\/09\/practica-de-Cereales-Oleaginosas.jpg","width":1061,"height":600},{"@type":"WebSite","@id":"https:\/\/www.fica.unsl.edu.ar\/#website","url":"https:\/\/www.fica.unsl.edu.ar\/","name":"Facultad de Ingenier\u00eda y Ciencias Agropecuarias","description":"","publisher":{"@id":"https:\/\/www.fica.unsl.edu.ar\/#organization"},"potentialAction":[{"@type":"SearchAction","target":{"@type":"EntryPoint","urlTemplate":"https:\/\/www.fica.unsl.edu.ar\/?s={search_term_string}"},"query-input":{"@type":"PropertyValueSpecification","valueRequired":true,"valueName":"search_term_string"}}],"inLanguage":"es-AR"},{"@type":"Organization","@id":"https:\/\/www.fica.unsl.edu.ar\/#organization","name":"Facultad de Ingenier\u00eda y Ciencias Agropecuarias","url":"https:\/\/www.fica.unsl.edu.ar\/","logo":{"@type":"ImageObject","inLanguage":"es-AR","@id":"https:\/\/www.fica.unsl.edu.ar\/#\/schema\/logo\/image\/","url":"https:\/\/www.fica.unsl.edu.ar\/wp-content\/uploads\/2021\/03\/LOGO-1.jpg","contentUrl":"https:\/\/www.fica.unsl.edu.ar\/wp-content\/uploads\/2021\/03\/LOGO-1.jpg","width":463,"height":145,"caption":"Facultad de Ingenier\u00eda y Ciencias Agropecuarias"},"image":{"@id":"https:\/\/www.fica.unsl.edu.ar\/#\/schema\/logo\/image\/"},"sameAs":["https:\/\/www.facebook.com\/FICA.UNSL\/","https:\/\/x.com\/FICAUNSL","https:\/\/www.instagram.com\/fica.unsl\/","https:\/\/www.youtube.com\/channel\/UCs2MM53gb2PyBrMySdtWZDQ"]},{"@type":"Person","@id":"https:\/\/www.fica.unsl.edu.ar\/#\/schema\/person\/6058f9c66301868d3a691b1f5d6c3544","name":"DATI"}]}},"_links":{"self":[{"href":"https:\/\/www.fica.unsl.edu.ar\/index.php\/wp-json\/wp\/v2\/posts\/6507","targetHints":{"allow":["GET"]}}],"collection":[{"href":"https:\/\/www.fica.unsl.edu.ar\/index.php\/wp-json\/wp\/v2\/posts"}],"about":[{"href":"https:\/\/www.fica.unsl.edu.ar\/index.php\/wp-json\/wp\/v2\/types\/post"}],"author":[{"embeddable":true,"href":"https:\/\/www.fica.unsl.edu.ar\/index.php\/wp-json\/wp\/v2\/users\/9"}],"replies":[{"embeddable":true,"href":"https:\/\/www.fica.unsl.edu.ar\/index.php\/wp-json\/wp\/v2\/comments?post=6507"}],"version-history":[{"count":3,"href":"https:\/\/www.fica.unsl.edu.ar\/index.php\/wp-json\/wp\/v2\/posts\/6507\/revisions"}],"predecessor-version":[{"id":6612,"href":"https:\/\/www.fica.unsl.edu.ar\/index.php\/wp-json\/wp\/v2\/posts\/6507\/revisions\/6612"}],"wp:featuredmedia":[{"embeddable":true,"href":"https:\/\/www.fica.unsl.edu.ar\/index.php\/wp-json\/wp\/v2\/media\/6600"}],"wp:attachment":[{"href":"https:\/\/www.fica.unsl.edu.ar\/index.php\/wp-json\/wp\/v2\/media?parent=6507"}],"wp:term":[{"taxonomy":"category","embeddable":true,"href":"https:\/\/www.fica.unsl.edu.ar\/index.php\/wp-json\/wp\/v2\/categories?post=6507"},{"taxonomy":"post_tag","embeddable":true,"href":"https:\/\/www.fica.unsl.edu.ar\/index.php\/wp-json\/wp\/v2\/tags?post=6507"}],"curies":[{"name":"wp","href":"https:\/\/api.w.org\/{rel}","templated":true}]}}