{"id":6591,"date":"2021-09-13T09:53:47","date_gmt":"2021-09-13T12:53:47","guid":{"rendered":"http:\/\/10.101.10.196\/www\/?p=6591"},"modified":"2021-09-13T09:53:47","modified_gmt":"2021-09-13T12:53:47","slug":"convocatoria-al-premio-rector-mauricio-amilcar-lopez-2021","status":"publish","type":"post","link":"https:\/\/www.fica.unsl.edu.ar\/index.php\/convocatoria-al-premio-rector-mauricio-amilcar-lopez-2021\/","title":{"rendered":"Convocatoria al Premio \u00abRector Mauricio Am\u00edlcar L\u00f3pez\u00bb 2021"},"content":{"rendered":"<p>La Universidad Nacional de San Luis (UNSL) abri\u00f3 la convocatoria p\u00fablica para la presentaci\u00f3n de\u00a0candidatos\/as a\u00a0recibir el Premio a la trayectoria en la defensa y promoci\u00f3n de los Derechos Humanos (DDHH).<\/p>\n<p>Cada a\u00f1o, la UNSL otorga anualmente el\u00a0<strong>Premio Rector Mauricio Am\u00edlcar L\u00f3pez<\/strong>, en reconocimiento a la persona o instituci\u00f3n que se haya destacado en la defensa y promoci\u00f3n de los DDHH y que acredite una trayectoria acorde a tales prop\u00f3sitos.<\/p>\n<p>La convocatoria, protocolizada por la Resoluci\u00f3n R. N\u00b0 1398\/21,\u00a0<strong>estar\u00e1 abierta hasta el viernes 15 de octubre<\/strong>, y la ceremonia de entrega del Premio y\/o Menciones Especiales se llevar\u00e1 a cabo en la conmemoraci\u00f3n del D\u00eda de los Derechos Humanos, celebrado internacionalmente el 10 de diciembre, fecha en la que\u00a0la Asamblea General de las Naciones Unidas aprob\u00f3 la Declaraci\u00f3n\u00a0universal de los DDHH,\u00a0en\u00a0el a\u00f1o 1948.<\/p>\n<p>La Universidad, a trav\u00e9s de la Secretar\u00eda de Extensi\u00f3n Universitaria (SEU), gestionar\u00e1 la convocatoria e invitar\u00e1 a las siguientes instituciones a conformar el Jurado que evaluar\u00e1 las propuestas: UNSL, Asociaci\u00f3n de Docentes Universitarios (ADU), Sindicato de Docentes e Investigadores Universitarios (SIDIU), Asociaci\u00f3n del Personal de la Universidad (APUNSL), Federaci\u00f3n Universitaria San Luis (FUSL), Asamblea Permanente de los Derechos Humanos (APDH), APDH \u2013 Delegaci\u00f3n San Luis y Movimiento Ecum\u00e9nico de los Derechos Humanos (MEDH).<\/p>\n<p><strong>Formulario para la presentaci\u00f3n de propuestas:<\/strong><\/p>\n<ol>\n<li><strong> Presentaci\u00f3n de candidatura<\/strong><strong><br \/>\n<\/strong>Nombre completo del\/la candidato\/a:<br \/>\nEn caso de que represente a una entidad, indique el nombre:<\/li>\n<li><strong> Datos de contacto del\/la candidato\/a<\/strong><strong><br \/>\n<\/strong>N\u00famero de tel\u00e9fono:<br \/>\nCorreo electr\u00f3nico:<br \/>\nIndique si el\/la candidato\/a tiene conocimiento de la propuesta y est\u00e1 de acuerdo con su candidatura.<\/li>\n<li><strong> Datos del\/la proponente<\/strong><strong><br \/>\n<\/strong>Nombre completo:<br \/>\nEn caso de que represente a una entidad, indique el nombre:<\/li>\n<li><strong> Datos de contacto del\/la proponente<\/strong><strong><br \/>\n<\/strong>N\u00famero de tel\u00e9fono:<br \/>\nCorreo electr\u00f3nico:<\/li>\n<li><strong> Datos de la nominaci\u00f3n<\/strong><strong><br \/>\n<\/strong>Resumen de la nominaci\u00f3n (obligatorio): Exponga de manera concisa por qu\u00e9 el\/la candidato\/a debe ser seleccionado\/a para recibir el\u00a0<em>Premio Rector Mauricio L\u00f3pez<\/em>.<br \/>\n(Esta descripci\u00f3n sentar\u00e1 las bases para la presentaci\u00f3n del premio en caso de que el\/la postulante sea seleccionado\/a)<\/li>\n<li><strong> Avales<\/strong><strong><br \/>\n<\/strong>Adjuntar a la nota de presentaci\u00f3n.<\/li>\n<\/ol>\n<p>La presentaci\u00f3n consta del\u00a0<strong>formulario completo precedido de una nota dirigida a la Secretaria de Extensi\u00f3n Universitaria<\/strong>\u00a0de la Universidad Nacional de San Luis, Esp. Hilda Maggi. Puede realizarse de forma presencial, en la Mesa de Entradas de Rectorado (Av. Ej\u00e9rcito de los Andes 950, 2\u00b0 piso).<\/p>\n<p>&nbsp;<\/p>\n<p>&nbsp;<\/p>\n","protected":false},"excerpt":{"rendered":"<p>La Universidad Nacional de San Luis (UNSL) abri\u00f3 la convocatoria p\u00fablica para la presentaci\u00f3n de\u00a0candidatos\/as a\u00a0recibir el Premio a la trayectoria en la defensa y&hellip;<\/p>\n","protected":false},"author":9,"featured_media":6592,"comment_status":"closed","ping_status":"closed","sticky":false,"template":"","format":"standard","meta":{"_monsterinsights_skip_tracking":false,"_monsterinsights_sitenote_active":false,"_monsterinsights_sitenote_note":"","_monsterinsights_sitenote_category":0,"_joinchat":[],"footnotes":""},"categories":[19],"tags":[],"class_list":["post-6591","post","type-post","status-publish","format-standard","has-post-thumbnail","hentry","category-noticias"],"yoast_head":"<!-- This site is optimized with the Yoast SEO plugin v27.4 - https:\/\/yoast.com\/product\/yoast-seo-wordpress\/ -->\n<title>Convocatoria al Premio \u00abRector Mauricio Am\u00edlcar L\u00f3pez\u00bb 2021 - Facultad de Ingenier\u00eda y Ciencias Agropecuarias<\/title>\n<meta name=\"robots\" content=\"index, follow, max-snippet:-1, max-image-preview:large, max-video-preview:-1\" \/>\n<link rel=\"canonical\" href=\"https:\/\/www.fica.unsl.edu.ar\/index.php\/convocatoria-al-premio-rector-mauricio-amilcar-lopez-2021\/\" \/>\n<meta property=\"og:locale\" content=\"es_ES\" \/>\n<meta property=\"og:type\" content=\"article\" \/>\n<meta property=\"og:title\" content=\"Convocatoria al Premio \u00abRector Mauricio Am\u00edlcar L\u00f3pez\u00bb 2021 - Facultad de Ingenier\u00eda y Ciencias Agropecuarias\" \/>\n<meta property=\"og:description\" content=\"La Universidad Nacional de San Luis (UNSL) abri\u00f3 la convocatoria p\u00fablica para la presentaci\u00f3n de\u00a0candidatos\/as a\u00a0recibir el Premio a la trayectoria en la defensa y&hellip;\" \/>\n<meta property=\"og:url\" content=\"https:\/\/www.fica.unsl.edu.ar\/index.php\/convocatoria-al-premio-rector-mauricio-amilcar-lopez-2021\/\" \/>\n<meta property=\"og:site_name\" content=\"Facultad de Ingenier\u00eda y Ciencias Agropecuarias\" \/>\n<meta property=\"article:publisher\" content=\"https:\/\/www.facebook.com\/FICA.UNSL\/\" \/>\n<meta property=\"article:published_time\" content=\"2021-09-13T12:53:47+00:00\" \/>\n<meta property=\"og:image\" content=\"https:\/\/www.fica.unsl.edu.ar\/wp-content\/uploads\/2021\/09\/mauriciofrase-1000x600-1.jpg\" \/>\n\t<meta property=\"og:image:width\" content=\"1000\" \/>\n\t<meta property=\"og:image:height\" content=\"600\" \/>\n\t<meta property=\"og:image:type\" content=\"image\/jpeg\" \/>\n<meta name=\"author\" content=\"DATI\" \/>\n<meta name=\"twitter:card\" content=\"summary_large_image\" \/>\n<meta name=\"twitter:creator\" content=\"@FICAUNSL\" \/>\n<meta name=\"twitter:site\" content=\"@FICAUNSL\" \/>\n<meta name=\"twitter:label1\" content=\"Escrito por\" \/>\n\t<meta name=\"twitter:data1\" content=\"DATI\" \/>\n\t<meta name=\"twitter:label2\" content=\"Tiempo de lectura\" \/>\n\t<meta name=\"twitter:data2\" content=\"2 minutos\" \/>\n<script type=\"application\/ld+json\" class=\"yoast-schema-graph\">{\"@context\":\"https:\\\/\\\/schema.org\",\"@graph\":[{\"@type\":\"Article\",\"@id\":\"https:\\\/\\\/www.fica.unsl.edu.ar\\\/index.php\\\/convocatoria-al-premio-rector-mauricio-amilcar-lopez-2021\\\/#article\",\"isPartOf\":{\"@id\":\"https:\\\/\\\/www.fica.unsl.edu.ar\\\/index.php\\\/convocatoria-al-premio-rector-mauricio-amilcar-lopez-2021\\\/\"},\"author\":{\"name\":\"DATI\",\"@id\":\"https:\\\/\\\/www.fica.unsl.edu.ar\\\/#\\\/schema\\\/person\\\/6058f9c66301868d3a691b1f5d6c3544\"},\"headline\":\"Convocatoria al Premio \u00abRector Mauricio Am\u00edlcar L\u00f3pez\u00bb 2021\",\"datePublished\":\"2021-09-13T12:53:47+00:00\",\"mainEntityOfPage\":{\"@id\":\"https:\\\/\\\/www.fica.unsl.edu.ar\\\/index.php\\\/convocatoria-al-premio-rector-mauricio-amilcar-lopez-2021\\\/\"},\"wordCount\":447,\"publisher\":{\"@id\":\"https:\\\/\\\/www.fica.unsl.edu.ar\\\/#organization\"},\"image\":{\"@id\":\"https:\\\/\\\/www.fica.unsl.edu.ar\\\/index.php\\\/convocatoria-al-premio-rector-mauricio-amilcar-lopez-2021\\\/#primaryimage\"},\"thumbnailUrl\":\"https:\\\/\\\/www.fica.unsl.edu.ar\\\/wp-content\\\/uploads\\\/2021\\\/09\\\/mauriciofrase-1000x600-1.jpg\",\"articleSection\":[\"Noticias\"],\"inLanguage\":\"es-AR\"},{\"@type\":\"WebPage\",\"@id\":\"https:\\\/\\\/www.fica.unsl.edu.ar\\\/index.php\\\/convocatoria-al-premio-rector-mauricio-amilcar-lopez-2021\\\/\",\"url\":\"https:\\\/\\\/www.fica.unsl.edu.ar\\\/index.php\\\/convocatoria-al-premio-rector-mauricio-amilcar-lopez-2021\\\/\",\"name\":\"Convocatoria al Premio \u00abRector Mauricio Am\u00edlcar L\u00f3pez\u00bb 2021 - Facultad de Ingenier\u00eda y Ciencias Agropecuarias\",\"isPartOf\":{\"@id\":\"https:\\\/\\\/www.fica.unsl.edu.ar\\\/#website\"},\"primaryImageOfPage\":{\"@id\":\"https:\\\/\\\/www.fica.unsl.edu.ar\\\/index.php\\\/convocatoria-al-premio-rector-mauricio-amilcar-lopez-2021\\\/#primaryimage\"},\"image\":{\"@id\":\"https:\\\/\\\/www.fica.unsl.edu.ar\\\/index.php\\\/convocatoria-al-premio-rector-mauricio-amilcar-lopez-2021\\\/#primaryimage\"},\"thumbnailUrl\":\"https:\\\/\\\/www.fica.unsl.edu.ar\\\/wp-content\\\/uploads\\\/2021\\\/09\\\/mauriciofrase-1000x600-1.jpg\",\"datePublished\":\"2021-09-13T12:53:47+00:00\",\"inLanguage\":\"es-AR\",\"potentialAction\":[{\"@type\":\"ReadAction\",\"target\":[\"https:\\\/\\\/www.fica.unsl.edu.ar\\\/index.php\\\/convocatoria-al-premio-rector-mauricio-amilcar-lopez-2021\\\/\"]}]},{\"@type\":\"ImageObject\",\"inLanguage\":\"es-AR\",\"@id\":\"https:\\\/\\\/www.fica.unsl.edu.ar\\\/index.php\\\/convocatoria-al-premio-rector-mauricio-amilcar-lopez-2021\\\/#primaryimage\",\"url\":\"https:\\\/\\\/www.fica.unsl.edu.ar\\\/wp-content\\\/uploads\\\/2021\\\/09\\\/mauriciofrase-1000x600-1.jpg\",\"contentUrl\":\"https:\\\/\\\/www.fica.unsl.edu.ar\\\/wp-content\\\/uploads\\\/2021\\\/09\\\/mauriciofrase-1000x600-1.jpg\",\"width\":1000,\"height\":600},{\"@type\":\"WebSite\",\"@id\":\"https:\\\/\\\/www.fica.unsl.edu.ar\\\/#website\",\"url\":\"https:\\\/\\\/www.fica.unsl.edu.ar\\\/\",\"name\":\"Facultad de Ingenier\u00eda y Ciencias Agropecuarias\",\"description\":\"\",\"publisher\":{\"@id\":\"https:\\\/\\\/www.fica.unsl.edu.ar\\\/#organization\"},\"potentialAction\":[{\"@type\":\"SearchAction\",\"target\":{\"@type\":\"EntryPoint\",\"urlTemplate\":\"https:\\\/\\\/www.fica.unsl.edu.ar\\\/?s={search_term_string}\"},\"query-input\":{\"@type\":\"PropertyValueSpecification\",\"valueRequired\":true,\"valueName\":\"search_term_string\"}}],\"inLanguage\":\"es-AR\"},{\"@type\":\"Organization\",\"@id\":\"https:\\\/\\\/www.fica.unsl.edu.ar\\\/#organization\",\"name\":\"Facultad de Ingenier\u00eda y Ciencias Agropecuarias\",\"url\":\"https:\\\/\\\/www.fica.unsl.edu.ar\\\/\",\"logo\":{\"@type\":\"ImageObject\",\"inLanguage\":\"es-AR\",\"@id\":\"https:\\\/\\\/www.fica.unsl.edu.ar\\\/#\\\/schema\\\/logo\\\/image\\\/\",\"url\":\"https:\\\/\\\/www.fica.unsl.edu.ar\\\/wp-content\\\/uploads\\\/2021\\\/03\\\/LOGO-1.jpg\",\"contentUrl\":\"https:\\\/\\\/www.fica.unsl.edu.ar\\\/wp-content\\\/uploads\\\/2021\\\/03\\\/LOGO-1.jpg\",\"width\":463,\"height\":145,\"caption\":\"Facultad de Ingenier\u00eda y Ciencias Agropecuarias\"},\"image\":{\"@id\":\"https:\\\/\\\/www.fica.unsl.edu.ar\\\/#\\\/schema\\\/logo\\\/image\\\/\"},\"sameAs\":[\"https:\\\/\\\/www.facebook.com\\\/FICA.UNSL\\\/\",\"https:\\\/\\\/x.com\\\/FICAUNSL\",\"https:\\\/\\\/www.instagram.com\\\/fica.unsl\\\/\",\"https:\\\/\\\/www.youtube.com\\\/channel\\\/UCs2MM53gb2PyBrMySdtWZDQ\"]},{\"@type\":\"Person\",\"@id\":\"https:\\\/\\\/www.fica.unsl.edu.ar\\\/#\\\/schema\\\/person\\\/6058f9c66301868d3a691b1f5d6c3544\",\"name\":\"DATI\"}]}<\/script>\n<!-- \/ Yoast SEO plugin. -->","yoast_head_json":{"title":"Convocatoria al Premio \u00abRector Mauricio Am\u00edlcar L\u00f3pez\u00bb 2021 - Facultad de Ingenier\u00eda y Ciencias Agropecuarias","robots":{"index":"index","follow":"follow","max-snippet":"max-snippet:-1","max-image-preview":"max-image-preview:large","max-video-preview":"max-video-preview:-1"},"canonical":"https:\/\/www.fica.unsl.edu.ar\/index.php\/convocatoria-al-premio-rector-mauricio-amilcar-lopez-2021\/","og_locale":"es_ES","og_type":"article","og_title":"Convocatoria al Premio \u00abRector Mauricio Am\u00edlcar L\u00f3pez\u00bb 2021 - Facultad de Ingenier\u00eda y Ciencias Agropecuarias","og_description":"La Universidad Nacional de San Luis (UNSL) abri\u00f3 la convocatoria p\u00fablica para la presentaci\u00f3n de\u00a0candidatos\/as a\u00a0recibir el Premio a la trayectoria en la defensa y&hellip;","og_url":"https:\/\/www.fica.unsl.edu.ar\/index.php\/convocatoria-al-premio-rector-mauricio-amilcar-lopez-2021\/","og_site_name":"Facultad de Ingenier\u00eda y Ciencias Agropecuarias","article_publisher":"https:\/\/www.facebook.com\/FICA.UNSL\/","article_published_time":"2021-09-13T12:53:47+00:00","og_image":[{"width":1000,"height":600,"url":"https:\/\/www.fica.unsl.edu.ar\/wp-content\/uploads\/2021\/09\/mauriciofrase-1000x600-1.jpg","type":"image\/jpeg"}],"author":"DATI","twitter_card":"summary_large_image","twitter_creator":"@FICAUNSL","twitter_site":"@FICAUNSL","twitter_misc":{"Escrito por":"DATI","Tiempo de lectura":"2 minutos"},"schema":{"@context":"https:\/\/schema.org","@graph":[{"@type":"Article","@id":"https:\/\/www.fica.unsl.edu.ar\/index.php\/convocatoria-al-premio-rector-mauricio-amilcar-lopez-2021\/#article","isPartOf":{"@id":"https:\/\/www.fica.unsl.edu.ar\/index.php\/convocatoria-al-premio-rector-mauricio-amilcar-lopez-2021\/"},"author":{"name":"DATI","@id":"https:\/\/www.fica.unsl.edu.ar\/#\/schema\/person\/6058f9c66301868d3a691b1f5d6c3544"},"headline":"Convocatoria al Premio \u00abRector Mauricio Am\u00edlcar L\u00f3pez\u00bb 2021","datePublished":"2021-09-13T12:53:47+00:00","mainEntityOfPage":{"@id":"https:\/\/www.fica.unsl.edu.ar\/index.php\/convocatoria-al-premio-rector-mauricio-amilcar-lopez-2021\/"},"wordCount":447,"publisher":{"@id":"https:\/\/www.fica.unsl.edu.ar\/#organization"},"image":{"@id":"https:\/\/www.fica.unsl.edu.ar\/index.php\/convocatoria-al-premio-rector-mauricio-amilcar-lopez-2021\/#primaryimage"},"thumbnailUrl":"https:\/\/www.fica.unsl.edu.ar\/wp-content\/uploads\/2021\/09\/mauriciofrase-1000x600-1.jpg","articleSection":["Noticias"],"inLanguage":"es-AR"},{"@type":"WebPage","@id":"https:\/\/www.fica.unsl.edu.ar\/index.php\/convocatoria-al-premio-rector-mauricio-amilcar-lopez-2021\/","url":"https:\/\/www.fica.unsl.edu.ar\/index.php\/convocatoria-al-premio-rector-mauricio-amilcar-lopez-2021\/","name":"Convocatoria al Premio \u00abRector Mauricio Am\u00edlcar L\u00f3pez\u00bb 2021 - Facultad de Ingenier\u00eda y Ciencias Agropecuarias","isPartOf":{"@id":"https:\/\/www.fica.unsl.edu.ar\/#website"},"primaryImageOfPage":{"@id":"https:\/\/www.fica.unsl.edu.ar\/index.php\/convocatoria-al-premio-rector-mauricio-amilcar-lopez-2021\/#primaryimage"},"image":{"@id":"https:\/\/www.fica.unsl.edu.ar\/index.php\/convocatoria-al-premio-rector-mauricio-amilcar-lopez-2021\/#primaryimage"},"thumbnailUrl":"https:\/\/www.fica.unsl.edu.ar\/wp-content\/uploads\/2021\/09\/mauriciofrase-1000x600-1.jpg","datePublished":"2021-09-13T12:53:47+00:00","inLanguage":"es-AR","potentialAction":[{"@type":"ReadAction","target":["https:\/\/www.fica.unsl.edu.ar\/index.php\/convocatoria-al-premio-rector-mauricio-amilcar-lopez-2021\/"]}]},{"@type":"ImageObject","inLanguage":"es-AR","@id":"https:\/\/www.fica.unsl.edu.ar\/index.php\/convocatoria-al-premio-rector-mauricio-amilcar-lopez-2021\/#primaryimage","url":"https:\/\/www.fica.unsl.edu.ar\/wp-content\/uploads\/2021\/09\/mauriciofrase-1000x600-1.jpg","contentUrl":"https:\/\/www.fica.unsl.edu.ar\/wp-content\/uploads\/2021\/09\/mauriciofrase-1000x600-1.jpg","width":1000,"height":600},{"@type":"WebSite","@id":"https:\/\/www.fica.unsl.edu.ar\/#website","url":"https:\/\/www.fica.unsl.edu.ar\/","name":"Facultad de Ingenier\u00eda y Ciencias Agropecuarias","description":"","publisher":{"@id":"https:\/\/www.fica.unsl.edu.ar\/#organization"},"potentialAction":[{"@type":"SearchAction","target":{"@type":"EntryPoint","urlTemplate":"https:\/\/www.fica.unsl.edu.ar\/?s={search_term_string}"},"query-input":{"@type":"PropertyValueSpecification","valueRequired":true,"valueName":"search_term_string"}}],"inLanguage":"es-AR"},{"@type":"Organization","@id":"https:\/\/www.fica.unsl.edu.ar\/#organization","name":"Facultad de Ingenier\u00eda y Ciencias Agropecuarias","url":"https:\/\/www.fica.unsl.edu.ar\/","logo":{"@type":"ImageObject","inLanguage":"es-AR","@id":"https:\/\/www.fica.unsl.edu.ar\/#\/schema\/logo\/image\/","url":"https:\/\/www.fica.unsl.edu.ar\/wp-content\/uploads\/2021\/03\/LOGO-1.jpg","contentUrl":"https:\/\/www.fica.unsl.edu.ar\/wp-content\/uploads\/2021\/03\/LOGO-1.jpg","width":463,"height":145,"caption":"Facultad de Ingenier\u00eda y Ciencias Agropecuarias"},"image":{"@id":"https:\/\/www.fica.unsl.edu.ar\/#\/schema\/logo\/image\/"},"sameAs":["https:\/\/www.facebook.com\/FICA.UNSL\/","https:\/\/x.com\/FICAUNSL","https:\/\/www.instagram.com\/fica.unsl\/","https:\/\/www.youtube.com\/channel\/UCs2MM53gb2PyBrMySdtWZDQ"]},{"@type":"Person","@id":"https:\/\/www.fica.unsl.edu.ar\/#\/schema\/person\/6058f9c66301868d3a691b1f5d6c3544","name":"DATI"}]}},"_links":{"self":[{"href":"https:\/\/www.fica.unsl.edu.ar\/index.php\/wp-json\/wp\/v2\/posts\/6591","targetHints":{"allow":["GET"]}}],"collection":[{"href":"https:\/\/www.fica.unsl.edu.ar\/index.php\/wp-json\/wp\/v2\/posts"}],"about":[{"href":"https:\/\/www.fica.unsl.edu.ar\/index.php\/wp-json\/wp\/v2\/types\/post"}],"author":[{"embeddable":true,"href":"https:\/\/www.fica.unsl.edu.ar\/index.php\/wp-json\/wp\/v2\/users\/9"}],"replies":[{"embeddable":true,"href":"https:\/\/www.fica.unsl.edu.ar\/index.php\/wp-json\/wp\/v2\/comments?post=6591"}],"version-history":[{"count":1,"href":"https:\/\/www.fica.unsl.edu.ar\/index.php\/wp-json\/wp\/v2\/posts\/6591\/revisions"}],"predecessor-version":[{"id":6593,"href":"https:\/\/www.fica.unsl.edu.ar\/index.php\/wp-json\/wp\/v2\/posts\/6591\/revisions\/6593"}],"wp:featuredmedia":[{"embeddable":true,"href":"https:\/\/www.fica.unsl.edu.ar\/index.php\/wp-json\/wp\/v2\/media\/6592"}],"wp:attachment":[{"href":"https:\/\/www.fica.unsl.edu.ar\/index.php\/wp-json\/wp\/v2\/media?parent=6591"}],"wp:term":[{"taxonomy":"category","embeddable":true,"href":"https:\/\/www.fica.unsl.edu.ar\/index.php\/wp-json\/wp\/v2\/categories?post=6591"},{"taxonomy":"post_tag","embeddable":true,"href":"https:\/\/www.fica.unsl.edu.ar\/index.php\/wp-json\/wp\/v2\/tags?post=6591"}],"curies":[{"name":"wp","href":"https:\/\/api.w.org\/{rel}","templated":true}]}}