{"id":6594,"date":"2021-09-13T10:00:32","date_gmt":"2021-09-13T13:00:32","guid":{"rendered":"http:\/\/10.101.10.196\/www\/?p=6594"},"modified":"2021-09-13T10:12:06","modified_gmt":"2021-09-13T13:12:06","slug":"convocan-a-participar-del-programa-impact-ar-ciencia-y-tecnologia","status":"publish","type":"post","link":"https:\/\/www.fica.unsl.edu.ar\/index.php\/convocan-a-participar-del-programa-impact-ar-ciencia-y-tecnologia\/","title":{"rendered":"Convocan a participar del Programa \u00abImpaCT.AR Ciencia y Tecnolog\u00eda\u00bb"},"content":{"rendered":"<p>El Programa tiene el prop\u00f3sito de promover proyectos de investigaci\u00f3n y desarrollo orientados a apoyar a organismos p\u00fablicos del Estado a encontrar soluciones a desaf\u00edos que requieran de conocimiento cient\u00edfico o desarrollo tecnol\u00f3gico para su resoluci\u00f3n y que impacten positivamente en el desarrollo del pa\u00eds.<\/p>\n<p>Se trata de un Programa que impulsa el Ministerio de Ciencia, Tecnolog\u00eda e Innovaci\u00f3n a trav\u00e9s de su Secretar\u00eda de Articulaci\u00f3n Cient\u00edfico Tecnol\u00f3gica, el cual se propone fortalecer el impacto de la ciencia, la tecnolog\u00eda y la innovaci\u00f3n en la construcci\u00f3n y aplicaci\u00f3n de pol\u00edticas p\u00fablicas.<\/p>\n<p>La Universidad Nacional de San Luis (UNSL) a trav\u00e9s de sus secretar\u00edas de Vinculaci\u00f3n Tecnol\u00f3gica y Social (SVTS) y de Ciencia y Tecnolog\u00eda (CyT), act\u00faan de asesoras para apoyar la participaci\u00f3n de los\/as cient\u00edficos\/as a presentar sus proyectos.<\/p>\n<p><em>\u00abNosotros hemos citado a algunos grupos que suponemos que ya vienen trabajando con entidades p\u00fablicas. Ser\u00eda un momento oportuno como para poder plasmar eso que vienen desarrollando en una posibilidad de subsidios que les permita seguir avanzando en su formaci\u00f3n de Recursos Humanos, en sus desarrollos y en la compra de equipos espec\u00edficos que puedan a llegar a necesitar\u00bb<\/em>, sostuvo el coordinador de la SVTS, Dr. Mart\u00edn Fern\u00e1ndez Baldo.<\/p>\n<p>La convocatoria est\u00e1 orientada a promover iniciativas conjuntas entre instituciones cient\u00edfico-tecnol\u00f3gicas y organismos p\u00fablicos como Ministerios Nacionales, Empresas P\u00fablicas, Gobiernos Provinciales, Gobiernos Municipales, entre otros.<\/p>\n<p>Es una<strong>\u00a0convocatoria ventanilla abierta de forma permanente\u00a0<\/strong>que se pueden presentar. La presentaci\u00f3n de desaf\u00edos\u00a0<strong>no<\/strong>\u00a0tiene fechas delimitadas. A medida que los desaf\u00edos se vayan publicando, se ir\u00e1n estableciendo plazos para la presentaci\u00f3n de soluciones a cada una las demandas.<\/p>\n<p><em>\u00abLa SVTS es un veh\u00edculo para sumar a los\/as docentes y cient\u00edficos\/as de la UNSL para poder animarse a este tipo de subsidios y que sin lugar a dudas es otra posibilidad de subsidios alternos\u00bb,<\/em>\u00a0agreg\u00f3 Fern\u00e1ndez Baldo.<\/p>\n<p>Para conocer m\u00e1s sobre esta convocatoria, ingresar a:\u00a0<strong><a href=\"https:\/\/www.argentina.gob.ar\/ciencia\/sact\/impactar\" target=\"_blank\" rel=\"noreferrer noopener\">https:\/\/www.argentina.gob.ar\/ciencia\/sact\/impactar<\/a><\/strong><\/p>\n","protected":false},"excerpt":{"rendered":"<p>El Programa tiene el prop\u00f3sito de promover proyectos de investigaci\u00f3n y desarrollo orientados a apoyar a organismos p\u00fablicos del Estado a encontrar soluciones a desaf\u00edos&hellip;<\/p>\n","protected":false},"author":9,"featured_media":6596,"comment_status":"closed","ping_status":"closed","sticky":false,"template":"","format":"standard","meta":{"_monsterinsights_skip_tracking":false,"_monsterinsights_sitenote_active":false,"_monsterinsights_sitenote_note":"","_monsterinsights_sitenote_category":0,"_joinchat":[],"footnotes":""},"categories":[19],"tags":[],"class_list":["post-6594","post","type-post","status-publish","format-standard","has-post-thumbnail","hentry","category-noticias"],"yoast_head":"<!-- This site is optimized with the Yoast SEO plugin v27.4 - https:\/\/yoast.com\/product\/yoast-seo-wordpress\/ -->\n<title>Convocan a participar del Programa \u00abImpaCT.AR Ciencia y Tecnolog\u00eda\u00bb - Facultad de Ingenier\u00eda y Ciencias Agropecuarias<\/title>\n<meta name=\"robots\" content=\"index, follow, max-snippet:-1, max-image-preview:large, max-video-preview:-1\" \/>\n<link rel=\"canonical\" href=\"https:\/\/www.fica.unsl.edu.ar\/index.php\/convocan-a-participar-del-programa-impact-ar-ciencia-y-tecnologia\/\" \/>\n<meta property=\"og:locale\" content=\"es_ES\" \/>\n<meta property=\"og:type\" content=\"article\" \/>\n<meta property=\"og:title\" content=\"Convocan a participar del Programa \u00abImpaCT.AR Ciencia y Tecnolog\u00eda\u00bb - Facultad de Ingenier\u00eda y Ciencias Agropecuarias\" \/>\n<meta property=\"og:description\" content=\"El Programa tiene el prop\u00f3sito de promover proyectos de investigaci\u00f3n y desarrollo orientados a apoyar a organismos p\u00fablicos del Estado a encontrar soluciones a desaf\u00edos&hellip;\" \/>\n<meta property=\"og:url\" content=\"https:\/\/www.fica.unsl.edu.ar\/index.php\/convocan-a-participar-del-programa-impact-ar-ciencia-y-tecnologia\/\" \/>\n<meta property=\"og:site_name\" content=\"Facultad de Ingenier\u00eda y Ciencias Agropecuarias\" \/>\n<meta property=\"article:publisher\" content=\"https:\/\/www.facebook.com\/FICA.UNSL\/\" \/>\n<meta property=\"article:published_time\" content=\"2021-09-13T13:00:32+00:00\" \/>\n<meta property=\"article:modified_time\" content=\"2021-09-13T13:12:06+00:00\" \/>\n<meta property=\"og:image\" content=\"https:\/\/www.fica.unsl.edu.ar\/wp-content\/uploads\/2021\/09\/convocatoria.jpg\" \/>\n\t<meta property=\"og:image:width\" content=\"1061\" \/>\n\t<meta property=\"og:image:height\" content=\"600\" \/>\n\t<meta property=\"og:image:type\" content=\"image\/jpeg\" \/>\n<meta name=\"author\" content=\"DATI\" \/>\n<meta name=\"twitter:card\" content=\"summary_large_image\" \/>\n<meta name=\"twitter:creator\" content=\"@FICAUNSL\" \/>\n<meta name=\"twitter:site\" content=\"@FICAUNSL\" \/>\n<meta name=\"twitter:label1\" content=\"Escrito por\" \/>\n\t<meta name=\"twitter:data1\" content=\"DATI\" \/>\n\t<meta name=\"twitter:label2\" content=\"Tiempo de lectura\" \/>\n\t<meta name=\"twitter:data2\" content=\"2 minutos\" \/>\n<script type=\"application\/ld+json\" class=\"yoast-schema-graph\">{\"@context\":\"https:\\\/\\\/schema.org\",\"@graph\":[{\"@type\":\"Article\",\"@id\":\"https:\\\/\\\/www.fica.unsl.edu.ar\\\/index.php\\\/convocan-a-participar-del-programa-impact-ar-ciencia-y-tecnologia\\\/#article\",\"isPartOf\":{\"@id\":\"https:\\\/\\\/www.fica.unsl.edu.ar\\\/index.php\\\/convocan-a-participar-del-programa-impact-ar-ciencia-y-tecnologia\\\/\"},\"author\":{\"name\":\"DATI\",\"@id\":\"https:\\\/\\\/www.fica.unsl.edu.ar\\\/#\\\/schema\\\/person\\\/6058f9c66301868d3a691b1f5d6c3544\"},\"headline\":\"Convocan a participar del Programa \u00abImpaCT.AR Ciencia y Tecnolog\u00eda\u00bb\",\"datePublished\":\"2021-09-13T13:00:32+00:00\",\"dateModified\":\"2021-09-13T13:12:06+00:00\",\"mainEntityOfPage\":{\"@id\":\"https:\\\/\\\/www.fica.unsl.edu.ar\\\/index.php\\\/convocan-a-participar-del-programa-impact-ar-ciencia-y-tecnologia\\\/\"},\"wordCount\":382,\"publisher\":{\"@id\":\"https:\\\/\\\/www.fica.unsl.edu.ar\\\/#organization\"},\"image\":{\"@id\":\"https:\\\/\\\/www.fica.unsl.edu.ar\\\/index.php\\\/convocan-a-participar-del-programa-impact-ar-ciencia-y-tecnologia\\\/#primaryimage\"},\"thumbnailUrl\":\"https:\\\/\\\/www.fica.unsl.edu.ar\\\/wp-content\\\/uploads\\\/2021\\\/09\\\/convocatoria.jpg\",\"articleSection\":[\"Noticias\"],\"inLanguage\":\"es-AR\"},{\"@type\":\"WebPage\",\"@id\":\"https:\\\/\\\/www.fica.unsl.edu.ar\\\/index.php\\\/convocan-a-participar-del-programa-impact-ar-ciencia-y-tecnologia\\\/\",\"url\":\"https:\\\/\\\/www.fica.unsl.edu.ar\\\/index.php\\\/convocan-a-participar-del-programa-impact-ar-ciencia-y-tecnologia\\\/\",\"name\":\"Convocan a participar del Programa \u00abImpaCT.AR Ciencia y Tecnolog\u00eda\u00bb - Facultad de Ingenier\u00eda y Ciencias Agropecuarias\",\"isPartOf\":{\"@id\":\"https:\\\/\\\/www.fica.unsl.edu.ar\\\/#website\"},\"primaryImageOfPage\":{\"@id\":\"https:\\\/\\\/www.fica.unsl.edu.ar\\\/index.php\\\/convocan-a-participar-del-programa-impact-ar-ciencia-y-tecnologia\\\/#primaryimage\"},\"image\":{\"@id\":\"https:\\\/\\\/www.fica.unsl.edu.ar\\\/index.php\\\/convocan-a-participar-del-programa-impact-ar-ciencia-y-tecnologia\\\/#primaryimage\"},\"thumbnailUrl\":\"https:\\\/\\\/www.fica.unsl.edu.ar\\\/wp-content\\\/uploads\\\/2021\\\/09\\\/convocatoria.jpg\",\"datePublished\":\"2021-09-13T13:00:32+00:00\",\"dateModified\":\"2021-09-13T13:12:06+00:00\",\"inLanguage\":\"es-AR\",\"potentialAction\":[{\"@type\":\"ReadAction\",\"target\":[\"https:\\\/\\\/www.fica.unsl.edu.ar\\\/index.php\\\/convocan-a-participar-del-programa-impact-ar-ciencia-y-tecnologia\\\/\"]}]},{\"@type\":\"ImageObject\",\"inLanguage\":\"es-AR\",\"@id\":\"https:\\\/\\\/www.fica.unsl.edu.ar\\\/index.php\\\/convocan-a-participar-del-programa-impact-ar-ciencia-y-tecnologia\\\/#primaryimage\",\"url\":\"https:\\\/\\\/www.fica.unsl.edu.ar\\\/wp-content\\\/uploads\\\/2021\\\/09\\\/convocatoria.jpg\",\"contentUrl\":\"https:\\\/\\\/www.fica.unsl.edu.ar\\\/wp-content\\\/uploads\\\/2021\\\/09\\\/convocatoria.jpg\",\"width\":1061,\"height\":600},{\"@type\":\"WebSite\",\"@id\":\"https:\\\/\\\/www.fica.unsl.edu.ar\\\/#website\",\"url\":\"https:\\\/\\\/www.fica.unsl.edu.ar\\\/\",\"name\":\"Facultad de Ingenier\u00eda y Ciencias Agropecuarias\",\"description\":\"\",\"publisher\":{\"@id\":\"https:\\\/\\\/www.fica.unsl.edu.ar\\\/#organization\"},\"potentialAction\":[{\"@type\":\"SearchAction\",\"target\":{\"@type\":\"EntryPoint\",\"urlTemplate\":\"https:\\\/\\\/www.fica.unsl.edu.ar\\\/?s={search_term_string}\"},\"query-input\":{\"@type\":\"PropertyValueSpecification\",\"valueRequired\":true,\"valueName\":\"search_term_string\"}}],\"inLanguage\":\"es-AR\"},{\"@type\":\"Organization\",\"@id\":\"https:\\\/\\\/www.fica.unsl.edu.ar\\\/#organization\",\"name\":\"Facultad de Ingenier\u00eda y Ciencias Agropecuarias\",\"url\":\"https:\\\/\\\/www.fica.unsl.edu.ar\\\/\",\"logo\":{\"@type\":\"ImageObject\",\"inLanguage\":\"es-AR\",\"@id\":\"https:\\\/\\\/www.fica.unsl.edu.ar\\\/#\\\/schema\\\/logo\\\/image\\\/\",\"url\":\"https:\\\/\\\/www.fica.unsl.edu.ar\\\/wp-content\\\/uploads\\\/2021\\\/03\\\/LOGO-1.jpg\",\"contentUrl\":\"https:\\\/\\\/www.fica.unsl.edu.ar\\\/wp-content\\\/uploads\\\/2021\\\/03\\\/LOGO-1.jpg\",\"width\":463,\"height\":145,\"caption\":\"Facultad de Ingenier\u00eda y Ciencias Agropecuarias\"},\"image\":{\"@id\":\"https:\\\/\\\/www.fica.unsl.edu.ar\\\/#\\\/schema\\\/logo\\\/image\\\/\"},\"sameAs\":[\"https:\\\/\\\/www.facebook.com\\\/FICA.UNSL\\\/\",\"https:\\\/\\\/x.com\\\/FICAUNSL\",\"https:\\\/\\\/www.instagram.com\\\/fica.unsl\\\/\",\"https:\\\/\\\/www.youtube.com\\\/channel\\\/UCs2MM53gb2PyBrMySdtWZDQ\"]},{\"@type\":\"Person\",\"@id\":\"https:\\\/\\\/www.fica.unsl.edu.ar\\\/#\\\/schema\\\/person\\\/6058f9c66301868d3a691b1f5d6c3544\",\"name\":\"DATI\"}]}<\/script>\n<!-- \/ Yoast SEO plugin. -->","yoast_head_json":{"title":"Convocan a participar del Programa \u00abImpaCT.AR Ciencia y Tecnolog\u00eda\u00bb - Facultad de Ingenier\u00eda y Ciencias Agropecuarias","robots":{"index":"index","follow":"follow","max-snippet":"max-snippet:-1","max-image-preview":"max-image-preview:large","max-video-preview":"max-video-preview:-1"},"canonical":"https:\/\/www.fica.unsl.edu.ar\/index.php\/convocan-a-participar-del-programa-impact-ar-ciencia-y-tecnologia\/","og_locale":"es_ES","og_type":"article","og_title":"Convocan a participar del Programa \u00abImpaCT.AR Ciencia y Tecnolog\u00eda\u00bb - Facultad de Ingenier\u00eda y Ciencias Agropecuarias","og_description":"El Programa tiene el prop\u00f3sito de promover proyectos de investigaci\u00f3n y desarrollo orientados a apoyar a organismos p\u00fablicos del Estado a encontrar soluciones a desaf\u00edos&hellip;","og_url":"https:\/\/www.fica.unsl.edu.ar\/index.php\/convocan-a-participar-del-programa-impact-ar-ciencia-y-tecnologia\/","og_site_name":"Facultad de Ingenier\u00eda y Ciencias Agropecuarias","article_publisher":"https:\/\/www.facebook.com\/FICA.UNSL\/","article_published_time":"2021-09-13T13:00:32+00:00","article_modified_time":"2021-09-13T13:12:06+00:00","og_image":[{"width":1061,"height":600,"url":"https:\/\/www.fica.unsl.edu.ar\/wp-content\/uploads\/2021\/09\/convocatoria.jpg","type":"image\/jpeg"}],"author":"DATI","twitter_card":"summary_large_image","twitter_creator":"@FICAUNSL","twitter_site":"@FICAUNSL","twitter_misc":{"Escrito por":"DATI","Tiempo de lectura":"2 minutos"},"schema":{"@context":"https:\/\/schema.org","@graph":[{"@type":"Article","@id":"https:\/\/www.fica.unsl.edu.ar\/index.php\/convocan-a-participar-del-programa-impact-ar-ciencia-y-tecnologia\/#article","isPartOf":{"@id":"https:\/\/www.fica.unsl.edu.ar\/index.php\/convocan-a-participar-del-programa-impact-ar-ciencia-y-tecnologia\/"},"author":{"name":"DATI","@id":"https:\/\/www.fica.unsl.edu.ar\/#\/schema\/person\/6058f9c66301868d3a691b1f5d6c3544"},"headline":"Convocan a participar del Programa \u00abImpaCT.AR Ciencia y Tecnolog\u00eda\u00bb","datePublished":"2021-09-13T13:00:32+00:00","dateModified":"2021-09-13T13:12:06+00:00","mainEntityOfPage":{"@id":"https:\/\/www.fica.unsl.edu.ar\/index.php\/convocan-a-participar-del-programa-impact-ar-ciencia-y-tecnologia\/"},"wordCount":382,"publisher":{"@id":"https:\/\/www.fica.unsl.edu.ar\/#organization"},"image":{"@id":"https:\/\/www.fica.unsl.edu.ar\/index.php\/convocan-a-participar-del-programa-impact-ar-ciencia-y-tecnologia\/#primaryimage"},"thumbnailUrl":"https:\/\/www.fica.unsl.edu.ar\/wp-content\/uploads\/2021\/09\/convocatoria.jpg","articleSection":["Noticias"],"inLanguage":"es-AR"},{"@type":"WebPage","@id":"https:\/\/www.fica.unsl.edu.ar\/index.php\/convocan-a-participar-del-programa-impact-ar-ciencia-y-tecnologia\/","url":"https:\/\/www.fica.unsl.edu.ar\/index.php\/convocan-a-participar-del-programa-impact-ar-ciencia-y-tecnologia\/","name":"Convocan a participar del Programa \u00abImpaCT.AR Ciencia y Tecnolog\u00eda\u00bb - Facultad de Ingenier\u00eda y Ciencias Agropecuarias","isPartOf":{"@id":"https:\/\/www.fica.unsl.edu.ar\/#website"},"primaryImageOfPage":{"@id":"https:\/\/www.fica.unsl.edu.ar\/index.php\/convocan-a-participar-del-programa-impact-ar-ciencia-y-tecnologia\/#primaryimage"},"image":{"@id":"https:\/\/www.fica.unsl.edu.ar\/index.php\/convocan-a-participar-del-programa-impact-ar-ciencia-y-tecnologia\/#primaryimage"},"thumbnailUrl":"https:\/\/www.fica.unsl.edu.ar\/wp-content\/uploads\/2021\/09\/convocatoria.jpg","datePublished":"2021-09-13T13:00:32+00:00","dateModified":"2021-09-13T13:12:06+00:00","inLanguage":"es-AR","potentialAction":[{"@type":"ReadAction","target":["https:\/\/www.fica.unsl.edu.ar\/index.php\/convocan-a-participar-del-programa-impact-ar-ciencia-y-tecnologia\/"]}]},{"@type":"ImageObject","inLanguage":"es-AR","@id":"https:\/\/www.fica.unsl.edu.ar\/index.php\/convocan-a-participar-del-programa-impact-ar-ciencia-y-tecnologia\/#primaryimage","url":"https:\/\/www.fica.unsl.edu.ar\/wp-content\/uploads\/2021\/09\/convocatoria.jpg","contentUrl":"https:\/\/www.fica.unsl.edu.ar\/wp-content\/uploads\/2021\/09\/convocatoria.jpg","width":1061,"height":600},{"@type":"WebSite","@id":"https:\/\/www.fica.unsl.edu.ar\/#website","url":"https:\/\/www.fica.unsl.edu.ar\/","name":"Facultad de Ingenier\u00eda y Ciencias Agropecuarias","description":"","publisher":{"@id":"https:\/\/www.fica.unsl.edu.ar\/#organization"},"potentialAction":[{"@type":"SearchAction","target":{"@type":"EntryPoint","urlTemplate":"https:\/\/www.fica.unsl.edu.ar\/?s={search_term_string}"},"query-input":{"@type":"PropertyValueSpecification","valueRequired":true,"valueName":"search_term_string"}}],"inLanguage":"es-AR"},{"@type":"Organization","@id":"https:\/\/www.fica.unsl.edu.ar\/#organization","name":"Facultad de Ingenier\u00eda y Ciencias Agropecuarias","url":"https:\/\/www.fica.unsl.edu.ar\/","logo":{"@type":"ImageObject","inLanguage":"es-AR","@id":"https:\/\/www.fica.unsl.edu.ar\/#\/schema\/logo\/image\/","url":"https:\/\/www.fica.unsl.edu.ar\/wp-content\/uploads\/2021\/03\/LOGO-1.jpg","contentUrl":"https:\/\/www.fica.unsl.edu.ar\/wp-content\/uploads\/2021\/03\/LOGO-1.jpg","width":463,"height":145,"caption":"Facultad de Ingenier\u00eda y Ciencias Agropecuarias"},"image":{"@id":"https:\/\/www.fica.unsl.edu.ar\/#\/schema\/logo\/image\/"},"sameAs":["https:\/\/www.facebook.com\/FICA.UNSL\/","https:\/\/x.com\/FICAUNSL","https:\/\/www.instagram.com\/fica.unsl\/","https:\/\/www.youtube.com\/channel\/UCs2MM53gb2PyBrMySdtWZDQ"]},{"@type":"Person","@id":"https:\/\/www.fica.unsl.edu.ar\/#\/schema\/person\/6058f9c66301868d3a691b1f5d6c3544","name":"DATI"}]}},"_links":{"self":[{"href":"https:\/\/www.fica.unsl.edu.ar\/index.php\/wp-json\/wp\/v2\/posts\/6594","targetHints":{"allow":["GET"]}}],"collection":[{"href":"https:\/\/www.fica.unsl.edu.ar\/index.php\/wp-json\/wp\/v2\/posts"}],"about":[{"href":"https:\/\/www.fica.unsl.edu.ar\/index.php\/wp-json\/wp\/v2\/types\/post"}],"author":[{"embeddable":true,"href":"https:\/\/www.fica.unsl.edu.ar\/index.php\/wp-json\/wp\/v2\/users\/9"}],"replies":[{"embeddable":true,"href":"https:\/\/www.fica.unsl.edu.ar\/index.php\/wp-json\/wp\/v2\/comments?post=6594"}],"version-history":[{"count":1,"href":"https:\/\/www.fica.unsl.edu.ar\/index.php\/wp-json\/wp\/v2\/posts\/6594\/revisions"}],"predecessor-version":[{"id":6595,"href":"https:\/\/www.fica.unsl.edu.ar\/index.php\/wp-json\/wp\/v2\/posts\/6594\/revisions\/6595"}],"wp:featuredmedia":[{"embeddable":true,"href":"https:\/\/www.fica.unsl.edu.ar\/index.php\/wp-json\/wp\/v2\/media\/6596"}],"wp:attachment":[{"href":"https:\/\/www.fica.unsl.edu.ar\/index.php\/wp-json\/wp\/v2\/media?parent=6594"}],"wp:term":[{"taxonomy":"category","embeddable":true,"href":"https:\/\/www.fica.unsl.edu.ar\/index.php\/wp-json\/wp\/v2\/categories?post=6594"},{"taxonomy":"post_tag","embeddable":true,"href":"https:\/\/www.fica.unsl.edu.ar\/index.php\/wp-json\/wp\/v2\/tags?post=6594"}],"curies":[{"name":"wp","href":"https:\/\/api.w.org\/{rel}","templated":true}]}}