{"id":6671,"date":"2021-09-23T10:12:22","date_gmt":"2021-09-23T13:12:22","guid":{"rendered":"http:\/\/10.101.10.196\/www\/?p=6671"},"modified":"2022-02-22T09:16:59","modified_gmt":"2022-02-22T12:16:59","slug":"la-unsl-distinguio-al-egresado-al-ing-franco-sosa","status":"publish","type":"post","link":"https:\/\/www.fica.unsl.edu.ar\/index.php\/la-unsl-distinguio-al-egresado-al-ing-franco-sosa\/","title":{"rendered":"La UNSL distingui\u00f3 al egresado Ing. Franco Sosa"},"content":{"rendered":"<p>Al mediod\u00eda del lunes 20 de septiembre, en el sal\u00f3n de los Escudos del Rectorado, se llev\u00f3 a cabo el acto de reconocimiento al reciente egresado de la FICA, Ing. Franco Sosa, en la que participaron el rector de la UNSL, C.P.N V\u00edctor Mori\u00f1igo, junto al Decano, Mag. Sergio Ribotta.<\/p>\n<p>Ante la presencia de familiares y amigos, Franco recibi\u00f3 mediante una entrega privada, su t\u00edtulo de Ingeniero Mecatr\u00f3nico y un diploma de suplente de escolta de la Bandera Argentina. Adem\u00e1s, el Rector le obsequio la obra completa de Antonio Esteban Ag\u00fcero de la Nueva Editorial Universitaria (NEU). \u201cNuestro producto final son nuestros\/as egresados\/as, no hay mejor promoci\u00f3n que tener un egresado que se destaque, para nosotros\/as es muy importante\u201d, expres\u00f3 el Rector destacando el empe\u00f1o y dedicaci\u00f3n del egresado por los logros obtenidos.<\/p>\n<p><img fetchpriority=\"high\" decoding=\"async\" class=\"aligncenter size-full wp-image-6673\" src=\"https:\/\/www.fica.unsl.edu.ar\/wp-content\/uploads\/2021\/09\/franco-sosa-03.jpg\" alt=\"\" width=\"1061\" height=\"600\" srcset=\"https:\/\/www.fica.unsl.edu.ar\/wp-content\/uploads\/2021\/09\/franco-sosa-03.jpg 1061w, https:\/\/www.fica.unsl.edu.ar\/wp-content\/uploads\/2021\/09\/franco-sosa-03-300x170.jpg 300w, https:\/\/www.fica.unsl.edu.ar\/wp-content\/uploads\/2021\/09\/franco-sosa-03-1024x579.jpg 1024w, https:\/\/www.fica.unsl.edu.ar\/wp-content\/uploads\/2021\/09\/franco-sosa-03-768x434.jpg 768w\" sizes=\"(max-width: 1061px) 100vw, 1061px\" \/><\/p>\n<p>Por su parte el Decano, Mag. Sergio Ribotta destac\u00f3 que este reconocimiento y entrega de diploma es una doble satisfacci\u00f3n, ya que ha tenido la oportunidad de ser docente de Franco a lo largo de su carrera universitaria. \u201cCada egresado es un embajador de la instituci\u00f3n en los diferentes \u00e1mbitos que se desempe\u00f1a. Realmente es un orgullo, aun m\u00e1s por los logros alcanzados por Franco, que nos posiciona como Universidad en el resto del pa\u00eds y demuestra el compromiso de la instituci\u00f3n en la formaci\u00f3n del egresado\u201d, puntualiz\u00f3 el Decano.<\/p>\n<p>Franco Sosa (24 a\u00f1os) actualmente cursa la maestr\u00eda en Ingenier\u00eda con Especializaci\u00f3n en Rob\u00f3tica y Control, en el Instituto Balseiro en Bariloche y trabaja para la empresa Niza SA. Integra el equipo multidisciplinario Spacebee Technologies, reciente ganador del desaf\u00edo Moon-Rover de la segunda edici\u00f3n de la competencia internacional Open Space, por el desarrollo de un prototipo de robot aut\u00f3nomo que podr\u00eda llegar a la luna en el 2024. El producto ganador cuenta con importantes patrocinadores entre los que se destacan: INVAP, Skyloom, Satellogic, Globant, Amazon Web Service.<\/p>\n<p><img decoding=\"async\" class=\"aligncenter size-full wp-image-6674\" src=\"https:\/\/www.fica.unsl.edu.ar\/wp-content\/uploads\/2021\/09\/franco-sosa-02.jpg\" alt=\"\" width=\"1061\" height=\"600\" srcset=\"https:\/\/www.fica.unsl.edu.ar\/wp-content\/uploads\/2021\/09\/franco-sosa-02.jpg 1061w, https:\/\/www.fica.unsl.edu.ar\/wp-content\/uploads\/2021\/09\/franco-sosa-02-300x170.jpg 300w, https:\/\/www.fica.unsl.edu.ar\/wp-content\/uploads\/2021\/09\/franco-sosa-02-1024x579.jpg 1024w, https:\/\/www.fica.unsl.edu.ar\/wp-content\/uploads\/2021\/09\/franco-sosa-02-768x434.jpg 768w\" sizes=\"(max-width: 1061px) 100vw, 1061px\" \/><\/p>\n<p>El ingeniero explic\u00f3 que en estos momentos est\u00e1n realizando el modelo de ingenier\u00eda y si todo funciona, podr\u00e1n enviar el prototipo del primer robot aut\u00f3nomo argentino en unos a\u00f1os. \u201cEs un gran logro para la industria espacial argentina\u201d, dijo.<\/p>\n","protected":false},"excerpt":{"rendered":"<p>Al mediod\u00eda del lunes 20 de septiembre, en el sal\u00f3n de los Escudos del Rectorado, se llev\u00f3 a cabo el acto de reconocimiento al reciente&hellip;<\/p>\n","protected":false},"author":9,"featured_media":6672,"comment_status":"closed","ping_status":"closed","sticky":false,"template":"","format":"standard","meta":{"_monsterinsights_skip_tracking":false,"_monsterinsights_sitenote_active":false,"_monsterinsights_sitenote_note":"","_monsterinsights_sitenote_category":0,"_joinchat":[],"footnotes":""},"categories":[19],"tags":[],"class_list":["post-6671","post","type-post","status-publish","format-standard","has-post-thumbnail","hentry","category-noticias"],"yoast_head":"<!-- This site is optimized with the Yoast SEO plugin v27.4 - https:\/\/yoast.com\/product\/yoast-seo-wordpress\/ -->\n<title>La UNSL distingui\u00f3 al egresado Ing. Franco Sosa - Facultad de Ingenier\u00eda y Ciencias Agropecuarias<\/title>\n<meta name=\"robots\" content=\"index, follow, max-snippet:-1, max-image-preview:large, max-video-preview:-1\" \/>\n<link rel=\"canonical\" href=\"https:\/\/www.fica.unsl.edu.ar\/index.php\/la-unsl-distinguio-al-egresado-al-ing-franco-sosa\/\" \/>\n<meta property=\"og:locale\" content=\"es_ES\" \/>\n<meta property=\"og:type\" content=\"article\" \/>\n<meta property=\"og:title\" content=\"La UNSL distingui\u00f3 al egresado Ing. Franco Sosa - Facultad de Ingenier\u00eda y Ciencias Agropecuarias\" \/>\n<meta property=\"og:description\" content=\"Al mediod\u00eda del lunes 20 de septiembre, en el sal\u00f3n de los Escudos del Rectorado, se llev\u00f3 a cabo el acto de reconocimiento al reciente&hellip;\" \/>\n<meta property=\"og:url\" content=\"https:\/\/www.fica.unsl.edu.ar\/index.php\/la-unsl-distinguio-al-egresado-al-ing-franco-sosa\/\" \/>\n<meta property=\"og:site_name\" content=\"Facultad de Ingenier\u00eda y Ciencias Agropecuarias\" \/>\n<meta property=\"article:publisher\" content=\"https:\/\/www.facebook.com\/FICA.UNSL\/\" \/>\n<meta property=\"article:published_time\" content=\"2021-09-23T13:12:22+00:00\" \/>\n<meta property=\"article:modified_time\" content=\"2022-02-22T12:16:59+00:00\" \/>\n<meta property=\"og:image\" content=\"https:\/\/www.fica.unsl.edu.ar\/wp-content\/uploads\/2021\/09\/franco-sosa.jpg\" \/>\n\t<meta property=\"og:image:width\" content=\"1061\" \/>\n\t<meta property=\"og:image:height\" content=\"600\" \/>\n\t<meta property=\"og:image:type\" content=\"image\/jpeg\" \/>\n<meta name=\"author\" content=\"DATI\" \/>\n<meta name=\"twitter:card\" content=\"summary_large_image\" \/>\n<meta name=\"twitter:creator\" content=\"@FICAUNSL\" \/>\n<meta name=\"twitter:site\" content=\"@FICAUNSL\" \/>\n<meta name=\"twitter:label1\" content=\"Escrito por\" \/>\n\t<meta name=\"twitter:data1\" content=\"DATI\" \/>\n\t<meta name=\"twitter:label2\" content=\"Tiempo de lectura\" \/>\n\t<meta name=\"twitter:data2\" content=\"2 minutos\" \/>\n<script type=\"application\/ld+json\" class=\"yoast-schema-graph\">{\"@context\":\"https:\\\/\\\/schema.org\",\"@graph\":[{\"@type\":\"Article\",\"@id\":\"https:\\\/\\\/www.fica.unsl.edu.ar\\\/index.php\\\/la-unsl-distinguio-al-egresado-al-ing-franco-sosa\\\/#article\",\"isPartOf\":{\"@id\":\"https:\\\/\\\/www.fica.unsl.edu.ar\\\/index.php\\\/la-unsl-distinguio-al-egresado-al-ing-franco-sosa\\\/\"},\"author\":{\"name\":\"DATI\",\"@id\":\"https:\\\/\\\/www.fica.unsl.edu.ar\\\/#\\\/schema\\\/person\\\/6058f9c66301868d3a691b1f5d6c3544\"},\"headline\":\"La UNSL distingui\u00f3 al egresado Ing. Franco Sosa\",\"datePublished\":\"2021-09-23T13:12:22+00:00\",\"dateModified\":\"2022-02-22T12:16:59+00:00\",\"mainEntityOfPage\":{\"@id\":\"https:\\\/\\\/www.fica.unsl.edu.ar\\\/index.php\\\/la-unsl-distinguio-al-egresado-al-ing-franco-sosa\\\/\"},\"wordCount\":391,\"publisher\":{\"@id\":\"https:\\\/\\\/www.fica.unsl.edu.ar\\\/#organization\"},\"image\":{\"@id\":\"https:\\\/\\\/www.fica.unsl.edu.ar\\\/index.php\\\/la-unsl-distinguio-al-egresado-al-ing-franco-sosa\\\/#primaryimage\"},\"thumbnailUrl\":\"https:\\\/\\\/www.fica.unsl.edu.ar\\\/wp-content\\\/uploads\\\/2021\\\/09\\\/franco-sosa.jpg\",\"articleSection\":[\"Noticias\"],\"inLanguage\":\"es-AR\"},{\"@type\":\"WebPage\",\"@id\":\"https:\\\/\\\/www.fica.unsl.edu.ar\\\/index.php\\\/la-unsl-distinguio-al-egresado-al-ing-franco-sosa\\\/\",\"url\":\"https:\\\/\\\/www.fica.unsl.edu.ar\\\/index.php\\\/la-unsl-distinguio-al-egresado-al-ing-franco-sosa\\\/\",\"name\":\"La UNSL distingui\u00f3 al egresado Ing. Franco Sosa - Facultad de Ingenier\u00eda y Ciencias Agropecuarias\",\"isPartOf\":{\"@id\":\"https:\\\/\\\/www.fica.unsl.edu.ar\\\/#website\"},\"primaryImageOfPage\":{\"@id\":\"https:\\\/\\\/www.fica.unsl.edu.ar\\\/index.php\\\/la-unsl-distinguio-al-egresado-al-ing-franco-sosa\\\/#primaryimage\"},\"image\":{\"@id\":\"https:\\\/\\\/www.fica.unsl.edu.ar\\\/index.php\\\/la-unsl-distinguio-al-egresado-al-ing-franco-sosa\\\/#primaryimage\"},\"thumbnailUrl\":\"https:\\\/\\\/www.fica.unsl.edu.ar\\\/wp-content\\\/uploads\\\/2021\\\/09\\\/franco-sosa.jpg\",\"datePublished\":\"2021-09-23T13:12:22+00:00\",\"dateModified\":\"2022-02-22T12:16:59+00:00\",\"inLanguage\":\"es-AR\",\"potentialAction\":[{\"@type\":\"ReadAction\",\"target\":[\"https:\\\/\\\/www.fica.unsl.edu.ar\\\/index.php\\\/la-unsl-distinguio-al-egresado-al-ing-franco-sosa\\\/\"]}]},{\"@type\":\"ImageObject\",\"inLanguage\":\"es-AR\",\"@id\":\"https:\\\/\\\/www.fica.unsl.edu.ar\\\/index.php\\\/la-unsl-distinguio-al-egresado-al-ing-franco-sosa\\\/#primaryimage\",\"url\":\"https:\\\/\\\/www.fica.unsl.edu.ar\\\/wp-content\\\/uploads\\\/2021\\\/09\\\/franco-sosa.jpg\",\"contentUrl\":\"https:\\\/\\\/www.fica.unsl.edu.ar\\\/wp-content\\\/uploads\\\/2021\\\/09\\\/franco-sosa.jpg\",\"width\":1061,\"height\":600},{\"@type\":\"WebSite\",\"@id\":\"https:\\\/\\\/www.fica.unsl.edu.ar\\\/#website\",\"url\":\"https:\\\/\\\/www.fica.unsl.edu.ar\\\/\",\"name\":\"Facultad de Ingenier\u00eda y Ciencias Agropecuarias\",\"description\":\"\",\"publisher\":{\"@id\":\"https:\\\/\\\/www.fica.unsl.edu.ar\\\/#organization\"},\"potentialAction\":[{\"@type\":\"SearchAction\",\"target\":{\"@type\":\"EntryPoint\",\"urlTemplate\":\"https:\\\/\\\/www.fica.unsl.edu.ar\\\/?s={search_term_string}\"},\"query-input\":{\"@type\":\"PropertyValueSpecification\",\"valueRequired\":true,\"valueName\":\"search_term_string\"}}],\"inLanguage\":\"es-AR\"},{\"@type\":\"Organization\",\"@id\":\"https:\\\/\\\/www.fica.unsl.edu.ar\\\/#organization\",\"name\":\"Facultad de Ingenier\u00eda y Ciencias Agropecuarias\",\"url\":\"https:\\\/\\\/www.fica.unsl.edu.ar\\\/\",\"logo\":{\"@type\":\"ImageObject\",\"inLanguage\":\"es-AR\",\"@id\":\"https:\\\/\\\/www.fica.unsl.edu.ar\\\/#\\\/schema\\\/logo\\\/image\\\/\",\"url\":\"https:\\\/\\\/www.fica.unsl.edu.ar\\\/wp-content\\\/uploads\\\/2021\\\/03\\\/LOGO-1.jpg\",\"contentUrl\":\"https:\\\/\\\/www.fica.unsl.edu.ar\\\/wp-content\\\/uploads\\\/2021\\\/03\\\/LOGO-1.jpg\",\"width\":463,\"height\":145,\"caption\":\"Facultad de Ingenier\u00eda y Ciencias Agropecuarias\"},\"image\":{\"@id\":\"https:\\\/\\\/www.fica.unsl.edu.ar\\\/#\\\/schema\\\/logo\\\/image\\\/\"},\"sameAs\":[\"https:\\\/\\\/www.facebook.com\\\/FICA.UNSL\\\/\",\"https:\\\/\\\/x.com\\\/FICAUNSL\",\"https:\\\/\\\/www.instagram.com\\\/fica.unsl\\\/\",\"https:\\\/\\\/www.youtube.com\\\/channel\\\/UCs2MM53gb2PyBrMySdtWZDQ\"]},{\"@type\":\"Person\",\"@id\":\"https:\\\/\\\/www.fica.unsl.edu.ar\\\/#\\\/schema\\\/person\\\/6058f9c66301868d3a691b1f5d6c3544\",\"name\":\"DATI\"}]}<\/script>\n<!-- \/ Yoast SEO plugin. -->","yoast_head_json":{"title":"La UNSL distingui\u00f3 al egresado Ing. Franco Sosa - Facultad de Ingenier\u00eda y Ciencias Agropecuarias","robots":{"index":"index","follow":"follow","max-snippet":"max-snippet:-1","max-image-preview":"max-image-preview:large","max-video-preview":"max-video-preview:-1"},"canonical":"https:\/\/www.fica.unsl.edu.ar\/index.php\/la-unsl-distinguio-al-egresado-al-ing-franco-sosa\/","og_locale":"es_ES","og_type":"article","og_title":"La UNSL distingui\u00f3 al egresado Ing. Franco Sosa - Facultad de Ingenier\u00eda y Ciencias Agropecuarias","og_description":"Al mediod\u00eda del lunes 20 de septiembre, en el sal\u00f3n de los Escudos del Rectorado, se llev\u00f3 a cabo el acto de reconocimiento al reciente&hellip;","og_url":"https:\/\/www.fica.unsl.edu.ar\/index.php\/la-unsl-distinguio-al-egresado-al-ing-franco-sosa\/","og_site_name":"Facultad de Ingenier\u00eda y Ciencias Agropecuarias","article_publisher":"https:\/\/www.facebook.com\/FICA.UNSL\/","article_published_time":"2021-09-23T13:12:22+00:00","article_modified_time":"2022-02-22T12:16:59+00:00","og_image":[{"width":1061,"height":600,"url":"https:\/\/www.fica.unsl.edu.ar\/wp-content\/uploads\/2021\/09\/franco-sosa.jpg","type":"image\/jpeg"}],"author":"DATI","twitter_card":"summary_large_image","twitter_creator":"@FICAUNSL","twitter_site":"@FICAUNSL","twitter_misc":{"Escrito por":"DATI","Tiempo de lectura":"2 minutos"},"schema":{"@context":"https:\/\/schema.org","@graph":[{"@type":"Article","@id":"https:\/\/www.fica.unsl.edu.ar\/index.php\/la-unsl-distinguio-al-egresado-al-ing-franco-sosa\/#article","isPartOf":{"@id":"https:\/\/www.fica.unsl.edu.ar\/index.php\/la-unsl-distinguio-al-egresado-al-ing-franco-sosa\/"},"author":{"name":"DATI","@id":"https:\/\/www.fica.unsl.edu.ar\/#\/schema\/person\/6058f9c66301868d3a691b1f5d6c3544"},"headline":"La UNSL distingui\u00f3 al egresado Ing. Franco Sosa","datePublished":"2021-09-23T13:12:22+00:00","dateModified":"2022-02-22T12:16:59+00:00","mainEntityOfPage":{"@id":"https:\/\/www.fica.unsl.edu.ar\/index.php\/la-unsl-distinguio-al-egresado-al-ing-franco-sosa\/"},"wordCount":391,"publisher":{"@id":"https:\/\/www.fica.unsl.edu.ar\/#organization"},"image":{"@id":"https:\/\/www.fica.unsl.edu.ar\/index.php\/la-unsl-distinguio-al-egresado-al-ing-franco-sosa\/#primaryimage"},"thumbnailUrl":"https:\/\/www.fica.unsl.edu.ar\/wp-content\/uploads\/2021\/09\/franco-sosa.jpg","articleSection":["Noticias"],"inLanguage":"es-AR"},{"@type":"WebPage","@id":"https:\/\/www.fica.unsl.edu.ar\/index.php\/la-unsl-distinguio-al-egresado-al-ing-franco-sosa\/","url":"https:\/\/www.fica.unsl.edu.ar\/index.php\/la-unsl-distinguio-al-egresado-al-ing-franco-sosa\/","name":"La UNSL distingui\u00f3 al egresado Ing. Franco Sosa - Facultad de Ingenier\u00eda y Ciencias Agropecuarias","isPartOf":{"@id":"https:\/\/www.fica.unsl.edu.ar\/#website"},"primaryImageOfPage":{"@id":"https:\/\/www.fica.unsl.edu.ar\/index.php\/la-unsl-distinguio-al-egresado-al-ing-franco-sosa\/#primaryimage"},"image":{"@id":"https:\/\/www.fica.unsl.edu.ar\/index.php\/la-unsl-distinguio-al-egresado-al-ing-franco-sosa\/#primaryimage"},"thumbnailUrl":"https:\/\/www.fica.unsl.edu.ar\/wp-content\/uploads\/2021\/09\/franco-sosa.jpg","datePublished":"2021-09-23T13:12:22+00:00","dateModified":"2022-02-22T12:16:59+00:00","inLanguage":"es-AR","potentialAction":[{"@type":"ReadAction","target":["https:\/\/www.fica.unsl.edu.ar\/index.php\/la-unsl-distinguio-al-egresado-al-ing-franco-sosa\/"]}]},{"@type":"ImageObject","inLanguage":"es-AR","@id":"https:\/\/www.fica.unsl.edu.ar\/index.php\/la-unsl-distinguio-al-egresado-al-ing-franco-sosa\/#primaryimage","url":"https:\/\/www.fica.unsl.edu.ar\/wp-content\/uploads\/2021\/09\/franco-sosa.jpg","contentUrl":"https:\/\/www.fica.unsl.edu.ar\/wp-content\/uploads\/2021\/09\/franco-sosa.jpg","width":1061,"height":600},{"@type":"WebSite","@id":"https:\/\/www.fica.unsl.edu.ar\/#website","url":"https:\/\/www.fica.unsl.edu.ar\/","name":"Facultad de Ingenier\u00eda y Ciencias Agropecuarias","description":"","publisher":{"@id":"https:\/\/www.fica.unsl.edu.ar\/#organization"},"potentialAction":[{"@type":"SearchAction","target":{"@type":"EntryPoint","urlTemplate":"https:\/\/www.fica.unsl.edu.ar\/?s={search_term_string}"},"query-input":{"@type":"PropertyValueSpecification","valueRequired":true,"valueName":"search_term_string"}}],"inLanguage":"es-AR"},{"@type":"Organization","@id":"https:\/\/www.fica.unsl.edu.ar\/#organization","name":"Facultad de Ingenier\u00eda y Ciencias Agropecuarias","url":"https:\/\/www.fica.unsl.edu.ar\/","logo":{"@type":"ImageObject","inLanguage":"es-AR","@id":"https:\/\/www.fica.unsl.edu.ar\/#\/schema\/logo\/image\/","url":"https:\/\/www.fica.unsl.edu.ar\/wp-content\/uploads\/2021\/03\/LOGO-1.jpg","contentUrl":"https:\/\/www.fica.unsl.edu.ar\/wp-content\/uploads\/2021\/03\/LOGO-1.jpg","width":463,"height":145,"caption":"Facultad de Ingenier\u00eda y Ciencias Agropecuarias"},"image":{"@id":"https:\/\/www.fica.unsl.edu.ar\/#\/schema\/logo\/image\/"},"sameAs":["https:\/\/www.facebook.com\/FICA.UNSL\/","https:\/\/x.com\/FICAUNSL","https:\/\/www.instagram.com\/fica.unsl\/","https:\/\/www.youtube.com\/channel\/UCs2MM53gb2PyBrMySdtWZDQ"]},{"@type":"Person","@id":"https:\/\/www.fica.unsl.edu.ar\/#\/schema\/person\/6058f9c66301868d3a691b1f5d6c3544","name":"DATI"}]}},"_links":{"self":[{"href":"https:\/\/www.fica.unsl.edu.ar\/index.php\/wp-json\/wp\/v2\/posts\/6671","targetHints":{"allow":["GET"]}}],"collection":[{"href":"https:\/\/www.fica.unsl.edu.ar\/index.php\/wp-json\/wp\/v2\/posts"}],"about":[{"href":"https:\/\/www.fica.unsl.edu.ar\/index.php\/wp-json\/wp\/v2\/types\/post"}],"author":[{"embeddable":true,"href":"https:\/\/www.fica.unsl.edu.ar\/index.php\/wp-json\/wp\/v2\/users\/9"}],"replies":[{"embeddable":true,"href":"https:\/\/www.fica.unsl.edu.ar\/index.php\/wp-json\/wp\/v2\/comments?post=6671"}],"version-history":[{"count":5,"href":"https:\/\/www.fica.unsl.edu.ar\/index.php\/wp-json\/wp\/v2\/posts\/6671\/revisions"}],"predecessor-version":[{"id":6730,"href":"https:\/\/www.fica.unsl.edu.ar\/index.php\/wp-json\/wp\/v2\/posts\/6671\/revisions\/6730"}],"wp:featuredmedia":[{"embeddable":true,"href":"https:\/\/www.fica.unsl.edu.ar\/index.php\/wp-json\/wp\/v2\/media\/6672"}],"wp:attachment":[{"href":"https:\/\/www.fica.unsl.edu.ar\/index.php\/wp-json\/wp\/v2\/media?parent=6671"}],"wp:term":[{"taxonomy":"category","embeddable":true,"href":"https:\/\/www.fica.unsl.edu.ar\/index.php\/wp-json\/wp\/v2\/categories?post=6671"},{"taxonomy":"post_tag","embeddable":true,"href":"https:\/\/www.fica.unsl.edu.ar\/index.php\/wp-json\/wp\/v2\/tags?post=6671"}],"curies":[{"name":"wp","href":"https:\/\/api.w.org\/{rel}","templated":true}]}}