{"id":6724,"date":"2021-09-23T12:26:50","date_gmt":"2021-09-23T15:26:50","guid":{"rendered":"http:\/\/10.101.10.196\/www\/?p=6724"},"modified":"2021-09-23T12:29:27","modified_gmt":"2021-09-23T15:29:27","slug":"se-firmo-el-financiamiento-de-60-cargos-nodocentes","status":"publish","type":"post","link":"https:\/\/www.fica.unsl.edu.ar\/index.php\/se-firmo-el-financiamiento-de-60-cargos-nodocentes\/","title":{"rendered":"Se firm\u00f3 el financiamiento de 60 cargos Nodocentes"},"content":{"rendered":"<p>La partida presupuestaria permitir\u00e1 incorporar a la planta permanente a 60 trabajadores\/as contratados\/as Nodocentes. Participaron de la r\u00fabrica el rector de la Universidad Nacional de San Luis (UNSL) C.P.N V\u00edctor Mori\u00f1igo, el Ministro de Educaci\u00f3n de la Naci\u00f3n Jaime Perczyk y Walter Merkis por la Federaci\u00f3n Argentina de Trabajadores de Universidades Nacionales (FATUN).<\/p>\n<p>La actividad fue planificada hace 15 d\u00edas, y pudo mantenerse a pesar de los cambios en el Gabinete Nacional. \u00abQue se hubiera mantenido despu\u00e9s de lo que pas\u00f3 en el pa\u00eds la semana pasada es muy importante para las universidades\u00bb, expres\u00f3 Mori\u00f1igo destacando la importancia para las Instituciones de Educaci\u00f3n Superior de que el ex Secretario de Pol\u00edticas Universitarias (SPU) fuera designado como Ministro de Educaci\u00f3n del pa\u00eds.<\/p>\n<p>En cuanto a la firma, el Rector expres\u00f3 que para el interior de la UNSL es muy importante contar con el financiamiento de 60 cargos que se efectuar\u00e1n en los pr\u00f3ximos d\u00edas y otros 60 cargos en el mes de abril. \u00abCon eso solucionamos la situaci\u00f3n laboral de 120 personas, casi la mitad de los\/as contratados\/as que tiene la UNSL\u00bb, dijo.<\/p>\n<p><img fetchpriority=\"high\" decoding=\"async\" class=\"aligncenter size-full wp-image-6726\" src=\"https:\/\/www.fica.unsl.edu.ar\/wp-content\/uploads\/2021\/09\/rector-firma.jpeg\" alt=\"\" width=\"1000\" height=\"750\" srcset=\"https:\/\/www.fica.unsl.edu.ar\/wp-content\/uploads\/2021\/09\/rector-firma.jpeg 1000w, https:\/\/www.fica.unsl.edu.ar\/wp-content\/uploads\/2021\/09\/rector-firma-300x225.jpeg 300w, https:\/\/www.fica.unsl.edu.ar\/wp-content\/uploads\/2021\/09\/rector-firma-768x576.jpeg 768w\" sizes=\"(max-width: 1000px) 100vw, 1000px\" \/><\/p>\n<p>Adem\u00e1s rescat\u00f3 que uno de los objetivos asumidos en el 2019 fue que la totalidad del personal contratado pueda llegar a planta, sobre esto agreg\u00f3: \u00abCon dos (2) a\u00f1os transcurridos y en plena pandemia, haber solucionado casi la mitad de los cargos hace que estemos muy contentos de poder premiar y destacar el trabajo de los\/as nodocentes\u00bb. Adem\u00e1s, manifest\u00f3 que se continuar\u00e1 trabajando para poder conseguir financiamientos y lograr as\u00ed la soluci\u00f3n total de la situaci\u00f3n laboral del personal contratado.<\/p>\n<p>Finalmente, agradeci\u00f3 al secretario General de la FATUN, Walter Merkis por haber iniciado las gestiones y al Ministerio de Educaci\u00f3n.<\/p>\n","protected":false},"excerpt":{"rendered":"<p>La partida presupuestaria permitir\u00e1 incorporar a la planta permanente a 60 trabajadores\/as contratados\/as Nodocentes. Participaron de la r\u00fabrica el rector de la Universidad Nacional de&hellip;<\/p>\n","protected":false},"author":9,"featured_media":6725,"comment_status":"closed","ping_status":"closed","sticky":false,"template":"","format":"standard","meta":{"_monsterinsights_skip_tracking":false,"_monsterinsights_sitenote_active":false,"_monsterinsights_sitenote_note":"","_monsterinsights_sitenote_category":0,"_joinchat":[],"footnotes":""},"categories":[19],"tags":[],"class_list":["post-6724","post","type-post","status-publish","format-standard","has-post-thumbnail","hentry","category-noticias"],"yoast_head":"<!-- This site is optimized with the Yoast SEO plugin v27.4 - https:\/\/yoast.com\/product\/yoast-seo-wordpress\/ -->\n<title>Se firm\u00f3 el financiamiento de 60 cargos Nodocentes - Facultad de Ingenier\u00eda y Ciencias Agropecuarias<\/title>\n<meta name=\"robots\" content=\"index, follow, max-snippet:-1, max-image-preview:large, max-video-preview:-1\" \/>\n<link rel=\"canonical\" href=\"https:\/\/www.fica.unsl.edu.ar\/index.php\/se-firmo-el-financiamiento-de-60-cargos-nodocentes\/\" \/>\n<meta property=\"og:locale\" content=\"es_ES\" \/>\n<meta property=\"og:type\" content=\"article\" \/>\n<meta property=\"og:title\" content=\"Se firm\u00f3 el financiamiento de 60 cargos Nodocentes - Facultad de Ingenier\u00eda y Ciencias Agropecuarias\" \/>\n<meta property=\"og:description\" content=\"La partida presupuestaria permitir\u00e1 incorporar a la planta permanente a 60 trabajadores\/as contratados\/as Nodocentes. Participaron de la r\u00fabrica el rector de la Universidad Nacional de&hellip;\" \/>\n<meta property=\"og:url\" content=\"https:\/\/www.fica.unsl.edu.ar\/index.php\/se-firmo-el-financiamiento-de-60-cargos-nodocentes\/\" \/>\n<meta property=\"og:site_name\" content=\"Facultad de Ingenier\u00eda y Ciencias Agropecuarias\" \/>\n<meta property=\"article:publisher\" content=\"https:\/\/www.facebook.com\/FICA.UNSL\/\" \/>\n<meta property=\"article:published_time\" content=\"2021-09-23T15:26:50+00:00\" \/>\n<meta property=\"article:modified_time\" content=\"2021-09-23T15:29:27+00:00\" \/>\n<meta property=\"og:image\" content=\"https:\/\/www.fica.unsl.edu.ar\/wp-content\/uploads\/2021\/09\/210603-Rectorado-Cartel-y-Cajero-17-7-1000x600-1.jpg\" \/>\n\t<meta property=\"og:image:width\" content=\"1000\" \/>\n\t<meta property=\"og:image:height\" content=\"600\" \/>\n\t<meta property=\"og:image:type\" content=\"image\/jpeg\" \/>\n<meta name=\"author\" content=\"DATI\" \/>\n<meta name=\"twitter:card\" content=\"summary_large_image\" \/>\n<meta name=\"twitter:creator\" content=\"@FICAUNSL\" \/>\n<meta name=\"twitter:site\" content=\"@FICAUNSL\" \/>\n<meta name=\"twitter:label1\" content=\"Escrito por\" \/>\n\t<meta name=\"twitter:data1\" content=\"DATI\" \/>\n\t<meta name=\"twitter:label2\" content=\"Tiempo de lectura\" \/>\n\t<meta name=\"twitter:data2\" content=\"2 minutos\" \/>\n<script type=\"application\/ld+json\" class=\"yoast-schema-graph\">{\"@context\":\"https:\\\/\\\/schema.org\",\"@graph\":[{\"@type\":\"Article\",\"@id\":\"https:\\\/\\\/www.fica.unsl.edu.ar\\\/index.php\\\/se-firmo-el-financiamiento-de-60-cargos-nodocentes\\\/#article\",\"isPartOf\":{\"@id\":\"https:\\\/\\\/www.fica.unsl.edu.ar\\\/index.php\\\/se-firmo-el-financiamiento-de-60-cargos-nodocentes\\\/\"},\"author\":{\"name\":\"DATI\",\"@id\":\"https:\\\/\\\/www.fica.unsl.edu.ar\\\/#\\\/schema\\\/person\\\/6058f9c66301868d3a691b1f5d6c3544\"},\"headline\":\"Se firm\u00f3 el financiamiento de 60 cargos Nodocentes\",\"datePublished\":\"2021-09-23T15:26:50+00:00\",\"dateModified\":\"2021-09-23T15:29:27+00:00\",\"mainEntityOfPage\":{\"@id\":\"https:\\\/\\\/www.fica.unsl.edu.ar\\\/index.php\\\/se-firmo-el-financiamiento-de-60-cargos-nodocentes\\\/\"},\"wordCount\":313,\"publisher\":{\"@id\":\"https:\\\/\\\/www.fica.unsl.edu.ar\\\/#organization\"},\"image\":{\"@id\":\"https:\\\/\\\/www.fica.unsl.edu.ar\\\/index.php\\\/se-firmo-el-financiamiento-de-60-cargos-nodocentes\\\/#primaryimage\"},\"thumbnailUrl\":\"https:\\\/\\\/www.fica.unsl.edu.ar\\\/wp-content\\\/uploads\\\/2021\\\/09\\\/210603-Rectorado-Cartel-y-Cajero-17-7-1000x600-1.jpg\",\"articleSection\":[\"Noticias\"],\"inLanguage\":\"es-AR\"},{\"@type\":\"WebPage\",\"@id\":\"https:\\\/\\\/www.fica.unsl.edu.ar\\\/index.php\\\/se-firmo-el-financiamiento-de-60-cargos-nodocentes\\\/\",\"url\":\"https:\\\/\\\/www.fica.unsl.edu.ar\\\/index.php\\\/se-firmo-el-financiamiento-de-60-cargos-nodocentes\\\/\",\"name\":\"Se firm\u00f3 el financiamiento de 60 cargos Nodocentes - Facultad de Ingenier\u00eda y Ciencias Agropecuarias\",\"isPartOf\":{\"@id\":\"https:\\\/\\\/www.fica.unsl.edu.ar\\\/#website\"},\"primaryImageOfPage\":{\"@id\":\"https:\\\/\\\/www.fica.unsl.edu.ar\\\/index.php\\\/se-firmo-el-financiamiento-de-60-cargos-nodocentes\\\/#primaryimage\"},\"image\":{\"@id\":\"https:\\\/\\\/www.fica.unsl.edu.ar\\\/index.php\\\/se-firmo-el-financiamiento-de-60-cargos-nodocentes\\\/#primaryimage\"},\"thumbnailUrl\":\"https:\\\/\\\/www.fica.unsl.edu.ar\\\/wp-content\\\/uploads\\\/2021\\\/09\\\/210603-Rectorado-Cartel-y-Cajero-17-7-1000x600-1.jpg\",\"datePublished\":\"2021-09-23T15:26:50+00:00\",\"dateModified\":\"2021-09-23T15:29:27+00:00\",\"inLanguage\":\"es-AR\",\"potentialAction\":[{\"@type\":\"ReadAction\",\"target\":[\"https:\\\/\\\/www.fica.unsl.edu.ar\\\/index.php\\\/se-firmo-el-financiamiento-de-60-cargos-nodocentes\\\/\"]}]},{\"@type\":\"ImageObject\",\"inLanguage\":\"es-AR\",\"@id\":\"https:\\\/\\\/www.fica.unsl.edu.ar\\\/index.php\\\/se-firmo-el-financiamiento-de-60-cargos-nodocentes\\\/#primaryimage\",\"url\":\"https:\\\/\\\/www.fica.unsl.edu.ar\\\/wp-content\\\/uploads\\\/2021\\\/09\\\/210603-Rectorado-Cartel-y-Cajero-17-7-1000x600-1.jpg\",\"contentUrl\":\"https:\\\/\\\/www.fica.unsl.edu.ar\\\/wp-content\\\/uploads\\\/2021\\\/09\\\/210603-Rectorado-Cartel-y-Cajero-17-7-1000x600-1.jpg\",\"width\":1000,\"height\":600},{\"@type\":\"WebSite\",\"@id\":\"https:\\\/\\\/www.fica.unsl.edu.ar\\\/#website\",\"url\":\"https:\\\/\\\/www.fica.unsl.edu.ar\\\/\",\"name\":\"Facultad de Ingenier\u00eda y Ciencias Agropecuarias\",\"description\":\"\",\"publisher\":{\"@id\":\"https:\\\/\\\/www.fica.unsl.edu.ar\\\/#organization\"},\"potentialAction\":[{\"@type\":\"SearchAction\",\"target\":{\"@type\":\"EntryPoint\",\"urlTemplate\":\"https:\\\/\\\/www.fica.unsl.edu.ar\\\/?s={search_term_string}\"},\"query-input\":{\"@type\":\"PropertyValueSpecification\",\"valueRequired\":true,\"valueName\":\"search_term_string\"}}],\"inLanguage\":\"es-AR\"},{\"@type\":\"Organization\",\"@id\":\"https:\\\/\\\/www.fica.unsl.edu.ar\\\/#organization\",\"name\":\"Facultad de Ingenier\u00eda y Ciencias Agropecuarias\",\"url\":\"https:\\\/\\\/www.fica.unsl.edu.ar\\\/\",\"logo\":{\"@type\":\"ImageObject\",\"inLanguage\":\"es-AR\",\"@id\":\"https:\\\/\\\/www.fica.unsl.edu.ar\\\/#\\\/schema\\\/logo\\\/image\\\/\",\"url\":\"https:\\\/\\\/www.fica.unsl.edu.ar\\\/wp-content\\\/uploads\\\/2021\\\/03\\\/LOGO-1.jpg\",\"contentUrl\":\"https:\\\/\\\/www.fica.unsl.edu.ar\\\/wp-content\\\/uploads\\\/2021\\\/03\\\/LOGO-1.jpg\",\"width\":463,\"height\":145,\"caption\":\"Facultad de Ingenier\u00eda y Ciencias Agropecuarias\"},\"image\":{\"@id\":\"https:\\\/\\\/www.fica.unsl.edu.ar\\\/#\\\/schema\\\/logo\\\/image\\\/\"},\"sameAs\":[\"https:\\\/\\\/www.facebook.com\\\/FICA.UNSL\\\/\",\"https:\\\/\\\/x.com\\\/FICAUNSL\",\"https:\\\/\\\/www.instagram.com\\\/fica.unsl\\\/\",\"https:\\\/\\\/www.youtube.com\\\/channel\\\/UCs2MM53gb2PyBrMySdtWZDQ\"]},{\"@type\":\"Person\",\"@id\":\"https:\\\/\\\/www.fica.unsl.edu.ar\\\/#\\\/schema\\\/person\\\/6058f9c66301868d3a691b1f5d6c3544\",\"name\":\"DATI\"}]}<\/script>\n<!-- \/ Yoast SEO plugin. -->","yoast_head_json":{"title":"Se firm\u00f3 el financiamiento de 60 cargos Nodocentes - Facultad de Ingenier\u00eda y Ciencias Agropecuarias","robots":{"index":"index","follow":"follow","max-snippet":"max-snippet:-1","max-image-preview":"max-image-preview:large","max-video-preview":"max-video-preview:-1"},"canonical":"https:\/\/www.fica.unsl.edu.ar\/index.php\/se-firmo-el-financiamiento-de-60-cargos-nodocentes\/","og_locale":"es_ES","og_type":"article","og_title":"Se firm\u00f3 el financiamiento de 60 cargos Nodocentes - Facultad de Ingenier\u00eda y Ciencias Agropecuarias","og_description":"La partida presupuestaria permitir\u00e1 incorporar a la planta permanente a 60 trabajadores\/as contratados\/as Nodocentes. Participaron de la r\u00fabrica el rector de la Universidad Nacional de&hellip;","og_url":"https:\/\/www.fica.unsl.edu.ar\/index.php\/se-firmo-el-financiamiento-de-60-cargos-nodocentes\/","og_site_name":"Facultad de Ingenier\u00eda y Ciencias Agropecuarias","article_publisher":"https:\/\/www.facebook.com\/FICA.UNSL\/","article_published_time":"2021-09-23T15:26:50+00:00","article_modified_time":"2021-09-23T15:29:27+00:00","og_image":[{"width":1000,"height":600,"url":"https:\/\/www.fica.unsl.edu.ar\/wp-content\/uploads\/2021\/09\/210603-Rectorado-Cartel-y-Cajero-17-7-1000x600-1.jpg","type":"image\/jpeg"}],"author":"DATI","twitter_card":"summary_large_image","twitter_creator":"@FICAUNSL","twitter_site":"@FICAUNSL","twitter_misc":{"Escrito por":"DATI","Tiempo de lectura":"2 minutos"},"schema":{"@context":"https:\/\/schema.org","@graph":[{"@type":"Article","@id":"https:\/\/www.fica.unsl.edu.ar\/index.php\/se-firmo-el-financiamiento-de-60-cargos-nodocentes\/#article","isPartOf":{"@id":"https:\/\/www.fica.unsl.edu.ar\/index.php\/se-firmo-el-financiamiento-de-60-cargos-nodocentes\/"},"author":{"name":"DATI","@id":"https:\/\/www.fica.unsl.edu.ar\/#\/schema\/person\/6058f9c66301868d3a691b1f5d6c3544"},"headline":"Se firm\u00f3 el financiamiento de 60 cargos Nodocentes","datePublished":"2021-09-23T15:26:50+00:00","dateModified":"2021-09-23T15:29:27+00:00","mainEntityOfPage":{"@id":"https:\/\/www.fica.unsl.edu.ar\/index.php\/se-firmo-el-financiamiento-de-60-cargos-nodocentes\/"},"wordCount":313,"publisher":{"@id":"https:\/\/www.fica.unsl.edu.ar\/#organization"},"image":{"@id":"https:\/\/www.fica.unsl.edu.ar\/index.php\/se-firmo-el-financiamiento-de-60-cargos-nodocentes\/#primaryimage"},"thumbnailUrl":"https:\/\/www.fica.unsl.edu.ar\/wp-content\/uploads\/2021\/09\/210603-Rectorado-Cartel-y-Cajero-17-7-1000x600-1.jpg","articleSection":["Noticias"],"inLanguage":"es-AR"},{"@type":"WebPage","@id":"https:\/\/www.fica.unsl.edu.ar\/index.php\/se-firmo-el-financiamiento-de-60-cargos-nodocentes\/","url":"https:\/\/www.fica.unsl.edu.ar\/index.php\/se-firmo-el-financiamiento-de-60-cargos-nodocentes\/","name":"Se firm\u00f3 el financiamiento de 60 cargos Nodocentes - Facultad de Ingenier\u00eda y Ciencias Agropecuarias","isPartOf":{"@id":"https:\/\/www.fica.unsl.edu.ar\/#website"},"primaryImageOfPage":{"@id":"https:\/\/www.fica.unsl.edu.ar\/index.php\/se-firmo-el-financiamiento-de-60-cargos-nodocentes\/#primaryimage"},"image":{"@id":"https:\/\/www.fica.unsl.edu.ar\/index.php\/se-firmo-el-financiamiento-de-60-cargos-nodocentes\/#primaryimage"},"thumbnailUrl":"https:\/\/www.fica.unsl.edu.ar\/wp-content\/uploads\/2021\/09\/210603-Rectorado-Cartel-y-Cajero-17-7-1000x600-1.jpg","datePublished":"2021-09-23T15:26:50+00:00","dateModified":"2021-09-23T15:29:27+00:00","inLanguage":"es-AR","potentialAction":[{"@type":"ReadAction","target":["https:\/\/www.fica.unsl.edu.ar\/index.php\/se-firmo-el-financiamiento-de-60-cargos-nodocentes\/"]}]},{"@type":"ImageObject","inLanguage":"es-AR","@id":"https:\/\/www.fica.unsl.edu.ar\/index.php\/se-firmo-el-financiamiento-de-60-cargos-nodocentes\/#primaryimage","url":"https:\/\/www.fica.unsl.edu.ar\/wp-content\/uploads\/2021\/09\/210603-Rectorado-Cartel-y-Cajero-17-7-1000x600-1.jpg","contentUrl":"https:\/\/www.fica.unsl.edu.ar\/wp-content\/uploads\/2021\/09\/210603-Rectorado-Cartel-y-Cajero-17-7-1000x600-1.jpg","width":1000,"height":600},{"@type":"WebSite","@id":"https:\/\/www.fica.unsl.edu.ar\/#website","url":"https:\/\/www.fica.unsl.edu.ar\/","name":"Facultad de Ingenier\u00eda y Ciencias Agropecuarias","description":"","publisher":{"@id":"https:\/\/www.fica.unsl.edu.ar\/#organization"},"potentialAction":[{"@type":"SearchAction","target":{"@type":"EntryPoint","urlTemplate":"https:\/\/www.fica.unsl.edu.ar\/?s={search_term_string}"},"query-input":{"@type":"PropertyValueSpecification","valueRequired":true,"valueName":"search_term_string"}}],"inLanguage":"es-AR"},{"@type":"Organization","@id":"https:\/\/www.fica.unsl.edu.ar\/#organization","name":"Facultad de Ingenier\u00eda y Ciencias Agropecuarias","url":"https:\/\/www.fica.unsl.edu.ar\/","logo":{"@type":"ImageObject","inLanguage":"es-AR","@id":"https:\/\/www.fica.unsl.edu.ar\/#\/schema\/logo\/image\/","url":"https:\/\/www.fica.unsl.edu.ar\/wp-content\/uploads\/2021\/03\/LOGO-1.jpg","contentUrl":"https:\/\/www.fica.unsl.edu.ar\/wp-content\/uploads\/2021\/03\/LOGO-1.jpg","width":463,"height":145,"caption":"Facultad de Ingenier\u00eda y Ciencias Agropecuarias"},"image":{"@id":"https:\/\/www.fica.unsl.edu.ar\/#\/schema\/logo\/image\/"},"sameAs":["https:\/\/www.facebook.com\/FICA.UNSL\/","https:\/\/x.com\/FICAUNSL","https:\/\/www.instagram.com\/fica.unsl\/","https:\/\/www.youtube.com\/channel\/UCs2MM53gb2PyBrMySdtWZDQ"]},{"@type":"Person","@id":"https:\/\/www.fica.unsl.edu.ar\/#\/schema\/person\/6058f9c66301868d3a691b1f5d6c3544","name":"DATI"}]}},"_links":{"self":[{"href":"https:\/\/www.fica.unsl.edu.ar\/index.php\/wp-json\/wp\/v2\/posts\/6724","targetHints":{"allow":["GET"]}}],"collection":[{"href":"https:\/\/www.fica.unsl.edu.ar\/index.php\/wp-json\/wp\/v2\/posts"}],"about":[{"href":"https:\/\/www.fica.unsl.edu.ar\/index.php\/wp-json\/wp\/v2\/types\/post"}],"author":[{"embeddable":true,"href":"https:\/\/www.fica.unsl.edu.ar\/index.php\/wp-json\/wp\/v2\/users\/9"}],"replies":[{"embeddable":true,"href":"https:\/\/www.fica.unsl.edu.ar\/index.php\/wp-json\/wp\/v2\/comments?post=6724"}],"version-history":[{"count":2,"href":"https:\/\/www.fica.unsl.edu.ar\/index.php\/wp-json\/wp\/v2\/posts\/6724\/revisions"}],"predecessor-version":[{"id":6728,"href":"https:\/\/www.fica.unsl.edu.ar\/index.php\/wp-json\/wp\/v2\/posts\/6724\/revisions\/6728"}],"wp:featuredmedia":[{"embeddable":true,"href":"https:\/\/www.fica.unsl.edu.ar\/index.php\/wp-json\/wp\/v2\/media\/6725"}],"wp:attachment":[{"href":"https:\/\/www.fica.unsl.edu.ar\/index.php\/wp-json\/wp\/v2\/media?parent=6724"}],"wp:term":[{"taxonomy":"category","embeddable":true,"href":"https:\/\/www.fica.unsl.edu.ar\/index.php\/wp-json\/wp\/v2\/categories?post=6724"},{"taxonomy":"post_tag","embeddable":true,"href":"https:\/\/www.fica.unsl.edu.ar\/index.php\/wp-json\/wp\/v2\/tags?post=6724"}],"curies":[{"name":"wp","href":"https:\/\/api.w.org\/{rel}","templated":true}]}}