{"id":6759,"date":"2021-09-29T11:59:58","date_gmt":"2021-09-29T14:59:58","guid":{"rendered":"http:\/\/10.101.10.196\/www\/?p=6759"},"modified":"2022-02-22T09:16:56","modified_gmt":"2022-02-22T12:16:56","slug":"distinguieron-a-personal-de-la-comunidad-universitaria","status":"publish","type":"post","link":"https:\/\/www.fica.unsl.edu.ar\/index.php\/distinguieron-a-personal-de-la-comunidad-universitaria\/","title":{"rendered":"Distinguieron a personal de la comunidad universitaria"},"content":{"rendered":"<p>El Consejo Superior reconoci\u00f3 a distintos actores de la comunidad universitaria por su desempe\u00f1o y colaboraci\u00f3n puesto de manifiesto en la pandemia por COVID-19.<\/p>\n<p>Los certificados de reconocimiento fueron entregados por los\/as nuevos\/as integrantes del m\u00e1ximo \u00f3rgano de Gobierno universitario en la primera sesi\u00f3n presencial del Cuerpo Colegiado, llevada adelante en el Comedor Universitario.<\/p>\n<p><em>\u00abHoy tenemos un momento emotivo, de mucha esperanza que es reconocer y dar las gracias\u00bb<\/em>, inici\u00f3 diciendo el rector de la Universidad Nacional de San Luis (UNSL), C.P.N V\u00edctor Mori\u00f1igo y finaliz\u00f3:\u00a0<em>\u00abTodos fuimos muy importantes a la hora de llevar adelante este proceso tan dif\u00edcil\u00bb<\/em>.<\/p>\n<p><strong>Listado de distinguidos\/as<\/strong><\/p>\n<p>Germ\u00e1n Chena \u2013\u00a0<a href=\"https:\/\/www.noticias.unsl.edu.ar\/28\/07\/2020\/la-unsl-presento-una-app-que-permite-realizar-trazabilidad-de-personas\/\">Creador de la App Trazar<\/a><\/p>\n<p>Dr. Maximiliano Juri Ayub y Dra. Jimena Manzur \u2013\u00a0<a href=\"https:\/\/www.noticias.unsl.edu.ar\/28\/09\/2020\/coronavirus-cientificos-de-la-unsl-logran-simplificar-los-testeos-por-pcr\/\">Creadores del PCR D\u00faplex, M\u00faltiple y Variantes\u00a0<em>Desarrollos de PCR y determinaci\u00f3n de variantes,\u00a0<\/em>realizado por el Laboratorio de Biolog\u00eda Molecular de la FQByF<\/a><\/p>\n<p>Dra. Silvina Favier, Dra. Claudia Ortega y Dr. Guillermo Reta \u2013\u00a0<a href=\"https:\/\/www.noticias.unsl.edu.ar\/12\/03\/2020\/la-unsl-produce-alcohol-en-gel-para-uso-institucional\/\">Realizaci\u00f3n de alcohol en gel<\/a>\u00a0y\u00a0<a href=\"https:\/\/www.noticias.unsl.edu.ar\/09\/04\/2020\/la-unsl-registro-la-marca-y-formulacion-de-las-pastillas-de-jabon-individual\/\">pastillas de jab\u00f3n<\/a><\/p>\n<p>Secretarias Acad\u00e9micas de Facultades y Rectorado, y en su nombre a todos\/as los\/as docentes de la UNSL \u2013 Por el trabajo solidario y sostenido<\/p>\n<p>Dra. Mar\u00eda Silvia Di Genaro, Dr. Roberto Davicino, Bqca. Patricia Vitale y Bqco. Juan Eduardo Silva \u2013\u00a0<a href=\"https:\/\/www.noticias.unsl.edu.ar\/05\/07\/2021\/analizaran-la-respuesta-inmune-a-las-vacunas-para-sars-cov-2-de-docentes-y-nodocentes-de-la-unsl\/\">Proyecto de la UNSL-FQByF \u2013 Universidad estudia inmunizaci\u00f3n. Ensayo de 500 casos donde se estudia la inmunizaci\u00f3n en voluntarios<\/a><\/p>\n<p>Juan Carlos Garay y Jorge Alberto Donofrio \u2013\u00a0<a href=\"https:\/\/www.noticias.unsl.edu.ar\/14\/10\/2020\/ser-personal-de-seguridad-de-la-unsl-durante-la-pandemia-del-covid-19\/\">Servicio de vigilancia en los predios de San Luis y Villa Mercedes<\/a><\/p>\n<p><img fetchpriority=\"high\" decoding=\"async\" class=\"alignnone wp-image-5481\" src=\"https:\/\/www.fcejs.unsl.edu.ar\/wp-content\/uploads\/2021\/09\/2-3-300x200.jpg\" alt=\"\" width=\"761\" height=\"507\" \/><\/p>\n","protected":false},"excerpt":{"rendered":"<p>El Consejo Superior reconoci\u00f3 a distintos actores de la comunidad universitaria por su desempe\u00f1o y colaboraci\u00f3n puesto de manifiesto en la pandemia por COVID-19. Los&hellip;<\/p>\n","protected":false},"author":9,"featured_media":6760,"comment_status":"closed","ping_status":"closed","sticky":false,"template":"","format":"standard","meta":{"_monsterinsights_skip_tracking":false,"_monsterinsights_sitenote_active":false,"_monsterinsights_sitenote_note":"","_monsterinsights_sitenote_category":0,"_joinchat":[],"footnotes":""},"categories":[19],"tags":[],"class_list":["post-6759","post","type-post","status-publish","format-standard","has-post-thumbnail","hentry","category-noticias"],"yoast_head":"<!-- This site is optimized with the Yoast SEO plugin v27.4 - https:\/\/yoast.com\/product\/yoast-seo-wordpress\/ -->\n<title>Distinguieron a personal de la comunidad universitaria - Facultad de Ingenier\u00eda y Ciencias Agropecuarias<\/title>\n<meta name=\"robots\" content=\"index, follow, max-snippet:-1, max-image-preview:large, max-video-preview:-1\" \/>\n<link rel=\"canonical\" href=\"https:\/\/www.fica.unsl.edu.ar\/index.php\/distinguieron-a-personal-de-la-comunidad-universitaria\/\" \/>\n<meta property=\"og:locale\" content=\"es_ES\" \/>\n<meta property=\"og:type\" content=\"article\" \/>\n<meta property=\"og:title\" content=\"Distinguieron a personal de la comunidad universitaria - Facultad de Ingenier\u00eda y Ciencias Agropecuarias\" \/>\n<meta property=\"og:description\" content=\"El Consejo Superior reconoci\u00f3 a distintos actores de la comunidad universitaria por su desempe\u00f1o y colaboraci\u00f3n puesto de manifiesto en la pandemia por COVID-19. Los&hellip;\" \/>\n<meta property=\"og:url\" content=\"https:\/\/www.fica.unsl.edu.ar\/index.php\/distinguieron-a-personal-de-la-comunidad-universitaria\/\" \/>\n<meta property=\"og:site_name\" content=\"Facultad de Ingenier\u00eda y Ciencias Agropecuarias\" \/>\n<meta property=\"article:publisher\" content=\"https:\/\/www.facebook.com\/FICA.UNSL\/\" \/>\n<meta property=\"article:published_time\" content=\"2021-09-29T14:59:58+00:00\" \/>\n<meta property=\"article:modified_time\" content=\"2022-02-22T12:16:56+00:00\" \/>\n<meta property=\"og:image\" content=\"https:\/\/www.fica.unsl.edu.ar\/wp-content\/uploads\/2021\/09\/1-1.jpg\" \/>\n\t<meta property=\"og:image:width\" content=\"1000\" \/>\n\t<meta property=\"og:image:height\" content=\"667\" \/>\n\t<meta property=\"og:image:type\" content=\"image\/jpeg\" \/>\n<meta name=\"author\" content=\"DATI\" \/>\n<meta name=\"twitter:card\" content=\"summary_large_image\" \/>\n<meta name=\"twitter:creator\" content=\"@FICAUNSL\" \/>\n<meta name=\"twitter:site\" content=\"@FICAUNSL\" \/>\n<meta name=\"twitter:label1\" content=\"Escrito por\" \/>\n\t<meta name=\"twitter:data1\" content=\"DATI\" \/>\n\t<meta name=\"twitter:label2\" content=\"Tiempo de lectura\" \/>\n\t<meta name=\"twitter:data2\" content=\"2 minutos\" \/>\n<script type=\"application\/ld+json\" class=\"yoast-schema-graph\">{\"@context\":\"https:\\\/\\\/schema.org\",\"@graph\":[{\"@type\":\"Article\",\"@id\":\"https:\\\/\\\/www.fica.unsl.edu.ar\\\/index.php\\\/distinguieron-a-personal-de-la-comunidad-universitaria\\\/#article\",\"isPartOf\":{\"@id\":\"https:\\\/\\\/www.fica.unsl.edu.ar\\\/index.php\\\/distinguieron-a-personal-de-la-comunidad-universitaria\\\/\"},\"author\":{\"name\":\"DATI\",\"@id\":\"https:\\\/\\\/www.fica.unsl.edu.ar\\\/#\\\/schema\\\/person\\\/6058f9c66301868d3a691b1f5d6c3544\"},\"headline\":\"Distinguieron a personal de la comunidad universitaria\",\"datePublished\":\"2021-09-29T14:59:58+00:00\",\"dateModified\":\"2022-02-22T12:16:56+00:00\",\"mainEntityOfPage\":{\"@id\":\"https:\\\/\\\/www.fica.unsl.edu.ar\\\/index.php\\\/distinguieron-a-personal-de-la-comunidad-universitaria\\\/\"},\"wordCount\":268,\"publisher\":{\"@id\":\"https:\\\/\\\/www.fica.unsl.edu.ar\\\/#organization\"},\"image\":{\"@id\":\"https:\\\/\\\/www.fica.unsl.edu.ar\\\/index.php\\\/distinguieron-a-personal-de-la-comunidad-universitaria\\\/#primaryimage\"},\"thumbnailUrl\":\"https:\\\/\\\/www.fica.unsl.edu.ar\\\/wp-content\\\/uploads\\\/2021\\\/09\\\/1-1.jpg\",\"articleSection\":[\"Noticias\"],\"inLanguage\":\"es-AR\"},{\"@type\":\"WebPage\",\"@id\":\"https:\\\/\\\/www.fica.unsl.edu.ar\\\/index.php\\\/distinguieron-a-personal-de-la-comunidad-universitaria\\\/\",\"url\":\"https:\\\/\\\/www.fica.unsl.edu.ar\\\/index.php\\\/distinguieron-a-personal-de-la-comunidad-universitaria\\\/\",\"name\":\"Distinguieron a personal de la comunidad universitaria - Facultad de Ingenier\u00eda y Ciencias Agropecuarias\",\"isPartOf\":{\"@id\":\"https:\\\/\\\/www.fica.unsl.edu.ar\\\/#website\"},\"primaryImageOfPage\":{\"@id\":\"https:\\\/\\\/www.fica.unsl.edu.ar\\\/index.php\\\/distinguieron-a-personal-de-la-comunidad-universitaria\\\/#primaryimage\"},\"image\":{\"@id\":\"https:\\\/\\\/www.fica.unsl.edu.ar\\\/index.php\\\/distinguieron-a-personal-de-la-comunidad-universitaria\\\/#primaryimage\"},\"thumbnailUrl\":\"https:\\\/\\\/www.fica.unsl.edu.ar\\\/wp-content\\\/uploads\\\/2021\\\/09\\\/1-1.jpg\",\"datePublished\":\"2021-09-29T14:59:58+00:00\",\"dateModified\":\"2022-02-22T12:16:56+00:00\",\"inLanguage\":\"es-AR\",\"potentialAction\":[{\"@type\":\"ReadAction\",\"target\":[\"https:\\\/\\\/www.fica.unsl.edu.ar\\\/index.php\\\/distinguieron-a-personal-de-la-comunidad-universitaria\\\/\"]}]},{\"@type\":\"ImageObject\",\"inLanguage\":\"es-AR\",\"@id\":\"https:\\\/\\\/www.fica.unsl.edu.ar\\\/index.php\\\/distinguieron-a-personal-de-la-comunidad-universitaria\\\/#primaryimage\",\"url\":\"https:\\\/\\\/www.fica.unsl.edu.ar\\\/wp-content\\\/uploads\\\/2021\\\/09\\\/1-1.jpg\",\"contentUrl\":\"https:\\\/\\\/www.fica.unsl.edu.ar\\\/wp-content\\\/uploads\\\/2021\\\/09\\\/1-1.jpg\",\"width\":1000,\"height\":667},{\"@type\":\"WebSite\",\"@id\":\"https:\\\/\\\/www.fica.unsl.edu.ar\\\/#website\",\"url\":\"https:\\\/\\\/www.fica.unsl.edu.ar\\\/\",\"name\":\"Facultad de Ingenier\u00eda y Ciencias Agropecuarias\",\"description\":\"\",\"publisher\":{\"@id\":\"https:\\\/\\\/www.fica.unsl.edu.ar\\\/#organization\"},\"potentialAction\":[{\"@type\":\"SearchAction\",\"target\":{\"@type\":\"EntryPoint\",\"urlTemplate\":\"https:\\\/\\\/www.fica.unsl.edu.ar\\\/?s={search_term_string}\"},\"query-input\":{\"@type\":\"PropertyValueSpecification\",\"valueRequired\":true,\"valueName\":\"search_term_string\"}}],\"inLanguage\":\"es-AR\"},{\"@type\":\"Organization\",\"@id\":\"https:\\\/\\\/www.fica.unsl.edu.ar\\\/#organization\",\"name\":\"Facultad de Ingenier\u00eda y Ciencias Agropecuarias\",\"url\":\"https:\\\/\\\/www.fica.unsl.edu.ar\\\/\",\"logo\":{\"@type\":\"ImageObject\",\"inLanguage\":\"es-AR\",\"@id\":\"https:\\\/\\\/www.fica.unsl.edu.ar\\\/#\\\/schema\\\/logo\\\/image\\\/\",\"url\":\"https:\\\/\\\/www.fica.unsl.edu.ar\\\/wp-content\\\/uploads\\\/2021\\\/03\\\/LOGO-1.jpg\",\"contentUrl\":\"https:\\\/\\\/www.fica.unsl.edu.ar\\\/wp-content\\\/uploads\\\/2021\\\/03\\\/LOGO-1.jpg\",\"width\":463,\"height\":145,\"caption\":\"Facultad de Ingenier\u00eda y Ciencias Agropecuarias\"},\"image\":{\"@id\":\"https:\\\/\\\/www.fica.unsl.edu.ar\\\/#\\\/schema\\\/logo\\\/image\\\/\"},\"sameAs\":[\"https:\\\/\\\/www.facebook.com\\\/FICA.UNSL\\\/\",\"https:\\\/\\\/x.com\\\/FICAUNSL\",\"https:\\\/\\\/www.instagram.com\\\/fica.unsl\\\/\",\"https:\\\/\\\/www.youtube.com\\\/channel\\\/UCs2MM53gb2PyBrMySdtWZDQ\"]},{\"@type\":\"Person\",\"@id\":\"https:\\\/\\\/www.fica.unsl.edu.ar\\\/#\\\/schema\\\/person\\\/6058f9c66301868d3a691b1f5d6c3544\",\"name\":\"DATI\"}]}<\/script>\n<!-- \/ Yoast SEO plugin. -->","yoast_head_json":{"title":"Distinguieron a personal de la comunidad universitaria - Facultad de Ingenier\u00eda y Ciencias Agropecuarias","robots":{"index":"index","follow":"follow","max-snippet":"max-snippet:-1","max-image-preview":"max-image-preview:large","max-video-preview":"max-video-preview:-1"},"canonical":"https:\/\/www.fica.unsl.edu.ar\/index.php\/distinguieron-a-personal-de-la-comunidad-universitaria\/","og_locale":"es_ES","og_type":"article","og_title":"Distinguieron a personal de la comunidad universitaria - Facultad de Ingenier\u00eda y Ciencias Agropecuarias","og_description":"El Consejo Superior reconoci\u00f3 a distintos actores de la comunidad universitaria por su desempe\u00f1o y colaboraci\u00f3n puesto de manifiesto en la pandemia por COVID-19. Los&hellip;","og_url":"https:\/\/www.fica.unsl.edu.ar\/index.php\/distinguieron-a-personal-de-la-comunidad-universitaria\/","og_site_name":"Facultad de Ingenier\u00eda y Ciencias Agropecuarias","article_publisher":"https:\/\/www.facebook.com\/FICA.UNSL\/","article_published_time":"2021-09-29T14:59:58+00:00","article_modified_time":"2022-02-22T12:16:56+00:00","og_image":[{"width":1000,"height":667,"url":"https:\/\/www.fica.unsl.edu.ar\/wp-content\/uploads\/2021\/09\/1-1.jpg","type":"image\/jpeg"}],"author":"DATI","twitter_card":"summary_large_image","twitter_creator":"@FICAUNSL","twitter_site":"@FICAUNSL","twitter_misc":{"Escrito por":"DATI","Tiempo de lectura":"2 minutos"},"schema":{"@context":"https:\/\/schema.org","@graph":[{"@type":"Article","@id":"https:\/\/www.fica.unsl.edu.ar\/index.php\/distinguieron-a-personal-de-la-comunidad-universitaria\/#article","isPartOf":{"@id":"https:\/\/www.fica.unsl.edu.ar\/index.php\/distinguieron-a-personal-de-la-comunidad-universitaria\/"},"author":{"name":"DATI","@id":"https:\/\/www.fica.unsl.edu.ar\/#\/schema\/person\/6058f9c66301868d3a691b1f5d6c3544"},"headline":"Distinguieron a personal de la comunidad universitaria","datePublished":"2021-09-29T14:59:58+00:00","dateModified":"2022-02-22T12:16:56+00:00","mainEntityOfPage":{"@id":"https:\/\/www.fica.unsl.edu.ar\/index.php\/distinguieron-a-personal-de-la-comunidad-universitaria\/"},"wordCount":268,"publisher":{"@id":"https:\/\/www.fica.unsl.edu.ar\/#organization"},"image":{"@id":"https:\/\/www.fica.unsl.edu.ar\/index.php\/distinguieron-a-personal-de-la-comunidad-universitaria\/#primaryimage"},"thumbnailUrl":"https:\/\/www.fica.unsl.edu.ar\/wp-content\/uploads\/2021\/09\/1-1.jpg","articleSection":["Noticias"],"inLanguage":"es-AR"},{"@type":"WebPage","@id":"https:\/\/www.fica.unsl.edu.ar\/index.php\/distinguieron-a-personal-de-la-comunidad-universitaria\/","url":"https:\/\/www.fica.unsl.edu.ar\/index.php\/distinguieron-a-personal-de-la-comunidad-universitaria\/","name":"Distinguieron a personal de la comunidad universitaria - Facultad de Ingenier\u00eda y Ciencias Agropecuarias","isPartOf":{"@id":"https:\/\/www.fica.unsl.edu.ar\/#website"},"primaryImageOfPage":{"@id":"https:\/\/www.fica.unsl.edu.ar\/index.php\/distinguieron-a-personal-de-la-comunidad-universitaria\/#primaryimage"},"image":{"@id":"https:\/\/www.fica.unsl.edu.ar\/index.php\/distinguieron-a-personal-de-la-comunidad-universitaria\/#primaryimage"},"thumbnailUrl":"https:\/\/www.fica.unsl.edu.ar\/wp-content\/uploads\/2021\/09\/1-1.jpg","datePublished":"2021-09-29T14:59:58+00:00","dateModified":"2022-02-22T12:16:56+00:00","inLanguage":"es-AR","potentialAction":[{"@type":"ReadAction","target":["https:\/\/www.fica.unsl.edu.ar\/index.php\/distinguieron-a-personal-de-la-comunidad-universitaria\/"]}]},{"@type":"ImageObject","inLanguage":"es-AR","@id":"https:\/\/www.fica.unsl.edu.ar\/index.php\/distinguieron-a-personal-de-la-comunidad-universitaria\/#primaryimage","url":"https:\/\/www.fica.unsl.edu.ar\/wp-content\/uploads\/2021\/09\/1-1.jpg","contentUrl":"https:\/\/www.fica.unsl.edu.ar\/wp-content\/uploads\/2021\/09\/1-1.jpg","width":1000,"height":667},{"@type":"WebSite","@id":"https:\/\/www.fica.unsl.edu.ar\/#website","url":"https:\/\/www.fica.unsl.edu.ar\/","name":"Facultad de Ingenier\u00eda y Ciencias Agropecuarias","description":"","publisher":{"@id":"https:\/\/www.fica.unsl.edu.ar\/#organization"},"potentialAction":[{"@type":"SearchAction","target":{"@type":"EntryPoint","urlTemplate":"https:\/\/www.fica.unsl.edu.ar\/?s={search_term_string}"},"query-input":{"@type":"PropertyValueSpecification","valueRequired":true,"valueName":"search_term_string"}}],"inLanguage":"es-AR"},{"@type":"Organization","@id":"https:\/\/www.fica.unsl.edu.ar\/#organization","name":"Facultad de Ingenier\u00eda y Ciencias Agropecuarias","url":"https:\/\/www.fica.unsl.edu.ar\/","logo":{"@type":"ImageObject","inLanguage":"es-AR","@id":"https:\/\/www.fica.unsl.edu.ar\/#\/schema\/logo\/image\/","url":"https:\/\/www.fica.unsl.edu.ar\/wp-content\/uploads\/2021\/03\/LOGO-1.jpg","contentUrl":"https:\/\/www.fica.unsl.edu.ar\/wp-content\/uploads\/2021\/03\/LOGO-1.jpg","width":463,"height":145,"caption":"Facultad de Ingenier\u00eda y Ciencias Agropecuarias"},"image":{"@id":"https:\/\/www.fica.unsl.edu.ar\/#\/schema\/logo\/image\/"},"sameAs":["https:\/\/www.facebook.com\/FICA.UNSL\/","https:\/\/x.com\/FICAUNSL","https:\/\/www.instagram.com\/fica.unsl\/","https:\/\/www.youtube.com\/channel\/UCs2MM53gb2PyBrMySdtWZDQ"]},{"@type":"Person","@id":"https:\/\/www.fica.unsl.edu.ar\/#\/schema\/person\/6058f9c66301868d3a691b1f5d6c3544","name":"DATI"}]}},"_links":{"self":[{"href":"https:\/\/www.fica.unsl.edu.ar\/index.php\/wp-json\/wp\/v2\/posts\/6759","targetHints":{"allow":["GET"]}}],"collection":[{"href":"https:\/\/www.fica.unsl.edu.ar\/index.php\/wp-json\/wp\/v2\/posts"}],"about":[{"href":"https:\/\/www.fica.unsl.edu.ar\/index.php\/wp-json\/wp\/v2\/types\/post"}],"author":[{"embeddable":true,"href":"https:\/\/www.fica.unsl.edu.ar\/index.php\/wp-json\/wp\/v2\/users\/9"}],"replies":[{"embeddable":true,"href":"https:\/\/www.fica.unsl.edu.ar\/index.php\/wp-json\/wp\/v2\/comments?post=6759"}],"version-history":[{"count":2,"href":"https:\/\/www.fica.unsl.edu.ar\/index.php\/wp-json\/wp\/v2\/posts\/6759\/revisions"}],"predecessor-version":[{"id":6807,"href":"https:\/\/www.fica.unsl.edu.ar\/index.php\/wp-json\/wp\/v2\/posts\/6759\/revisions\/6807"}],"wp:featuredmedia":[{"embeddable":true,"href":"https:\/\/www.fica.unsl.edu.ar\/index.php\/wp-json\/wp\/v2\/media\/6760"}],"wp:attachment":[{"href":"https:\/\/www.fica.unsl.edu.ar\/index.php\/wp-json\/wp\/v2\/media?parent=6759"}],"wp:term":[{"taxonomy":"category","embeddable":true,"href":"https:\/\/www.fica.unsl.edu.ar\/index.php\/wp-json\/wp\/v2\/categories?post=6759"},{"taxonomy":"post_tag","embeddable":true,"href":"https:\/\/www.fica.unsl.edu.ar\/index.php\/wp-json\/wp\/v2\/tags?post=6759"}],"curies":[{"name":"wp","href":"https:\/\/api.w.org\/{rel}","templated":true}]}}