{"id":6853,"date":"2021-10-06T08:14:14","date_gmt":"2021-10-06T11:14:14","guid":{"rendered":"http:\/\/10.101.10.196\/www\/?p=6853"},"modified":"2022-02-22T09:16:40","modified_gmt":"2022-02-22T12:16:40","slug":"la-fica-es-beneficiada-con-40-millones-para-la-creacion-de-una-nueva-propuesta-formativa","status":"publish","type":"post","link":"https:\/\/www.fica.unsl.edu.ar\/index.php\/la-fica-es-beneficiada-con-40-millones-para-la-creacion-de-una-nueva-propuesta-formativa\/","title":{"rendered":"La FICA es beneficiada con $40 millones para la creaci\u00f3n de una nueva propuesta formativa"},"content":{"rendered":"<p>Durante la ma\u00f1ana del 5 de octubre, en el Aula Magna del Edificio del Departamento de Ciencias Agropecuarias, el Rector de la UNSL, CPN Victor Mori\u00f1igo anunci\u00f3 en conferencia de prensa, que la UNSL fue seleccionada por el \u201cPrograma Universitario de Escuelas de Educaci\u00f3n Profesional\u201d de la Secretar\u00eda de Pol\u00edticas Universitarias, y por ello la Facultad de Ingenier\u00eda y Ciencias Agropecuarias (FICA) y la Facultad de Ciencias F\u00edsico Matem\u00e1ticas y Naturales (FCFMyN ) contar\u00e1n con la financiaci\u00f3n de $40 millones, para la creaci\u00f3n de propuestas formativas de corta duraci\u00f3n que permitan a los j\u00f3venes contar con competencias t\u00e9cnicas para su inserci\u00f3n laboral en escenarios de constante cambio tecnol\u00f3gico.<\/p>\n<p>El Rector expres\u00f3 que este logro institucional es el resultado de la interrelaci\u00f3n entre ambas facultades, quienes compitieron con otras Universidades P\u00fablicas Nacionales en dise\u00f1ar trayectos de corta duraci\u00f3n o tecnicaturas vinculadas a las necesidades laborales espec\u00edficas en los sectores productivos, de servicios de nivel local o regional y en los procesos de transferencia de tecnolog\u00edas. \u201cEl proceso de selecci\u00f3n ha sido arduo, la conexi\u00f3n entre los decanos, la Dra. Marcela Printista (FCFMyN) y el Mgtr. Sergio Ribotta (FICA), ha sido \u00f3ptima, creo que es el lugar hacia donde tenemos que ir. Esto muestra la madurez acad\u00e9mica de la Universidad\u201d, puntualiz\u00f3 el Rector de la UNSL.<\/p>\n<p><img fetchpriority=\"high\" decoding=\"async\" class=\"aligncenter size-full wp-image-6861\" src=\"https:\/\/www.fica.unsl.edu.ar\/wp-content\/uploads\/2021\/10\/fondos-carrera-.jpg\" alt=\"\" width=\"1061\" height=\"600\" srcset=\"https:\/\/www.fica.unsl.edu.ar\/wp-content\/uploads\/2021\/10\/fondos-carrera-.jpg 1061w, https:\/\/www.fica.unsl.edu.ar\/wp-content\/uploads\/2021\/10\/fondos-carrera--300x170.jpg 300w, https:\/\/www.fica.unsl.edu.ar\/wp-content\/uploads\/2021\/10\/fondos-carrera--1024x579.jpg 1024w, https:\/\/www.fica.unsl.edu.ar\/wp-content\/uploads\/2021\/10\/fondos-carrera--768x434.jpg 768w\" sizes=\"(max-width: 1061px) 100vw, 1061px\" \/><\/p>\n<p>&nbsp;<\/p>\n<p>El Decano de la FICA, Mgtr. Sergio Ribotta recalc\u00f3 que los equipos de cada facultad elaboraron de forma virtual el proyecto seleccionado, \u201cdonde la sinergia entre las instituciones permiti\u00f3, en menos de una semana, llegar a tiempo con la presentaci\u00f3n del proyecto\u201d.<br \/>\nDetall\u00f3 que el proyecto propone la creaci\u00f3n de un programa universitario para la ense\u00f1anza t\u00e9cnico profesional, destinado a personas que cuenten o no con formaci\u00f3n previa \u2013porque pueden estar insertas en el mercado laboral y necesitan una capacitaci\u00f3n adicional-, con la finalidad de brindarle los recursos para insertarlos en las tecnolog\u00edas de la industria 4.0. \u201cTambi\u00e9n buscaremos prepararlos para el mundo laboral, en aspectos interesantes que tienen que ver con la b\u00fasqueda de trabajo en funci\u00f3n de sus vocaciones y competencias, pero tambi\u00e9n formarlos para que sean emprendedores y posibilitarles que puedan continuar con sus estudios universitarios\u201d, expres\u00f3 el Mgtr. Ribotta.<\/p>\n<p>Por su parte, la Decana de la FCFMyN, Dra. Marcela Printista dijo que con la nueva propuesta formativa se entregar\u00e1 la certificaci\u00f3n: \u201cT\u00e9cnico en el uso de plataformas digitales para la industria 4.0\u201d. Esa es la certificaci\u00f3n final luego de 18 meses de cursado, o bien tres cuatrimestres. Durante ese periodo el estudiante va a recibir una capacitaci\u00f3n intensiva. Algunos de los cursos ser\u00e1n obligatorios, comunes para todos; otros opcionales, depende de lo que quieran estudiar. Las inscripciones se abrir\u00e1n en junio y la cursada comienza en agosto del pr\u00f3ximo a\u00f1o.<\/p>\n<p><img decoding=\"async\" class=\"aligncenter size-full wp-image-6857\" src=\"https:\/\/www.fica.unsl.edu.ar\/wp-content\/uploads\/2021\/10\/fondos-carrera-03.jpg\" alt=\"\" width=\"1061\" height=\"600\" srcset=\"https:\/\/www.fica.unsl.edu.ar\/wp-content\/uploads\/2021\/10\/fondos-carrera-03.jpg 1061w, https:\/\/www.fica.unsl.edu.ar\/wp-content\/uploads\/2021\/10\/fondos-carrera-03-300x170.jpg 300w, https:\/\/www.fica.unsl.edu.ar\/wp-content\/uploads\/2021\/10\/fondos-carrera-03-1024x579.jpg 1024w, https:\/\/www.fica.unsl.edu.ar\/wp-content\/uploads\/2021\/10\/fondos-carrera-03-768x434.jpg 768w\" sizes=\"(max-width: 1061px) 100vw, 1061px\" \/><\/p>\n<p>Durante este trayecto de 3 semestres se van a dictar dos cohortes en forma simult\u00e1nea entre San Luis y Villa Mercedes. El 30% del cr\u00e9dito horario ser\u00e1 virtual. Las dos sedes tendr\u00e1n la r\u00e9plica de los laboratorios que ser\u00e1n presenciales.<\/p>\n<p>La Decana destac\u00f3 que el programa considera otra estructura alrededor del plan de estudio: \u201cpoder armar un seguimiento de estudiantes, porque tenemos problemas en las carreras de la universidad en este aspecto. Por eso se iniciar\u00e1 un programa paralelo en la cursada para el acompa\u00f1amiento de los estudiantes\u201d. Desde el inicio, se generar\u00e1 un programa para que puedan acceder quienes tengan el secundario completo y tambi\u00e9n los mayores de 25 a\u00f1os que no tengan el secundario completo. Tambi\u00e9n se crear\u00e1 una bolsa de trabajo, ya que este programa est\u00e1 monitoreado y seguido por la Naci\u00f3n, \u201cdonde se trata de complementar las demandas con las ofertas\u201d.<\/p>\n<p>De esta manera ambas facultades cumplir\u00edan los objetivos de la parte formal, que es preparar las personas para tareas productivas, que usen tecnolog\u00eda para lograr una mayor inserci\u00f3n laboral. Y algo que nos parece interesante: para plantearse sus propios emprendimientos, ofrecer y generar trabajo. Tambi\u00e9n se plantea la creaci\u00f3n de un programa de investigaci\u00f3n, destinado al mercado laboral, que estar\u00e1 dirigido por la Secretar\u00eda de Investigaci\u00f3n y Posgrado de la FICA, \u201cque ser\u00e1 de gran ayuda porque seguramente va a reorientar el programa en todo momento. Tenemos que saber hacia d\u00f3nde va actualizarse (el programa)\u00a0 en basepropuesta\u00a0 a las demandas de las industrias y las empresas\u201d. El \u00faltimo objetivo es ver, si en ese momento del trayecto, se replantean articular y seguir una carrera en la UNSL. \u201cNuestra idea es crear en el programa universitario un ecosistema donde se rediscuta el trabajo del futuro\u201d, plante\u00f3 la Dra. Printista.<\/p>\n<p><iframe title=\"Conferencia de prensa FICA - FCFMyN - UNSL\" width=\"843\" height=\"474\" src=\"https:\/\/www.youtube.com\/embed\/DQKtr8VhsYA?feature=oembed\" frameborder=\"0\" allow=\"accelerometer; autoplay; clipboard-write; encrypted-media; gyroscope; picture-in-picture\" allowfullscreen><\/iframe><\/p>\n","protected":false},"excerpt":{"rendered":"<p>Durante la ma\u00f1ana del 5 de octubre, en el Aula Magna del Edificio del Departamento de Ciencias Agropecuarias, el Rector de la UNSL, CPN Victor&hellip;<\/p>\n","protected":false},"author":9,"featured_media":6864,"comment_status":"closed","ping_status":"closed","sticky":false,"template":"","format":"standard","meta":{"_monsterinsights_skip_tracking":false,"_monsterinsights_sitenote_active":false,"_monsterinsights_sitenote_note":"","_monsterinsights_sitenote_category":0,"_joinchat":[],"footnotes":""},"categories":[19],"tags":[],"class_list":["post-6853","post","type-post","status-publish","format-standard","has-post-thumbnail","hentry","category-noticias"],"yoast_head":"<!-- This site is optimized with the Yoast SEO plugin v27.4 - https:\/\/yoast.com\/product\/yoast-seo-wordpress\/ -->\n<title>La FICA es beneficiada con $40 millones para la creaci\u00f3n de una nueva propuesta formativa - Facultad de Ingenier\u00eda y Ciencias Agropecuarias<\/title>\n<meta name=\"robots\" content=\"index, follow, max-snippet:-1, max-image-preview:large, max-video-preview:-1\" \/>\n<link rel=\"canonical\" href=\"https:\/\/www.fica.unsl.edu.ar\/index.php\/la-fica-es-beneficiada-con-40-millones-para-la-creacion-de-una-nueva-propuesta-formativa\/\" \/>\n<meta property=\"og:locale\" content=\"es_ES\" \/>\n<meta property=\"og:type\" content=\"article\" \/>\n<meta property=\"og:title\" content=\"La FICA es beneficiada con $40 millones para la creaci\u00f3n de una nueva propuesta formativa - Facultad de Ingenier\u00eda y Ciencias Agropecuarias\" \/>\n<meta property=\"og:description\" content=\"Durante la ma\u00f1ana del 5 de octubre, en el Aula Magna del Edificio del Departamento de Ciencias Agropecuarias, el Rector de la UNSL, CPN Victor&hellip;\" \/>\n<meta property=\"og:url\" content=\"https:\/\/www.fica.unsl.edu.ar\/index.php\/la-fica-es-beneficiada-con-40-millones-para-la-creacion-de-una-nueva-propuesta-formativa\/\" \/>\n<meta property=\"og:site_name\" content=\"Facultad de Ingenier\u00eda y Ciencias Agropecuarias\" \/>\n<meta property=\"article:publisher\" content=\"https:\/\/www.facebook.com\/FICA.UNSL\/\" \/>\n<meta property=\"article:published_time\" content=\"2021-10-06T11:14:14+00:00\" \/>\n<meta property=\"article:modified_time\" content=\"2022-02-22T12:16:40+00:00\" \/>\n<meta property=\"og:image\" content=\"https:\/\/www.fica.unsl.edu.ar\/wp-content\/uploads\/2021\/10\/fondos-carrera-front-.jpg\" \/>\n\t<meta property=\"og:image:width\" content=\"1061\" \/>\n\t<meta property=\"og:image:height\" content=\"600\" \/>\n\t<meta property=\"og:image:type\" content=\"image\/jpeg\" \/>\n<meta name=\"author\" content=\"DATI\" \/>\n<meta name=\"twitter:card\" content=\"summary_large_image\" \/>\n<meta name=\"twitter:creator\" content=\"@FICAUNSL\" \/>\n<meta name=\"twitter:site\" content=\"@FICAUNSL\" \/>\n<meta name=\"twitter:label1\" content=\"Escrito por\" \/>\n\t<meta name=\"twitter:data1\" content=\"DATI\" \/>\n\t<meta name=\"twitter:label2\" content=\"Tiempo de lectura\" \/>\n\t<meta name=\"twitter:data2\" content=\"4 minutos\" \/>\n<script type=\"application\/ld+json\" class=\"yoast-schema-graph\">{\"@context\":\"https:\\\/\\\/schema.org\",\"@graph\":[{\"@type\":\"Article\",\"@id\":\"https:\\\/\\\/www.fica.unsl.edu.ar\\\/index.php\\\/la-fica-es-beneficiada-con-40-millones-para-la-creacion-de-una-nueva-propuesta-formativa\\\/#article\",\"isPartOf\":{\"@id\":\"https:\\\/\\\/www.fica.unsl.edu.ar\\\/index.php\\\/la-fica-es-beneficiada-con-40-millones-para-la-creacion-de-una-nueva-propuesta-formativa\\\/\"},\"author\":{\"name\":\"DATI\",\"@id\":\"https:\\\/\\\/www.fica.unsl.edu.ar\\\/#\\\/schema\\\/person\\\/6058f9c66301868d3a691b1f5d6c3544\"},\"headline\":\"La FICA es beneficiada con $40 millones para la creaci\u00f3n de una nueva propuesta formativa\",\"datePublished\":\"2021-10-06T11:14:14+00:00\",\"dateModified\":\"2022-02-22T12:16:40+00:00\",\"mainEntityOfPage\":{\"@id\":\"https:\\\/\\\/www.fica.unsl.edu.ar\\\/index.php\\\/la-fica-es-beneficiada-con-40-millones-para-la-creacion-de-una-nueva-propuesta-formativa\\\/\"},\"wordCount\":821,\"publisher\":{\"@id\":\"https:\\\/\\\/www.fica.unsl.edu.ar\\\/#organization\"},\"image\":{\"@id\":\"https:\\\/\\\/www.fica.unsl.edu.ar\\\/index.php\\\/la-fica-es-beneficiada-con-40-millones-para-la-creacion-de-una-nueva-propuesta-formativa\\\/#primaryimage\"},\"thumbnailUrl\":\"https:\\\/\\\/www.fica.unsl.edu.ar\\\/wp-content\\\/uploads\\\/2021\\\/10\\\/fondos-carrera-front-.jpg\",\"articleSection\":[\"Noticias\"],\"inLanguage\":\"es-AR\"},{\"@type\":\"WebPage\",\"@id\":\"https:\\\/\\\/www.fica.unsl.edu.ar\\\/index.php\\\/la-fica-es-beneficiada-con-40-millones-para-la-creacion-de-una-nueva-propuesta-formativa\\\/\",\"url\":\"https:\\\/\\\/www.fica.unsl.edu.ar\\\/index.php\\\/la-fica-es-beneficiada-con-40-millones-para-la-creacion-de-una-nueva-propuesta-formativa\\\/\",\"name\":\"La FICA es beneficiada con $40 millones para la creaci\u00f3n de una nueva propuesta formativa - Facultad de Ingenier\u00eda y Ciencias Agropecuarias\",\"isPartOf\":{\"@id\":\"https:\\\/\\\/www.fica.unsl.edu.ar\\\/#website\"},\"primaryImageOfPage\":{\"@id\":\"https:\\\/\\\/www.fica.unsl.edu.ar\\\/index.php\\\/la-fica-es-beneficiada-con-40-millones-para-la-creacion-de-una-nueva-propuesta-formativa\\\/#primaryimage\"},\"image\":{\"@id\":\"https:\\\/\\\/www.fica.unsl.edu.ar\\\/index.php\\\/la-fica-es-beneficiada-con-40-millones-para-la-creacion-de-una-nueva-propuesta-formativa\\\/#primaryimage\"},\"thumbnailUrl\":\"https:\\\/\\\/www.fica.unsl.edu.ar\\\/wp-content\\\/uploads\\\/2021\\\/10\\\/fondos-carrera-front-.jpg\",\"datePublished\":\"2021-10-06T11:14:14+00:00\",\"dateModified\":\"2022-02-22T12:16:40+00:00\",\"inLanguage\":\"es-AR\",\"potentialAction\":[{\"@type\":\"ReadAction\",\"target\":[\"https:\\\/\\\/www.fica.unsl.edu.ar\\\/index.php\\\/la-fica-es-beneficiada-con-40-millones-para-la-creacion-de-una-nueva-propuesta-formativa\\\/\"]}]},{\"@type\":\"ImageObject\",\"inLanguage\":\"es-AR\",\"@id\":\"https:\\\/\\\/www.fica.unsl.edu.ar\\\/index.php\\\/la-fica-es-beneficiada-con-40-millones-para-la-creacion-de-una-nueva-propuesta-formativa\\\/#primaryimage\",\"url\":\"https:\\\/\\\/www.fica.unsl.edu.ar\\\/wp-content\\\/uploads\\\/2021\\\/10\\\/fondos-carrera-front-.jpg\",\"contentUrl\":\"https:\\\/\\\/www.fica.unsl.edu.ar\\\/wp-content\\\/uploads\\\/2021\\\/10\\\/fondos-carrera-front-.jpg\",\"width\":1061,\"height\":600},{\"@type\":\"WebSite\",\"@id\":\"https:\\\/\\\/www.fica.unsl.edu.ar\\\/#website\",\"url\":\"https:\\\/\\\/www.fica.unsl.edu.ar\\\/\",\"name\":\"Facultad de Ingenier\u00eda y Ciencias Agropecuarias\",\"description\":\"\",\"publisher\":{\"@id\":\"https:\\\/\\\/www.fica.unsl.edu.ar\\\/#organization\"},\"potentialAction\":[{\"@type\":\"SearchAction\",\"target\":{\"@type\":\"EntryPoint\",\"urlTemplate\":\"https:\\\/\\\/www.fica.unsl.edu.ar\\\/?s={search_term_string}\"},\"query-input\":{\"@type\":\"PropertyValueSpecification\",\"valueRequired\":true,\"valueName\":\"search_term_string\"}}],\"inLanguage\":\"es-AR\"},{\"@type\":\"Organization\",\"@id\":\"https:\\\/\\\/www.fica.unsl.edu.ar\\\/#organization\",\"name\":\"Facultad de Ingenier\u00eda y Ciencias Agropecuarias\",\"url\":\"https:\\\/\\\/www.fica.unsl.edu.ar\\\/\",\"logo\":{\"@type\":\"ImageObject\",\"inLanguage\":\"es-AR\",\"@id\":\"https:\\\/\\\/www.fica.unsl.edu.ar\\\/#\\\/schema\\\/logo\\\/image\\\/\",\"url\":\"https:\\\/\\\/www.fica.unsl.edu.ar\\\/wp-content\\\/uploads\\\/2021\\\/03\\\/LOGO-1.jpg\",\"contentUrl\":\"https:\\\/\\\/www.fica.unsl.edu.ar\\\/wp-content\\\/uploads\\\/2021\\\/03\\\/LOGO-1.jpg\",\"width\":463,\"height\":145,\"caption\":\"Facultad de Ingenier\u00eda y Ciencias Agropecuarias\"},\"image\":{\"@id\":\"https:\\\/\\\/www.fica.unsl.edu.ar\\\/#\\\/schema\\\/logo\\\/image\\\/\"},\"sameAs\":[\"https:\\\/\\\/www.facebook.com\\\/FICA.UNSL\\\/\",\"https:\\\/\\\/x.com\\\/FICAUNSL\",\"https:\\\/\\\/www.instagram.com\\\/fica.unsl\\\/\",\"https:\\\/\\\/www.youtube.com\\\/channel\\\/UCs2MM53gb2PyBrMySdtWZDQ\"]},{\"@type\":\"Person\",\"@id\":\"https:\\\/\\\/www.fica.unsl.edu.ar\\\/#\\\/schema\\\/person\\\/6058f9c66301868d3a691b1f5d6c3544\",\"name\":\"DATI\"}]}<\/script>\n<!-- \/ Yoast SEO plugin. -->","yoast_head_json":{"title":"La FICA es beneficiada con $40 millones para la creaci\u00f3n de una nueva propuesta formativa - Facultad de Ingenier\u00eda y Ciencias Agropecuarias","robots":{"index":"index","follow":"follow","max-snippet":"max-snippet:-1","max-image-preview":"max-image-preview:large","max-video-preview":"max-video-preview:-1"},"canonical":"https:\/\/www.fica.unsl.edu.ar\/index.php\/la-fica-es-beneficiada-con-40-millones-para-la-creacion-de-una-nueva-propuesta-formativa\/","og_locale":"es_ES","og_type":"article","og_title":"La FICA es beneficiada con $40 millones para la creaci\u00f3n de una nueva propuesta formativa - Facultad de Ingenier\u00eda y Ciencias Agropecuarias","og_description":"Durante la ma\u00f1ana del 5 de octubre, en el Aula Magna del Edificio del Departamento de Ciencias Agropecuarias, el Rector de la UNSL, CPN Victor&hellip;","og_url":"https:\/\/www.fica.unsl.edu.ar\/index.php\/la-fica-es-beneficiada-con-40-millones-para-la-creacion-de-una-nueva-propuesta-formativa\/","og_site_name":"Facultad de Ingenier\u00eda y Ciencias Agropecuarias","article_publisher":"https:\/\/www.facebook.com\/FICA.UNSL\/","article_published_time":"2021-10-06T11:14:14+00:00","article_modified_time":"2022-02-22T12:16:40+00:00","og_image":[{"width":1061,"height":600,"url":"https:\/\/www.fica.unsl.edu.ar\/wp-content\/uploads\/2021\/10\/fondos-carrera-front-.jpg","type":"image\/jpeg"}],"author":"DATI","twitter_card":"summary_large_image","twitter_creator":"@FICAUNSL","twitter_site":"@FICAUNSL","twitter_misc":{"Escrito por":"DATI","Tiempo de lectura":"4 minutos"},"schema":{"@context":"https:\/\/schema.org","@graph":[{"@type":"Article","@id":"https:\/\/www.fica.unsl.edu.ar\/index.php\/la-fica-es-beneficiada-con-40-millones-para-la-creacion-de-una-nueva-propuesta-formativa\/#article","isPartOf":{"@id":"https:\/\/www.fica.unsl.edu.ar\/index.php\/la-fica-es-beneficiada-con-40-millones-para-la-creacion-de-una-nueva-propuesta-formativa\/"},"author":{"name":"DATI","@id":"https:\/\/www.fica.unsl.edu.ar\/#\/schema\/person\/6058f9c66301868d3a691b1f5d6c3544"},"headline":"La FICA es beneficiada con $40 millones para la creaci\u00f3n de una nueva propuesta formativa","datePublished":"2021-10-06T11:14:14+00:00","dateModified":"2022-02-22T12:16:40+00:00","mainEntityOfPage":{"@id":"https:\/\/www.fica.unsl.edu.ar\/index.php\/la-fica-es-beneficiada-con-40-millones-para-la-creacion-de-una-nueva-propuesta-formativa\/"},"wordCount":821,"publisher":{"@id":"https:\/\/www.fica.unsl.edu.ar\/#organization"},"image":{"@id":"https:\/\/www.fica.unsl.edu.ar\/index.php\/la-fica-es-beneficiada-con-40-millones-para-la-creacion-de-una-nueva-propuesta-formativa\/#primaryimage"},"thumbnailUrl":"https:\/\/www.fica.unsl.edu.ar\/wp-content\/uploads\/2021\/10\/fondos-carrera-front-.jpg","articleSection":["Noticias"],"inLanguage":"es-AR"},{"@type":"WebPage","@id":"https:\/\/www.fica.unsl.edu.ar\/index.php\/la-fica-es-beneficiada-con-40-millones-para-la-creacion-de-una-nueva-propuesta-formativa\/","url":"https:\/\/www.fica.unsl.edu.ar\/index.php\/la-fica-es-beneficiada-con-40-millones-para-la-creacion-de-una-nueva-propuesta-formativa\/","name":"La FICA es beneficiada con $40 millones para la creaci\u00f3n de una nueva propuesta formativa - Facultad de Ingenier\u00eda y Ciencias Agropecuarias","isPartOf":{"@id":"https:\/\/www.fica.unsl.edu.ar\/#website"},"primaryImageOfPage":{"@id":"https:\/\/www.fica.unsl.edu.ar\/index.php\/la-fica-es-beneficiada-con-40-millones-para-la-creacion-de-una-nueva-propuesta-formativa\/#primaryimage"},"image":{"@id":"https:\/\/www.fica.unsl.edu.ar\/index.php\/la-fica-es-beneficiada-con-40-millones-para-la-creacion-de-una-nueva-propuesta-formativa\/#primaryimage"},"thumbnailUrl":"https:\/\/www.fica.unsl.edu.ar\/wp-content\/uploads\/2021\/10\/fondos-carrera-front-.jpg","datePublished":"2021-10-06T11:14:14+00:00","dateModified":"2022-02-22T12:16:40+00:00","inLanguage":"es-AR","potentialAction":[{"@type":"ReadAction","target":["https:\/\/www.fica.unsl.edu.ar\/index.php\/la-fica-es-beneficiada-con-40-millones-para-la-creacion-de-una-nueva-propuesta-formativa\/"]}]},{"@type":"ImageObject","inLanguage":"es-AR","@id":"https:\/\/www.fica.unsl.edu.ar\/index.php\/la-fica-es-beneficiada-con-40-millones-para-la-creacion-de-una-nueva-propuesta-formativa\/#primaryimage","url":"https:\/\/www.fica.unsl.edu.ar\/wp-content\/uploads\/2021\/10\/fondos-carrera-front-.jpg","contentUrl":"https:\/\/www.fica.unsl.edu.ar\/wp-content\/uploads\/2021\/10\/fondos-carrera-front-.jpg","width":1061,"height":600},{"@type":"WebSite","@id":"https:\/\/www.fica.unsl.edu.ar\/#website","url":"https:\/\/www.fica.unsl.edu.ar\/","name":"Facultad de Ingenier\u00eda y Ciencias Agropecuarias","description":"","publisher":{"@id":"https:\/\/www.fica.unsl.edu.ar\/#organization"},"potentialAction":[{"@type":"SearchAction","target":{"@type":"EntryPoint","urlTemplate":"https:\/\/www.fica.unsl.edu.ar\/?s={search_term_string}"},"query-input":{"@type":"PropertyValueSpecification","valueRequired":true,"valueName":"search_term_string"}}],"inLanguage":"es-AR"},{"@type":"Organization","@id":"https:\/\/www.fica.unsl.edu.ar\/#organization","name":"Facultad de Ingenier\u00eda y Ciencias Agropecuarias","url":"https:\/\/www.fica.unsl.edu.ar\/","logo":{"@type":"ImageObject","inLanguage":"es-AR","@id":"https:\/\/www.fica.unsl.edu.ar\/#\/schema\/logo\/image\/","url":"https:\/\/www.fica.unsl.edu.ar\/wp-content\/uploads\/2021\/03\/LOGO-1.jpg","contentUrl":"https:\/\/www.fica.unsl.edu.ar\/wp-content\/uploads\/2021\/03\/LOGO-1.jpg","width":463,"height":145,"caption":"Facultad de Ingenier\u00eda y Ciencias Agropecuarias"},"image":{"@id":"https:\/\/www.fica.unsl.edu.ar\/#\/schema\/logo\/image\/"},"sameAs":["https:\/\/www.facebook.com\/FICA.UNSL\/","https:\/\/x.com\/FICAUNSL","https:\/\/www.instagram.com\/fica.unsl\/","https:\/\/www.youtube.com\/channel\/UCs2MM53gb2PyBrMySdtWZDQ"]},{"@type":"Person","@id":"https:\/\/www.fica.unsl.edu.ar\/#\/schema\/person\/6058f9c66301868d3a691b1f5d6c3544","name":"DATI"}]}},"_links":{"self":[{"href":"https:\/\/www.fica.unsl.edu.ar\/index.php\/wp-json\/wp\/v2\/posts\/6853","targetHints":{"allow":["GET"]}}],"collection":[{"href":"https:\/\/www.fica.unsl.edu.ar\/index.php\/wp-json\/wp\/v2\/posts"}],"about":[{"href":"https:\/\/www.fica.unsl.edu.ar\/index.php\/wp-json\/wp\/v2\/types\/post"}],"author":[{"embeddable":true,"href":"https:\/\/www.fica.unsl.edu.ar\/index.php\/wp-json\/wp\/v2\/users\/9"}],"replies":[{"embeddable":true,"href":"https:\/\/www.fica.unsl.edu.ar\/index.php\/wp-json\/wp\/v2\/comments?post=6853"}],"version-history":[{"count":11,"href":"https:\/\/www.fica.unsl.edu.ar\/index.php\/wp-json\/wp\/v2\/posts\/6853\/revisions"}],"predecessor-version":[{"id":6871,"href":"https:\/\/www.fica.unsl.edu.ar\/index.php\/wp-json\/wp\/v2\/posts\/6853\/revisions\/6871"}],"wp:featuredmedia":[{"embeddable":true,"href":"https:\/\/www.fica.unsl.edu.ar\/index.php\/wp-json\/wp\/v2\/media\/6864"}],"wp:attachment":[{"href":"https:\/\/www.fica.unsl.edu.ar\/index.php\/wp-json\/wp\/v2\/media?parent=6853"}],"wp:term":[{"taxonomy":"category","embeddable":true,"href":"https:\/\/www.fica.unsl.edu.ar\/index.php\/wp-json\/wp\/v2\/categories?post=6853"},{"taxonomy":"post_tag","embeddable":true,"href":"https:\/\/www.fica.unsl.edu.ar\/index.php\/wp-json\/wp\/v2\/tags?post=6853"}],"curies":[{"name":"wp","href":"https:\/\/api.w.org\/{rel}","templated":true}]}}