{"id":6890,"date":"2021-10-12T11:33:32","date_gmt":"2021-10-12T14:33:32","guid":{"rendered":"http:\/\/10.101.10.196\/www\/?p=6890"},"modified":"2022-02-22T09:16:34","modified_gmt":"2022-02-22T12:16:34","slug":"pict-2021-orientacion-a-la-vinculacion","status":"publish","type":"post","link":"https:\/\/www.fica.unsl.edu.ar\/index.php\/pict-2021-orientacion-a-la-vinculacion\/","title":{"rendered":"PICT 2021 Orientaci\u00f3n a la vinculaci\u00f3n"},"content":{"rendered":"<div id=\"col_l_header\">\n<div class=\"post_bajada justify\">La Agencia Nacional de Promoci\u00f3n de la Investigaci\u00f3n, el Desarrollo Tecnol\u00f3gico y la Innovaci\u00f3n (AGENCIA I+D+i), llama a la presentaci\u00f3n de proyectos de investigaci\u00f3n cient\u00edfica y tecnol\u00f3gica orientados al desarrollo cient\u00edfico tecnol\u00f3gico para su transferencia y\/o co-creaci\u00f3n con un adoptante a trav\u00e9s de la vinculaci\u00f3n entre grupos de investigaci\u00f3n y el sector productivo y\/o de oferta de productos, servicios, etc. El objetivo de esta l\u00ednea es impulsar la transformaci\u00f3n de conocimiento cient\u00edfico hacia resultados innovadores (incrementales o radicales) junto a un adoptante que podr\u00e1 ser una empresa o instituci\u00f3n p\u00fablica o privada, de forma tal que los resultados agreguen valor, permitan mejorar la oferta de productos, procesos o servicios, aumentar la productividad, desarrollar potenciales exportaciones, entre otros. Ser\u00e1 deseable que los proyectos respondan a las \u00e1reas tem\u00e1ticas priorizadas en las bases y que tengan como punto de partida la prueba de concepto en laboratorio validada (TRL 3). Nota: los Niveles de Maduraci\u00f3n Tecnol\u00f3gica (o TRL) se encuentran descriptos en el Anexo II.<\/div>\n<div class=\"conv_aprov\">\n<p class=\"b\">Son proyectos de investigaci\u00f3n cient\u00edfica y tecnol\u00f3gica orientados al desarrollo cient\u00edfico tecnol\u00f3gico para su transferencia y\/o co-creaci\u00f3n con un <strong>adoptante<\/strong> a trav\u00e9s de la vinculaci\u00f3n entre grupos de investigaci\u00f3n y el sector productivo y\/o de oferta de productos, servicios, etc.<\/p>\n<p class=\"b\">El objetivo de esta l\u00ednea es impulsar la transformaci\u00f3n de conocimiento cient\u00edfico hacia resultados innovadores (incrementales o radicales) junto a un adoptante que podr\u00e1 ser una empresa o instituci\u00f3n p\u00fablica o privada, de forma tal que los resultados agreguen valor, permitan mejorar la oferta de productos, procesos o servicios, aumentar la productividad, desarrollar potenciales exportaciones, entre otros. Ser\u00e1 deseable que los proyectos respondan a los sectores descriptos en el punto 3.1.2 y que tengan como punto de partida la prueba de concepto en laboratorio validada (TRL 3).<\/p>\n<\/div>\n<\/div>\n<div class=\"post_cnt_desc si\">\n<div class=\"post_desc txt_editor\">\n<p><strong>BENEFICIARIOS\u00a0<\/strong><\/p>\n<p>Podr\u00e1n ser beneficiarias organizaciones p\u00fablicas o privadas sin fines de lucro que realizan actividades de investigaci\u00f3n aplicada, desarrollo, e innovaci\u00f3n.<\/p>\n<p>Deber\u00e1n contar con un adoptante que podr\u00e1 ser una empresa o instituci\u00f3n p\u00fablica o privada.<\/p>\n<p><strong>\u00c1REAS TEM\u00c1TICAS &#8211; Categor\u00eda III<\/strong><\/p>\n<p>Los proyectos presentados dentro de la Categor\u00eda III se pueden presentar en cualquier \u00e1rea del conocimiento proponiendo desarrollos de base cient\u00edfica y alto contenido tecnol\u00f3gico, para los siguientes temas:<\/p>\n<ul>\n<li>salud humana y animal,<\/li>\n<li>alimentos con valor agregado, (incluye iniciativas de agregado de valor en origen e impacto en econom\u00edas regionales a partir de la ciencia y la tecnolog\u00eda)<\/li>\n<li>producci\u00f3n verde, transformaci\u00f3n de la producci\u00f3n industrial o agropecuaria, a partir de la implementaci\u00f3n de innovaciones que conviertan procesos y generen productos amigables con el ambiente y\/o reduzcan su impacto ambiental<\/li>\n<li>tecnolog\u00edas asociadas a la transformaci\u00f3n digital, incluye el desarrollo de software embebido<\/li>\n<li>Solo excepcionalmente se recibir\u00e1n proyectos relacionados con COVID-19, producci\u00f3n p\u00fablica de medicamentos, investigaci\u00f3n y medicina traslacional y transici\u00f3n energ\u00e9tica, los cuales est\u00e1n contemplados en otros programas de Agencia I+D+i.<\/li>\n<\/ul>\n<p><strong>FINANCIACI\u00d3N Y PLAZO DE EJECUCI\u00d3N<\/strong><\/p>\n<p>La Agencia I+D+i financiar\u00e1 hasta $40.000.000 (CUARENTA MILLONES de pesos argentinos) en concepto de Aportes No Reembolsables (ANR), debiendo la instituci\u00f3n beneficiaria aportar como contraparte al menos el 27.7% del monto total del proyecto.<\/p>\n<p>Ser\u00e1n optativos y evaluados positivamente los aportes de contraparte realizados por el Adoptante. Estos deber\u00e1n ser adicionales al 27,7% m\u00ednimo exigido a la Instituci\u00f3n Beneficiaria.<\/p>\n<p><strong>\u00a0El plazo de ejecuci\u00f3n t\u00e9cnico y financiero de los proyectos ser\u00e1 de 2 a\u00f1os, contados a partir de la fecha de la firma del contrato.<\/strong><\/p>\n<p><strong>PRESENTACI\u00d3N DE PROYECTOS<\/strong><\/p>\n<p>Para realizar la presentaci\u00f3n del proyecto se deber\u00e1:<\/p>\n<p>1) Leer las bases de la presente convocatoria y descargar todos los formularios.<\/p>\n<p>2) Completar todos los formularios requeridos en el punto \u201cDocumentaci\u00f3n a presentar por el BENEFICIARIO\u201d<\/p>\n<p>3) Reunir toda la documentaci\u00f3n del beneficiario y el adoptante, seg\u00fan corresponda de acuerdo con los puntos \u201cDocumentaci\u00f3n a presentar por el BENEFICIARIO&#8221; y \u201cDocumentaci\u00f3n a presentar por el ADOPTANTE\u201d<\/p>\n<p>4) Cargar con toda la documentaci\u00f3n adjunta obligatoria (formularios, documentaci\u00f3n respaldatoria, documentaci\u00f3n anexa, etc.) en el\u00a0<a href=\"https:\/\/sgp.mincyt.gob.ar\/SGP\/Seguridad\/Login.aspx\" target=\"_blank\" rel=\"noopener\">Sistema de Gesti\u00f3n de Proyectos (SGP)<\/a>\u00a0y descargar el reporte que se genera al finalizar la carga, que obrar\u00e1 como comprobante de postulaci\u00f3n.<\/p>\n<p><strong>CONSULTAS<\/strong><\/p>\n<p>Contacto para consultas:\u00a0<a href=\"mailto:PICTaplicacion-2021-categoriaIII@mincyt.gob.ar\" target=\"_blank\" rel=\"noopener\">PICTaplicacion-2021-categoriaIII@mincyt.gob.ar<\/a><\/p>\n<p><a href=\"https:\/\/www.agencia.mincyt.gob.ar\/frontend\/agencia\/convocatoria\/466\"><strong>Instructivos, Formularios, Anexos I y II y Bases<\/strong><\/a><\/p>\n<\/div>\n<\/div>\n","protected":false},"excerpt":{"rendered":"<p>La Agencia Nacional de Promoci\u00f3n de la Investigaci\u00f3n, el Desarrollo Tecnol\u00f3gico y la Innovaci\u00f3n (AGENCIA I+D+i), llama a la presentaci\u00f3n de proyectos de investigaci\u00f3n cient\u00edfica&hellip;<\/p>\n","protected":false},"author":9,"featured_media":5004,"comment_status":"closed","ping_status":"closed","sticky":false,"template":"","format":"standard","meta":{"_monsterinsights_skip_tracking":false,"_monsterinsights_sitenote_active":false,"_monsterinsights_sitenote_note":"","_monsterinsights_sitenote_category":0,"_joinchat":[],"footnotes":""},"categories":[19],"tags":[],"class_list":["post-6890","post","type-post","status-publish","format-standard","has-post-thumbnail","hentry","category-noticias"],"yoast_head":"<!-- This site is optimized with the Yoast SEO plugin v27.4 - https:\/\/yoast.com\/product\/yoast-seo-wordpress\/ -->\n<title>PICT 2021 Orientaci\u00f3n a la vinculaci\u00f3n - Facultad de Ingenier\u00eda y Ciencias Agropecuarias<\/title>\n<meta name=\"robots\" content=\"index, follow, max-snippet:-1, max-image-preview:large, max-video-preview:-1\" \/>\n<link rel=\"canonical\" href=\"https:\/\/www.fica.unsl.edu.ar\/index.php\/pict-2021-orientacion-a-la-vinculacion\/\" \/>\n<meta property=\"og:locale\" content=\"es_ES\" \/>\n<meta property=\"og:type\" content=\"article\" \/>\n<meta property=\"og:title\" content=\"PICT 2021 Orientaci\u00f3n a la vinculaci\u00f3n - Facultad de Ingenier\u00eda y Ciencias Agropecuarias\" \/>\n<meta property=\"og:description\" content=\"La Agencia Nacional de Promoci\u00f3n de la Investigaci\u00f3n, el Desarrollo Tecnol\u00f3gico y la Innovaci\u00f3n (AGENCIA I+D+i), llama a la presentaci\u00f3n de proyectos de investigaci\u00f3n cient\u00edfica&hellip;\" \/>\n<meta property=\"og:url\" content=\"https:\/\/www.fica.unsl.edu.ar\/index.php\/pict-2021-orientacion-a-la-vinculacion\/\" \/>\n<meta property=\"og:site_name\" content=\"Facultad de Ingenier\u00eda y Ciencias Agropecuarias\" \/>\n<meta property=\"article:publisher\" content=\"https:\/\/www.facebook.com\/FICA.UNSL\/\" \/>\n<meta property=\"article:published_time\" content=\"2021-10-12T14:33:32+00:00\" \/>\n<meta property=\"article:modified_time\" content=\"2022-02-22T12:16:34+00:00\" \/>\n<meta property=\"og:image\" content=\"https:\/\/www.fica.unsl.edu.ar\/wp-content\/uploads\/2021\/05\/convocatoria.jpg\" \/>\n\t<meta property=\"og:image:width\" content=\"1061\" \/>\n\t<meta property=\"og:image:height\" content=\"600\" \/>\n\t<meta property=\"og:image:type\" content=\"image\/jpeg\" \/>\n<meta name=\"author\" content=\"DATI\" \/>\n<meta name=\"twitter:card\" content=\"summary_large_image\" \/>\n<meta name=\"twitter:creator\" content=\"@FICAUNSL\" \/>\n<meta name=\"twitter:site\" content=\"@FICAUNSL\" \/>\n<meta name=\"twitter:label1\" content=\"Escrito por\" \/>\n\t<meta name=\"twitter:data1\" content=\"DATI\" \/>\n\t<meta name=\"twitter:label2\" content=\"Tiempo de lectura\" \/>\n\t<meta name=\"twitter:data2\" content=\"3 minutos\" \/>\n<script type=\"application\/ld+json\" class=\"yoast-schema-graph\">{\"@context\":\"https:\\\/\\\/schema.org\",\"@graph\":[{\"@type\":\"Article\",\"@id\":\"https:\\\/\\\/www.fica.unsl.edu.ar\\\/index.php\\\/pict-2021-orientacion-a-la-vinculacion\\\/#article\",\"isPartOf\":{\"@id\":\"https:\\\/\\\/www.fica.unsl.edu.ar\\\/index.php\\\/pict-2021-orientacion-a-la-vinculacion\\\/\"},\"author\":{\"name\":\"DATI\",\"@id\":\"https:\\\/\\\/www.fica.unsl.edu.ar\\\/#\\\/schema\\\/person\\\/6058f9c66301868d3a691b1f5d6c3544\"},\"headline\":\"PICT 2021 Orientaci\u00f3n a la vinculaci\u00f3n\",\"datePublished\":\"2021-10-12T14:33:32+00:00\",\"dateModified\":\"2022-02-22T12:16:34+00:00\",\"mainEntityOfPage\":{\"@id\":\"https:\\\/\\\/www.fica.unsl.edu.ar\\\/index.php\\\/pict-2021-orientacion-a-la-vinculacion\\\/\"},\"wordCount\":766,\"publisher\":{\"@id\":\"https:\\\/\\\/www.fica.unsl.edu.ar\\\/#organization\"},\"image\":{\"@id\":\"https:\\\/\\\/www.fica.unsl.edu.ar\\\/index.php\\\/pict-2021-orientacion-a-la-vinculacion\\\/#primaryimage\"},\"thumbnailUrl\":\"https:\\\/\\\/www.fica.unsl.edu.ar\\\/wp-content\\\/uploads\\\/2021\\\/05\\\/convocatoria.jpg\",\"articleSection\":[\"Noticias\"],\"inLanguage\":\"es-AR\"},{\"@type\":\"WebPage\",\"@id\":\"https:\\\/\\\/www.fica.unsl.edu.ar\\\/index.php\\\/pict-2021-orientacion-a-la-vinculacion\\\/\",\"url\":\"https:\\\/\\\/www.fica.unsl.edu.ar\\\/index.php\\\/pict-2021-orientacion-a-la-vinculacion\\\/\",\"name\":\"PICT 2021 Orientaci\u00f3n a la vinculaci\u00f3n - Facultad de Ingenier\u00eda y Ciencias Agropecuarias\",\"isPartOf\":{\"@id\":\"https:\\\/\\\/www.fica.unsl.edu.ar\\\/#website\"},\"primaryImageOfPage\":{\"@id\":\"https:\\\/\\\/www.fica.unsl.edu.ar\\\/index.php\\\/pict-2021-orientacion-a-la-vinculacion\\\/#primaryimage\"},\"image\":{\"@id\":\"https:\\\/\\\/www.fica.unsl.edu.ar\\\/index.php\\\/pict-2021-orientacion-a-la-vinculacion\\\/#primaryimage\"},\"thumbnailUrl\":\"https:\\\/\\\/www.fica.unsl.edu.ar\\\/wp-content\\\/uploads\\\/2021\\\/05\\\/convocatoria.jpg\",\"datePublished\":\"2021-10-12T14:33:32+00:00\",\"dateModified\":\"2022-02-22T12:16:34+00:00\",\"inLanguage\":\"es-AR\",\"potentialAction\":[{\"@type\":\"ReadAction\",\"target\":[\"https:\\\/\\\/www.fica.unsl.edu.ar\\\/index.php\\\/pict-2021-orientacion-a-la-vinculacion\\\/\"]}]},{\"@type\":\"ImageObject\",\"inLanguage\":\"es-AR\",\"@id\":\"https:\\\/\\\/www.fica.unsl.edu.ar\\\/index.php\\\/pict-2021-orientacion-a-la-vinculacion\\\/#primaryimage\",\"url\":\"https:\\\/\\\/www.fica.unsl.edu.ar\\\/wp-content\\\/uploads\\\/2021\\\/05\\\/convocatoria.jpg\",\"contentUrl\":\"https:\\\/\\\/www.fica.unsl.edu.ar\\\/wp-content\\\/uploads\\\/2021\\\/05\\\/convocatoria.jpg\",\"width\":1061,\"height\":600},{\"@type\":\"WebSite\",\"@id\":\"https:\\\/\\\/www.fica.unsl.edu.ar\\\/#website\",\"url\":\"https:\\\/\\\/www.fica.unsl.edu.ar\\\/\",\"name\":\"Facultad de Ingenier\u00eda y Ciencias Agropecuarias\",\"description\":\"\",\"publisher\":{\"@id\":\"https:\\\/\\\/www.fica.unsl.edu.ar\\\/#organization\"},\"potentialAction\":[{\"@type\":\"SearchAction\",\"target\":{\"@type\":\"EntryPoint\",\"urlTemplate\":\"https:\\\/\\\/www.fica.unsl.edu.ar\\\/?s={search_term_string}\"},\"query-input\":{\"@type\":\"PropertyValueSpecification\",\"valueRequired\":true,\"valueName\":\"search_term_string\"}}],\"inLanguage\":\"es-AR\"},{\"@type\":\"Organization\",\"@id\":\"https:\\\/\\\/www.fica.unsl.edu.ar\\\/#organization\",\"name\":\"Facultad de Ingenier\u00eda y Ciencias Agropecuarias\",\"url\":\"https:\\\/\\\/www.fica.unsl.edu.ar\\\/\",\"logo\":{\"@type\":\"ImageObject\",\"inLanguage\":\"es-AR\",\"@id\":\"https:\\\/\\\/www.fica.unsl.edu.ar\\\/#\\\/schema\\\/logo\\\/image\\\/\",\"url\":\"https:\\\/\\\/www.fica.unsl.edu.ar\\\/wp-content\\\/uploads\\\/2021\\\/03\\\/LOGO-1.jpg\",\"contentUrl\":\"https:\\\/\\\/www.fica.unsl.edu.ar\\\/wp-content\\\/uploads\\\/2021\\\/03\\\/LOGO-1.jpg\",\"width\":463,\"height\":145,\"caption\":\"Facultad de Ingenier\u00eda y Ciencias Agropecuarias\"},\"image\":{\"@id\":\"https:\\\/\\\/www.fica.unsl.edu.ar\\\/#\\\/schema\\\/logo\\\/image\\\/\"},\"sameAs\":[\"https:\\\/\\\/www.facebook.com\\\/FICA.UNSL\\\/\",\"https:\\\/\\\/x.com\\\/FICAUNSL\",\"https:\\\/\\\/www.instagram.com\\\/fica.unsl\\\/\",\"https:\\\/\\\/www.youtube.com\\\/channel\\\/UCs2MM53gb2PyBrMySdtWZDQ\"]},{\"@type\":\"Person\",\"@id\":\"https:\\\/\\\/www.fica.unsl.edu.ar\\\/#\\\/schema\\\/person\\\/6058f9c66301868d3a691b1f5d6c3544\",\"name\":\"DATI\"}]}<\/script>\n<!-- \/ Yoast SEO plugin. -->","yoast_head_json":{"title":"PICT 2021 Orientaci\u00f3n a la vinculaci\u00f3n - Facultad de Ingenier\u00eda y Ciencias Agropecuarias","robots":{"index":"index","follow":"follow","max-snippet":"max-snippet:-1","max-image-preview":"max-image-preview:large","max-video-preview":"max-video-preview:-1"},"canonical":"https:\/\/www.fica.unsl.edu.ar\/index.php\/pict-2021-orientacion-a-la-vinculacion\/","og_locale":"es_ES","og_type":"article","og_title":"PICT 2021 Orientaci\u00f3n a la vinculaci\u00f3n - Facultad de Ingenier\u00eda y Ciencias Agropecuarias","og_description":"La Agencia Nacional de Promoci\u00f3n de la Investigaci\u00f3n, el Desarrollo Tecnol\u00f3gico y la Innovaci\u00f3n (AGENCIA I+D+i), llama a la presentaci\u00f3n de proyectos de investigaci\u00f3n cient\u00edfica&hellip;","og_url":"https:\/\/www.fica.unsl.edu.ar\/index.php\/pict-2021-orientacion-a-la-vinculacion\/","og_site_name":"Facultad de Ingenier\u00eda y Ciencias Agropecuarias","article_publisher":"https:\/\/www.facebook.com\/FICA.UNSL\/","article_published_time":"2021-10-12T14:33:32+00:00","article_modified_time":"2022-02-22T12:16:34+00:00","og_image":[{"width":1061,"height":600,"url":"https:\/\/www.fica.unsl.edu.ar\/wp-content\/uploads\/2021\/05\/convocatoria.jpg","type":"image\/jpeg"}],"author":"DATI","twitter_card":"summary_large_image","twitter_creator":"@FICAUNSL","twitter_site":"@FICAUNSL","twitter_misc":{"Escrito por":"DATI","Tiempo de lectura":"3 minutos"},"schema":{"@context":"https:\/\/schema.org","@graph":[{"@type":"Article","@id":"https:\/\/www.fica.unsl.edu.ar\/index.php\/pict-2021-orientacion-a-la-vinculacion\/#article","isPartOf":{"@id":"https:\/\/www.fica.unsl.edu.ar\/index.php\/pict-2021-orientacion-a-la-vinculacion\/"},"author":{"name":"DATI","@id":"https:\/\/www.fica.unsl.edu.ar\/#\/schema\/person\/6058f9c66301868d3a691b1f5d6c3544"},"headline":"PICT 2021 Orientaci\u00f3n a la vinculaci\u00f3n","datePublished":"2021-10-12T14:33:32+00:00","dateModified":"2022-02-22T12:16:34+00:00","mainEntityOfPage":{"@id":"https:\/\/www.fica.unsl.edu.ar\/index.php\/pict-2021-orientacion-a-la-vinculacion\/"},"wordCount":766,"publisher":{"@id":"https:\/\/www.fica.unsl.edu.ar\/#organization"},"image":{"@id":"https:\/\/www.fica.unsl.edu.ar\/index.php\/pict-2021-orientacion-a-la-vinculacion\/#primaryimage"},"thumbnailUrl":"https:\/\/www.fica.unsl.edu.ar\/wp-content\/uploads\/2021\/05\/convocatoria.jpg","articleSection":["Noticias"],"inLanguage":"es-AR"},{"@type":"WebPage","@id":"https:\/\/www.fica.unsl.edu.ar\/index.php\/pict-2021-orientacion-a-la-vinculacion\/","url":"https:\/\/www.fica.unsl.edu.ar\/index.php\/pict-2021-orientacion-a-la-vinculacion\/","name":"PICT 2021 Orientaci\u00f3n a la vinculaci\u00f3n - Facultad de Ingenier\u00eda y Ciencias Agropecuarias","isPartOf":{"@id":"https:\/\/www.fica.unsl.edu.ar\/#website"},"primaryImageOfPage":{"@id":"https:\/\/www.fica.unsl.edu.ar\/index.php\/pict-2021-orientacion-a-la-vinculacion\/#primaryimage"},"image":{"@id":"https:\/\/www.fica.unsl.edu.ar\/index.php\/pict-2021-orientacion-a-la-vinculacion\/#primaryimage"},"thumbnailUrl":"https:\/\/www.fica.unsl.edu.ar\/wp-content\/uploads\/2021\/05\/convocatoria.jpg","datePublished":"2021-10-12T14:33:32+00:00","dateModified":"2022-02-22T12:16:34+00:00","inLanguage":"es-AR","potentialAction":[{"@type":"ReadAction","target":["https:\/\/www.fica.unsl.edu.ar\/index.php\/pict-2021-orientacion-a-la-vinculacion\/"]}]},{"@type":"ImageObject","inLanguage":"es-AR","@id":"https:\/\/www.fica.unsl.edu.ar\/index.php\/pict-2021-orientacion-a-la-vinculacion\/#primaryimage","url":"https:\/\/www.fica.unsl.edu.ar\/wp-content\/uploads\/2021\/05\/convocatoria.jpg","contentUrl":"https:\/\/www.fica.unsl.edu.ar\/wp-content\/uploads\/2021\/05\/convocatoria.jpg","width":1061,"height":600},{"@type":"WebSite","@id":"https:\/\/www.fica.unsl.edu.ar\/#website","url":"https:\/\/www.fica.unsl.edu.ar\/","name":"Facultad de Ingenier\u00eda y Ciencias Agropecuarias","description":"","publisher":{"@id":"https:\/\/www.fica.unsl.edu.ar\/#organization"},"potentialAction":[{"@type":"SearchAction","target":{"@type":"EntryPoint","urlTemplate":"https:\/\/www.fica.unsl.edu.ar\/?s={search_term_string}"},"query-input":{"@type":"PropertyValueSpecification","valueRequired":true,"valueName":"search_term_string"}}],"inLanguage":"es-AR"},{"@type":"Organization","@id":"https:\/\/www.fica.unsl.edu.ar\/#organization","name":"Facultad de Ingenier\u00eda y Ciencias Agropecuarias","url":"https:\/\/www.fica.unsl.edu.ar\/","logo":{"@type":"ImageObject","inLanguage":"es-AR","@id":"https:\/\/www.fica.unsl.edu.ar\/#\/schema\/logo\/image\/","url":"https:\/\/www.fica.unsl.edu.ar\/wp-content\/uploads\/2021\/03\/LOGO-1.jpg","contentUrl":"https:\/\/www.fica.unsl.edu.ar\/wp-content\/uploads\/2021\/03\/LOGO-1.jpg","width":463,"height":145,"caption":"Facultad de Ingenier\u00eda y Ciencias Agropecuarias"},"image":{"@id":"https:\/\/www.fica.unsl.edu.ar\/#\/schema\/logo\/image\/"},"sameAs":["https:\/\/www.facebook.com\/FICA.UNSL\/","https:\/\/x.com\/FICAUNSL","https:\/\/www.instagram.com\/fica.unsl\/","https:\/\/www.youtube.com\/channel\/UCs2MM53gb2PyBrMySdtWZDQ"]},{"@type":"Person","@id":"https:\/\/www.fica.unsl.edu.ar\/#\/schema\/person\/6058f9c66301868d3a691b1f5d6c3544","name":"DATI"}]}},"_links":{"self":[{"href":"https:\/\/www.fica.unsl.edu.ar\/index.php\/wp-json\/wp\/v2\/posts\/6890","targetHints":{"allow":["GET"]}}],"collection":[{"href":"https:\/\/www.fica.unsl.edu.ar\/index.php\/wp-json\/wp\/v2\/posts"}],"about":[{"href":"https:\/\/www.fica.unsl.edu.ar\/index.php\/wp-json\/wp\/v2\/types\/post"}],"author":[{"embeddable":true,"href":"https:\/\/www.fica.unsl.edu.ar\/index.php\/wp-json\/wp\/v2\/users\/9"}],"replies":[{"embeddable":true,"href":"https:\/\/www.fica.unsl.edu.ar\/index.php\/wp-json\/wp\/v2\/comments?post=6890"}],"version-history":[{"count":1,"href":"https:\/\/www.fica.unsl.edu.ar\/index.php\/wp-json\/wp\/v2\/posts\/6890\/revisions"}],"predecessor-version":[{"id":6891,"href":"https:\/\/www.fica.unsl.edu.ar\/index.php\/wp-json\/wp\/v2\/posts\/6890\/revisions\/6891"}],"wp:featuredmedia":[{"embeddable":true,"href":"https:\/\/www.fica.unsl.edu.ar\/index.php\/wp-json\/wp\/v2\/media\/5004"}],"wp:attachment":[{"href":"https:\/\/www.fica.unsl.edu.ar\/index.php\/wp-json\/wp\/v2\/media?parent=6890"}],"wp:term":[{"taxonomy":"category","embeddable":true,"href":"https:\/\/www.fica.unsl.edu.ar\/index.php\/wp-json\/wp\/v2\/categories?post=6890"},{"taxonomy":"post_tag","embeddable":true,"href":"https:\/\/www.fica.unsl.edu.ar\/index.php\/wp-json\/wp\/v2\/tags?post=6890"}],"curies":[{"name":"wp","href":"https:\/\/api.w.org\/{rel}","templated":true}]}}