{"id":6978,"date":"2021-10-15T08:41:19","date_gmt":"2021-10-15T11:41:19","guid":{"rendered":"http:\/\/10.101.10.196\/www\/?p=6978"},"modified":"2021-10-19T10:42:36","modified_gmt":"2021-10-19T13:42:36","slug":"unsl-presentaron-el-centro-universitario-pyme","status":"publish","type":"post","link":"https:\/\/www.fica.unsl.edu.ar\/index.php\/unsl-presentaron-el-centro-universitario-pyme\/","title":{"rendered":"UNSL: Presentaron el Centro Universitario PyME"},"content":{"rendered":"<p>En la jornada del jueves 14 de octubre en el Microcine de Rectorado de la UNSL se llev\u00f3 a cabo la presentaci\u00f3n el Centro Universitario PyME. El acto fue presidido por el Vicerrector Mgtr. H\u00e9ctor Flores, acompa\u00f1ado por el ministro de Producci\u00f3n de San Luis, Juan Lavandeira, y el coordinador de la SVTS, Mart\u00edn Fern\u00e1ndez Baldo, junto a productores y emprendedores.<\/p>\n<p>Desde la virtualidad particip\u00f3 el secretario de la Peque\u00f1a y Mediana Empresa y los Emprendedores dependiente del Ministerio de Producci\u00f3n de la Naci\u00f3n, Guillermo Merediz, y la directora Nacional de Desarrollo Regional PyME, Karina P\u00e9rez.<\/p>\n<p>A trav\u00e9s de este Centro Universitario se trabajar\u00e1 para potenciar las fortalezas y oportunidades de las peque\u00f1as y medianas empresas de San Luis. La Universidad Nacional de San Luis (UNSL) vincular\u00e1 a los productores con el sector cient\u00edfico\/tecnol\u00f3gico y brindar\u00e1 capacitaciones, asistencias y asesoramientos.<\/p>\n<p>Este centro funcionar\u00e1 en la Escuela de Econom\u00eda, Negocios y Transferencia Tecnol\u00f3gica, donde se recibir\u00e1n las consultas y solicitudes de las pymes que quieran recibir acompa\u00f1amiento por parte de especialistas.<\/p>\n<p>El Vicerrector, Mgtr. H\u00e9ctor Flores, destac\u00f3 que para la Universidad el Centro es un sue\u00f1o cumplido, que se va a terminar de cumplir cuando todo el esfuerzo que ponen las instancias nacionales, provinciales y la Universidad puedan hacer que las econom\u00edas regionales se reactiven. \u00abNecesitamos que las econom\u00edas crezcan y que tengamos un mayor empleo\u00bb, finaliz\u00f3.<\/p>\n<p>Es financiado a trav\u00e9s del Programa de Competitividad de Econom\u00edas Regionales (PROCER) del Ministerio de Desarrollo Productivo de la Naci\u00f3n. Su objetivo es agregar valor a la producci\u00f3n mediante acciones del sector cient\u00edfico\/tecnol\u00f3gico, buscando asociar al Gobierno provincial con los productores, potenciando el desarrollo sostenible y acompa\u00f1ando a los sectores productivos para promover la vinculaci\u00f3n y el crecimiento econ\u00f3mico.<\/p>\n<p>Se agregar\u00e1 valor a trav\u00e9s de capacitaciones, asistencias y asesoramientos en diferentes tem\u00e1ticas de manera gratuita. Por otra parte, se propende al entrenamiento y promoci\u00f3n de herramientas de difusi\u00f3n tecnol\u00f3gicas de gesti\u00f3n y comercializaci\u00f3n.<\/p>\n<p>Entre las acciones que se realizar\u00e1n se detalla: la firma de acuerdos interinstitucionales con diferentes sectores, la evaluaci\u00f3n y dise\u00f1o de normativas provinciales que garanticen la comercializaci\u00f3n y exportaci\u00f3n de productos y la realizaci\u00f3n de asesoramientos para formalizar la situaci\u00f3n jur\u00eddica de las micropymes y PyMEs.<\/p>\n<p>\u00abVamos a asesorar sobre la elaboraci\u00f3n de estudios de mercado, estimaci\u00f3n de costos y de precios, cadena de valor en la elaboraci\u00f3n de planes de desarrollo exportador, y tambi\u00e9n vamos a realizar asesoramientos sobre posibilidades de financiamiento para facilitar estas exportaciones\u00bb, expres\u00f3 el coordinador de la Secretar\u00eda de Vinculaci\u00f3n Tecnol\u00f3gica y Social de la Universidad (SVTS), Dr. Mart\u00edn Fern\u00e1ndez Baldo.<\/p>\n<p><img fetchpriority=\"high\" decoding=\"async\" class=\"aligncenter size-large wp-image-5757\" src=\"https:\/\/www.fcejs.unsl.edu.ar\/wp-content\/uploads\/2021\/10\/CENTRO-PYME-02-1024x575.jpg\" alt=\"\" width=\"843\" height=\"473\" \/><\/p>\n<p><strong>Capacitaciones<\/strong><\/p>\n<p>Ser\u00e1n gratuitas y se brindar\u00e1n a los diversos sectores. All\u00ed se los capacitar\u00e1 para comprender sobre estrategias de asociatividad. Van a estar destinadas a optimizar procesos de control de calidad de la cadena productiva. Quienes se capaciten podr\u00e1n entender sobre el uso del software y manejo de informaci\u00f3n.<\/p>\n<p><strong>Asistencias<\/strong><\/p>\n<p>Van a estar dirigidas al dise\u00f1o e implementaci\u00f3n de buenas pr\u00e1cticas de manufactura para mejorar la calidad de la producci\u00f3n de la regi\u00f3n para el desarrollo del plan de marketing. Tambi\u00e9n para la elaboraci\u00f3n de modelos de negocio, estimaci\u00f3n de costos y de la informaci\u00f3n en empresas, familias, manejo financiero de compra y venta, y tambi\u00e9n para el registro de marca.<\/p>\n<p><strong>Energ\u00edas renovables<\/strong><\/p>\n<p>A trav\u00e9s del Centro Universitario PyME se asistir\u00e1 en forma tecnol\u00f3gica para incrementar la producci\u00f3n de bioenerg\u00edas en la regi\u00f3n. Se capacitar\u00e1 sobre uso de energ\u00edas no convencionales, se asesorar\u00e1 en forma cient\u00edfica y tecnol\u00f3gica en la planificaci\u00f3n para migrar energ\u00edas convencionales a bioenerg\u00edas y energ\u00edas alternativas, y se asesorar\u00e1 en el aprovechamiento de residuos de producci\u00f3n para generar energ\u00eda.<\/p>\n<p>\u00abTenemos una p\u00e1gina web donde todos los sectores van a poder dejarnos sus necesidades para que sean derivados a los grupos cient\u00edficos\/tecnol\u00f3gicos e informarse sobre las capacitaciones\u00bb, dijo Fern\u00e1ndez Baldo.<\/p>\n<p>FUENTE: PRENSA RECTORADO UNSL<\/p>\n","protected":false},"excerpt":{"rendered":"<p>En la jornada del jueves 14 de octubre en el Microcine de Rectorado de la UNSL se llev\u00f3 a cabo la presentaci\u00f3n el Centro Universitario&hellip;<\/p>\n","protected":false},"author":9,"featured_media":6979,"comment_status":"closed","ping_status":"closed","sticky":false,"template":"","format":"standard","meta":{"_monsterinsights_skip_tracking":false,"_monsterinsights_sitenote_active":false,"_monsterinsights_sitenote_note":"","_monsterinsights_sitenote_category":0,"_joinchat":[],"footnotes":""},"categories":[19],"tags":[],"class_list":["post-6978","post","type-post","status-publish","format-standard","has-post-thumbnail","hentry","category-noticias"],"yoast_head":"<!-- This site is optimized with the Yoast SEO plugin v27.4 - https:\/\/yoast.com\/product\/yoast-seo-wordpress\/ -->\n<title>UNSL: Presentaron el Centro Universitario PyME - Facultad de Ingenier\u00eda y Ciencias Agropecuarias<\/title>\n<meta name=\"robots\" content=\"index, follow, max-snippet:-1, max-image-preview:large, max-video-preview:-1\" \/>\n<link rel=\"canonical\" href=\"https:\/\/www.fica.unsl.edu.ar\/index.php\/unsl-presentaron-el-centro-universitario-pyme\/\" \/>\n<meta property=\"og:locale\" content=\"es_ES\" \/>\n<meta property=\"og:type\" content=\"article\" \/>\n<meta property=\"og:title\" content=\"UNSL: Presentaron el Centro Universitario PyME - Facultad de Ingenier\u00eda y Ciencias Agropecuarias\" \/>\n<meta property=\"og:description\" content=\"En la jornada del jueves 14 de octubre en el Microcine de Rectorado de la UNSL se llev\u00f3 a cabo la presentaci\u00f3n el Centro Universitario&hellip;\" \/>\n<meta property=\"og:url\" content=\"https:\/\/www.fica.unsl.edu.ar\/index.php\/unsl-presentaron-el-centro-universitario-pyme\/\" \/>\n<meta property=\"og:site_name\" content=\"Facultad de Ingenier\u00eda y Ciencias Agropecuarias\" \/>\n<meta property=\"article:publisher\" content=\"https:\/\/www.facebook.com\/FICA.UNSL\/\" \/>\n<meta property=\"article:published_time\" content=\"2021-10-15T11:41:19+00:00\" \/>\n<meta property=\"article:modified_time\" content=\"2021-10-19T13:42:36+00:00\" \/>\n<meta property=\"og:image\" content=\"https:\/\/www.fica.unsl.edu.ar\/wp-content\/uploads\/2021\/10\/CENTRO-PYME.jpg\" \/>\n\t<meta property=\"og:image:width\" content=\"1152\" \/>\n\t<meta property=\"og:image:height\" content=\"647\" \/>\n\t<meta property=\"og:image:type\" content=\"image\/jpeg\" \/>\n<meta name=\"author\" content=\"DATI\" \/>\n<meta name=\"twitter:card\" content=\"summary_large_image\" \/>\n<meta name=\"twitter:creator\" content=\"@FICAUNSL\" \/>\n<meta name=\"twitter:site\" content=\"@FICAUNSL\" \/>\n<meta name=\"twitter:label1\" content=\"Escrito por\" \/>\n\t<meta name=\"twitter:data1\" content=\"DATI\" \/>\n\t<meta name=\"twitter:label2\" content=\"Tiempo de lectura\" \/>\n\t<meta name=\"twitter:data2\" content=\"4 minutos\" \/>\n<script type=\"application\/ld+json\" class=\"yoast-schema-graph\">{\"@context\":\"https:\\\/\\\/schema.org\",\"@graph\":[{\"@type\":\"Article\",\"@id\":\"https:\\\/\\\/www.fica.unsl.edu.ar\\\/index.php\\\/unsl-presentaron-el-centro-universitario-pyme\\\/#article\",\"isPartOf\":{\"@id\":\"https:\\\/\\\/www.fica.unsl.edu.ar\\\/index.php\\\/unsl-presentaron-el-centro-universitario-pyme\\\/\"},\"author\":{\"name\":\"DATI\",\"@id\":\"https:\\\/\\\/www.fica.unsl.edu.ar\\\/#\\\/schema\\\/person\\\/6058f9c66301868d3a691b1f5d6c3544\"},\"headline\":\"UNSL: Presentaron el Centro Universitario PyME\",\"datePublished\":\"2021-10-15T11:41:19+00:00\",\"dateModified\":\"2021-10-19T13:42:36+00:00\",\"mainEntityOfPage\":{\"@id\":\"https:\\\/\\\/www.fica.unsl.edu.ar\\\/index.php\\\/unsl-presentaron-el-centro-universitario-pyme\\\/\"},\"wordCount\":728,\"publisher\":{\"@id\":\"https:\\\/\\\/www.fica.unsl.edu.ar\\\/#organization\"},\"image\":{\"@id\":\"https:\\\/\\\/www.fica.unsl.edu.ar\\\/index.php\\\/unsl-presentaron-el-centro-universitario-pyme\\\/#primaryimage\"},\"thumbnailUrl\":\"https:\\\/\\\/www.fica.unsl.edu.ar\\\/wp-content\\\/uploads\\\/2021\\\/10\\\/CENTRO-PYME.jpg\",\"articleSection\":[\"Noticias\"],\"inLanguage\":\"es-AR\"},{\"@type\":\"WebPage\",\"@id\":\"https:\\\/\\\/www.fica.unsl.edu.ar\\\/index.php\\\/unsl-presentaron-el-centro-universitario-pyme\\\/\",\"url\":\"https:\\\/\\\/www.fica.unsl.edu.ar\\\/index.php\\\/unsl-presentaron-el-centro-universitario-pyme\\\/\",\"name\":\"UNSL: Presentaron el Centro Universitario PyME - Facultad de Ingenier\u00eda y Ciencias Agropecuarias\",\"isPartOf\":{\"@id\":\"https:\\\/\\\/www.fica.unsl.edu.ar\\\/#website\"},\"primaryImageOfPage\":{\"@id\":\"https:\\\/\\\/www.fica.unsl.edu.ar\\\/index.php\\\/unsl-presentaron-el-centro-universitario-pyme\\\/#primaryimage\"},\"image\":{\"@id\":\"https:\\\/\\\/www.fica.unsl.edu.ar\\\/index.php\\\/unsl-presentaron-el-centro-universitario-pyme\\\/#primaryimage\"},\"thumbnailUrl\":\"https:\\\/\\\/www.fica.unsl.edu.ar\\\/wp-content\\\/uploads\\\/2021\\\/10\\\/CENTRO-PYME.jpg\",\"datePublished\":\"2021-10-15T11:41:19+00:00\",\"dateModified\":\"2021-10-19T13:42:36+00:00\",\"inLanguage\":\"es-AR\",\"potentialAction\":[{\"@type\":\"ReadAction\",\"target\":[\"https:\\\/\\\/www.fica.unsl.edu.ar\\\/index.php\\\/unsl-presentaron-el-centro-universitario-pyme\\\/\"]}]},{\"@type\":\"ImageObject\",\"inLanguage\":\"es-AR\",\"@id\":\"https:\\\/\\\/www.fica.unsl.edu.ar\\\/index.php\\\/unsl-presentaron-el-centro-universitario-pyme\\\/#primaryimage\",\"url\":\"https:\\\/\\\/www.fica.unsl.edu.ar\\\/wp-content\\\/uploads\\\/2021\\\/10\\\/CENTRO-PYME.jpg\",\"contentUrl\":\"https:\\\/\\\/www.fica.unsl.edu.ar\\\/wp-content\\\/uploads\\\/2021\\\/10\\\/CENTRO-PYME.jpg\",\"width\":1152,\"height\":647},{\"@type\":\"WebSite\",\"@id\":\"https:\\\/\\\/www.fica.unsl.edu.ar\\\/#website\",\"url\":\"https:\\\/\\\/www.fica.unsl.edu.ar\\\/\",\"name\":\"Facultad de Ingenier\u00eda y Ciencias Agropecuarias\",\"description\":\"\",\"publisher\":{\"@id\":\"https:\\\/\\\/www.fica.unsl.edu.ar\\\/#organization\"},\"potentialAction\":[{\"@type\":\"SearchAction\",\"target\":{\"@type\":\"EntryPoint\",\"urlTemplate\":\"https:\\\/\\\/www.fica.unsl.edu.ar\\\/?s={search_term_string}\"},\"query-input\":{\"@type\":\"PropertyValueSpecification\",\"valueRequired\":true,\"valueName\":\"search_term_string\"}}],\"inLanguage\":\"es-AR\"},{\"@type\":\"Organization\",\"@id\":\"https:\\\/\\\/www.fica.unsl.edu.ar\\\/#organization\",\"name\":\"Facultad de Ingenier\u00eda y Ciencias Agropecuarias\",\"url\":\"https:\\\/\\\/www.fica.unsl.edu.ar\\\/\",\"logo\":{\"@type\":\"ImageObject\",\"inLanguage\":\"es-AR\",\"@id\":\"https:\\\/\\\/www.fica.unsl.edu.ar\\\/#\\\/schema\\\/logo\\\/image\\\/\",\"url\":\"https:\\\/\\\/www.fica.unsl.edu.ar\\\/wp-content\\\/uploads\\\/2021\\\/03\\\/LOGO-1.jpg\",\"contentUrl\":\"https:\\\/\\\/www.fica.unsl.edu.ar\\\/wp-content\\\/uploads\\\/2021\\\/03\\\/LOGO-1.jpg\",\"width\":463,\"height\":145,\"caption\":\"Facultad de Ingenier\u00eda y Ciencias Agropecuarias\"},\"image\":{\"@id\":\"https:\\\/\\\/www.fica.unsl.edu.ar\\\/#\\\/schema\\\/logo\\\/image\\\/\"},\"sameAs\":[\"https:\\\/\\\/www.facebook.com\\\/FICA.UNSL\\\/\",\"https:\\\/\\\/x.com\\\/FICAUNSL\",\"https:\\\/\\\/www.instagram.com\\\/fica.unsl\\\/\",\"https:\\\/\\\/www.youtube.com\\\/channel\\\/UCs2MM53gb2PyBrMySdtWZDQ\"]},{\"@type\":\"Person\",\"@id\":\"https:\\\/\\\/www.fica.unsl.edu.ar\\\/#\\\/schema\\\/person\\\/6058f9c66301868d3a691b1f5d6c3544\",\"name\":\"DATI\"}]}<\/script>\n<!-- \/ Yoast SEO plugin. -->","yoast_head_json":{"title":"UNSL: Presentaron el Centro Universitario PyME - Facultad de Ingenier\u00eda y Ciencias Agropecuarias","robots":{"index":"index","follow":"follow","max-snippet":"max-snippet:-1","max-image-preview":"max-image-preview:large","max-video-preview":"max-video-preview:-1"},"canonical":"https:\/\/www.fica.unsl.edu.ar\/index.php\/unsl-presentaron-el-centro-universitario-pyme\/","og_locale":"es_ES","og_type":"article","og_title":"UNSL: Presentaron el Centro Universitario PyME - Facultad de Ingenier\u00eda y Ciencias Agropecuarias","og_description":"En la jornada del jueves 14 de octubre en el Microcine de Rectorado de la UNSL se llev\u00f3 a cabo la presentaci\u00f3n el Centro Universitario&hellip;","og_url":"https:\/\/www.fica.unsl.edu.ar\/index.php\/unsl-presentaron-el-centro-universitario-pyme\/","og_site_name":"Facultad de Ingenier\u00eda y Ciencias Agropecuarias","article_publisher":"https:\/\/www.facebook.com\/FICA.UNSL\/","article_published_time":"2021-10-15T11:41:19+00:00","article_modified_time":"2021-10-19T13:42:36+00:00","og_image":[{"width":1152,"height":647,"url":"https:\/\/www.fica.unsl.edu.ar\/wp-content\/uploads\/2021\/10\/CENTRO-PYME.jpg","type":"image\/jpeg"}],"author":"DATI","twitter_card":"summary_large_image","twitter_creator":"@FICAUNSL","twitter_site":"@FICAUNSL","twitter_misc":{"Escrito por":"DATI","Tiempo de lectura":"4 minutos"},"schema":{"@context":"https:\/\/schema.org","@graph":[{"@type":"Article","@id":"https:\/\/www.fica.unsl.edu.ar\/index.php\/unsl-presentaron-el-centro-universitario-pyme\/#article","isPartOf":{"@id":"https:\/\/www.fica.unsl.edu.ar\/index.php\/unsl-presentaron-el-centro-universitario-pyme\/"},"author":{"name":"DATI","@id":"https:\/\/www.fica.unsl.edu.ar\/#\/schema\/person\/6058f9c66301868d3a691b1f5d6c3544"},"headline":"UNSL: Presentaron el Centro Universitario PyME","datePublished":"2021-10-15T11:41:19+00:00","dateModified":"2021-10-19T13:42:36+00:00","mainEntityOfPage":{"@id":"https:\/\/www.fica.unsl.edu.ar\/index.php\/unsl-presentaron-el-centro-universitario-pyme\/"},"wordCount":728,"publisher":{"@id":"https:\/\/www.fica.unsl.edu.ar\/#organization"},"image":{"@id":"https:\/\/www.fica.unsl.edu.ar\/index.php\/unsl-presentaron-el-centro-universitario-pyme\/#primaryimage"},"thumbnailUrl":"https:\/\/www.fica.unsl.edu.ar\/wp-content\/uploads\/2021\/10\/CENTRO-PYME.jpg","articleSection":["Noticias"],"inLanguage":"es-AR"},{"@type":"WebPage","@id":"https:\/\/www.fica.unsl.edu.ar\/index.php\/unsl-presentaron-el-centro-universitario-pyme\/","url":"https:\/\/www.fica.unsl.edu.ar\/index.php\/unsl-presentaron-el-centro-universitario-pyme\/","name":"UNSL: Presentaron el Centro Universitario PyME - Facultad de Ingenier\u00eda y Ciencias Agropecuarias","isPartOf":{"@id":"https:\/\/www.fica.unsl.edu.ar\/#website"},"primaryImageOfPage":{"@id":"https:\/\/www.fica.unsl.edu.ar\/index.php\/unsl-presentaron-el-centro-universitario-pyme\/#primaryimage"},"image":{"@id":"https:\/\/www.fica.unsl.edu.ar\/index.php\/unsl-presentaron-el-centro-universitario-pyme\/#primaryimage"},"thumbnailUrl":"https:\/\/www.fica.unsl.edu.ar\/wp-content\/uploads\/2021\/10\/CENTRO-PYME.jpg","datePublished":"2021-10-15T11:41:19+00:00","dateModified":"2021-10-19T13:42:36+00:00","inLanguage":"es-AR","potentialAction":[{"@type":"ReadAction","target":["https:\/\/www.fica.unsl.edu.ar\/index.php\/unsl-presentaron-el-centro-universitario-pyme\/"]}]},{"@type":"ImageObject","inLanguage":"es-AR","@id":"https:\/\/www.fica.unsl.edu.ar\/index.php\/unsl-presentaron-el-centro-universitario-pyme\/#primaryimage","url":"https:\/\/www.fica.unsl.edu.ar\/wp-content\/uploads\/2021\/10\/CENTRO-PYME.jpg","contentUrl":"https:\/\/www.fica.unsl.edu.ar\/wp-content\/uploads\/2021\/10\/CENTRO-PYME.jpg","width":1152,"height":647},{"@type":"WebSite","@id":"https:\/\/www.fica.unsl.edu.ar\/#website","url":"https:\/\/www.fica.unsl.edu.ar\/","name":"Facultad de Ingenier\u00eda y Ciencias Agropecuarias","description":"","publisher":{"@id":"https:\/\/www.fica.unsl.edu.ar\/#organization"},"potentialAction":[{"@type":"SearchAction","target":{"@type":"EntryPoint","urlTemplate":"https:\/\/www.fica.unsl.edu.ar\/?s={search_term_string}"},"query-input":{"@type":"PropertyValueSpecification","valueRequired":true,"valueName":"search_term_string"}}],"inLanguage":"es-AR"},{"@type":"Organization","@id":"https:\/\/www.fica.unsl.edu.ar\/#organization","name":"Facultad de Ingenier\u00eda y Ciencias Agropecuarias","url":"https:\/\/www.fica.unsl.edu.ar\/","logo":{"@type":"ImageObject","inLanguage":"es-AR","@id":"https:\/\/www.fica.unsl.edu.ar\/#\/schema\/logo\/image\/","url":"https:\/\/www.fica.unsl.edu.ar\/wp-content\/uploads\/2021\/03\/LOGO-1.jpg","contentUrl":"https:\/\/www.fica.unsl.edu.ar\/wp-content\/uploads\/2021\/03\/LOGO-1.jpg","width":463,"height":145,"caption":"Facultad de Ingenier\u00eda y Ciencias Agropecuarias"},"image":{"@id":"https:\/\/www.fica.unsl.edu.ar\/#\/schema\/logo\/image\/"},"sameAs":["https:\/\/www.facebook.com\/FICA.UNSL\/","https:\/\/x.com\/FICAUNSL","https:\/\/www.instagram.com\/fica.unsl\/","https:\/\/www.youtube.com\/channel\/UCs2MM53gb2PyBrMySdtWZDQ"]},{"@type":"Person","@id":"https:\/\/www.fica.unsl.edu.ar\/#\/schema\/person\/6058f9c66301868d3a691b1f5d6c3544","name":"DATI"}]}},"_links":{"self":[{"href":"https:\/\/www.fica.unsl.edu.ar\/index.php\/wp-json\/wp\/v2\/posts\/6978","targetHints":{"allow":["GET"]}}],"collection":[{"href":"https:\/\/www.fica.unsl.edu.ar\/index.php\/wp-json\/wp\/v2\/posts"}],"about":[{"href":"https:\/\/www.fica.unsl.edu.ar\/index.php\/wp-json\/wp\/v2\/types\/post"}],"author":[{"embeddable":true,"href":"https:\/\/www.fica.unsl.edu.ar\/index.php\/wp-json\/wp\/v2\/users\/9"}],"replies":[{"embeddable":true,"href":"https:\/\/www.fica.unsl.edu.ar\/index.php\/wp-json\/wp\/v2\/comments?post=6978"}],"version-history":[{"count":1,"href":"https:\/\/www.fica.unsl.edu.ar\/index.php\/wp-json\/wp\/v2\/posts\/6978\/revisions"}],"predecessor-version":[{"id":6980,"href":"https:\/\/www.fica.unsl.edu.ar\/index.php\/wp-json\/wp\/v2\/posts\/6978\/revisions\/6980"}],"wp:featuredmedia":[{"embeddable":true,"href":"https:\/\/www.fica.unsl.edu.ar\/index.php\/wp-json\/wp\/v2\/media\/6979"}],"wp:attachment":[{"href":"https:\/\/www.fica.unsl.edu.ar\/index.php\/wp-json\/wp\/v2\/media?parent=6978"}],"wp:term":[{"taxonomy":"category","embeddable":true,"href":"https:\/\/www.fica.unsl.edu.ar\/index.php\/wp-json\/wp\/v2\/categories?post=6978"},{"taxonomy":"post_tag","embeddable":true,"href":"https:\/\/www.fica.unsl.edu.ar\/index.php\/wp-json\/wp\/v2\/tags?post=6978"}],"curies":[{"name":"wp","href":"https:\/\/api.w.org\/{rel}","templated":true}]}}