{"id":6984,"date":"2021-10-19T13:15:52","date_gmt":"2021-10-19T16:15:52","guid":{"rendered":"http:\/\/10.101.10.196\/www\/?p=6984"},"modified":"2021-10-19T13:20:36","modified_gmt":"2021-10-19T16:20:36","slug":"unsl-inauguraron-el-mural-de-einstein-en-el-bloque-i","status":"publish","type":"post","link":"https:\/\/www.fica.unsl.edu.ar\/index.php\/unsl-inauguraron-el-mural-de-einstein-en-el-bloque-i\/","title":{"rendered":"UNSL: Inauguraron el mural de Einstein en el Bloque I"},"content":{"rendered":"<p>Las primeras pinceladas en el edificio que hace m\u00e1s de 40 a\u00f1os no se embellec\u00eda, iniciaron en el mes de julio. Hoy, martes 19 de octubre de 2021, qued\u00f3 inaugurado el retrato de la figura del cient\u00edfico Albert Einstein, convirti\u00e9ndose en la obra r\u00e9cord del programa Pinta San Luis, a cargo del proyecto art\u00edstico.<\/p>\n<p>La obra es fruto del trabajo en conjunto homologado en un Acta Complementaria que fue firmada entre el Ministerio de Obras P\u00fablicas e Infraestructura de la Provincia y la Universidad Nacional de San Luis (UNSL).<\/p>\n<p>El acto inaugural cont\u00f3 con la presencia del Decano de la FICA, Mgtr. Sergio Ribotta y el Decano de la FCEJS, Mgtr. Marcelo Casabene, autoridades, docentes, nodocentes y estudiantes de la UNSL.<\/p>\n<p><img fetchpriority=\"high\" decoding=\"async\" class=\"aligncenter size-full wp-image-6989\" src=\"https:\/\/www.fica.unsl.edu.ar\/wp-content\/uploads\/2021\/10\/MURAL-03.jpg\" alt=\"\" width=\"1152\" height=\"647\" srcset=\"https:\/\/www.fica.unsl.edu.ar\/wp-content\/uploads\/2021\/10\/MURAL-03.jpg 1152w, https:\/\/www.fica.unsl.edu.ar\/wp-content\/uploads\/2021\/10\/MURAL-03-300x168.jpg 300w, https:\/\/www.fica.unsl.edu.ar\/wp-content\/uploads\/2021\/10\/MURAL-03-1024x575.jpg 1024w, https:\/\/www.fica.unsl.edu.ar\/wp-content\/uploads\/2021\/10\/MURAL-03-768x431.jpg 768w\" sizes=\"(max-width: 1152px) 100vw, 1152px\" \/><\/p>\n<p>Este proyecto se inici\u00f3 a propuesta de un docente de la Universidad, Karim Sapag, al observar los murales plasmados en los puentes de la ciudad. Su iniciativa fue alcanzada al Rector, quien inici\u00f3 las gestiones con el ministro de Obras P\u00fablicas e Infraestructura de San Luis, Alberto Rodr\u00edguez Sa\u00e1 (h), dando un resultado positivo y favorable.<\/p>\n<p>En la cronolog\u00eda del proyecto se pueden destacar tres (3) momentos claves: el primero se registr\u00f3 en agosto del a\u00f1o pasado cuando se firm\u00f3 el Convenio, el segundo fue cuando se inaugur\u00f3 la obra hace apenas unos d\u00edas, y la tercera que se concret\u00f3 hoy con la primera etapa.<\/p>\n<p>\u00abEstoy muy pero muy contento de como ha quedado y estoy muy pero muy contento con el \u00ablado b\u00bb de esta obra. Porque como dije el d\u00eda que inauguramos la obra, Pinta San Luis termina siendo una excusa para la uni\u00f3n de la Universidad y el Gobierno de la Provincia para hacer muchas otras cosas que se vinieron despu\u00e9s\u00bb, expres\u00f3 el C.P.N V\u00edctor Mori\u00f1igo.<\/p>\n<p>Por su parte, la jefa del Programa Pinta San Luis, Roc\u00edo Ag\u00fcero, manifest\u00f3 su honor de poder embellecer el edificio y el desaf\u00edo que implic\u00f3 no solo la cantidad de metros cuadrados, sino tambi\u00e9n las molduras, aberturas, y desnivel del piso. \u00abPara nosotros estas pinceladas fueron muy gratificantes y poder haber hecho este mural de estas grandes dimensiones, es un r\u00e9cord del Programa, porque la pared tiene m\u00e1s de 140 metros de largo\u00bb, dijo.<\/p>\n<p>Adem\u00e1s, agradeci\u00f3 a todo el equipo de Pinta San Luis por estar en los detalles y agradeci\u00f3 el trabajo mancomunado entre Gobierno y Universidad.<img decoding=\"async\" class=\"aligncenter size-full wp-image-6985\" src=\"https:\/\/www.fica.unsl.edu.ar\/wp-content\/uploads\/2021\/10\/MURAL-02.jpg\" alt=\"\" width=\"1152\" height=\"647\" srcset=\"https:\/\/www.fica.unsl.edu.ar\/wp-content\/uploads\/2021\/10\/MURAL-02.jpg 1152w, https:\/\/www.fica.unsl.edu.ar\/wp-content\/uploads\/2021\/10\/MURAL-02-300x168.jpg 300w, https:\/\/www.fica.unsl.edu.ar\/wp-content\/uploads\/2021\/10\/MURAL-02-1024x575.jpg 1024w, https:\/\/www.fica.unsl.edu.ar\/wp-content\/uploads\/2021\/10\/MURAL-02-768x431.jpg 768w\" sizes=\"(max-width: 1152px) 100vw, 1152px\" \/><\/p>\n<p>Para finalizar, Mori\u00f1igo dijo: \u00abver all\u00ed (en el mural) el escudo de la Universidad y de la Provincia nos motiva mucho para entender y comprender que hace falta m\u00e1s Universidad y Gobierno de la Provincia para solucionarle los temas a la gente. Ojala que sigamos haciendo cosas juntos porque solo nos mueve el bien com\u00fan de la gente de San Luis\u00bb.<br \/>\nPara dejar oficialmente inaugurada la obra, se realiz\u00f3 el corte de cinta y se dej\u00f3 plasmada la firma del Rector y del Ministro en el mural.<\/p>\n","protected":false},"excerpt":{"rendered":"<p>Las primeras pinceladas en el edificio que hace m\u00e1s de 40 a\u00f1os no se embellec\u00eda, iniciaron en el mes de julio. Hoy, martes 19 de&hellip;<\/p>\n","protected":false},"author":9,"featured_media":6986,"comment_status":"closed","ping_status":"closed","sticky":false,"template":"","format":"standard","meta":{"_monsterinsights_skip_tracking":false,"_monsterinsights_sitenote_active":false,"_monsterinsights_sitenote_note":"","_monsterinsights_sitenote_category":0,"_joinchat":[],"footnotes":""},"categories":[19],"tags":[],"class_list":["post-6984","post","type-post","status-publish","format-standard","has-post-thumbnail","hentry","category-noticias"],"yoast_head":"<!-- This site is optimized with the Yoast SEO plugin v27.4 - https:\/\/yoast.com\/product\/yoast-seo-wordpress\/ -->\n<title>UNSL: Inauguraron el mural de Einstein en el Bloque I - Facultad de Ingenier\u00eda y Ciencias Agropecuarias<\/title>\n<meta name=\"robots\" content=\"index, follow, max-snippet:-1, max-image-preview:large, max-video-preview:-1\" \/>\n<link rel=\"canonical\" href=\"https:\/\/www.fica.unsl.edu.ar\/index.php\/unsl-inauguraron-el-mural-de-einstein-en-el-bloque-i\/\" \/>\n<meta property=\"og:locale\" content=\"es_ES\" \/>\n<meta property=\"og:type\" content=\"article\" \/>\n<meta property=\"og:title\" content=\"UNSL: Inauguraron el mural de Einstein en el Bloque I - Facultad de Ingenier\u00eda y Ciencias Agropecuarias\" \/>\n<meta property=\"og:description\" content=\"Las primeras pinceladas en el edificio que hace m\u00e1s de 40 a\u00f1os no se embellec\u00eda, iniciaron en el mes de julio. Hoy, martes 19 de&hellip;\" \/>\n<meta property=\"og:url\" content=\"https:\/\/www.fica.unsl.edu.ar\/index.php\/unsl-inauguraron-el-mural-de-einstein-en-el-bloque-i\/\" \/>\n<meta property=\"og:site_name\" content=\"Facultad de Ingenier\u00eda y Ciencias Agropecuarias\" \/>\n<meta property=\"article:publisher\" content=\"https:\/\/www.facebook.com\/FICA.UNSL\/\" \/>\n<meta property=\"article:published_time\" content=\"2021-10-19T16:15:52+00:00\" \/>\n<meta property=\"article:modified_time\" content=\"2021-10-19T16:20:36+00:00\" \/>\n<meta property=\"og:image\" content=\"https:\/\/www.fica.unsl.edu.ar\/wp-content\/uploads\/2021\/10\/MURAL.jpg\" \/>\n\t<meta property=\"og:image:width\" content=\"1152\" \/>\n\t<meta property=\"og:image:height\" content=\"647\" \/>\n\t<meta property=\"og:image:type\" content=\"image\/jpeg\" \/>\n<meta name=\"author\" content=\"DATI\" \/>\n<meta name=\"twitter:card\" content=\"summary_large_image\" \/>\n<meta name=\"twitter:creator\" content=\"@FICAUNSL\" \/>\n<meta name=\"twitter:site\" content=\"@FICAUNSL\" \/>\n<meta name=\"twitter:label1\" content=\"Escrito por\" \/>\n\t<meta name=\"twitter:data1\" content=\"DATI\" \/>\n\t<meta name=\"twitter:label2\" content=\"Tiempo de lectura\" \/>\n\t<meta name=\"twitter:data2\" content=\"3 minutos\" \/>\n<script type=\"application\/ld+json\" class=\"yoast-schema-graph\">{\"@context\":\"https:\\\/\\\/schema.org\",\"@graph\":[{\"@type\":\"Article\",\"@id\":\"https:\\\/\\\/www.fica.unsl.edu.ar\\\/index.php\\\/unsl-inauguraron-el-mural-de-einstein-en-el-bloque-i\\\/#article\",\"isPartOf\":{\"@id\":\"https:\\\/\\\/www.fica.unsl.edu.ar\\\/index.php\\\/unsl-inauguraron-el-mural-de-einstein-en-el-bloque-i\\\/\"},\"author\":{\"name\":\"DATI\",\"@id\":\"https:\\\/\\\/www.fica.unsl.edu.ar\\\/#\\\/schema\\\/person\\\/6058f9c66301868d3a691b1f5d6c3544\"},\"headline\":\"UNSL: Inauguraron el mural de Einstein en el Bloque I\",\"datePublished\":\"2021-10-19T16:15:52+00:00\",\"dateModified\":\"2021-10-19T16:20:36+00:00\",\"mainEntityOfPage\":{\"@id\":\"https:\\\/\\\/www.fica.unsl.edu.ar\\\/index.php\\\/unsl-inauguraron-el-mural-de-einstein-en-el-bloque-i\\\/\"},\"wordCount\":510,\"publisher\":{\"@id\":\"https:\\\/\\\/www.fica.unsl.edu.ar\\\/#organization\"},\"image\":{\"@id\":\"https:\\\/\\\/www.fica.unsl.edu.ar\\\/index.php\\\/unsl-inauguraron-el-mural-de-einstein-en-el-bloque-i\\\/#primaryimage\"},\"thumbnailUrl\":\"https:\\\/\\\/www.fica.unsl.edu.ar\\\/wp-content\\\/uploads\\\/2021\\\/10\\\/MURAL.jpg\",\"articleSection\":[\"Noticias\"],\"inLanguage\":\"es-AR\"},{\"@type\":\"WebPage\",\"@id\":\"https:\\\/\\\/www.fica.unsl.edu.ar\\\/index.php\\\/unsl-inauguraron-el-mural-de-einstein-en-el-bloque-i\\\/\",\"url\":\"https:\\\/\\\/www.fica.unsl.edu.ar\\\/index.php\\\/unsl-inauguraron-el-mural-de-einstein-en-el-bloque-i\\\/\",\"name\":\"UNSL: Inauguraron el mural de Einstein en el Bloque I - Facultad de Ingenier\u00eda y Ciencias Agropecuarias\",\"isPartOf\":{\"@id\":\"https:\\\/\\\/www.fica.unsl.edu.ar\\\/#website\"},\"primaryImageOfPage\":{\"@id\":\"https:\\\/\\\/www.fica.unsl.edu.ar\\\/index.php\\\/unsl-inauguraron-el-mural-de-einstein-en-el-bloque-i\\\/#primaryimage\"},\"image\":{\"@id\":\"https:\\\/\\\/www.fica.unsl.edu.ar\\\/index.php\\\/unsl-inauguraron-el-mural-de-einstein-en-el-bloque-i\\\/#primaryimage\"},\"thumbnailUrl\":\"https:\\\/\\\/www.fica.unsl.edu.ar\\\/wp-content\\\/uploads\\\/2021\\\/10\\\/MURAL.jpg\",\"datePublished\":\"2021-10-19T16:15:52+00:00\",\"dateModified\":\"2021-10-19T16:20:36+00:00\",\"inLanguage\":\"es-AR\",\"potentialAction\":[{\"@type\":\"ReadAction\",\"target\":[\"https:\\\/\\\/www.fica.unsl.edu.ar\\\/index.php\\\/unsl-inauguraron-el-mural-de-einstein-en-el-bloque-i\\\/\"]}]},{\"@type\":\"ImageObject\",\"inLanguage\":\"es-AR\",\"@id\":\"https:\\\/\\\/www.fica.unsl.edu.ar\\\/index.php\\\/unsl-inauguraron-el-mural-de-einstein-en-el-bloque-i\\\/#primaryimage\",\"url\":\"https:\\\/\\\/www.fica.unsl.edu.ar\\\/wp-content\\\/uploads\\\/2021\\\/10\\\/MURAL.jpg\",\"contentUrl\":\"https:\\\/\\\/www.fica.unsl.edu.ar\\\/wp-content\\\/uploads\\\/2021\\\/10\\\/MURAL.jpg\",\"width\":1152,\"height\":647},{\"@type\":\"WebSite\",\"@id\":\"https:\\\/\\\/www.fica.unsl.edu.ar\\\/#website\",\"url\":\"https:\\\/\\\/www.fica.unsl.edu.ar\\\/\",\"name\":\"Facultad de Ingenier\u00eda y Ciencias Agropecuarias\",\"description\":\"\",\"publisher\":{\"@id\":\"https:\\\/\\\/www.fica.unsl.edu.ar\\\/#organization\"},\"potentialAction\":[{\"@type\":\"SearchAction\",\"target\":{\"@type\":\"EntryPoint\",\"urlTemplate\":\"https:\\\/\\\/www.fica.unsl.edu.ar\\\/?s={search_term_string}\"},\"query-input\":{\"@type\":\"PropertyValueSpecification\",\"valueRequired\":true,\"valueName\":\"search_term_string\"}}],\"inLanguage\":\"es-AR\"},{\"@type\":\"Organization\",\"@id\":\"https:\\\/\\\/www.fica.unsl.edu.ar\\\/#organization\",\"name\":\"Facultad de Ingenier\u00eda y Ciencias Agropecuarias\",\"url\":\"https:\\\/\\\/www.fica.unsl.edu.ar\\\/\",\"logo\":{\"@type\":\"ImageObject\",\"inLanguage\":\"es-AR\",\"@id\":\"https:\\\/\\\/www.fica.unsl.edu.ar\\\/#\\\/schema\\\/logo\\\/image\\\/\",\"url\":\"https:\\\/\\\/www.fica.unsl.edu.ar\\\/wp-content\\\/uploads\\\/2021\\\/03\\\/LOGO-1.jpg\",\"contentUrl\":\"https:\\\/\\\/www.fica.unsl.edu.ar\\\/wp-content\\\/uploads\\\/2021\\\/03\\\/LOGO-1.jpg\",\"width\":463,\"height\":145,\"caption\":\"Facultad de Ingenier\u00eda y Ciencias Agropecuarias\"},\"image\":{\"@id\":\"https:\\\/\\\/www.fica.unsl.edu.ar\\\/#\\\/schema\\\/logo\\\/image\\\/\"},\"sameAs\":[\"https:\\\/\\\/www.facebook.com\\\/FICA.UNSL\\\/\",\"https:\\\/\\\/x.com\\\/FICAUNSL\",\"https:\\\/\\\/www.instagram.com\\\/fica.unsl\\\/\",\"https:\\\/\\\/www.youtube.com\\\/channel\\\/UCs2MM53gb2PyBrMySdtWZDQ\"]},{\"@type\":\"Person\",\"@id\":\"https:\\\/\\\/www.fica.unsl.edu.ar\\\/#\\\/schema\\\/person\\\/6058f9c66301868d3a691b1f5d6c3544\",\"name\":\"DATI\"}]}<\/script>\n<!-- \/ Yoast SEO plugin. -->","yoast_head_json":{"title":"UNSL: Inauguraron el mural de Einstein en el Bloque I - Facultad de Ingenier\u00eda y Ciencias Agropecuarias","robots":{"index":"index","follow":"follow","max-snippet":"max-snippet:-1","max-image-preview":"max-image-preview:large","max-video-preview":"max-video-preview:-1"},"canonical":"https:\/\/www.fica.unsl.edu.ar\/index.php\/unsl-inauguraron-el-mural-de-einstein-en-el-bloque-i\/","og_locale":"es_ES","og_type":"article","og_title":"UNSL: Inauguraron el mural de Einstein en el Bloque I - Facultad de Ingenier\u00eda y Ciencias Agropecuarias","og_description":"Las primeras pinceladas en el edificio que hace m\u00e1s de 40 a\u00f1os no se embellec\u00eda, iniciaron en el mes de julio. Hoy, martes 19 de&hellip;","og_url":"https:\/\/www.fica.unsl.edu.ar\/index.php\/unsl-inauguraron-el-mural-de-einstein-en-el-bloque-i\/","og_site_name":"Facultad de Ingenier\u00eda y Ciencias Agropecuarias","article_publisher":"https:\/\/www.facebook.com\/FICA.UNSL\/","article_published_time":"2021-10-19T16:15:52+00:00","article_modified_time":"2021-10-19T16:20:36+00:00","og_image":[{"width":1152,"height":647,"url":"https:\/\/www.fica.unsl.edu.ar\/wp-content\/uploads\/2021\/10\/MURAL.jpg","type":"image\/jpeg"}],"author":"DATI","twitter_card":"summary_large_image","twitter_creator":"@FICAUNSL","twitter_site":"@FICAUNSL","twitter_misc":{"Escrito por":"DATI","Tiempo de lectura":"3 minutos"},"schema":{"@context":"https:\/\/schema.org","@graph":[{"@type":"Article","@id":"https:\/\/www.fica.unsl.edu.ar\/index.php\/unsl-inauguraron-el-mural-de-einstein-en-el-bloque-i\/#article","isPartOf":{"@id":"https:\/\/www.fica.unsl.edu.ar\/index.php\/unsl-inauguraron-el-mural-de-einstein-en-el-bloque-i\/"},"author":{"name":"DATI","@id":"https:\/\/www.fica.unsl.edu.ar\/#\/schema\/person\/6058f9c66301868d3a691b1f5d6c3544"},"headline":"UNSL: Inauguraron el mural de Einstein en el Bloque I","datePublished":"2021-10-19T16:15:52+00:00","dateModified":"2021-10-19T16:20:36+00:00","mainEntityOfPage":{"@id":"https:\/\/www.fica.unsl.edu.ar\/index.php\/unsl-inauguraron-el-mural-de-einstein-en-el-bloque-i\/"},"wordCount":510,"publisher":{"@id":"https:\/\/www.fica.unsl.edu.ar\/#organization"},"image":{"@id":"https:\/\/www.fica.unsl.edu.ar\/index.php\/unsl-inauguraron-el-mural-de-einstein-en-el-bloque-i\/#primaryimage"},"thumbnailUrl":"https:\/\/www.fica.unsl.edu.ar\/wp-content\/uploads\/2021\/10\/MURAL.jpg","articleSection":["Noticias"],"inLanguage":"es-AR"},{"@type":"WebPage","@id":"https:\/\/www.fica.unsl.edu.ar\/index.php\/unsl-inauguraron-el-mural-de-einstein-en-el-bloque-i\/","url":"https:\/\/www.fica.unsl.edu.ar\/index.php\/unsl-inauguraron-el-mural-de-einstein-en-el-bloque-i\/","name":"UNSL: Inauguraron el mural de Einstein en el Bloque I - Facultad de Ingenier\u00eda y Ciencias Agropecuarias","isPartOf":{"@id":"https:\/\/www.fica.unsl.edu.ar\/#website"},"primaryImageOfPage":{"@id":"https:\/\/www.fica.unsl.edu.ar\/index.php\/unsl-inauguraron-el-mural-de-einstein-en-el-bloque-i\/#primaryimage"},"image":{"@id":"https:\/\/www.fica.unsl.edu.ar\/index.php\/unsl-inauguraron-el-mural-de-einstein-en-el-bloque-i\/#primaryimage"},"thumbnailUrl":"https:\/\/www.fica.unsl.edu.ar\/wp-content\/uploads\/2021\/10\/MURAL.jpg","datePublished":"2021-10-19T16:15:52+00:00","dateModified":"2021-10-19T16:20:36+00:00","inLanguage":"es-AR","potentialAction":[{"@type":"ReadAction","target":["https:\/\/www.fica.unsl.edu.ar\/index.php\/unsl-inauguraron-el-mural-de-einstein-en-el-bloque-i\/"]}]},{"@type":"ImageObject","inLanguage":"es-AR","@id":"https:\/\/www.fica.unsl.edu.ar\/index.php\/unsl-inauguraron-el-mural-de-einstein-en-el-bloque-i\/#primaryimage","url":"https:\/\/www.fica.unsl.edu.ar\/wp-content\/uploads\/2021\/10\/MURAL.jpg","contentUrl":"https:\/\/www.fica.unsl.edu.ar\/wp-content\/uploads\/2021\/10\/MURAL.jpg","width":1152,"height":647},{"@type":"WebSite","@id":"https:\/\/www.fica.unsl.edu.ar\/#website","url":"https:\/\/www.fica.unsl.edu.ar\/","name":"Facultad de Ingenier\u00eda y Ciencias Agropecuarias","description":"","publisher":{"@id":"https:\/\/www.fica.unsl.edu.ar\/#organization"},"potentialAction":[{"@type":"SearchAction","target":{"@type":"EntryPoint","urlTemplate":"https:\/\/www.fica.unsl.edu.ar\/?s={search_term_string}"},"query-input":{"@type":"PropertyValueSpecification","valueRequired":true,"valueName":"search_term_string"}}],"inLanguage":"es-AR"},{"@type":"Organization","@id":"https:\/\/www.fica.unsl.edu.ar\/#organization","name":"Facultad de Ingenier\u00eda y Ciencias Agropecuarias","url":"https:\/\/www.fica.unsl.edu.ar\/","logo":{"@type":"ImageObject","inLanguage":"es-AR","@id":"https:\/\/www.fica.unsl.edu.ar\/#\/schema\/logo\/image\/","url":"https:\/\/www.fica.unsl.edu.ar\/wp-content\/uploads\/2021\/03\/LOGO-1.jpg","contentUrl":"https:\/\/www.fica.unsl.edu.ar\/wp-content\/uploads\/2021\/03\/LOGO-1.jpg","width":463,"height":145,"caption":"Facultad de Ingenier\u00eda y Ciencias Agropecuarias"},"image":{"@id":"https:\/\/www.fica.unsl.edu.ar\/#\/schema\/logo\/image\/"},"sameAs":["https:\/\/www.facebook.com\/FICA.UNSL\/","https:\/\/x.com\/FICAUNSL","https:\/\/www.instagram.com\/fica.unsl\/","https:\/\/www.youtube.com\/channel\/UCs2MM53gb2PyBrMySdtWZDQ"]},{"@type":"Person","@id":"https:\/\/www.fica.unsl.edu.ar\/#\/schema\/person\/6058f9c66301868d3a691b1f5d6c3544","name":"DATI"}]}},"_links":{"self":[{"href":"https:\/\/www.fica.unsl.edu.ar\/index.php\/wp-json\/wp\/v2\/posts\/6984","targetHints":{"allow":["GET"]}}],"collection":[{"href":"https:\/\/www.fica.unsl.edu.ar\/index.php\/wp-json\/wp\/v2\/posts"}],"about":[{"href":"https:\/\/www.fica.unsl.edu.ar\/index.php\/wp-json\/wp\/v2\/types\/post"}],"author":[{"embeddable":true,"href":"https:\/\/www.fica.unsl.edu.ar\/index.php\/wp-json\/wp\/v2\/users\/9"}],"replies":[{"embeddable":true,"href":"https:\/\/www.fica.unsl.edu.ar\/index.php\/wp-json\/wp\/v2\/comments?post=6984"}],"version-history":[{"count":3,"href":"https:\/\/www.fica.unsl.edu.ar\/index.php\/wp-json\/wp\/v2\/posts\/6984\/revisions"}],"predecessor-version":[{"id":6990,"href":"https:\/\/www.fica.unsl.edu.ar\/index.php\/wp-json\/wp\/v2\/posts\/6984\/revisions\/6990"}],"wp:featuredmedia":[{"embeddable":true,"href":"https:\/\/www.fica.unsl.edu.ar\/index.php\/wp-json\/wp\/v2\/media\/6986"}],"wp:attachment":[{"href":"https:\/\/www.fica.unsl.edu.ar\/index.php\/wp-json\/wp\/v2\/media?parent=6984"}],"wp:term":[{"taxonomy":"category","embeddable":true,"href":"https:\/\/www.fica.unsl.edu.ar\/index.php\/wp-json\/wp\/v2\/categories?post=6984"},{"taxonomy":"post_tag","embeddable":true,"href":"https:\/\/www.fica.unsl.edu.ar\/index.php\/wp-json\/wp\/v2\/tags?post=6984"}],"curies":[{"name":"wp","href":"https:\/\/api.w.org\/{rel}","templated":true}]}}