{"id":7018,"date":"2021-10-25T09:15:50","date_gmt":"2021-10-25T12:15:50","guid":{"rendered":"http:\/\/10.101.10.196\/www\/?p=7018"},"modified":"2022-02-22T09:16:07","modified_gmt":"2022-02-22T12:16:07","slug":"nueva-convocatoria-a-movilidad-virtual","status":"publish","type":"post","link":"https:\/\/www.fica.unsl.edu.ar\/index.php\/nueva-convocatoria-a-movilidad-virtual\/","title":{"rendered":"Nueva convocatoria a movilidad virtual"},"content":{"rendered":"<div class=\"entry-content clearfix\">\n<p>A trav\u00e9s del Programa de Intercambio Acad\u00e9mico Latinoamericano (PILA) virtual se busca enriquecer la formaci\u00f3n acad\u00e9mica, profesional e integral, as\u00ed como promover la internacionalizaci\u00f3n de la educaci\u00f3n superior. El per\u00edodo de inscripci\u00f3n estar\u00e1 habilitado hasta el 5 de noviembre.<\/p>\n<p>La Universidad Nacional de San Luis (UNSL), a trav\u00e9s de la Secretar\u00eda de Relaciones Interinstitucionales, promueve la\u00a0internacionalizaci\u00f3n de la Educaci\u00f3n Superior mediante Programas de Movilidad con el objeto de enriquecer la formaci\u00f3n acad\u00e9mica, profesional e integral de sus estudiantes.<\/p>\n<p>A trav\u00e9s de este Programa, los\/as estudiantes de la UNSL pueden cursar una\/s asignatura\/s de un (1) cuatrimestre de su carrera en una universidad extranjera (M\u00e9xico, Colombia, Argentina, Nicaragua, Brasil, Cuba y Uruguay), con el compromiso del reconocimiento de los estudios realizados, previo acuerdo de la autoridad acad\u00e9mica de la Facultad a la que pertenece.<\/p>\n<p><strong>Requisitos para postulaci\u00f3n<\/strong><\/p>\n<ul>\n<li>Ser alumno\/a regular de una carrera de pregrado, grado o posgrado de la UNSL.<\/li>\n<li>Tener aprobado al menos el 20% de la carrera.<\/li>\n<li>No ocupar cargos docentes.<\/li>\n<li>Buen desempe\u00f1o acad\u00e9mico.<\/li>\n<li>Certificado de idioma portugu\u00e9s para postular a universidades brasile\u00f1as.<\/li>\n<\/ul>\n<p><strong>Documentaci\u00f3n a presentar<\/strong><\/p>\n<ul>\n<li>Certificado de alumno\/a regular<\/li>\n<li>Certificado anal\u00edtico de estudio<\/li>\n<li>Carta de motivaci\u00f3n<\/li>\n<li>Carta de recomendaci\u00f3n<\/li>\n<li>Curriculum Vitae<\/li>\n<li>Copia de su Documento Nacional de Identidad o Pasaporte.<\/li>\n<li>Nota de postulaci\u00f3n<\/li>\n<li><a href=\"https:\/\/www.noticias.unsl.edu.ar\/wp-content\/uploads\/2021\/10\/Formato-inscripcio%CC%81n-estudiantes-PILAVirtual-2022-1.docx\">Formulario de postulaci\u00f3n<\/a><\/li>\n<\/ul>\n<p>Conoc\u00e9 el detalle de la oferta acad\u00e9mica de cada universidad participante haciendo\u00a0<a href=\"https:\/\/pila.cin.edu.ar\/?ai=marca||224000006\">clic aqu\u00ed<\/a>. La documentaci\u00f3n deber\u00e1 enviarse a\u00a0<a href=\"mailto:cooperacion.unsl@gmail.com\">cooperacion.unsl@gmail.com<\/a>\u00a0con copia a\u00a0<a href=\"mailto:interinstitucionales.unsl@gmail.com\">interinstitucionales.unsl@gmail.com<\/a><\/p>\n<p><strong>Sobre el Programa<\/strong><\/p>\n<p>PILA es un programa que surgi\u00f3 en 2017 a partir de un convenio de intercambio acad\u00e9mico entre la Asociaci\u00f3n Nacional de Universidades e Instituciones de Educaci\u00f3n Superior (ANUIES) de M\u00e9xico, la Asociaci\u00f3n Colombiana de Universidades (ASCUN) y el Consejo Interuniversitario Nacional (CIN).<\/p>\n<p>El acuerdo tiene por objeto promover el intercambio de estudiantes de carreras de grado, pregrado y posgrado, as\u00ed como de personas acad\u00e9micas, investigadoras y gestoras de las universidades e instituciones de educaci\u00f3n superior asociadas.<\/p>\n<p>PILA promueve el intercambio de estudiantes de carreras de pregrado, grado y posgrado, buscando promover la internacionalizaci\u00f3n de la educaci\u00f3n superior y fortalecer los lazos de cooperaci\u00f3n acad\u00e9mica entre\u00a0Colombia, M\u00e9xico\u00a0y\u00a0Argentina.<\/p>\n<p>Es importante informar que en el marco del Espacio Latinoamericano y Caribe\u00f1o de Educaci\u00f3n Superior (ENLACES), se solicit\u00f3 a los Consejos de Universidades del Programa PILA que promuevan la apertura del mismo a nuevos pa\u00edses de la Regi\u00f3n, con el fin de que\u00a0PILA se transforme en el gran programa latinoamericano de movilidad acad\u00e9mica que ENLACES tiene como objetivo.<\/p>\n<p>Es as\u00ed que se invit\u00f3 a los Consejos de Universidades de los distintos pa\u00edses latinoamericanos y caribe\u00f1os a incorporarse de modo experimental a la convocatoria PILA virtual segundo cuatrimestre 2021, logrando la adhesi\u00f3n de las siguientes organizaciones:<\/p>\n<p>Consejo Nacional de Universidades (CNU) \u2013\u00a0Nicaragua.<\/p>\n<p>Associa\u00e7\u00e3o Brasileira Dos Reitores Das Universidades Estaduais e Municipais (ABRUEM) y Associa\u00e7\u00e3o Nacional Dos Dirigentes Das Institui\u00e7oes Federais De Ensino Superior (ANDIFES) \u2013 Brasil.<\/p>\n<p>Ministerio de Educaci\u00f3n Superior (MES) \u2013 Cuba.<\/p>\n<p>Universidad de la Rep\u00fablica \u2013 Uruguay.<\/p>\n<p>&nbsp;<\/p>\n<\/div>\n","protected":false},"excerpt":{"rendered":"<p>A trav\u00e9s del Programa de Intercambio Acad\u00e9mico Latinoamericano (PILA) virtual se busca enriquecer la formaci\u00f3n acad\u00e9mica, profesional e integral, as\u00ed como promover la internacionalizaci\u00f3n de&hellip;<\/p>\n","protected":false},"author":9,"featured_media":7020,"comment_status":"closed","ping_status":"closed","sticky":false,"template":"","format":"standard","meta":{"_monsterinsights_skip_tracking":false,"_monsterinsights_sitenote_active":false,"_monsterinsights_sitenote_note":"","_monsterinsights_sitenote_category":0,"_joinchat":[],"footnotes":""},"categories":[19],"tags":[],"class_list":["post-7018","post","type-post","status-publish","format-standard","has-post-thumbnail","hentry","category-noticias"],"yoast_head":"<!-- This site is optimized with the Yoast SEO plugin v27.4 - https:\/\/yoast.com\/product\/yoast-seo-wordpress\/ -->\n<title>Nueva convocatoria a movilidad virtual - Facultad de Ingenier\u00eda y Ciencias Agropecuarias<\/title>\n<meta name=\"robots\" content=\"index, follow, max-snippet:-1, max-image-preview:large, max-video-preview:-1\" \/>\n<link rel=\"canonical\" href=\"https:\/\/www.fica.unsl.edu.ar\/index.php\/nueva-convocatoria-a-movilidad-virtual\/\" \/>\n<meta property=\"og:locale\" content=\"es_ES\" \/>\n<meta property=\"og:type\" content=\"article\" \/>\n<meta property=\"og:title\" content=\"Nueva convocatoria a movilidad virtual - Facultad de Ingenier\u00eda y Ciencias Agropecuarias\" \/>\n<meta property=\"og:description\" content=\"A trav\u00e9s del Programa de Intercambio Acad\u00e9mico Latinoamericano (PILA) virtual se busca enriquecer la formaci\u00f3n acad\u00e9mica, profesional e integral, as\u00ed como promover la internacionalizaci\u00f3n de&hellip;\" \/>\n<meta property=\"og:url\" content=\"https:\/\/www.fica.unsl.edu.ar\/index.php\/nueva-convocatoria-a-movilidad-virtual\/\" \/>\n<meta property=\"og:site_name\" content=\"Facultad de Ingenier\u00eda y Ciencias Agropecuarias\" \/>\n<meta property=\"article:publisher\" content=\"https:\/\/www.facebook.com\/FICA.UNSL\/\" \/>\n<meta property=\"article:published_time\" content=\"2021-10-25T12:15:50+00:00\" \/>\n<meta property=\"article:modified_time\" content=\"2022-02-22T12:16:07+00:00\" \/>\n<meta property=\"og:image\" content=\"https:\/\/www.fica.unsl.edu.ar\/wp-content\/uploads\/2021\/10\/Internacional-10-1000x600-1.jpg\" \/>\n\t<meta property=\"og:image:width\" content=\"1000\" \/>\n\t<meta property=\"og:image:height\" content=\"600\" \/>\n\t<meta property=\"og:image:type\" content=\"image\/jpeg\" \/>\n<meta name=\"author\" content=\"DATI\" \/>\n<meta name=\"twitter:card\" content=\"summary_large_image\" \/>\n<meta name=\"twitter:creator\" content=\"@FICAUNSL\" \/>\n<meta name=\"twitter:site\" content=\"@FICAUNSL\" \/>\n<meta name=\"twitter:label1\" content=\"Escrito por\" \/>\n\t<meta name=\"twitter:data1\" content=\"DATI\" \/>\n\t<meta name=\"twitter:label2\" content=\"Tiempo de lectura\" \/>\n\t<meta name=\"twitter:data2\" content=\"3 minutos\" \/>\n<script type=\"application\/ld+json\" class=\"yoast-schema-graph\">{\"@context\":\"https:\\\/\\\/schema.org\",\"@graph\":[{\"@type\":\"Article\",\"@id\":\"https:\\\/\\\/www.fica.unsl.edu.ar\\\/index.php\\\/nueva-convocatoria-a-movilidad-virtual\\\/#article\",\"isPartOf\":{\"@id\":\"https:\\\/\\\/www.fica.unsl.edu.ar\\\/index.php\\\/nueva-convocatoria-a-movilidad-virtual\\\/\"},\"author\":{\"name\":\"DATI\",\"@id\":\"https:\\\/\\\/www.fica.unsl.edu.ar\\\/#\\\/schema\\\/person\\\/6058f9c66301868d3a691b1f5d6c3544\"},\"headline\":\"Nueva convocatoria a movilidad virtual\",\"datePublished\":\"2021-10-25T12:15:50+00:00\",\"dateModified\":\"2022-02-22T12:16:07+00:00\",\"mainEntityOfPage\":{\"@id\":\"https:\\\/\\\/www.fica.unsl.edu.ar\\\/index.php\\\/nueva-convocatoria-a-movilidad-virtual\\\/\"},\"wordCount\":549,\"publisher\":{\"@id\":\"https:\\\/\\\/www.fica.unsl.edu.ar\\\/#organization\"},\"image\":{\"@id\":\"https:\\\/\\\/www.fica.unsl.edu.ar\\\/index.php\\\/nueva-convocatoria-a-movilidad-virtual\\\/#primaryimage\"},\"thumbnailUrl\":\"https:\\\/\\\/www.fica.unsl.edu.ar\\\/wp-content\\\/uploads\\\/2021\\\/10\\\/Internacional-10-1000x600-1.jpg\",\"articleSection\":[\"Noticias\"],\"inLanguage\":\"es-AR\"},{\"@type\":\"WebPage\",\"@id\":\"https:\\\/\\\/www.fica.unsl.edu.ar\\\/index.php\\\/nueva-convocatoria-a-movilidad-virtual\\\/\",\"url\":\"https:\\\/\\\/www.fica.unsl.edu.ar\\\/index.php\\\/nueva-convocatoria-a-movilidad-virtual\\\/\",\"name\":\"Nueva convocatoria a movilidad virtual - Facultad de Ingenier\u00eda y Ciencias Agropecuarias\",\"isPartOf\":{\"@id\":\"https:\\\/\\\/www.fica.unsl.edu.ar\\\/#website\"},\"primaryImageOfPage\":{\"@id\":\"https:\\\/\\\/www.fica.unsl.edu.ar\\\/index.php\\\/nueva-convocatoria-a-movilidad-virtual\\\/#primaryimage\"},\"image\":{\"@id\":\"https:\\\/\\\/www.fica.unsl.edu.ar\\\/index.php\\\/nueva-convocatoria-a-movilidad-virtual\\\/#primaryimage\"},\"thumbnailUrl\":\"https:\\\/\\\/www.fica.unsl.edu.ar\\\/wp-content\\\/uploads\\\/2021\\\/10\\\/Internacional-10-1000x600-1.jpg\",\"datePublished\":\"2021-10-25T12:15:50+00:00\",\"dateModified\":\"2022-02-22T12:16:07+00:00\",\"inLanguage\":\"es-AR\",\"potentialAction\":[{\"@type\":\"ReadAction\",\"target\":[\"https:\\\/\\\/www.fica.unsl.edu.ar\\\/index.php\\\/nueva-convocatoria-a-movilidad-virtual\\\/\"]}]},{\"@type\":\"ImageObject\",\"inLanguage\":\"es-AR\",\"@id\":\"https:\\\/\\\/www.fica.unsl.edu.ar\\\/index.php\\\/nueva-convocatoria-a-movilidad-virtual\\\/#primaryimage\",\"url\":\"https:\\\/\\\/www.fica.unsl.edu.ar\\\/wp-content\\\/uploads\\\/2021\\\/10\\\/Internacional-10-1000x600-1.jpg\",\"contentUrl\":\"https:\\\/\\\/www.fica.unsl.edu.ar\\\/wp-content\\\/uploads\\\/2021\\\/10\\\/Internacional-10-1000x600-1.jpg\",\"width\":1000,\"height\":600},{\"@type\":\"WebSite\",\"@id\":\"https:\\\/\\\/www.fica.unsl.edu.ar\\\/#website\",\"url\":\"https:\\\/\\\/www.fica.unsl.edu.ar\\\/\",\"name\":\"Facultad de Ingenier\u00eda y Ciencias Agropecuarias\",\"description\":\"\",\"publisher\":{\"@id\":\"https:\\\/\\\/www.fica.unsl.edu.ar\\\/#organization\"},\"potentialAction\":[{\"@type\":\"SearchAction\",\"target\":{\"@type\":\"EntryPoint\",\"urlTemplate\":\"https:\\\/\\\/www.fica.unsl.edu.ar\\\/?s={search_term_string}\"},\"query-input\":{\"@type\":\"PropertyValueSpecification\",\"valueRequired\":true,\"valueName\":\"search_term_string\"}}],\"inLanguage\":\"es-AR\"},{\"@type\":\"Organization\",\"@id\":\"https:\\\/\\\/www.fica.unsl.edu.ar\\\/#organization\",\"name\":\"Facultad de Ingenier\u00eda y Ciencias Agropecuarias\",\"url\":\"https:\\\/\\\/www.fica.unsl.edu.ar\\\/\",\"logo\":{\"@type\":\"ImageObject\",\"inLanguage\":\"es-AR\",\"@id\":\"https:\\\/\\\/www.fica.unsl.edu.ar\\\/#\\\/schema\\\/logo\\\/image\\\/\",\"url\":\"https:\\\/\\\/www.fica.unsl.edu.ar\\\/wp-content\\\/uploads\\\/2021\\\/03\\\/LOGO-1.jpg\",\"contentUrl\":\"https:\\\/\\\/www.fica.unsl.edu.ar\\\/wp-content\\\/uploads\\\/2021\\\/03\\\/LOGO-1.jpg\",\"width\":463,\"height\":145,\"caption\":\"Facultad de Ingenier\u00eda y Ciencias Agropecuarias\"},\"image\":{\"@id\":\"https:\\\/\\\/www.fica.unsl.edu.ar\\\/#\\\/schema\\\/logo\\\/image\\\/\"},\"sameAs\":[\"https:\\\/\\\/www.facebook.com\\\/FICA.UNSL\\\/\",\"https:\\\/\\\/x.com\\\/FICAUNSL\",\"https:\\\/\\\/www.instagram.com\\\/fica.unsl\\\/\",\"https:\\\/\\\/www.youtube.com\\\/channel\\\/UCs2MM53gb2PyBrMySdtWZDQ\"]},{\"@type\":\"Person\",\"@id\":\"https:\\\/\\\/www.fica.unsl.edu.ar\\\/#\\\/schema\\\/person\\\/6058f9c66301868d3a691b1f5d6c3544\",\"name\":\"DATI\"}]}<\/script>\n<!-- \/ Yoast SEO plugin. -->","yoast_head_json":{"title":"Nueva convocatoria a movilidad virtual - Facultad de Ingenier\u00eda y Ciencias Agropecuarias","robots":{"index":"index","follow":"follow","max-snippet":"max-snippet:-1","max-image-preview":"max-image-preview:large","max-video-preview":"max-video-preview:-1"},"canonical":"https:\/\/www.fica.unsl.edu.ar\/index.php\/nueva-convocatoria-a-movilidad-virtual\/","og_locale":"es_ES","og_type":"article","og_title":"Nueva convocatoria a movilidad virtual - Facultad de Ingenier\u00eda y Ciencias Agropecuarias","og_description":"A trav\u00e9s del Programa de Intercambio Acad\u00e9mico Latinoamericano (PILA) virtual se busca enriquecer la formaci\u00f3n acad\u00e9mica, profesional e integral, as\u00ed como promover la internacionalizaci\u00f3n de&hellip;","og_url":"https:\/\/www.fica.unsl.edu.ar\/index.php\/nueva-convocatoria-a-movilidad-virtual\/","og_site_name":"Facultad de Ingenier\u00eda y Ciencias Agropecuarias","article_publisher":"https:\/\/www.facebook.com\/FICA.UNSL\/","article_published_time":"2021-10-25T12:15:50+00:00","article_modified_time":"2022-02-22T12:16:07+00:00","og_image":[{"width":1000,"height":600,"url":"https:\/\/www.fica.unsl.edu.ar\/wp-content\/uploads\/2021\/10\/Internacional-10-1000x600-1.jpg","type":"image\/jpeg"}],"author":"DATI","twitter_card":"summary_large_image","twitter_creator":"@FICAUNSL","twitter_site":"@FICAUNSL","twitter_misc":{"Escrito por":"DATI","Tiempo de lectura":"3 minutos"},"schema":{"@context":"https:\/\/schema.org","@graph":[{"@type":"Article","@id":"https:\/\/www.fica.unsl.edu.ar\/index.php\/nueva-convocatoria-a-movilidad-virtual\/#article","isPartOf":{"@id":"https:\/\/www.fica.unsl.edu.ar\/index.php\/nueva-convocatoria-a-movilidad-virtual\/"},"author":{"name":"DATI","@id":"https:\/\/www.fica.unsl.edu.ar\/#\/schema\/person\/6058f9c66301868d3a691b1f5d6c3544"},"headline":"Nueva convocatoria a movilidad virtual","datePublished":"2021-10-25T12:15:50+00:00","dateModified":"2022-02-22T12:16:07+00:00","mainEntityOfPage":{"@id":"https:\/\/www.fica.unsl.edu.ar\/index.php\/nueva-convocatoria-a-movilidad-virtual\/"},"wordCount":549,"publisher":{"@id":"https:\/\/www.fica.unsl.edu.ar\/#organization"},"image":{"@id":"https:\/\/www.fica.unsl.edu.ar\/index.php\/nueva-convocatoria-a-movilidad-virtual\/#primaryimage"},"thumbnailUrl":"https:\/\/www.fica.unsl.edu.ar\/wp-content\/uploads\/2021\/10\/Internacional-10-1000x600-1.jpg","articleSection":["Noticias"],"inLanguage":"es-AR"},{"@type":"WebPage","@id":"https:\/\/www.fica.unsl.edu.ar\/index.php\/nueva-convocatoria-a-movilidad-virtual\/","url":"https:\/\/www.fica.unsl.edu.ar\/index.php\/nueva-convocatoria-a-movilidad-virtual\/","name":"Nueva convocatoria a movilidad virtual - Facultad de Ingenier\u00eda y Ciencias Agropecuarias","isPartOf":{"@id":"https:\/\/www.fica.unsl.edu.ar\/#website"},"primaryImageOfPage":{"@id":"https:\/\/www.fica.unsl.edu.ar\/index.php\/nueva-convocatoria-a-movilidad-virtual\/#primaryimage"},"image":{"@id":"https:\/\/www.fica.unsl.edu.ar\/index.php\/nueva-convocatoria-a-movilidad-virtual\/#primaryimage"},"thumbnailUrl":"https:\/\/www.fica.unsl.edu.ar\/wp-content\/uploads\/2021\/10\/Internacional-10-1000x600-1.jpg","datePublished":"2021-10-25T12:15:50+00:00","dateModified":"2022-02-22T12:16:07+00:00","inLanguage":"es-AR","potentialAction":[{"@type":"ReadAction","target":["https:\/\/www.fica.unsl.edu.ar\/index.php\/nueva-convocatoria-a-movilidad-virtual\/"]}]},{"@type":"ImageObject","inLanguage":"es-AR","@id":"https:\/\/www.fica.unsl.edu.ar\/index.php\/nueva-convocatoria-a-movilidad-virtual\/#primaryimage","url":"https:\/\/www.fica.unsl.edu.ar\/wp-content\/uploads\/2021\/10\/Internacional-10-1000x600-1.jpg","contentUrl":"https:\/\/www.fica.unsl.edu.ar\/wp-content\/uploads\/2021\/10\/Internacional-10-1000x600-1.jpg","width":1000,"height":600},{"@type":"WebSite","@id":"https:\/\/www.fica.unsl.edu.ar\/#website","url":"https:\/\/www.fica.unsl.edu.ar\/","name":"Facultad de Ingenier\u00eda y Ciencias Agropecuarias","description":"","publisher":{"@id":"https:\/\/www.fica.unsl.edu.ar\/#organization"},"potentialAction":[{"@type":"SearchAction","target":{"@type":"EntryPoint","urlTemplate":"https:\/\/www.fica.unsl.edu.ar\/?s={search_term_string}"},"query-input":{"@type":"PropertyValueSpecification","valueRequired":true,"valueName":"search_term_string"}}],"inLanguage":"es-AR"},{"@type":"Organization","@id":"https:\/\/www.fica.unsl.edu.ar\/#organization","name":"Facultad de Ingenier\u00eda y Ciencias Agropecuarias","url":"https:\/\/www.fica.unsl.edu.ar\/","logo":{"@type":"ImageObject","inLanguage":"es-AR","@id":"https:\/\/www.fica.unsl.edu.ar\/#\/schema\/logo\/image\/","url":"https:\/\/www.fica.unsl.edu.ar\/wp-content\/uploads\/2021\/03\/LOGO-1.jpg","contentUrl":"https:\/\/www.fica.unsl.edu.ar\/wp-content\/uploads\/2021\/03\/LOGO-1.jpg","width":463,"height":145,"caption":"Facultad de Ingenier\u00eda y Ciencias Agropecuarias"},"image":{"@id":"https:\/\/www.fica.unsl.edu.ar\/#\/schema\/logo\/image\/"},"sameAs":["https:\/\/www.facebook.com\/FICA.UNSL\/","https:\/\/x.com\/FICAUNSL","https:\/\/www.instagram.com\/fica.unsl\/","https:\/\/www.youtube.com\/channel\/UCs2MM53gb2PyBrMySdtWZDQ"]},{"@type":"Person","@id":"https:\/\/www.fica.unsl.edu.ar\/#\/schema\/person\/6058f9c66301868d3a691b1f5d6c3544","name":"DATI"}]}},"_links":{"self":[{"href":"https:\/\/www.fica.unsl.edu.ar\/index.php\/wp-json\/wp\/v2\/posts\/7018","targetHints":{"allow":["GET"]}}],"collection":[{"href":"https:\/\/www.fica.unsl.edu.ar\/index.php\/wp-json\/wp\/v2\/posts"}],"about":[{"href":"https:\/\/www.fica.unsl.edu.ar\/index.php\/wp-json\/wp\/v2\/types\/post"}],"author":[{"embeddable":true,"href":"https:\/\/www.fica.unsl.edu.ar\/index.php\/wp-json\/wp\/v2\/users\/9"}],"replies":[{"embeddable":true,"href":"https:\/\/www.fica.unsl.edu.ar\/index.php\/wp-json\/wp\/v2\/comments?post=7018"}],"version-history":[{"count":1,"href":"https:\/\/www.fica.unsl.edu.ar\/index.php\/wp-json\/wp\/v2\/posts\/7018\/revisions"}],"predecessor-version":[{"id":7021,"href":"https:\/\/www.fica.unsl.edu.ar\/index.php\/wp-json\/wp\/v2\/posts\/7018\/revisions\/7021"}],"wp:featuredmedia":[{"embeddable":true,"href":"https:\/\/www.fica.unsl.edu.ar\/index.php\/wp-json\/wp\/v2\/media\/7020"}],"wp:attachment":[{"href":"https:\/\/www.fica.unsl.edu.ar\/index.php\/wp-json\/wp\/v2\/media?parent=7018"}],"wp:term":[{"taxonomy":"category","embeddable":true,"href":"https:\/\/www.fica.unsl.edu.ar\/index.php\/wp-json\/wp\/v2\/categories?post=7018"},{"taxonomy":"post_tag","embeddable":true,"href":"https:\/\/www.fica.unsl.edu.ar\/index.php\/wp-json\/wp\/v2\/tags?post=7018"}],"curies":[{"name":"wp","href":"https:\/\/api.w.org\/{rel}","templated":true}]}}