{"id":7044,"date":"2021-10-26T12:58:58","date_gmt":"2021-10-26T15:58:58","guid":{"rendered":"http:\/\/10.101.10.196\/www\/?p=7044"},"modified":"2022-02-22T09:21:08","modified_gmt":"2022-02-22T12:21:08","slug":"la-unsl-distinguio-a-dos-personalidades-por-la-defensa-de-la-educacion-publica","status":"publish","type":"post","link":"https:\/\/www.fica.unsl.edu.ar\/index.php\/la-unsl-distinguio-a-dos-personalidades-por-la-defensa-de-la-educacion-publica\/","title":{"rendered":"La UNSL distingui\u00f3 a dos personalidades por la Defensa de la Educaci\u00f3n P\u00fablica"},"content":{"rendered":"<p>En la ma\u00f1ana del lunes 25 de octubre de 2021 la Dra. Mar\u00eda Teresa Sirvent y el Dr. \u00c1lvaro Maglia Canzani fueron reconocidos con el galard\u00f3n honorario especial por la UNSL. El acto se realiz\u00f3 en la ciudad de San Francisco del Monte de Oro, en la escuela fundada por Domingo Faustino Sarmiento.<\/p>\n<p>El evento cont\u00f3 con la presencia del Decano de la FICA, Mgtr. Sergio Ribotta y el Decano de la FCEJS, Mgtr. Marcelo Casabene, invitados\/as especiales, autoridades universitarias, escolares y municipales, docentes, nodocentes, estudiantes y p\u00fablico en general.<\/p>\n<p><img fetchpriority=\"high\" decoding=\"async\" class=\"aligncenter size-large wp-image-5885\" src=\"https:\/\/www.fcejs.unsl.edu.ar\/wp-content\/uploads\/2021\/10\/AUTORIDADES-ACTO-SAN-FRANSISCO-1024x461.jpg\" alt=\"\" width=\"843\" height=\"380\" \/><\/p>\n<p>Tras el ingreso de las Banderas de Ceremonia se entonaron las estrofas del Himno Nacional. Luego del retiro de las Banderas, uno de los primeros en hablar fue el escribano Juan Jos\u00e9 Laborda Ibarra, quien ley\u00f3 una semblanza hist\u00f3rica con breves recuerdos de Sarmiento.<\/p>\n<p>Acto seguido, se dio lectura a la resoluci\u00f3n de la distinci\u00f3n 2020 a la Dra. Mar\u00eda Teresa Sirvent, que no pudo ser entregada el a\u00f1o pasado con un acto formal y presencial a causa de la pandemia.<\/p>\n<p>El rector C.P.N V\u00edctor Mori\u00f1igo fue el encargado de entregar el galard\u00f3n. En sus palabras, la Dra. expres\u00f3 su alegr\u00eda, emoci\u00f3n y sorpresa al ser elegida para recibir la distinci\u00f3n. A la vez, comparti\u00f3 con las personas presentes emotivos recuerdos de sus primeras experiencias en la docencia:<em>\u00a0\u00abSi me preguntan puedo decir que lo m\u00e1s importante de mi vida fue haber sido y ser maestra normal nacional (\u2026) adoro esta profesi\u00f3n, a los\/as alumnos\/as y lo siento como un proceso de vida que fue marcado por esas primeras experiencias y vivencias\u00bb, dijo<\/em>.<\/p>\n<figure class=\"wp-block-image\"><img decoding=\"async\" class=\"wp-image-60668\" src=\"https:\/\/www.noticias.unsl.edu.ar\/wp-content\/uploads\/2021\/10\/211025-Premio-en-Defensa-de-la-Educaci%C3%B3n-P%C3%BAblica-2020-a-la-Dra.-Mar%C3%ADa-Teresa-Sirvent-y-2021-a-el-Dr.-%C3%81lvaro-Maglia-Cansani-23-19.jpg\" sizes=\"(max-width: 1000px) 100vw, 1000px\" srcset=\"https:\/\/www.noticias.unsl.edu.ar\/wp-content\/uploads\/2021\/10\/211025-Premio-en-Defensa-de-la-Educaci\u00f3n-P\u00fablica-2020-a-la-Dra.-Mar\u00eda-Teresa-Sirvent-y-2021-a-el-Dr.-\u00c1lvaro-Maglia-Cansani-23-19.jpg 1000w, https:\/\/www.noticias.unsl.edu.ar\/wp-content\/uploads\/2021\/10\/211025-Premio-en-Defensa-de-la-Educaci\u00f3n-P\u00fablica-2020-a-la-Dra.-Mar\u00eda-Teresa-Sirvent-y-2021-a-el-Dr.-\u00c1lvaro-Maglia-Cansani-23-19-300x200.jpg 300w\" alt=\"\" \/><\/figure>\n<p>Luego, se dio lectura a la resoluci\u00f3n que protocoliza la entrega del galard\u00f3n 2021 para el Dr. \u00c1lvaro Maglia Canzani. Tras recibir su distinci\u00f3n en manos del Rector, dijo:\u00a0<em>\u00abSoy una persona que trabaja con un conjunto de otras personas que hacen que esto no sea un reconocimiento particular\u00bb<\/em>. El experto a la vez manifest\u00f3 su emoci\u00f3n por todas las experiencias que ha tenido en este tiempo, en defensa de la educaci\u00f3n, especialmente de la educaci\u00f3n p\u00fablica.<\/p>\n<p><em>\u00abEsta educaci\u00f3n superior p\u00fablica que defendemos es aquella que nace de la ra\u00edz de las necesidades de nuestras sociedades, para aprender, para desarrollarse como personas, como sociedad y para poder aplicar el conocimiento al progreso humano\u00bb<\/em>, expres\u00f3, destacando que la educaci\u00f3n p\u00fablica es un bien p\u00fablico, un derecho y un deber indelegable de los Estados que la sostienen.<\/p>\n<figure class=\"wp-block-image\"><img decoding=\"async\" class=\"wp-image-60669\" src=\"https:\/\/www.noticias.unsl.edu.ar\/wp-content\/uploads\/2021\/10\/211025-Premio-en-Defensa-de-la-Educaci%C3%B3n-P%C3%BAblica-2020-a-la-Dra.-Mar%C3%ADa-Teresa-Sirvent-y-2021-a-el-Dr.-%C3%81lvaro-Maglia-Cansani-32-27.jpg\" sizes=\"(max-width: 1000px) 100vw, 1000px\" srcset=\"https:\/\/www.noticias.unsl.edu.ar\/wp-content\/uploads\/2021\/10\/211025-Premio-en-Defensa-de-la-Educaci\u00f3n-P\u00fablica-2020-a-la-Dra.-Mar\u00eda-Teresa-Sirvent-y-2021-a-el-Dr.-\u00c1lvaro-Maglia-Cansani-32-27.jpg 1000w, https:\/\/www.noticias.unsl.edu.ar\/wp-content\/uploads\/2021\/10\/211025-Premio-en-Defensa-de-la-Educaci\u00f3n-P\u00fablica-2020-a-la-Dra.-Mar\u00eda-Teresa-Sirvent-y-2021-a-el-Dr.-\u00c1lvaro-Maglia-Cansani-32-27-300x200.jpg 300w\" alt=\"\" \/><\/figure>\n<p>Posteriormente el Dr. Maglia fue reconocido por la Confederaci\u00f3n de Trabajadores y Trajadoras de las Universidades de las Am\u00e9ricas (CONTUA) y por la Federaci\u00f3n Argentina del Trabajador de las Universidades Nacionales\u00a0(FATUN) con una condecoraci\u00f3n por la defensa permanente a la educaci\u00f3n. La distinci\u00f3n fue entregada por el Dr. Marcelo Di Stefano y por el Dr. Walter Merkis.<\/p>\n<p>Finalmente, el Rector de la UNSL se dirigi\u00f3 a los\/as presentes y agradeci\u00f3 a todas las personas que hicieron posible el evento. Habl\u00e1ndoles especialmente a las personas premiadas expres\u00f3:\u00a0<em>\u00abprestigian de manera muy especial a nuestra querida UNSL (\u2026) La Universidad tiene un firme compromiso con la educaci\u00f3n p\u00fablica, gratuita y de calidad y por eso cre\u00f3 un reconocimiento especial para estos referentes institucionales que marcan, marcaron y marcar\u00e1n el camino a seguir\u00bb<\/em>, dijo.<\/p>\n<p>Mori\u00f1igo finaliz\u00f3 el acto con unas sentidas palabras sobre la Dra. Sirvent y el Dr. Maglia:\u00a0<em>\u00abSentimos que nos han demostrado el camino hacia una verdadera reforma que nos prestigia (\u2026) felicitaciones de coraz\u00f3n a los desde hoy premiados y embajadores por la defensa de la Educaci\u00f3n P\u00fablica por la Universidad\u00bb<\/em>, expres\u00f3.<\/p>\n<figure class=\"wp-block-image\"><img decoding=\"async\" class=\"wp-image-60670\" src=\"https:\/\/www.noticias.unsl.edu.ar\/wp-content\/uploads\/2021\/10\/211025-Premio-en-Defensa-de-la-Educaci%C3%B3n-P%C3%BAblica-2020-a-la-Dra.-Mar%C3%ADa-Teresa-Sirvent-y-2021-a-el-Dr.-%C3%81lvaro-Maglia-Cansani-60-50.jpg\" sizes=\"(max-width: 1000px) 100vw, 1000px\" srcset=\"https:\/\/www.noticias.unsl.edu.ar\/wp-content\/uploads\/2021\/10\/211025-Premio-en-Defensa-de-la-Educaci\u00f3n-P\u00fablica-2020-a-la-Dra.-Mar\u00eda-Teresa-Sirvent-y-2021-a-el-Dr.-\u00c1lvaro-Maglia-Cansani-60-50.jpg 1000w, https:\/\/www.noticias.unsl.edu.ar\/wp-content\/uploads\/2021\/10\/211025-Premio-en-Defensa-de-la-Educaci\u00f3n-P\u00fablica-2020-a-la-Dra.-Mar\u00eda-Teresa-Sirvent-y-2021-a-el-Dr.-\u00c1lvaro-Maglia-Cansani-60-50-300x200.jpg 300w\" alt=\"\" \/><\/figure>\n<p><strong>Sobre las personas premiadas<\/strong><\/p>\n<p>La\u00a0<strong>Dra. Mar\u00eda Teresa Sirvent<\/strong>, es licenciada en Ciencias de la Educaci\u00f3n, soci\u00f3loga, ha tenido un posdoctorado en la Universidad de Columbia y es profesora consulta titular de la Universidad de Buenos Aires (UBA). Su trayectoria es vasta en el \u00e1mbito de la educaci\u00f3n.<\/p>\n<p>Ha sido docente e investigadora y se desempe\u00f1a como investigadora principal del Consejo Nacional de Investigaciones Cient\u00edficas y T\u00e9cnicas (Conicet). Ha realizado actividades de transferencia cient\u00edfica y tecnol\u00f3gica y ha recibido numerosas distinciones a lo largo y ancho del pa\u00eds.<\/p>\n<p>El\u00a0<strong>Dr. \u00c1lvaro Maglia Canzani<\/strong>, es secretario Ejecutivo de la Asociaci\u00f3n de Universidades Grupo Montevideo (AUGM), doctor en odontolog\u00eda de la Universidad de la Rep\u00fablica y profesor titular de la c\u00e1tedra de Histolog\u00eda de la Facultad de Odontolog\u00eda.<\/p>\n<p>Fue director y coordinador de la Licenciatura en Biolog\u00eda Humana, decano de la Facultad de Odontolog\u00eda y vicerrector de la Universidad de la Rep\u00fablica. Presidi\u00f3 la Comisi\u00f3n de Relaciones Internacionales y Cooperaci\u00f3n Regional Internacional de la Universidad de la Rep\u00fablica y es miembro de la Comisi\u00f3n ad-hoc de acreditaci\u00f3n del Arcosur.<\/p>\n","protected":false},"excerpt":{"rendered":"<p>En la ma\u00f1ana del lunes 25 de octubre de 2021 la Dra. Mar\u00eda Teresa Sirvent y el Dr. \u00c1lvaro Maglia Canzani fueron reconocidos con el&hellip;<\/p>\n","protected":false},"author":9,"featured_media":7045,"comment_status":"closed","ping_status":"closed","sticky":false,"template":"","format":"standard","meta":{"_monsterinsights_skip_tracking":false,"_monsterinsights_sitenote_active":false,"_monsterinsights_sitenote_note":"","_monsterinsights_sitenote_category":0,"_joinchat":[],"footnotes":""},"categories":[19],"tags":[],"class_list":["post-7044","post","type-post","status-publish","format-standard","has-post-thumbnail","hentry","category-noticias"],"yoast_head":"<!-- This site is optimized with the Yoast SEO plugin v27.4 - https:\/\/yoast.com\/product\/yoast-seo-wordpress\/ -->\n<title>La UNSL distingui\u00f3 a dos personalidades por la Defensa de la Educaci\u00f3n P\u00fablica - Facultad de Ingenier\u00eda y Ciencias Agropecuarias<\/title>\n<meta name=\"robots\" content=\"index, follow, max-snippet:-1, max-image-preview:large, max-video-preview:-1\" \/>\n<link rel=\"canonical\" href=\"https:\/\/www.fica.unsl.edu.ar\/index.php\/la-unsl-distinguio-a-dos-personalidades-por-la-defensa-de-la-educacion-publica\/\" \/>\n<meta property=\"og:locale\" content=\"es_ES\" \/>\n<meta property=\"og:type\" content=\"article\" \/>\n<meta property=\"og:title\" content=\"La UNSL distingui\u00f3 a dos personalidades por la Defensa de la Educaci\u00f3n P\u00fablica - Facultad de Ingenier\u00eda y Ciencias Agropecuarias\" \/>\n<meta property=\"og:description\" content=\"En la ma\u00f1ana del lunes 25 de octubre de 2021 la Dra. Mar\u00eda Teresa Sirvent y el Dr. \u00c1lvaro Maglia Canzani fueron reconocidos con el&hellip;\" \/>\n<meta property=\"og:url\" content=\"https:\/\/www.fica.unsl.edu.ar\/index.php\/la-unsl-distinguio-a-dos-personalidades-por-la-defensa-de-la-educacion-publica\/\" \/>\n<meta property=\"og:site_name\" content=\"Facultad de Ingenier\u00eda y Ciencias Agropecuarias\" \/>\n<meta property=\"article:publisher\" content=\"https:\/\/www.facebook.com\/FICA.UNSL\/\" \/>\n<meta property=\"article:published_time\" content=\"2021-10-26T15:58:58+00:00\" \/>\n<meta property=\"article:modified_time\" content=\"2022-02-22T12:21:08+00:00\" \/>\n<meta property=\"og:image\" content=\"https:\/\/www.fica.unsl.edu.ar\/wp-content\/uploads\/2021\/10\/1-2.jpg\" \/>\n\t<meta property=\"og:image:width\" content=\"1000\" \/>\n\t<meta property=\"og:image:height\" content=\"600\" \/>\n\t<meta property=\"og:image:type\" content=\"image\/jpeg\" \/>\n<meta name=\"author\" content=\"DATI\" \/>\n<meta name=\"twitter:card\" content=\"summary_large_image\" \/>\n<meta name=\"twitter:creator\" content=\"@FICAUNSL\" \/>\n<meta name=\"twitter:site\" content=\"@FICAUNSL\" \/>\n<meta name=\"twitter:label1\" content=\"Escrito por\" \/>\n\t<meta name=\"twitter:data1\" content=\"DATI\" \/>\n\t<meta name=\"twitter:label2\" content=\"Tiempo de lectura\" \/>\n\t<meta name=\"twitter:data2\" content=\"5 minutos\" \/>\n<script type=\"application\/ld+json\" class=\"yoast-schema-graph\">{\"@context\":\"https:\\\/\\\/schema.org\",\"@graph\":[{\"@type\":\"Article\",\"@id\":\"https:\\\/\\\/www.fica.unsl.edu.ar\\\/index.php\\\/la-unsl-distinguio-a-dos-personalidades-por-la-defensa-de-la-educacion-publica\\\/#article\",\"isPartOf\":{\"@id\":\"https:\\\/\\\/www.fica.unsl.edu.ar\\\/index.php\\\/la-unsl-distinguio-a-dos-personalidades-por-la-defensa-de-la-educacion-publica\\\/\"},\"author\":{\"name\":\"DATI\",\"@id\":\"https:\\\/\\\/www.fica.unsl.edu.ar\\\/#\\\/schema\\\/person\\\/6058f9c66301868d3a691b1f5d6c3544\"},\"headline\":\"La UNSL distingui\u00f3 a dos personalidades por la Defensa de la Educaci\u00f3n P\u00fablica\",\"datePublished\":\"2021-10-26T15:58:58+00:00\",\"dateModified\":\"2022-02-22T12:21:08+00:00\",\"mainEntityOfPage\":{\"@id\":\"https:\\\/\\\/www.fica.unsl.edu.ar\\\/index.php\\\/la-unsl-distinguio-a-dos-personalidades-por-la-defensa-de-la-educacion-publica\\\/\"},\"wordCount\":841,\"publisher\":{\"@id\":\"https:\\\/\\\/www.fica.unsl.edu.ar\\\/#organization\"},\"image\":{\"@id\":\"https:\\\/\\\/www.fica.unsl.edu.ar\\\/index.php\\\/la-unsl-distinguio-a-dos-personalidades-por-la-defensa-de-la-educacion-publica\\\/#primaryimage\"},\"thumbnailUrl\":\"https:\\\/\\\/www.fica.unsl.edu.ar\\\/wp-content\\\/uploads\\\/2021\\\/10\\\/1-2.jpg\",\"articleSection\":[\"Noticias\"],\"inLanguage\":\"es-AR\"},{\"@type\":\"WebPage\",\"@id\":\"https:\\\/\\\/www.fica.unsl.edu.ar\\\/index.php\\\/la-unsl-distinguio-a-dos-personalidades-por-la-defensa-de-la-educacion-publica\\\/\",\"url\":\"https:\\\/\\\/www.fica.unsl.edu.ar\\\/index.php\\\/la-unsl-distinguio-a-dos-personalidades-por-la-defensa-de-la-educacion-publica\\\/\",\"name\":\"La UNSL distingui\u00f3 a dos personalidades por la Defensa de la Educaci\u00f3n P\u00fablica - Facultad de Ingenier\u00eda y Ciencias Agropecuarias\",\"isPartOf\":{\"@id\":\"https:\\\/\\\/www.fica.unsl.edu.ar\\\/#website\"},\"primaryImageOfPage\":{\"@id\":\"https:\\\/\\\/www.fica.unsl.edu.ar\\\/index.php\\\/la-unsl-distinguio-a-dos-personalidades-por-la-defensa-de-la-educacion-publica\\\/#primaryimage\"},\"image\":{\"@id\":\"https:\\\/\\\/www.fica.unsl.edu.ar\\\/index.php\\\/la-unsl-distinguio-a-dos-personalidades-por-la-defensa-de-la-educacion-publica\\\/#primaryimage\"},\"thumbnailUrl\":\"https:\\\/\\\/www.fica.unsl.edu.ar\\\/wp-content\\\/uploads\\\/2021\\\/10\\\/1-2.jpg\",\"datePublished\":\"2021-10-26T15:58:58+00:00\",\"dateModified\":\"2022-02-22T12:21:08+00:00\",\"inLanguage\":\"es-AR\",\"potentialAction\":[{\"@type\":\"ReadAction\",\"target\":[\"https:\\\/\\\/www.fica.unsl.edu.ar\\\/index.php\\\/la-unsl-distinguio-a-dos-personalidades-por-la-defensa-de-la-educacion-publica\\\/\"]}]},{\"@type\":\"ImageObject\",\"inLanguage\":\"es-AR\",\"@id\":\"https:\\\/\\\/www.fica.unsl.edu.ar\\\/index.php\\\/la-unsl-distinguio-a-dos-personalidades-por-la-defensa-de-la-educacion-publica\\\/#primaryimage\",\"url\":\"https:\\\/\\\/www.fica.unsl.edu.ar\\\/wp-content\\\/uploads\\\/2021\\\/10\\\/1-2.jpg\",\"contentUrl\":\"https:\\\/\\\/www.fica.unsl.edu.ar\\\/wp-content\\\/uploads\\\/2021\\\/10\\\/1-2.jpg\",\"width\":1000,\"height\":600},{\"@type\":\"WebSite\",\"@id\":\"https:\\\/\\\/www.fica.unsl.edu.ar\\\/#website\",\"url\":\"https:\\\/\\\/www.fica.unsl.edu.ar\\\/\",\"name\":\"Facultad de Ingenier\u00eda y Ciencias Agropecuarias\",\"description\":\"\",\"publisher\":{\"@id\":\"https:\\\/\\\/www.fica.unsl.edu.ar\\\/#organization\"},\"potentialAction\":[{\"@type\":\"SearchAction\",\"target\":{\"@type\":\"EntryPoint\",\"urlTemplate\":\"https:\\\/\\\/www.fica.unsl.edu.ar\\\/?s={search_term_string}\"},\"query-input\":{\"@type\":\"PropertyValueSpecification\",\"valueRequired\":true,\"valueName\":\"search_term_string\"}}],\"inLanguage\":\"es-AR\"},{\"@type\":\"Organization\",\"@id\":\"https:\\\/\\\/www.fica.unsl.edu.ar\\\/#organization\",\"name\":\"Facultad de Ingenier\u00eda y Ciencias Agropecuarias\",\"url\":\"https:\\\/\\\/www.fica.unsl.edu.ar\\\/\",\"logo\":{\"@type\":\"ImageObject\",\"inLanguage\":\"es-AR\",\"@id\":\"https:\\\/\\\/www.fica.unsl.edu.ar\\\/#\\\/schema\\\/logo\\\/image\\\/\",\"url\":\"https:\\\/\\\/www.fica.unsl.edu.ar\\\/wp-content\\\/uploads\\\/2021\\\/03\\\/LOGO-1.jpg\",\"contentUrl\":\"https:\\\/\\\/www.fica.unsl.edu.ar\\\/wp-content\\\/uploads\\\/2021\\\/03\\\/LOGO-1.jpg\",\"width\":463,\"height\":145,\"caption\":\"Facultad de Ingenier\u00eda y Ciencias Agropecuarias\"},\"image\":{\"@id\":\"https:\\\/\\\/www.fica.unsl.edu.ar\\\/#\\\/schema\\\/logo\\\/image\\\/\"},\"sameAs\":[\"https:\\\/\\\/www.facebook.com\\\/FICA.UNSL\\\/\",\"https:\\\/\\\/x.com\\\/FICAUNSL\",\"https:\\\/\\\/www.instagram.com\\\/fica.unsl\\\/\",\"https:\\\/\\\/www.youtube.com\\\/channel\\\/UCs2MM53gb2PyBrMySdtWZDQ\"]},{\"@type\":\"Person\",\"@id\":\"https:\\\/\\\/www.fica.unsl.edu.ar\\\/#\\\/schema\\\/person\\\/6058f9c66301868d3a691b1f5d6c3544\",\"name\":\"DATI\"}]}<\/script>\n<!-- \/ Yoast SEO plugin. -->","yoast_head_json":{"title":"La UNSL distingui\u00f3 a dos personalidades por la Defensa de la Educaci\u00f3n P\u00fablica - Facultad de Ingenier\u00eda y Ciencias Agropecuarias","robots":{"index":"index","follow":"follow","max-snippet":"max-snippet:-1","max-image-preview":"max-image-preview:large","max-video-preview":"max-video-preview:-1"},"canonical":"https:\/\/www.fica.unsl.edu.ar\/index.php\/la-unsl-distinguio-a-dos-personalidades-por-la-defensa-de-la-educacion-publica\/","og_locale":"es_ES","og_type":"article","og_title":"La UNSL distingui\u00f3 a dos personalidades por la Defensa de la Educaci\u00f3n P\u00fablica - Facultad de Ingenier\u00eda y Ciencias Agropecuarias","og_description":"En la ma\u00f1ana del lunes 25 de octubre de 2021 la Dra. Mar\u00eda Teresa Sirvent y el Dr. \u00c1lvaro Maglia Canzani fueron reconocidos con el&hellip;","og_url":"https:\/\/www.fica.unsl.edu.ar\/index.php\/la-unsl-distinguio-a-dos-personalidades-por-la-defensa-de-la-educacion-publica\/","og_site_name":"Facultad de Ingenier\u00eda y Ciencias Agropecuarias","article_publisher":"https:\/\/www.facebook.com\/FICA.UNSL\/","article_published_time":"2021-10-26T15:58:58+00:00","article_modified_time":"2022-02-22T12:21:08+00:00","og_image":[{"width":1000,"height":600,"url":"https:\/\/www.fica.unsl.edu.ar\/wp-content\/uploads\/2021\/10\/1-2.jpg","type":"image\/jpeg"}],"author":"DATI","twitter_card":"summary_large_image","twitter_creator":"@FICAUNSL","twitter_site":"@FICAUNSL","twitter_misc":{"Escrito por":"DATI","Tiempo de lectura":"5 minutos"},"schema":{"@context":"https:\/\/schema.org","@graph":[{"@type":"Article","@id":"https:\/\/www.fica.unsl.edu.ar\/index.php\/la-unsl-distinguio-a-dos-personalidades-por-la-defensa-de-la-educacion-publica\/#article","isPartOf":{"@id":"https:\/\/www.fica.unsl.edu.ar\/index.php\/la-unsl-distinguio-a-dos-personalidades-por-la-defensa-de-la-educacion-publica\/"},"author":{"name":"DATI","@id":"https:\/\/www.fica.unsl.edu.ar\/#\/schema\/person\/6058f9c66301868d3a691b1f5d6c3544"},"headline":"La UNSL distingui\u00f3 a dos personalidades por la Defensa de la Educaci\u00f3n P\u00fablica","datePublished":"2021-10-26T15:58:58+00:00","dateModified":"2022-02-22T12:21:08+00:00","mainEntityOfPage":{"@id":"https:\/\/www.fica.unsl.edu.ar\/index.php\/la-unsl-distinguio-a-dos-personalidades-por-la-defensa-de-la-educacion-publica\/"},"wordCount":841,"publisher":{"@id":"https:\/\/www.fica.unsl.edu.ar\/#organization"},"image":{"@id":"https:\/\/www.fica.unsl.edu.ar\/index.php\/la-unsl-distinguio-a-dos-personalidades-por-la-defensa-de-la-educacion-publica\/#primaryimage"},"thumbnailUrl":"https:\/\/www.fica.unsl.edu.ar\/wp-content\/uploads\/2021\/10\/1-2.jpg","articleSection":["Noticias"],"inLanguage":"es-AR"},{"@type":"WebPage","@id":"https:\/\/www.fica.unsl.edu.ar\/index.php\/la-unsl-distinguio-a-dos-personalidades-por-la-defensa-de-la-educacion-publica\/","url":"https:\/\/www.fica.unsl.edu.ar\/index.php\/la-unsl-distinguio-a-dos-personalidades-por-la-defensa-de-la-educacion-publica\/","name":"La UNSL distingui\u00f3 a dos personalidades por la Defensa de la Educaci\u00f3n P\u00fablica - Facultad de Ingenier\u00eda y Ciencias Agropecuarias","isPartOf":{"@id":"https:\/\/www.fica.unsl.edu.ar\/#website"},"primaryImageOfPage":{"@id":"https:\/\/www.fica.unsl.edu.ar\/index.php\/la-unsl-distinguio-a-dos-personalidades-por-la-defensa-de-la-educacion-publica\/#primaryimage"},"image":{"@id":"https:\/\/www.fica.unsl.edu.ar\/index.php\/la-unsl-distinguio-a-dos-personalidades-por-la-defensa-de-la-educacion-publica\/#primaryimage"},"thumbnailUrl":"https:\/\/www.fica.unsl.edu.ar\/wp-content\/uploads\/2021\/10\/1-2.jpg","datePublished":"2021-10-26T15:58:58+00:00","dateModified":"2022-02-22T12:21:08+00:00","inLanguage":"es-AR","potentialAction":[{"@type":"ReadAction","target":["https:\/\/www.fica.unsl.edu.ar\/index.php\/la-unsl-distinguio-a-dos-personalidades-por-la-defensa-de-la-educacion-publica\/"]}]},{"@type":"ImageObject","inLanguage":"es-AR","@id":"https:\/\/www.fica.unsl.edu.ar\/index.php\/la-unsl-distinguio-a-dos-personalidades-por-la-defensa-de-la-educacion-publica\/#primaryimage","url":"https:\/\/www.fica.unsl.edu.ar\/wp-content\/uploads\/2021\/10\/1-2.jpg","contentUrl":"https:\/\/www.fica.unsl.edu.ar\/wp-content\/uploads\/2021\/10\/1-2.jpg","width":1000,"height":600},{"@type":"WebSite","@id":"https:\/\/www.fica.unsl.edu.ar\/#website","url":"https:\/\/www.fica.unsl.edu.ar\/","name":"Facultad de Ingenier\u00eda y Ciencias Agropecuarias","description":"","publisher":{"@id":"https:\/\/www.fica.unsl.edu.ar\/#organization"},"potentialAction":[{"@type":"SearchAction","target":{"@type":"EntryPoint","urlTemplate":"https:\/\/www.fica.unsl.edu.ar\/?s={search_term_string}"},"query-input":{"@type":"PropertyValueSpecification","valueRequired":true,"valueName":"search_term_string"}}],"inLanguage":"es-AR"},{"@type":"Organization","@id":"https:\/\/www.fica.unsl.edu.ar\/#organization","name":"Facultad de Ingenier\u00eda y Ciencias Agropecuarias","url":"https:\/\/www.fica.unsl.edu.ar\/","logo":{"@type":"ImageObject","inLanguage":"es-AR","@id":"https:\/\/www.fica.unsl.edu.ar\/#\/schema\/logo\/image\/","url":"https:\/\/www.fica.unsl.edu.ar\/wp-content\/uploads\/2021\/03\/LOGO-1.jpg","contentUrl":"https:\/\/www.fica.unsl.edu.ar\/wp-content\/uploads\/2021\/03\/LOGO-1.jpg","width":463,"height":145,"caption":"Facultad de Ingenier\u00eda y Ciencias Agropecuarias"},"image":{"@id":"https:\/\/www.fica.unsl.edu.ar\/#\/schema\/logo\/image\/"},"sameAs":["https:\/\/www.facebook.com\/FICA.UNSL\/","https:\/\/x.com\/FICAUNSL","https:\/\/www.instagram.com\/fica.unsl\/","https:\/\/www.youtube.com\/channel\/UCs2MM53gb2PyBrMySdtWZDQ"]},{"@type":"Person","@id":"https:\/\/www.fica.unsl.edu.ar\/#\/schema\/person\/6058f9c66301868d3a691b1f5d6c3544","name":"DATI"}]}},"_links":{"self":[{"href":"https:\/\/www.fica.unsl.edu.ar\/index.php\/wp-json\/wp\/v2\/posts\/7044","targetHints":{"allow":["GET"]}}],"collection":[{"href":"https:\/\/www.fica.unsl.edu.ar\/index.php\/wp-json\/wp\/v2\/posts"}],"about":[{"href":"https:\/\/www.fica.unsl.edu.ar\/index.php\/wp-json\/wp\/v2\/types\/post"}],"author":[{"embeddable":true,"href":"https:\/\/www.fica.unsl.edu.ar\/index.php\/wp-json\/wp\/v2\/users\/9"}],"replies":[{"embeddable":true,"href":"https:\/\/www.fica.unsl.edu.ar\/index.php\/wp-json\/wp\/v2\/comments?post=7044"}],"version-history":[{"count":2,"href":"https:\/\/www.fica.unsl.edu.ar\/index.php\/wp-json\/wp\/v2\/posts\/7044\/revisions"}],"predecessor-version":[{"id":7047,"href":"https:\/\/www.fica.unsl.edu.ar\/index.php\/wp-json\/wp\/v2\/posts\/7044\/revisions\/7047"}],"wp:featuredmedia":[{"embeddable":true,"href":"https:\/\/www.fica.unsl.edu.ar\/index.php\/wp-json\/wp\/v2\/media\/7045"}],"wp:attachment":[{"href":"https:\/\/www.fica.unsl.edu.ar\/index.php\/wp-json\/wp\/v2\/media?parent=7044"}],"wp:term":[{"taxonomy":"category","embeddable":true,"href":"https:\/\/www.fica.unsl.edu.ar\/index.php\/wp-json\/wp\/v2\/categories?post=7044"},{"taxonomy":"post_tag","embeddable":true,"href":"https:\/\/www.fica.unsl.edu.ar\/index.php\/wp-json\/wp\/v2\/tags?post=7044"}],"curies":[{"name":"wp","href":"https:\/\/api.w.org\/{rel}","templated":true}]}}