{"id":7337,"date":"2021-11-17T23:55:57","date_gmt":"2021-11-18T02:55:57","guid":{"rendered":"http:\/\/10.101.10.196\/www\/?p=7337"},"modified":"2021-11-18T11:13:52","modified_gmt":"2021-11-18T14:13:52","slug":"convocatoria-a-proyectos-de-extension-y-docencia-2022","status":"publish","type":"post","link":"https:\/\/www.fica.unsl.edu.ar\/index.php\/convocatoria-a-proyectos-de-extension-y-docencia-2022\/","title":{"rendered":"Convocatoria a Proyectos de Extensi\u00f3n y Docencia 2022"},"content":{"rendered":"<p>La Secretar\u00eda de Extensi\u00f3n Universitaria (SEU) abri\u00f3 la convocatoria a la presentaci\u00f3n de Proyectos de Extensi\u00f3n y Docencia (PED), hasta el lunes 29 de noviembre.<\/p>\n<p>Los PED tienen por objeto integrar las acciones de extensi\u00f3n al proceso de ense\u00f1anza y de aprendizaje. Procuran abrir un espacio para dise\u00f1ar distintas estrategias orientadas a relacionar el aprendizaje con la vida real. Con ese objetivo, se proponen actividades en las que, a partir de esa conexi\u00f3n con la pr\u00e1ctica, se puedan desarrollar experiencias que hagan posible poner en di\u00e1logo -en situaci\u00f3n aut\u00e9ntica- las habilidades y los conocimientos te\u00f3ricos; evaluar el estado de situaci\u00f3n de los procesos sociales; realizar aportes a posibles soluciones e identificar nuevos problemas.<\/p>\n<p><strong>Procedimiento<\/strong><\/p>\n<p>El docente que se proponga como responsable del PED presentar\u00e1 el proyecto en el sitio web\u00a0<a href=\"https:\/\/seu.unsl.edu.ar\/index.php\/\">https:\/\/seu.unsl.edu.ar<\/a>, mediante la opci\u00f3n de \u201cRegistro\u201d\/\u201dIngreso\u201d (si ya tiene cuenta) que se encuentran al pie derecho de la p\u00e1gina.<\/p>\n<p>La presentaci\u00f3n incluye:<br \/>\n\u2013 Nota de presentaci\u00f3n<br \/>\n\u2013 Formulario (impreso y por correo electr\u00f3nico a\u00a0<a href=\"mailto:seu.unsl@gmail.com\">seu.unsl@gmail.com<\/a>)<br \/>\n\u2013 Avales de organizaciones y actores sociales que participen<br \/>\n\u2013 Programas vigentes de las asignaturas involucradas en el proyecto<\/p>\n<p>Con el aval de la Unidad Acad\u00e9mica, la propuesta se remite a la Comisi\u00f3n Asesora de Extensi\u00f3n (CAEX) para su evaluaci\u00f3n, teniendo en cuenta lo normado en los Art\u00edculos 22 y 23 de la\u00a0<a href=\"https:\/\/digesto.unsl.edu.ar\/docs\/201709\/20170912105003_20782.pdf\">OCS 29\/17<\/a>.<\/p>\n<p><strong>Cronograma<\/strong><\/p>\n<p>\u2013 Presentaci\u00f3n de propuestas en las Mesas de Entradas de cada Unidad Acad\u00e9mica: hasta el 29 de noviembre de 2021<br \/>\n\u2013 Inicio de los PED: abril de 2022<\/p>\n<p><strong>Financiamiento<\/strong><\/p>\n<p>Para esta convocatoria, los PED de duraci\u00f3n anual podr\u00e1n solicitar un m\u00e1ximo de $12.000 y los de duraci\u00f3n semestral, un m\u00e1ximo de $6.000. Se acompa\u00f1ar\u00e1 a la presentaci\u00f3n una descripci\u00f3n aproximada del tipo de gastos que se estima que demanden las actividades propuestas.<\/p>\n<p><strong>M\u00e1s informaci\u00f3n:\u00a0<a href=\"https:\/\/notif-vz.unsl.edu.ar\/uploads\/1483\/RR_1752-21_EXP_12720-21.pdf\">Bases<\/a>\u00a0\/\u00a0<a href=\"https:\/\/docs.google.com\/document\/d\/1BufwwlGkdw9rUNYgxef6VsNx8IOK4n-1\/edit?usp=sharing&amp;ouid=109688694170232300770&amp;rtpof=true&amp;sd=true\">Formulario para descargar<\/a>\u00a0<\/strong>(hacer click en Archivo \u2013 Descargar \u2013 Word)<\/p>\n<p>&nbsp;<\/p>\n<p>&nbsp;<\/p>\n<h4 style=\"text-align: center;\"><strong><a href=\"https:\/\/docs.google.com\/document\/d\/1-ENVEAf8DoHlF8wLYNLp0zC2PmQhsZIKn1DStc7b9QM\/edit\" target=\"_blank\" rel=\"noopener\">INSTRUCTIVO PARA CREACI\u00d3N DE FORMULARIO PED EN EL GESTOR DIGITAL<\/a><\/strong><\/h4>\n<p>&nbsp;<\/p>\n","protected":false},"excerpt":{"rendered":"<p>La Secretar\u00eda de Extensi\u00f3n Universitaria (SEU) abri\u00f3 la convocatoria a la presentaci\u00f3n de Proyectos de Extensi\u00f3n y Docencia (PED), hasta el lunes 29 de noviembre.&hellip;<\/p>\n","protected":false},"author":9,"featured_media":7338,"comment_status":"closed","ping_status":"closed","sticky":false,"template":"","format":"standard","meta":{"_monsterinsights_skip_tracking":false,"_monsterinsights_sitenote_active":false,"_monsterinsights_sitenote_note":"","_monsterinsights_sitenote_category":0,"_joinchat":[],"footnotes":""},"categories":[19],"tags":[],"class_list":["post-7337","post","type-post","status-publish","format-standard","has-post-thumbnail","hentry","category-noticias"],"yoast_head":"<!-- This site is optimized with the Yoast SEO plugin v27.4 - https:\/\/yoast.com\/product\/yoast-seo-wordpress\/ -->\n<title>Convocatoria a Proyectos de Extensi\u00f3n y Docencia 2022 - Facultad de Ingenier\u00eda y Ciencias Agropecuarias<\/title>\n<meta name=\"robots\" content=\"index, follow, max-snippet:-1, max-image-preview:large, max-video-preview:-1\" \/>\n<link rel=\"canonical\" href=\"https:\/\/www.fica.unsl.edu.ar\/index.php\/convocatoria-a-proyectos-de-extension-y-docencia-2022\/\" \/>\n<meta property=\"og:locale\" content=\"es_ES\" \/>\n<meta property=\"og:type\" content=\"article\" \/>\n<meta property=\"og:title\" content=\"Convocatoria a Proyectos de Extensi\u00f3n y Docencia 2022 - Facultad de Ingenier\u00eda y Ciencias Agropecuarias\" \/>\n<meta property=\"og:description\" content=\"La Secretar\u00eda de Extensi\u00f3n Universitaria (SEU) abri\u00f3 la convocatoria a la presentaci\u00f3n de Proyectos de Extensi\u00f3n y Docencia (PED), hasta el lunes 29 de noviembre.&hellip;\" \/>\n<meta property=\"og:url\" content=\"https:\/\/www.fica.unsl.edu.ar\/index.php\/convocatoria-a-proyectos-de-extension-y-docencia-2022\/\" \/>\n<meta property=\"og:site_name\" content=\"Facultad de Ingenier\u00eda y Ciencias Agropecuarias\" \/>\n<meta property=\"article:publisher\" content=\"https:\/\/www.facebook.com\/FICA.UNSL\/\" \/>\n<meta property=\"article:published_time\" content=\"2021-11-18T02:55:57+00:00\" \/>\n<meta property=\"article:modified_time\" content=\"2021-11-18T14:13:52+00:00\" \/>\n<meta property=\"og:image\" content=\"https:\/\/www.fica.unsl.edu.ar\/wp-content\/uploads\/2021\/11\/portadaPED.jpg\" \/>\n\t<meta property=\"og:image:width\" content=\"1000\" \/>\n\t<meta property=\"og:image:height\" content=\"578\" \/>\n\t<meta property=\"og:image:type\" content=\"image\/jpeg\" \/>\n<meta name=\"author\" content=\"DATI\" \/>\n<meta name=\"twitter:card\" content=\"summary_large_image\" \/>\n<meta name=\"twitter:creator\" content=\"@FICAUNSL\" \/>\n<meta name=\"twitter:site\" content=\"@FICAUNSL\" \/>\n<meta name=\"twitter:label1\" content=\"Escrito por\" \/>\n\t<meta name=\"twitter:data1\" content=\"DATI\" \/>\n\t<meta name=\"twitter:label2\" content=\"Tiempo de lectura\" \/>\n\t<meta name=\"twitter:data2\" content=\"2 minutos\" \/>\n<script type=\"application\/ld+json\" class=\"yoast-schema-graph\">{\"@context\":\"https:\\\/\\\/schema.org\",\"@graph\":[{\"@type\":\"Article\",\"@id\":\"https:\\\/\\\/www.fica.unsl.edu.ar\\\/index.php\\\/convocatoria-a-proyectos-de-extension-y-docencia-2022\\\/#article\",\"isPartOf\":{\"@id\":\"https:\\\/\\\/www.fica.unsl.edu.ar\\\/index.php\\\/convocatoria-a-proyectos-de-extension-y-docencia-2022\\\/\"},\"author\":{\"name\":\"DATI\",\"@id\":\"https:\\\/\\\/www.fica.unsl.edu.ar\\\/#\\\/schema\\\/person\\\/6058f9c66301868d3a691b1f5d6c3544\"},\"headline\":\"Convocatoria a Proyectos de Extensi\u00f3n y Docencia 2022\",\"datePublished\":\"2021-11-18T02:55:57+00:00\",\"dateModified\":\"2021-11-18T14:13:52+00:00\",\"mainEntityOfPage\":{\"@id\":\"https:\\\/\\\/www.fica.unsl.edu.ar\\\/index.php\\\/convocatoria-a-proyectos-de-extension-y-docencia-2022\\\/\"},\"wordCount\":356,\"publisher\":{\"@id\":\"https:\\\/\\\/www.fica.unsl.edu.ar\\\/#organization\"},\"image\":{\"@id\":\"https:\\\/\\\/www.fica.unsl.edu.ar\\\/index.php\\\/convocatoria-a-proyectos-de-extension-y-docencia-2022\\\/#primaryimage\"},\"thumbnailUrl\":\"https:\\\/\\\/www.fica.unsl.edu.ar\\\/wp-content\\\/uploads\\\/2021\\\/11\\\/portadaPED.jpg\",\"articleSection\":[\"Noticias\"],\"inLanguage\":\"es-AR\"},{\"@type\":\"WebPage\",\"@id\":\"https:\\\/\\\/www.fica.unsl.edu.ar\\\/index.php\\\/convocatoria-a-proyectos-de-extension-y-docencia-2022\\\/\",\"url\":\"https:\\\/\\\/www.fica.unsl.edu.ar\\\/index.php\\\/convocatoria-a-proyectos-de-extension-y-docencia-2022\\\/\",\"name\":\"Convocatoria a Proyectos de Extensi\u00f3n y Docencia 2022 - Facultad de Ingenier\u00eda y Ciencias Agropecuarias\",\"isPartOf\":{\"@id\":\"https:\\\/\\\/www.fica.unsl.edu.ar\\\/#website\"},\"primaryImageOfPage\":{\"@id\":\"https:\\\/\\\/www.fica.unsl.edu.ar\\\/index.php\\\/convocatoria-a-proyectos-de-extension-y-docencia-2022\\\/#primaryimage\"},\"image\":{\"@id\":\"https:\\\/\\\/www.fica.unsl.edu.ar\\\/index.php\\\/convocatoria-a-proyectos-de-extension-y-docencia-2022\\\/#primaryimage\"},\"thumbnailUrl\":\"https:\\\/\\\/www.fica.unsl.edu.ar\\\/wp-content\\\/uploads\\\/2021\\\/11\\\/portadaPED.jpg\",\"datePublished\":\"2021-11-18T02:55:57+00:00\",\"dateModified\":\"2021-11-18T14:13:52+00:00\",\"inLanguage\":\"es-AR\",\"potentialAction\":[{\"@type\":\"ReadAction\",\"target\":[\"https:\\\/\\\/www.fica.unsl.edu.ar\\\/index.php\\\/convocatoria-a-proyectos-de-extension-y-docencia-2022\\\/\"]}]},{\"@type\":\"ImageObject\",\"inLanguage\":\"es-AR\",\"@id\":\"https:\\\/\\\/www.fica.unsl.edu.ar\\\/index.php\\\/convocatoria-a-proyectos-de-extension-y-docencia-2022\\\/#primaryimage\",\"url\":\"https:\\\/\\\/www.fica.unsl.edu.ar\\\/wp-content\\\/uploads\\\/2021\\\/11\\\/portadaPED.jpg\",\"contentUrl\":\"https:\\\/\\\/www.fica.unsl.edu.ar\\\/wp-content\\\/uploads\\\/2021\\\/11\\\/portadaPED.jpg\",\"width\":1000,\"height\":578},{\"@type\":\"WebSite\",\"@id\":\"https:\\\/\\\/www.fica.unsl.edu.ar\\\/#website\",\"url\":\"https:\\\/\\\/www.fica.unsl.edu.ar\\\/\",\"name\":\"Facultad de Ingenier\u00eda y Ciencias Agropecuarias\",\"description\":\"\",\"publisher\":{\"@id\":\"https:\\\/\\\/www.fica.unsl.edu.ar\\\/#organization\"},\"potentialAction\":[{\"@type\":\"SearchAction\",\"target\":{\"@type\":\"EntryPoint\",\"urlTemplate\":\"https:\\\/\\\/www.fica.unsl.edu.ar\\\/?s={search_term_string}\"},\"query-input\":{\"@type\":\"PropertyValueSpecification\",\"valueRequired\":true,\"valueName\":\"search_term_string\"}}],\"inLanguage\":\"es-AR\"},{\"@type\":\"Organization\",\"@id\":\"https:\\\/\\\/www.fica.unsl.edu.ar\\\/#organization\",\"name\":\"Facultad de Ingenier\u00eda y Ciencias Agropecuarias\",\"url\":\"https:\\\/\\\/www.fica.unsl.edu.ar\\\/\",\"logo\":{\"@type\":\"ImageObject\",\"inLanguage\":\"es-AR\",\"@id\":\"https:\\\/\\\/www.fica.unsl.edu.ar\\\/#\\\/schema\\\/logo\\\/image\\\/\",\"url\":\"https:\\\/\\\/www.fica.unsl.edu.ar\\\/wp-content\\\/uploads\\\/2021\\\/03\\\/LOGO-1.jpg\",\"contentUrl\":\"https:\\\/\\\/www.fica.unsl.edu.ar\\\/wp-content\\\/uploads\\\/2021\\\/03\\\/LOGO-1.jpg\",\"width\":463,\"height\":145,\"caption\":\"Facultad de Ingenier\u00eda y Ciencias Agropecuarias\"},\"image\":{\"@id\":\"https:\\\/\\\/www.fica.unsl.edu.ar\\\/#\\\/schema\\\/logo\\\/image\\\/\"},\"sameAs\":[\"https:\\\/\\\/www.facebook.com\\\/FICA.UNSL\\\/\",\"https:\\\/\\\/x.com\\\/FICAUNSL\",\"https:\\\/\\\/www.instagram.com\\\/fica.unsl\\\/\",\"https:\\\/\\\/www.youtube.com\\\/channel\\\/UCs2MM53gb2PyBrMySdtWZDQ\"]},{\"@type\":\"Person\",\"@id\":\"https:\\\/\\\/www.fica.unsl.edu.ar\\\/#\\\/schema\\\/person\\\/6058f9c66301868d3a691b1f5d6c3544\",\"name\":\"DATI\"}]}<\/script>\n<!-- \/ Yoast SEO plugin. -->","yoast_head_json":{"title":"Convocatoria a Proyectos de Extensi\u00f3n y Docencia 2022 - Facultad de Ingenier\u00eda y Ciencias Agropecuarias","robots":{"index":"index","follow":"follow","max-snippet":"max-snippet:-1","max-image-preview":"max-image-preview:large","max-video-preview":"max-video-preview:-1"},"canonical":"https:\/\/www.fica.unsl.edu.ar\/index.php\/convocatoria-a-proyectos-de-extension-y-docencia-2022\/","og_locale":"es_ES","og_type":"article","og_title":"Convocatoria a Proyectos de Extensi\u00f3n y Docencia 2022 - Facultad de Ingenier\u00eda y Ciencias Agropecuarias","og_description":"La Secretar\u00eda de Extensi\u00f3n Universitaria (SEU) abri\u00f3 la convocatoria a la presentaci\u00f3n de Proyectos de Extensi\u00f3n y Docencia (PED), hasta el lunes 29 de noviembre.&hellip;","og_url":"https:\/\/www.fica.unsl.edu.ar\/index.php\/convocatoria-a-proyectos-de-extension-y-docencia-2022\/","og_site_name":"Facultad de Ingenier\u00eda y Ciencias Agropecuarias","article_publisher":"https:\/\/www.facebook.com\/FICA.UNSL\/","article_published_time":"2021-11-18T02:55:57+00:00","article_modified_time":"2021-11-18T14:13:52+00:00","og_image":[{"width":1000,"height":578,"url":"https:\/\/www.fica.unsl.edu.ar\/wp-content\/uploads\/2021\/11\/portadaPED.jpg","type":"image\/jpeg"}],"author":"DATI","twitter_card":"summary_large_image","twitter_creator":"@FICAUNSL","twitter_site":"@FICAUNSL","twitter_misc":{"Escrito por":"DATI","Tiempo de lectura":"2 minutos"},"schema":{"@context":"https:\/\/schema.org","@graph":[{"@type":"Article","@id":"https:\/\/www.fica.unsl.edu.ar\/index.php\/convocatoria-a-proyectos-de-extension-y-docencia-2022\/#article","isPartOf":{"@id":"https:\/\/www.fica.unsl.edu.ar\/index.php\/convocatoria-a-proyectos-de-extension-y-docencia-2022\/"},"author":{"name":"DATI","@id":"https:\/\/www.fica.unsl.edu.ar\/#\/schema\/person\/6058f9c66301868d3a691b1f5d6c3544"},"headline":"Convocatoria a Proyectos de Extensi\u00f3n y Docencia 2022","datePublished":"2021-11-18T02:55:57+00:00","dateModified":"2021-11-18T14:13:52+00:00","mainEntityOfPage":{"@id":"https:\/\/www.fica.unsl.edu.ar\/index.php\/convocatoria-a-proyectos-de-extension-y-docencia-2022\/"},"wordCount":356,"publisher":{"@id":"https:\/\/www.fica.unsl.edu.ar\/#organization"},"image":{"@id":"https:\/\/www.fica.unsl.edu.ar\/index.php\/convocatoria-a-proyectos-de-extension-y-docencia-2022\/#primaryimage"},"thumbnailUrl":"https:\/\/www.fica.unsl.edu.ar\/wp-content\/uploads\/2021\/11\/portadaPED.jpg","articleSection":["Noticias"],"inLanguage":"es-AR"},{"@type":"WebPage","@id":"https:\/\/www.fica.unsl.edu.ar\/index.php\/convocatoria-a-proyectos-de-extension-y-docencia-2022\/","url":"https:\/\/www.fica.unsl.edu.ar\/index.php\/convocatoria-a-proyectos-de-extension-y-docencia-2022\/","name":"Convocatoria a Proyectos de Extensi\u00f3n y Docencia 2022 - Facultad de Ingenier\u00eda y Ciencias Agropecuarias","isPartOf":{"@id":"https:\/\/www.fica.unsl.edu.ar\/#website"},"primaryImageOfPage":{"@id":"https:\/\/www.fica.unsl.edu.ar\/index.php\/convocatoria-a-proyectos-de-extension-y-docencia-2022\/#primaryimage"},"image":{"@id":"https:\/\/www.fica.unsl.edu.ar\/index.php\/convocatoria-a-proyectos-de-extension-y-docencia-2022\/#primaryimage"},"thumbnailUrl":"https:\/\/www.fica.unsl.edu.ar\/wp-content\/uploads\/2021\/11\/portadaPED.jpg","datePublished":"2021-11-18T02:55:57+00:00","dateModified":"2021-11-18T14:13:52+00:00","inLanguage":"es-AR","potentialAction":[{"@type":"ReadAction","target":["https:\/\/www.fica.unsl.edu.ar\/index.php\/convocatoria-a-proyectos-de-extension-y-docencia-2022\/"]}]},{"@type":"ImageObject","inLanguage":"es-AR","@id":"https:\/\/www.fica.unsl.edu.ar\/index.php\/convocatoria-a-proyectos-de-extension-y-docencia-2022\/#primaryimage","url":"https:\/\/www.fica.unsl.edu.ar\/wp-content\/uploads\/2021\/11\/portadaPED.jpg","contentUrl":"https:\/\/www.fica.unsl.edu.ar\/wp-content\/uploads\/2021\/11\/portadaPED.jpg","width":1000,"height":578},{"@type":"WebSite","@id":"https:\/\/www.fica.unsl.edu.ar\/#website","url":"https:\/\/www.fica.unsl.edu.ar\/","name":"Facultad de Ingenier\u00eda y Ciencias Agropecuarias","description":"","publisher":{"@id":"https:\/\/www.fica.unsl.edu.ar\/#organization"},"potentialAction":[{"@type":"SearchAction","target":{"@type":"EntryPoint","urlTemplate":"https:\/\/www.fica.unsl.edu.ar\/?s={search_term_string}"},"query-input":{"@type":"PropertyValueSpecification","valueRequired":true,"valueName":"search_term_string"}}],"inLanguage":"es-AR"},{"@type":"Organization","@id":"https:\/\/www.fica.unsl.edu.ar\/#organization","name":"Facultad de Ingenier\u00eda y Ciencias Agropecuarias","url":"https:\/\/www.fica.unsl.edu.ar\/","logo":{"@type":"ImageObject","inLanguage":"es-AR","@id":"https:\/\/www.fica.unsl.edu.ar\/#\/schema\/logo\/image\/","url":"https:\/\/www.fica.unsl.edu.ar\/wp-content\/uploads\/2021\/03\/LOGO-1.jpg","contentUrl":"https:\/\/www.fica.unsl.edu.ar\/wp-content\/uploads\/2021\/03\/LOGO-1.jpg","width":463,"height":145,"caption":"Facultad de Ingenier\u00eda y Ciencias Agropecuarias"},"image":{"@id":"https:\/\/www.fica.unsl.edu.ar\/#\/schema\/logo\/image\/"},"sameAs":["https:\/\/www.facebook.com\/FICA.UNSL\/","https:\/\/x.com\/FICAUNSL","https:\/\/www.instagram.com\/fica.unsl\/","https:\/\/www.youtube.com\/channel\/UCs2MM53gb2PyBrMySdtWZDQ"]},{"@type":"Person","@id":"https:\/\/www.fica.unsl.edu.ar\/#\/schema\/person\/6058f9c66301868d3a691b1f5d6c3544","name":"DATI"}]}},"_links":{"self":[{"href":"https:\/\/www.fica.unsl.edu.ar\/index.php\/wp-json\/wp\/v2\/posts\/7337","targetHints":{"allow":["GET"]}}],"collection":[{"href":"https:\/\/www.fica.unsl.edu.ar\/index.php\/wp-json\/wp\/v2\/posts"}],"about":[{"href":"https:\/\/www.fica.unsl.edu.ar\/index.php\/wp-json\/wp\/v2\/types\/post"}],"author":[{"embeddable":true,"href":"https:\/\/www.fica.unsl.edu.ar\/index.php\/wp-json\/wp\/v2\/users\/9"}],"replies":[{"embeddable":true,"href":"https:\/\/www.fica.unsl.edu.ar\/index.php\/wp-json\/wp\/v2\/comments?post=7337"}],"version-history":[{"count":3,"href":"https:\/\/www.fica.unsl.edu.ar\/index.php\/wp-json\/wp\/v2\/posts\/7337\/revisions"}],"predecessor-version":[{"id":7468,"href":"https:\/\/www.fica.unsl.edu.ar\/index.php\/wp-json\/wp\/v2\/posts\/7337\/revisions\/7468"}],"wp:featuredmedia":[{"embeddable":true,"href":"https:\/\/www.fica.unsl.edu.ar\/index.php\/wp-json\/wp\/v2\/media\/7338"}],"wp:attachment":[{"href":"https:\/\/www.fica.unsl.edu.ar\/index.php\/wp-json\/wp\/v2\/media?parent=7337"}],"wp:term":[{"taxonomy":"category","embeddable":true,"href":"https:\/\/www.fica.unsl.edu.ar\/index.php\/wp-json\/wp\/v2\/categories?post=7337"},{"taxonomy":"post_tag","embeddable":true,"href":"https:\/\/www.fica.unsl.edu.ar\/index.php\/wp-json\/wp\/v2\/tags?post=7337"}],"curies":[{"name":"wp","href":"https:\/\/api.w.org\/{rel}","templated":true}]}}