{"id":7459,"date":"2021-11-17T09:55:41","date_gmt":"2021-11-17T12:55:41","guid":{"rendered":"http:\/\/10.101.10.196\/www\/?p=7459"},"modified":"2021-12-17T10:17:21","modified_gmt":"2021-12-17T13:17:21","slug":"aprobaron-por-unanimidad-el-calendario-electoral-2022","status":"publish","type":"post","link":"https:\/\/www.fica.unsl.edu.ar\/index.php\/aprobaron-por-unanimidad-el-calendario-electoral-2022\/","title":{"rendered":"Aprobaron por unanimidad el Calendario Electoral 2022"},"content":{"rendered":"<p>Tendr\u00e1 la particularidad de que se adelantar\u00e1 un mes para asegurar una \u00e9poca favorable en relaci\u00f3n a la pandemia. En este sentido, se dar\u00e1 inicio al calendario electoral para la elecci\u00f3n de autoridades 2022 el d\u00eda 6 de diciembre. El 7 de marzo se realizar\u00e1 la presentaci\u00f3n de listas y el 11 de mayo el acto eleccionario.<\/p>\n<p>El secretario General de la Universidad Nacional de San Luis (UNSL), Dr. Ra\u00fal Gil, elev\u00f3 al rector C.P.N V\u00edctor Mori\u00f1igo y por su intermedio al Consejo Superior para su consideraci\u00f3n, un anteproyecto de resoluci\u00f3n para convocar a elecciones generales para la renovaci\u00f3n de autoridades unipersonales y de cuerpos colegiados, que fue aprobado en el d\u00eda de la fecha por unanimidad.<\/p>\n<p>La propuesta contempla un inicio del cronograma el d\u00eda 6 de diciembre de 2021 y propone como fecha de elecci\u00f3n en primera vuelta, el d\u00eda 11 de mayo del 2022. A diferencia de otros a\u00f1os donde la elecci\u00f3n de primera vuelta suele llevarse a cabo en el mes de junio, la propuesta procura asegurar una \u00e9poca favorable para establecer un protocolo seguro con relaci\u00f3n a la pandemia por COVID-19, evitando los meses m\u00e1s fr\u00edos del a\u00f1o, es decir, junio y julio.<\/p>\n<figure class=\"wp-block-image\"><img decoding=\"async\" class=\"wp-image-61964\" src=\"https:\/\/www.noticias.unsl.edu.ar\/wp-content\/uploads\/2021\/11\/211116-Consejo-Superior-1-1.jpg\" sizes=\"(max-width: 1000px) 100vw, 1000px\" srcset=\"https:\/\/www.noticias.unsl.edu.ar\/wp-content\/uploads\/2021\/11\/211116-Consejo-Superior-1-1.jpg 1000w, https:\/\/www.noticias.unsl.edu.ar\/wp-content\/uploads\/2021\/11\/211116-Consejo-Superior-1-1-300x200.jpg 300w\" alt=\"\" \/><\/figure>\n<p>Motiva este razonamiento la experiencia vivida con el pasado cronograma electoral para la renovaci\u00f3n de consejeros estudiantiles y graduados\/as, el cual debi\u00f3 ser pospuesto en varias oportunidades, debido a la imposibilidad de organizar el acto eleccionario dadas las restricciones de circulaci\u00f3n y distanciamiento social que preve\u00edan los protocolos de COVID-19 dictados por las autoridades sanitarias.<\/p>\n<p><em>\u00abEntendemos que hay que tomar una decisi\u00f3n en funci\u00f3n de tener un calendario que deba respetarse y que sea viable y posible. La \u00fanica particularidad que tiene es hacer las elecciones un mes antes que lo que ven\u00edamos acostumbrados, pero aclarar que el mandato y el traspaso de mandato va a ser hasta el 17 de septiembre como corresponde (\u2026) No me gustar\u00eda como autoridad de la Universidad, tener mandatos prorrogados\u00bb<\/em>, expres\u00f3 Mori\u00f1igo.<\/p>\n<p><strong>Dato<\/strong><\/p>\n<p>Este calendario no rige para las elecciones de rector\u00eda en la Escuela Normal Juan Pascual Pringles. Se trata de otro calendario que se fijar\u00e1 en otra fecha.<\/p>\n","protected":false},"excerpt":{"rendered":"<p>Tendr\u00e1 la particularidad de que se adelantar\u00e1 un mes para asegurar una \u00e9poca favorable en relaci\u00f3n a la pandemia. En este sentido, se dar\u00e1 inicio&hellip;<\/p>\n","protected":false},"author":9,"featured_media":7460,"comment_status":"closed","ping_status":"closed","sticky":false,"template":"","format":"standard","meta":{"_monsterinsights_skip_tracking":false,"_monsterinsights_sitenote_active":false,"_monsterinsights_sitenote_note":"","_monsterinsights_sitenote_category":0,"_joinchat":[],"footnotes":""},"categories":[19],"tags":[],"class_list":["post-7459","post","type-post","status-publish","format-standard","has-post-thumbnail","hentry","category-noticias"],"yoast_head":"<!-- This site is optimized with the Yoast SEO plugin v27.4 - https:\/\/yoast.com\/product\/yoast-seo-wordpress\/ -->\n<title>Aprobaron por unanimidad el Calendario Electoral 2022 - Facultad de Ingenier\u00eda y Ciencias Agropecuarias<\/title>\n<meta name=\"robots\" content=\"index, follow, max-snippet:-1, max-image-preview:large, max-video-preview:-1\" \/>\n<link rel=\"canonical\" href=\"https:\/\/www.fica.unsl.edu.ar\/index.php\/aprobaron-por-unanimidad-el-calendario-electoral-2022\/\" \/>\n<meta property=\"og:locale\" content=\"es_ES\" \/>\n<meta property=\"og:type\" content=\"article\" \/>\n<meta property=\"og:title\" content=\"Aprobaron por unanimidad el Calendario Electoral 2022 - Facultad de Ingenier\u00eda y Ciencias Agropecuarias\" \/>\n<meta property=\"og:description\" content=\"Tendr\u00e1 la particularidad de que se adelantar\u00e1 un mes para asegurar una \u00e9poca favorable en relaci\u00f3n a la pandemia. En este sentido, se dar\u00e1 inicio&hellip;\" \/>\n<meta property=\"og:url\" content=\"https:\/\/www.fica.unsl.edu.ar\/index.php\/aprobaron-por-unanimidad-el-calendario-electoral-2022\/\" \/>\n<meta property=\"og:site_name\" content=\"Facultad de Ingenier\u00eda y Ciencias Agropecuarias\" \/>\n<meta property=\"article:publisher\" content=\"https:\/\/www.facebook.com\/FICA.UNSL\/\" \/>\n<meta property=\"article:published_time\" content=\"2021-11-17T12:55:41+00:00\" \/>\n<meta property=\"article:modified_time\" content=\"2021-12-17T13:17:21+00:00\" \/>\n<meta property=\"og:image\" content=\"https:\/\/www.fica.unsl.edu.ar\/wp-content\/uploads\/2021\/11\/Elecciones-UNSL.jpg\" \/>\n\t<meta property=\"og:image:width\" content=\"1000\" \/>\n\t<meta property=\"og:image:height\" content=\"600\" \/>\n\t<meta property=\"og:image:type\" content=\"image\/jpeg\" \/>\n<meta name=\"author\" content=\"DATI\" \/>\n<meta name=\"twitter:card\" content=\"summary_large_image\" \/>\n<meta name=\"twitter:creator\" content=\"@FICAUNSL\" \/>\n<meta name=\"twitter:site\" content=\"@FICAUNSL\" \/>\n<meta name=\"twitter:label1\" content=\"Escrito por\" \/>\n\t<meta name=\"twitter:data1\" content=\"DATI\" \/>\n\t<meta name=\"twitter:label2\" content=\"Tiempo de lectura\" \/>\n\t<meta name=\"twitter:data2\" content=\"2 minutos\" \/>\n<script type=\"application\/ld+json\" class=\"yoast-schema-graph\">{\"@context\":\"https:\\\/\\\/schema.org\",\"@graph\":[{\"@type\":\"Article\",\"@id\":\"https:\\\/\\\/www.fica.unsl.edu.ar\\\/index.php\\\/aprobaron-por-unanimidad-el-calendario-electoral-2022\\\/#article\",\"isPartOf\":{\"@id\":\"https:\\\/\\\/www.fica.unsl.edu.ar\\\/index.php\\\/aprobaron-por-unanimidad-el-calendario-electoral-2022\\\/\"},\"author\":{\"name\":\"DATI\",\"@id\":\"https:\\\/\\\/www.fica.unsl.edu.ar\\\/#\\\/schema\\\/person\\\/6058f9c66301868d3a691b1f5d6c3544\"},\"headline\":\"Aprobaron por unanimidad el Calendario Electoral 2022\",\"datePublished\":\"2021-11-17T12:55:41+00:00\",\"dateModified\":\"2021-12-17T13:17:21+00:00\",\"mainEntityOfPage\":{\"@id\":\"https:\\\/\\\/www.fica.unsl.edu.ar\\\/index.php\\\/aprobaron-por-unanimidad-el-calendario-electoral-2022\\\/\"},\"wordCount\":382,\"publisher\":{\"@id\":\"https:\\\/\\\/www.fica.unsl.edu.ar\\\/#organization\"},\"image\":{\"@id\":\"https:\\\/\\\/www.fica.unsl.edu.ar\\\/index.php\\\/aprobaron-por-unanimidad-el-calendario-electoral-2022\\\/#primaryimage\"},\"thumbnailUrl\":\"https:\\\/\\\/www.fica.unsl.edu.ar\\\/wp-content\\\/uploads\\\/2021\\\/11\\\/Elecciones-UNSL.jpg\",\"articleSection\":[\"Noticias\"],\"inLanguage\":\"es-AR\"},{\"@type\":\"WebPage\",\"@id\":\"https:\\\/\\\/www.fica.unsl.edu.ar\\\/index.php\\\/aprobaron-por-unanimidad-el-calendario-electoral-2022\\\/\",\"url\":\"https:\\\/\\\/www.fica.unsl.edu.ar\\\/index.php\\\/aprobaron-por-unanimidad-el-calendario-electoral-2022\\\/\",\"name\":\"Aprobaron por unanimidad el Calendario Electoral 2022 - Facultad de Ingenier\u00eda y Ciencias Agropecuarias\",\"isPartOf\":{\"@id\":\"https:\\\/\\\/www.fica.unsl.edu.ar\\\/#website\"},\"primaryImageOfPage\":{\"@id\":\"https:\\\/\\\/www.fica.unsl.edu.ar\\\/index.php\\\/aprobaron-por-unanimidad-el-calendario-electoral-2022\\\/#primaryimage\"},\"image\":{\"@id\":\"https:\\\/\\\/www.fica.unsl.edu.ar\\\/index.php\\\/aprobaron-por-unanimidad-el-calendario-electoral-2022\\\/#primaryimage\"},\"thumbnailUrl\":\"https:\\\/\\\/www.fica.unsl.edu.ar\\\/wp-content\\\/uploads\\\/2021\\\/11\\\/Elecciones-UNSL.jpg\",\"datePublished\":\"2021-11-17T12:55:41+00:00\",\"dateModified\":\"2021-12-17T13:17:21+00:00\",\"inLanguage\":\"es-AR\",\"potentialAction\":[{\"@type\":\"ReadAction\",\"target\":[\"https:\\\/\\\/www.fica.unsl.edu.ar\\\/index.php\\\/aprobaron-por-unanimidad-el-calendario-electoral-2022\\\/\"]}]},{\"@type\":\"ImageObject\",\"inLanguage\":\"es-AR\",\"@id\":\"https:\\\/\\\/www.fica.unsl.edu.ar\\\/index.php\\\/aprobaron-por-unanimidad-el-calendario-electoral-2022\\\/#primaryimage\",\"url\":\"https:\\\/\\\/www.fica.unsl.edu.ar\\\/wp-content\\\/uploads\\\/2021\\\/11\\\/Elecciones-UNSL.jpg\",\"contentUrl\":\"https:\\\/\\\/www.fica.unsl.edu.ar\\\/wp-content\\\/uploads\\\/2021\\\/11\\\/Elecciones-UNSL.jpg\",\"width\":1000,\"height\":600},{\"@type\":\"WebSite\",\"@id\":\"https:\\\/\\\/www.fica.unsl.edu.ar\\\/#website\",\"url\":\"https:\\\/\\\/www.fica.unsl.edu.ar\\\/\",\"name\":\"Facultad de Ingenier\u00eda y Ciencias Agropecuarias\",\"description\":\"\",\"publisher\":{\"@id\":\"https:\\\/\\\/www.fica.unsl.edu.ar\\\/#organization\"},\"potentialAction\":[{\"@type\":\"SearchAction\",\"target\":{\"@type\":\"EntryPoint\",\"urlTemplate\":\"https:\\\/\\\/www.fica.unsl.edu.ar\\\/?s={search_term_string}\"},\"query-input\":{\"@type\":\"PropertyValueSpecification\",\"valueRequired\":true,\"valueName\":\"search_term_string\"}}],\"inLanguage\":\"es-AR\"},{\"@type\":\"Organization\",\"@id\":\"https:\\\/\\\/www.fica.unsl.edu.ar\\\/#organization\",\"name\":\"Facultad de Ingenier\u00eda y Ciencias Agropecuarias\",\"url\":\"https:\\\/\\\/www.fica.unsl.edu.ar\\\/\",\"logo\":{\"@type\":\"ImageObject\",\"inLanguage\":\"es-AR\",\"@id\":\"https:\\\/\\\/www.fica.unsl.edu.ar\\\/#\\\/schema\\\/logo\\\/image\\\/\",\"url\":\"https:\\\/\\\/www.fica.unsl.edu.ar\\\/wp-content\\\/uploads\\\/2021\\\/03\\\/LOGO-1.jpg\",\"contentUrl\":\"https:\\\/\\\/www.fica.unsl.edu.ar\\\/wp-content\\\/uploads\\\/2021\\\/03\\\/LOGO-1.jpg\",\"width\":463,\"height\":145,\"caption\":\"Facultad de Ingenier\u00eda y Ciencias Agropecuarias\"},\"image\":{\"@id\":\"https:\\\/\\\/www.fica.unsl.edu.ar\\\/#\\\/schema\\\/logo\\\/image\\\/\"},\"sameAs\":[\"https:\\\/\\\/www.facebook.com\\\/FICA.UNSL\\\/\",\"https:\\\/\\\/x.com\\\/FICAUNSL\",\"https:\\\/\\\/www.instagram.com\\\/fica.unsl\\\/\",\"https:\\\/\\\/www.youtube.com\\\/channel\\\/UCs2MM53gb2PyBrMySdtWZDQ\"]},{\"@type\":\"Person\",\"@id\":\"https:\\\/\\\/www.fica.unsl.edu.ar\\\/#\\\/schema\\\/person\\\/6058f9c66301868d3a691b1f5d6c3544\",\"name\":\"DATI\"}]}<\/script>\n<!-- \/ Yoast SEO plugin. -->","yoast_head_json":{"title":"Aprobaron por unanimidad el Calendario Electoral 2022 - Facultad de Ingenier\u00eda y Ciencias Agropecuarias","robots":{"index":"index","follow":"follow","max-snippet":"max-snippet:-1","max-image-preview":"max-image-preview:large","max-video-preview":"max-video-preview:-1"},"canonical":"https:\/\/www.fica.unsl.edu.ar\/index.php\/aprobaron-por-unanimidad-el-calendario-electoral-2022\/","og_locale":"es_ES","og_type":"article","og_title":"Aprobaron por unanimidad el Calendario Electoral 2022 - Facultad de Ingenier\u00eda y Ciencias Agropecuarias","og_description":"Tendr\u00e1 la particularidad de que se adelantar\u00e1 un mes para asegurar una \u00e9poca favorable en relaci\u00f3n a la pandemia. En este sentido, se dar\u00e1 inicio&hellip;","og_url":"https:\/\/www.fica.unsl.edu.ar\/index.php\/aprobaron-por-unanimidad-el-calendario-electoral-2022\/","og_site_name":"Facultad de Ingenier\u00eda y Ciencias Agropecuarias","article_publisher":"https:\/\/www.facebook.com\/FICA.UNSL\/","article_published_time":"2021-11-17T12:55:41+00:00","article_modified_time":"2021-12-17T13:17:21+00:00","og_image":[{"width":1000,"height":600,"url":"https:\/\/www.fica.unsl.edu.ar\/wp-content\/uploads\/2021\/11\/Elecciones-UNSL.jpg","type":"image\/jpeg"}],"author":"DATI","twitter_card":"summary_large_image","twitter_creator":"@FICAUNSL","twitter_site":"@FICAUNSL","twitter_misc":{"Escrito por":"DATI","Tiempo de lectura":"2 minutos"},"schema":{"@context":"https:\/\/schema.org","@graph":[{"@type":"Article","@id":"https:\/\/www.fica.unsl.edu.ar\/index.php\/aprobaron-por-unanimidad-el-calendario-electoral-2022\/#article","isPartOf":{"@id":"https:\/\/www.fica.unsl.edu.ar\/index.php\/aprobaron-por-unanimidad-el-calendario-electoral-2022\/"},"author":{"name":"DATI","@id":"https:\/\/www.fica.unsl.edu.ar\/#\/schema\/person\/6058f9c66301868d3a691b1f5d6c3544"},"headline":"Aprobaron por unanimidad el Calendario Electoral 2022","datePublished":"2021-11-17T12:55:41+00:00","dateModified":"2021-12-17T13:17:21+00:00","mainEntityOfPage":{"@id":"https:\/\/www.fica.unsl.edu.ar\/index.php\/aprobaron-por-unanimidad-el-calendario-electoral-2022\/"},"wordCount":382,"publisher":{"@id":"https:\/\/www.fica.unsl.edu.ar\/#organization"},"image":{"@id":"https:\/\/www.fica.unsl.edu.ar\/index.php\/aprobaron-por-unanimidad-el-calendario-electoral-2022\/#primaryimage"},"thumbnailUrl":"https:\/\/www.fica.unsl.edu.ar\/wp-content\/uploads\/2021\/11\/Elecciones-UNSL.jpg","articleSection":["Noticias"],"inLanguage":"es-AR"},{"@type":"WebPage","@id":"https:\/\/www.fica.unsl.edu.ar\/index.php\/aprobaron-por-unanimidad-el-calendario-electoral-2022\/","url":"https:\/\/www.fica.unsl.edu.ar\/index.php\/aprobaron-por-unanimidad-el-calendario-electoral-2022\/","name":"Aprobaron por unanimidad el Calendario Electoral 2022 - Facultad de Ingenier\u00eda y Ciencias Agropecuarias","isPartOf":{"@id":"https:\/\/www.fica.unsl.edu.ar\/#website"},"primaryImageOfPage":{"@id":"https:\/\/www.fica.unsl.edu.ar\/index.php\/aprobaron-por-unanimidad-el-calendario-electoral-2022\/#primaryimage"},"image":{"@id":"https:\/\/www.fica.unsl.edu.ar\/index.php\/aprobaron-por-unanimidad-el-calendario-electoral-2022\/#primaryimage"},"thumbnailUrl":"https:\/\/www.fica.unsl.edu.ar\/wp-content\/uploads\/2021\/11\/Elecciones-UNSL.jpg","datePublished":"2021-11-17T12:55:41+00:00","dateModified":"2021-12-17T13:17:21+00:00","inLanguage":"es-AR","potentialAction":[{"@type":"ReadAction","target":["https:\/\/www.fica.unsl.edu.ar\/index.php\/aprobaron-por-unanimidad-el-calendario-electoral-2022\/"]}]},{"@type":"ImageObject","inLanguage":"es-AR","@id":"https:\/\/www.fica.unsl.edu.ar\/index.php\/aprobaron-por-unanimidad-el-calendario-electoral-2022\/#primaryimage","url":"https:\/\/www.fica.unsl.edu.ar\/wp-content\/uploads\/2021\/11\/Elecciones-UNSL.jpg","contentUrl":"https:\/\/www.fica.unsl.edu.ar\/wp-content\/uploads\/2021\/11\/Elecciones-UNSL.jpg","width":1000,"height":600},{"@type":"WebSite","@id":"https:\/\/www.fica.unsl.edu.ar\/#website","url":"https:\/\/www.fica.unsl.edu.ar\/","name":"Facultad de Ingenier\u00eda y Ciencias Agropecuarias","description":"","publisher":{"@id":"https:\/\/www.fica.unsl.edu.ar\/#organization"},"potentialAction":[{"@type":"SearchAction","target":{"@type":"EntryPoint","urlTemplate":"https:\/\/www.fica.unsl.edu.ar\/?s={search_term_string}"},"query-input":{"@type":"PropertyValueSpecification","valueRequired":true,"valueName":"search_term_string"}}],"inLanguage":"es-AR"},{"@type":"Organization","@id":"https:\/\/www.fica.unsl.edu.ar\/#organization","name":"Facultad de Ingenier\u00eda y Ciencias Agropecuarias","url":"https:\/\/www.fica.unsl.edu.ar\/","logo":{"@type":"ImageObject","inLanguage":"es-AR","@id":"https:\/\/www.fica.unsl.edu.ar\/#\/schema\/logo\/image\/","url":"https:\/\/www.fica.unsl.edu.ar\/wp-content\/uploads\/2021\/03\/LOGO-1.jpg","contentUrl":"https:\/\/www.fica.unsl.edu.ar\/wp-content\/uploads\/2021\/03\/LOGO-1.jpg","width":463,"height":145,"caption":"Facultad de Ingenier\u00eda y Ciencias Agropecuarias"},"image":{"@id":"https:\/\/www.fica.unsl.edu.ar\/#\/schema\/logo\/image\/"},"sameAs":["https:\/\/www.facebook.com\/FICA.UNSL\/","https:\/\/x.com\/FICAUNSL","https:\/\/www.instagram.com\/fica.unsl\/","https:\/\/www.youtube.com\/channel\/UCs2MM53gb2PyBrMySdtWZDQ"]},{"@type":"Person","@id":"https:\/\/www.fica.unsl.edu.ar\/#\/schema\/person\/6058f9c66301868d3a691b1f5d6c3544","name":"DATI"}]}},"_links":{"self":[{"href":"https:\/\/www.fica.unsl.edu.ar\/index.php\/wp-json\/wp\/v2\/posts\/7459","targetHints":{"allow":["GET"]}}],"collection":[{"href":"https:\/\/www.fica.unsl.edu.ar\/index.php\/wp-json\/wp\/v2\/posts"}],"about":[{"href":"https:\/\/www.fica.unsl.edu.ar\/index.php\/wp-json\/wp\/v2\/types\/post"}],"author":[{"embeddable":true,"href":"https:\/\/www.fica.unsl.edu.ar\/index.php\/wp-json\/wp\/v2\/users\/9"}],"replies":[{"embeddable":true,"href":"https:\/\/www.fica.unsl.edu.ar\/index.php\/wp-json\/wp\/v2\/comments?post=7459"}],"version-history":[{"count":1,"href":"https:\/\/www.fica.unsl.edu.ar\/index.php\/wp-json\/wp\/v2\/posts\/7459\/revisions"}],"predecessor-version":[{"id":7461,"href":"https:\/\/www.fica.unsl.edu.ar\/index.php\/wp-json\/wp\/v2\/posts\/7459\/revisions\/7461"}],"wp:featuredmedia":[{"embeddable":true,"href":"https:\/\/www.fica.unsl.edu.ar\/index.php\/wp-json\/wp\/v2\/media\/7460"}],"wp:attachment":[{"href":"https:\/\/www.fica.unsl.edu.ar\/index.php\/wp-json\/wp\/v2\/media?parent=7459"}],"wp:term":[{"taxonomy":"category","embeddable":true,"href":"https:\/\/www.fica.unsl.edu.ar\/index.php\/wp-json\/wp\/v2\/categories?post=7459"},{"taxonomy":"post_tag","embeddable":true,"href":"https:\/\/www.fica.unsl.edu.ar\/index.php\/wp-json\/wp\/v2\/tags?post=7459"}],"curies":[{"name":"wp","href":"https:\/\/api.w.org\/{rel}","templated":true}]}}