{"id":7861,"date":"2021-12-13T11:45:34","date_gmt":"2021-12-13T14:45:34","guid":{"rendered":"http:\/\/10.101.10.196\/www\/?p=7861"},"modified":"2021-12-23T10:39:56","modified_gmt":"2021-12-23T13:39:56","slug":"el-grupo-disal-abrio-convocatoria-a-pasantia-educativa","status":"publish","type":"post","link":"https:\/\/www.fica.unsl.edu.ar\/index.php\/el-grupo-disal-abrio-convocatoria-a-pasantia-educativa\/","title":{"rendered":"El GRUPO DISAL abri\u00f3 convocatoria a Pasant\u00eda Educativa"},"content":{"rendered":"<p>La Coordinaci\u00f3n de Extensi\u00f3n, Vinculaci\u00f3n y Transferencia de FICA informa que la empresa \u201cGrupo DISAL Color\u00edn, Tersuave\u201d, abri\u00f3 una convocatoria a Pasant\u00eda Educativa, destinada a estudiantes avanzados\/as de la carrera Ingenier\u00eda Industrial.<\/p>\n<p>El puesto a cubrir, durante el periodo de 6 meses, es \u201cPasante de Ingenier\u00eda de Procesos\u201d. Tiene la finalidad de brindar soporte al Proyecto de revisi\u00f3n y mejora de Proceso Operativos, Registros de Operaci\u00f3n, Proceso de Planificaci\u00f3n y Dise\u00f1o de Tablero de Comandos. Realizar\u00e1 las tareas de soporte en el piso de planta, generaci\u00f3n de documentos y nuevos sistemas, sistematizar la informaci\u00f3n. Requisito excluyente: manejo de Paquete Office, Excel avanzado.<\/p>\n<p>El solicitante debe ser estudiante que haya terminado de cursar o que se encuentren en el \u00faltimo a\u00f1o de la carrera.<\/p>\n<p>La jornada laborar es de lunes a jueves, de 08 a 13 horas (20 horas semanales). Lugar de trabajo: Planta Productiva Villa Mercedes, Ruta 148 Sur -Km 755.<\/p>\n<p><img fetchpriority=\"high\" decoding=\"async\" class=\"aligncenter wp-image-7862 size-full\" src=\"https:\/\/www.fica.unsl.edu.ar\/wp-content\/uploads\/2021\/12\/CONVOCATORIA-PASANTIA-FICA.jpg\" alt=\"\" width=\"1428\" height=\"1052\" srcset=\"https:\/\/www.fica.unsl.edu.ar\/wp-content\/uploads\/2021\/12\/CONVOCATORIA-PASANTIA-FICA.jpg 1428w, https:\/\/www.fica.unsl.edu.ar\/wp-content\/uploads\/2021\/12\/CONVOCATORIA-PASANTIA-FICA-300x221.jpg 300w, https:\/\/www.fica.unsl.edu.ar\/wp-content\/uploads\/2021\/12\/CONVOCATORIA-PASANTIA-FICA-1024x754.jpg 1024w, https:\/\/www.fica.unsl.edu.ar\/wp-content\/uploads\/2021\/12\/CONVOCATORIA-PASANTIA-FICA-768x566.jpg 768w\" sizes=\"(max-width: 1428px) 100vw, 1428px\" \/><\/p>\n","protected":false},"excerpt":{"rendered":"<p>La Coordinaci\u00f3n de Extensi\u00f3n, Vinculaci\u00f3n y Transferencia de FICA informa que la empresa \u201cGrupo DISAL Color\u00edn, Tersuave\u201d, abri\u00f3 una convocatoria a Pasant\u00eda Educativa, destinada a&hellip;<\/p>\n","protected":false},"author":9,"featured_media":7866,"comment_status":"closed","ping_status":"closed","sticky":false,"template":"","format":"standard","meta":{"_monsterinsights_skip_tracking":false,"_monsterinsights_sitenote_active":false,"_monsterinsights_sitenote_note":"","_monsterinsights_sitenote_category":0,"_joinchat":[],"footnotes":""},"categories":[19],"tags":[],"class_list":["post-7861","post","type-post","status-publish","format-standard","has-post-thumbnail","hentry","category-noticias"],"yoast_head":"<!-- This site is optimized with the Yoast SEO plugin v27.4 - https:\/\/yoast.com\/product\/yoast-seo-wordpress\/ -->\n<title>El GRUPO DISAL abri\u00f3 convocatoria a Pasant\u00eda Educativa - Facultad de Ingenier\u00eda y Ciencias Agropecuarias<\/title>\n<meta name=\"robots\" content=\"index, follow, max-snippet:-1, max-image-preview:large, max-video-preview:-1\" \/>\n<link rel=\"canonical\" href=\"https:\/\/www.fica.unsl.edu.ar\/index.php\/el-grupo-disal-abrio-convocatoria-a-pasantia-educativa\/\" \/>\n<meta property=\"og:locale\" content=\"es_ES\" \/>\n<meta property=\"og:type\" content=\"article\" \/>\n<meta property=\"og:title\" content=\"El GRUPO DISAL abri\u00f3 convocatoria a Pasant\u00eda Educativa - Facultad de Ingenier\u00eda y Ciencias Agropecuarias\" \/>\n<meta property=\"og:description\" content=\"La Coordinaci\u00f3n de Extensi\u00f3n, Vinculaci\u00f3n y Transferencia de FICA informa que la empresa \u201cGrupo DISAL Color\u00edn, Tersuave\u201d, abri\u00f3 una convocatoria a Pasant\u00eda Educativa, destinada a&hellip;\" \/>\n<meta property=\"og:url\" content=\"https:\/\/www.fica.unsl.edu.ar\/index.php\/el-grupo-disal-abrio-convocatoria-a-pasantia-educativa\/\" \/>\n<meta property=\"og:site_name\" content=\"Facultad de Ingenier\u00eda y Ciencias Agropecuarias\" \/>\n<meta property=\"article:publisher\" content=\"https:\/\/www.facebook.com\/FICA.UNSL\/\" \/>\n<meta property=\"article:published_time\" content=\"2021-12-13T14:45:34+00:00\" \/>\n<meta property=\"article:modified_time\" content=\"2021-12-23T13:39:56+00:00\" \/>\n<meta property=\"og:image\" content=\"https:\/\/www.fica.unsl.edu.ar\/wp-content\/uploads\/2021\/12\/CONVOCATORIA-LABORAL-FICA-front-03.jpg\" \/>\n\t<meta property=\"og:image:width\" content=\"1061\" \/>\n\t<meta property=\"og:image:height\" content=\"602\" \/>\n\t<meta property=\"og:image:type\" content=\"image\/jpeg\" \/>\n<meta name=\"author\" content=\"DATI\" \/>\n<meta name=\"twitter:card\" content=\"summary_large_image\" \/>\n<meta name=\"twitter:creator\" content=\"@FICAUNSL\" \/>\n<meta name=\"twitter:site\" content=\"@FICAUNSL\" \/>\n<meta name=\"twitter:label1\" content=\"Escrito por\" \/>\n\t<meta name=\"twitter:data1\" content=\"DATI\" \/>\n\t<meta name=\"twitter:label2\" content=\"Tiempo de lectura\" \/>\n\t<meta name=\"twitter:data2\" content=\"1 minuto\" \/>\n<script type=\"application\/ld+json\" class=\"yoast-schema-graph\">{\"@context\":\"https:\\\/\\\/schema.org\",\"@graph\":[{\"@type\":\"Article\",\"@id\":\"https:\\\/\\\/www.fica.unsl.edu.ar\\\/index.php\\\/el-grupo-disal-abrio-convocatoria-a-pasantia-educativa\\\/#article\",\"isPartOf\":{\"@id\":\"https:\\\/\\\/www.fica.unsl.edu.ar\\\/index.php\\\/el-grupo-disal-abrio-convocatoria-a-pasantia-educativa\\\/\"},\"author\":{\"name\":\"DATI\",\"@id\":\"https:\\\/\\\/www.fica.unsl.edu.ar\\\/#\\\/schema\\\/person\\\/6058f9c66301868d3a691b1f5d6c3544\"},\"headline\":\"El GRUPO DISAL abri\u00f3 convocatoria a Pasant\u00eda Educativa\",\"datePublished\":\"2021-12-13T14:45:34+00:00\",\"dateModified\":\"2021-12-23T13:39:56+00:00\",\"mainEntityOfPage\":{\"@id\":\"https:\\\/\\\/www.fica.unsl.edu.ar\\\/index.php\\\/el-grupo-disal-abrio-convocatoria-a-pasantia-educativa\\\/\"},\"wordCount\":169,\"publisher\":{\"@id\":\"https:\\\/\\\/www.fica.unsl.edu.ar\\\/#organization\"},\"image\":{\"@id\":\"https:\\\/\\\/www.fica.unsl.edu.ar\\\/index.php\\\/el-grupo-disal-abrio-convocatoria-a-pasantia-educativa\\\/#primaryimage\"},\"thumbnailUrl\":\"https:\\\/\\\/www.fica.unsl.edu.ar\\\/wp-content\\\/uploads\\\/2021\\\/12\\\/CONVOCATORIA-LABORAL-FICA-front-03.jpg\",\"articleSection\":[\"Noticias\"],\"inLanguage\":\"es-AR\"},{\"@type\":\"WebPage\",\"@id\":\"https:\\\/\\\/www.fica.unsl.edu.ar\\\/index.php\\\/el-grupo-disal-abrio-convocatoria-a-pasantia-educativa\\\/\",\"url\":\"https:\\\/\\\/www.fica.unsl.edu.ar\\\/index.php\\\/el-grupo-disal-abrio-convocatoria-a-pasantia-educativa\\\/\",\"name\":\"El GRUPO DISAL abri\u00f3 convocatoria a Pasant\u00eda Educativa - Facultad de Ingenier\u00eda y Ciencias Agropecuarias\",\"isPartOf\":{\"@id\":\"https:\\\/\\\/www.fica.unsl.edu.ar\\\/#website\"},\"primaryImageOfPage\":{\"@id\":\"https:\\\/\\\/www.fica.unsl.edu.ar\\\/index.php\\\/el-grupo-disal-abrio-convocatoria-a-pasantia-educativa\\\/#primaryimage\"},\"image\":{\"@id\":\"https:\\\/\\\/www.fica.unsl.edu.ar\\\/index.php\\\/el-grupo-disal-abrio-convocatoria-a-pasantia-educativa\\\/#primaryimage\"},\"thumbnailUrl\":\"https:\\\/\\\/www.fica.unsl.edu.ar\\\/wp-content\\\/uploads\\\/2021\\\/12\\\/CONVOCATORIA-LABORAL-FICA-front-03.jpg\",\"datePublished\":\"2021-12-13T14:45:34+00:00\",\"dateModified\":\"2021-12-23T13:39:56+00:00\",\"inLanguage\":\"es-AR\",\"potentialAction\":[{\"@type\":\"ReadAction\",\"target\":[\"https:\\\/\\\/www.fica.unsl.edu.ar\\\/index.php\\\/el-grupo-disal-abrio-convocatoria-a-pasantia-educativa\\\/\"]}]},{\"@type\":\"ImageObject\",\"inLanguage\":\"es-AR\",\"@id\":\"https:\\\/\\\/www.fica.unsl.edu.ar\\\/index.php\\\/el-grupo-disal-abrio-convocatoria-a-pasantia-educativa\\\/#primaryimage\",\"url\":\"https:\\\/\\\/www.fica.unsl.edu.ar\\\/wp-content\\\/uploads\\\/2021\\\/12\\\/CONVOCATORIA-LABORAL-FICA-front-03.jpg\",\"contentUrl\":\"https:\\\/\\\/www.fica.unsl.edu.ar\\\/wp-content\\\/uploads\\\/2021\\\/12\\\/CONVOCATORIA-LABORAL-FICA-front-03.jpg\",\"width\":1061,\"height\":602},{\"@type\":\"WebSite\",\"@id\":\"https:\\\/\\\/www.fica.unsl.edu.ar\\\/#website\",\"url\":\"https:\\\/\\\/www.fica.unsl.edu.ar\\\/\",\"name\":\"Facultad de Ingenier\u00eda y Ciencias Agropecuarias\",\"description\":\"\",\"publisher\":{\"@id\":\"https:\\\/\\\/www.fica.unsl.edu.ar\\\/#organization\"},\"potentialAction\":[{\"@type\":\"SearchAction\",\"target\":{\"@type\":\"EntryPoint\",\"urlTemplate\":\"https:\\\/\\\/www.fica.unsl.edu.ar\\\/?s={search_term_string}\"},\"query-input\":{\"@type\":\"PropertyValueSpecification\",\"valueRequired\":true,\"valueName\":\"search_term_string\"}}],\"inLanguage\":\"es-AR\"},{\"@type\":\"Organization\",\"@id\":\"https:\\\/\\\/www.fica.unsl.edu.ar\\\/#organization\",\"name\":\"Facultad de Ingenier\u00eda y Ciencias Agropecuarias\",\"url\":\"https:\\\/\\\/www.fica.unsl.edu.ar\\\/\",\"logo\":{\"@type\":\"ImageObject\",\"inLanguage\":\"es-AR\",\"@id\":\"https:\\\/\\\/www.fica.unsl.edu.ar\\\/#\\\/schema\\\/logo\\\/image\\\/\",\"url\":\"https:\\\/\\\/www.fica.unsl.edu.ar\\\/wp-content\\\/uploads\\\/2021\\\/03\\\/LOGO-1.jpg\",\"contentUrl\":\"https:\\\/\\\/www.fica.unsl.edu.ar\\\/wp-content\\\/uploads\\\/2021\\\/03\\\/LOGO-1.jpg\",\"width\":463,\"height\":145,\"caption\":\"Facultad de Ingenier\u00eda y Ciencias Agropecuarias\"},\"image\":{\"@id\":\"https:\\\/\\\/www.fica.unsl.edu.ar\\\/#\\\/schema\\\/logo\\\/image\\\/\"},\"sameAs\":[\"https:\\\/\\\/www.facebook.com\\\/FICA.UNSL\\\/\",\"https:\\\/\\\/x.com\\\/FICAUNSL\",\"https:\\\/\\\/www.instagram.com\\\/fica.unsl\\\/\",\"https:\\\/\\\/www.youtube.com\\\/channel\\\/UCs2MM53gb2PyBrMySdtWZDQ\"]},{\"@type\":\"Person\",\"@id\":\"https:\\\/\\\/www.fica.unsl.edu.ar\\\/#\\\/schema\\\/person\\\/6058f9c66301868d3a691b1f5d6c3544\",\"name\":\"DATI\"}]}<\/script>\n<!-- \/ Yoast SEO plugin. -->","yoast_head_json":{"title":"El GRUPO DISAL abri\u00f3 convocatoria a Pasant\u00eda Educativa - Facultad de Ingenier\u00eda y Ciencias Agropecuarias","robots":{"index":"index","follow":"follow","max-snippet":"max-snippet:-1","max-image-preview":"max-image-preview:large","max-video-preview":"max-video-preview:-1"},"canonical":"https:\/\/www.fica.unsl.edu.ar\/index.php\/el-grupo-disal-abrio-convocatoria-a-pasantia-educativa\/","og_locale":"es_ES","og_type":"article","og_title":"El GRUPO DISAL abri\u00f3 convocatoria a Pasant\u00eda Educativa - Facultad de Ingenier\u00eda y Ciencias Agropecuarias","og_description":"La Coordinaci\u00f3n de Extensi\u00f3n, Vinculaci\u00f3n y Transferencia de FICA informa que la empresa \u201cGrupo DISAL Color\u00edn, Tersuave\u201d, abri\u00f3 una convocatoria a Pasant\u00eda Educativa, destinada a&hellip;","og_url":"https:\/\/www.fica.unsl.edu.ar\/index.php\/el-grupo-disal-abrio-convocatoria-a-pasantia-educativa\/","og_site_name":"Facultad de Ingenier\u00eda y Ciencias Agropecuarias","article_publisher":"https:\/\/www.facebook.com\/FICA.UNSL\/","article_published_time":"2021-12-13T14:45:34+00:00","article_modified_time":"2021-12-23T13:39:56+00:00","og_image":[{"width":1061,"height":602,"url":"https:\/\/www.fica.unsl.edu.ar\/wp-content\/uploads\/2021\/12\/CONVOCATORIA-LABORAL-FICA-front-03.jpg","type":"image\/jpeg"}],"author":"DATI","twitter_card":"summary_large_image","twitter_creator":"@FICAUNSL","twitter_site":"@FICAUNSL","twitter_misc":{"Escrito por":"DATI","Tiempo de lectura":"1 minuto"},"schema":{"@context":"https:\/\/schema.org","@graph":[{"@type":"Article","@id":"https:\/\/www.fica.unsl.edu.ar\/index.php\/el-grupo-disal-abrio-convocatoria-a-pasantia-educativa\/#article","isPartOf":{"@id":"https:\/\/www.fica.unsl.edu.ar\/index.php\/el-grupo-disal-abrio-convocatoria-a-pasantia-educativa\/"},"author":{"name":"DATI","@id":"https:\/\/www.fica.unsl.edu.ar\/#\/schema\/person\/6058f9c66301868d3a691b1f5d6c3544"},"headline":"El GRUPO DISAL abri\u00f3 convocatoria a Pasant\u00eda Educativa","datePublished":"2021-12-13T14:45:34+00:00","dateModified":"2021-12-23T13:39:56+00:00","mainEntityOfPage":{"@id":"https:\/\/www.fica.unsl.edu.ar\/index.php\/el-grupo-disal-abrio-convocatoria-a-pasantia-educativa\/"},"wordCount":169,"publisher":{"@id":"https:\/\/www.fica.unsl.edu.ar\/#organization"},"image":{"@id":"https:\/\/www.fica.unsl.edu.ar\/index.php\/el-grupo-disal-abrio-convocatoria-a-pasantia-educativa\/#primaryimage"},"thumbnailUrl":"https:\/\/www.fica.unsl.edu.ar\/wp-content\/uploads\/2021\/12\/CONVOCATORIA-LABORAL-FICA-front-03.jpg","articleSection":["Noticias"],"inLanguage":"es-AR"},{"@type":"WebPage","@id":"https:\/\/www.fica.unsl.edu.ar\/index.php\/el-grupo-disal-abrio-convocatoria-a-pasantia-educativa\/","url":"https:\/\/www.fica.unsl.edu.ar\/index.php\/el-grupo-disal-abrio-convocatoria-a-pasantia-educativa\/","name":"El GRUPO DISAL abri\u00f3 convocatoria a Pasant\u00eda Educativa - Facultad de Ingenier\u00eda y Ciencias Agropecuarias","isPartOf":{"@id":"https:\/\/www.fica.unsl.edu.ar\/#website"},"primaryImageOfPage":{"@id":"https:\/\/www.fica.unsl.edu.ar\/index.php\/el-grupo-disal-abrio-convocatoria-a-pasantia-educativa\/#primaryimage"},"image":{"@id":"https:\/\/www.fica.unsl.edu.ar\/index.php\/el-grupo-disal-abrio-convocatoria-a-pasantia-educativa\/#primaryimage"},"thumbnailUrl":"https:\/\/www.fica.unsl.edu.ar\/wp-content\/uploads\/2021\/12\/CONVOCATORIA-LABORAL-FICA-front-03.jpg","datePublished":"2021-12-13T14:45:34+00:00","dateModified":"2021-12-23T13:39:56+00:00","inLanguage":"es-AR","potentialAction":[{"@type":"ReadAction","target":["https:\/\/www.fica.unsl.edu.ar\/index.php\/el-grupo-disal-abrio-convocatoria-a-pasantia-educativa\/"]}]},{"@type":"ImageObject","inLanguage":"es-AR","@id":"https:\/\/www.fica.unsl.edu.ar\/index.php\/el-grupo-disal-abrio-convocatoria-a-pasantia-educativa\/#primaryimage","url":"https:\/\/www.fica.unsl.edu.ar\/wp-content\/uploads\/2021\/12\/CONVOCATORIA-LABORAL-FICA-front-03.jpg","contentUrl":"https:\/\/www.fica.unsl.edu.ar\/wp-content\/uploads\/2021\/12\/CONVOCATORIA-LABORAL-FICA-front-03.jpg","width":1061,"height":602},{"@type":"WebSite","@id":"https:\/\/www.fica.unsl.edu.ar\/#website","url":"https:\/\/www.fica.unsl.edu.ar\/","name":"Facultad de Ingenier\u00eda y Ciencias Agropecuarias","description":"","publisher":{"@id":"https:\/\/www.fica.unsl.edu.ar\/#organization"},"potentialAction":[{"@type":"SearchAction","target":{"@type":"EntryPoint","urlTemplate":"https:\/\/www.fica.unsl.edu.ar\/?s={search_term_string}"},"query-input":{"@type":"PropertyValueSpecification","valueRequired":true,"valueName":"search_term_string"}}],"inLanguage":"es-AR"},{"@type":"Organization","@id":"https:\/\/www.fica.unsl.edu.ar\/#organization","name":"Facultad de Ingenier\u00eda y Ciencias Agropecuarias","url":"https:\/\/www.fica.unsl.edu.ar\/","logo":{"@type":"ImageObject","inLanguage":"es-AR","@id":"https:\/\/www.fica.unsl.edu.ar\/#\/schema\/logo\/image\/","url":"https:\/\/www.fica.unsl.edu.ar\/wp-content\/uploads\/2021\/03\/LOGO-1.jpg","contentUrl":"https:\/\/www.fica.unsl.edu.ar\/wp-content\/uploads\/2021\/03\/LOGO-1.jpg","width":463,"height":145,"caption":"Facultad de Ingenier\u00eda y Ciencias Agropecuarias"},"image":{"@id":"https:\/\/www.fica.unsl.edu.ar\/#\/schema\/logo\/image\/"},"sameAs":["https:\/\/www.facebook.com\/FICA.UNSL\/","https:\/\/x.com\/FICAUNSL","https:\/\/www.instagram.com\/fica.unsl\/","https:\/\/www.youtube.com\/channel\/UCs2MM53gb2PyBrMySdtWZDQ"]},{"@type":"Person","@id":"https:\/\/www.fica.unsl.edu.ar\/#\/schema\/person\/6058f9c66301868d3a691b1f5d6c3544","name":"DATI"}]}},"_links":{"self":[{"href":"https:\/\/www.fica.unsl.edu.ar\/index.php\/wp-json\/wp\/v2\/posts\/7861","targetHints":{"allow":["GET"]}}],"collection":[{"href":"https:\/\/www.fica.unsl.edu.ar\/index.php\/wp-json\/wp\/v2\/posts"}],"about":[{"href":"https:\/\/www.fica.unsl.edu.ar\/index.php\/wp-json\/wp\/v2\/types\/post"}],"author":[{"embeddable":true,"href":"https:\/\/www.fica.unsl.edu.ar\/index.php\/wp-json\/wp\/v2\/users\/9"}],"replies":[{"embeddable":true,"href":"https:\/\/www.fica.unsl.edu.ar\/index.php\/wp-json\/wp\/v2\/comments?post=7861"}],"version-history":[{"count":1,"href":"https:\/\/www.fica.unsl.edu.ar\/index.php\/wp-json\/wp\/v2\/posts\/7861\/revisions"}],"predecessor-version":[{"id":7864,"href":"https:\/\/www.fica.unsl.edu.ar\/index.php\/wp-json\/wp\/v2\/posts\/7861\/revisions\/7864"}],"wp:featuredmedia":[{"embeddable":true,"href":"https:\/\/www.fica.unsl.edu.ar\/index.php\/wp-json\/wp\/v2\/media\/7866"}],"wp:attachment":[{"href":"https:\/\/www.fica.unsl.edu.ar\/index.php\/wp-json\/wp\/v2\/media?parent=7861"}],"wp:term":[{"taxonomy":"category","embeddable":true,"href":"https:\/\/www.fica.unsl.edu.ar\/index.php\/wp-json\/wp\/v2\/categories?post=7861"},{"taxonomy":"post_tag","embeddable":true,"href":"https:\/\/www.fica.unsl.edu.ar\/index.php\/wp-json\/wp\/v2\/tags?post=7861"}],"curies":[{"name":"wp","href":"https:\/\/api.w.org\/{rel}","templated":true}]}}