{"id":7867,"date":"2021-12-13T16:38:30","date_gmt":"2021-12-13T19:38:30","guid":{"rendered":"http:\/\/10.101.10.196\/www\/?p=7867"},"modified":"2021-12-17T10:15:42","modified_gmt":"2021-12-17T13:15:42","slug":"reconocimiento-al-dr-adolfo-eduardo-castro-luna","status":"publish","type":"post","link":"https:\/\/www.fica.unsl.edu.ar\/index.php\/reconocimiento-al-dr-adolfo-eduardo-castro-luna\/","title":{"rendered":"Reconocimiento al Dr. Adolfo Eduardo Castro Luna"},"content":{"rendered":"<p style=\"font-weight: 400;\">Tras la triste noticia del fallecimiento del Dr. Adolfo Castro Luna, conocido como Tato, desde la Facultad de Ingenier\u00eda y Ciencias Agropecuarias queremos realizar un reconocimiento a su larga trayectoria en nuestra Universidad.<\/p>\n<p style=\"font-weight: 400;\">Egres\u00f3 como Licenciado en Qu\u00edmica de la Facultad de Ciencias F\u00edsico-Qu\u00edmico- Matem\u00e1ticas perteneciente a la Universidad Nacional de Cuyo en la ciudad de San Luis. Se Doctor\u00f3 en Qu\u00edmica en la Facultad de Qu\u00edmica Bioqu\u00edmica y Farmacia en Universidad Nacional de San Luis en 1976.<\/p>\n<p style=\"font-weight: 400;\">Trabaj\u00f3 bajo la direcci\u00f3n del Dr. Juan Rivarola y posteriormente vino a trabajar a Villa Mercedes, en la FICES, donde inici\u00f3 sus actividades a partir del a\u00f1o 1977 cuando la FICES reci\u00e9n estaba en su inicio. Junto a la Dra. Marta Ponzi y otros docentes, le dieron inicio a la carrera de Ingenier\u00eda Qu\u00edmica, siendo parte de todo lo logrado hasta este momento dentro de la Facultad.<\/p>\n<p style=\"font-weight: 400;\">Realiz\u00f3 un Postdoctorado con una Beca Externa Postdoctoral, otorgada por CONICET en el Laboratorium voor Petrochemische Techniek, R.U.G., Gante (B\u00e9lgica) desde 1983 a 1985, luego su experiencia y formaci\u00f3n la traslad\u00f3 a la FICES para la formaci\u00f3n de los estudiantes desde aquellos a\u00f1os.<\/p>\n<p style=\"font-weight: 400;\">Particip\u00f3 en la creaci\u00f3n de las primeras l\u00edneas de Investigaci\u00f3n y en la creaci\u00f3n de l\u00edneas de trabajo en el campo de la cat\u00e1lisis logrando la compra de equipos importantes que hoy se ven en la formaci\u00f3n y trayectoria de tantos egresados prestigiosos que tiene nuestra Facultad.<\/p>\n<p style=\"font-weight: 400;\">Tambi\u00e9n, tuvo una participaci\u00f3n activa en actividades de gesti\u00f3n, entre algunas de ellas, integrando el Consejo Superior de la Universidad Nacional de San Luis y el Consejo Directivo de la FICES en distintas etapas de su actividad acad\u00e9mica.<\/p>\n<p style=\"font-weight: 400;\">Hacemos este reconocimiento, por el legado que dej\u00f3 a esta Facultad, no solo reconociendo su trayectoria, sino tambi\u00e9n el aporte a la formaci\u00f3n de los estudiantes, tanto en lo acad\u00e9mico como en su formaci\u00f3n personal.<\/p>\n<p>Adem\u00e1s, queremos compartir con la comunidad de la FICA un mensaje de reconocimiento\u00a0 que hemos recibido del Dr. Miguel Laborde.<\/p>\n<p style=\"font-weight: 400;\">E<em>stimados colegas de Villa Mercedes:<\/em><\/p>\n<p style=\"font-weight: 400;\"><em>Me acaban de dar la triste noticia del fallecimiento del querido Tato. Tal vez por razones tem\u00e1ticas (ambos trabajamos sobre la producci\u00f3n de H2 a partir del gas natural) pero seguramente por esa sinton\u00eda que se genera cuando dos personas se conocen, el Tato y yo nos hemos encontrado innumerables ocasiones en congresos nacionales e internacionales, en concursos docentes, en tesis doctorales. Hab\u00edamos logrado establecer una cooperaci\u00f3n entre ambos grupos de manera natural y sin necesidad de ning\u00fan convenio formal. Y funcion\u00f3 bien.<\/em><\/p>\n<p style=\"font-weight: 400;\"><em>El gran m\u00e9rito del Tato fue introducir, junto con Marta Ponzi, la investigaci\u00f3n cient\u00edfica en el interior de la provincia de San Luis, lo cual, dado el centralismo porte\u00f1o del que adolece nuestro CONICET, no fue para nada sencillo.<\/em><\/p>\n<p style=\"font-weight: 400;\"><em>En la personalidad del Tato sobresal\u00edan la sensatez y el sentido com\u00fan. Tal vez por eso nos llev\u00e1bamos tan bien.<\/em><\/p>\n<p style=\"font-weight: 400;\"><em>Un fuerte abrazo.<\/em><\/p>\n<p style=\"font-weight: 400;\"><em>Miguel Laborde.\u00a0<\/em><\/p>\n","protected":false},"excerpt":{"rendered":"<p>Tras la triste noticia del fallecimiento del Dr. Adolfo Castro Luna, conocido como Tato, desde la Facultad de Ingenier\u00eda y Ciencias Agropecuarias queremos realizar un&hellip;<\/p>\n","protected":false},"author":9,"featured_media":7875,"comment_status":"closed","ping_status":"closed","sticky":false,"template":"","format":"standard","meta":{"_monsterinsights_skip_tracking":false,"_monsterinsights_sitenote_active":false,"_monsterinsights_sitenote_note":"","_monsterinsights_sitenote_category":0,"_joinchat":[],"footnotes":""},"categories":[19],"tags":[],"class_list":["post-7867","post","type-post","status-publish","format-standard","has-post-thumbnail","hentry","category-noticias"],"yoast_head":"<!-- This site is optimized with the Yoast SEO plugin v27.4 - https:\/\/yoast.com\/product\/yoast-seo-wordpress\/ -->\n<title>Reconocimiento al Dr. Adolfo Eduardo Castro Luna - Facultad de Ingenier\u00eda y Ciencias Agropecuarias<\/title>\n<meta name=\"robots\" content=\"index, follow, max-snippet:-1, max-image-preview:large, max-video-preview:-1\" \/>\n<link rel=\"canonical\" href=\"https:\/\/www.fica.unsl.edu.ar\/index.php\/reconocimiento-al-dr-adolfo-eduardo-castro-luna\/\" \/>\n<meta property=\"og:locale\" content=\"es_ES\" \/>\n<meta property=\"og:type\" content=\"article\" \/>\n<meta property=\"og:title\" content=\"Reconocimiento al Dr. Adolfo Eduardo Castro Luna - Facultad de Ingenier\u00eda y Ciencias Agropecuarias\" \/>\n<meta property=\"og:description\" content=\"Tras la triste noticia del fallecimiento del Dr. Adolfo Castro Luna, conocido como Tato, desde la Facultad de Ingenier\u00eda y Ciencias Agropecuarias queremos realizar un&hellip;\" \/>\n<meta property=\"og:url\" content=\"https:\/\/www.fica.unsl.edu.ar\/index.php\/reconocimiento-al-dr-adolfo-eduardo-castro-luna\/\" \/>\n<meta property=\"og:site_name\" content=\"Facultad de Ingenier\u00eda y Ciencias Agropecuarias\" \/>\n<meta property=\"article:publisher\" content=\"https:\/\/www.facebook.com\/FICA.UNSL\/\" \/>\n<meta property=\"article:published_time\" content=\"2021-12-13T19:38:30+00:00\" \/>\n<meta property=\"article:modified_time\" content=\"2021-12-17T13:15:42+00:00\" \/>\n<meta property=\"og:image\" content=\"https:\/\/www.fica.unsl.edu.ar\/wp-content\/uploads\/2021\/12\/castro03.jpg\" \/>\n\t<meta property=\"og:image:width\" content=\"1061\" \/>\n\t<meta property=\"og:image:height\" content=\"600\" \/>\n\t<meta property=\"og:image:type\" content=\"image\/jpeg\" \/>\n<meta name=\"author\" content=\"DATI\" \/>\n<meta name=\"twitter:card\" content=\"summary_large_image\" \/>\n<meta name=\"twitter:creator\" content=\"@FICAUNSL\" \/>\n<meta name=\"twitter:site\" content=\"@FICAUNSL\" \/>\n<meta name=\"twitter:label1\" content=\"Escrito por\" \/>\n\t<meta name=\"twitter:data1\" content=\"DATI\" \/>\n\t<meta name=\"twitter:label2\" content=\"Tiempo de lectura\" \/>\n\t<meta name=\"twitter:data2\" content=\"3 minutos\" \/>\n<script type=\"application\/ld+json\" class=\"yoast-schema-graph\">{\"@context\":\"https:\\\/\\\/schema.org\",\"@graph\":[{\"@type\":\"Article\",\"@id\":\"https:\\\/\\\/www.fica.unsl.edu.ar\\\/index.php\\\/reconocimiento-al-dr-adolfo-eduardo-castro-luna\\\/#article\",\"isPartOf\":{\"@id\":\"https:\\\/\\\/www.fica.unsl.edu.ar\\\/index.php\\\/reconocimiento-al-dr-adolfo-eduardo-castro-luna\\\/\"},\"author\":{\"name\":\"DATI\",\"@id\":\"https:\\\/\\\/www.fica.unsl.edu.ar\\\/#\\\/schema\\\/person\\\/6058f9c66301868d3a691b1f5d6c3544\"},\"headline\":\"Reconocimiento al Dr. Adolfo Eduardo Castro Luna\",\"datePublished\":\"2021-12-13T19:38:30+00:00\",\"dateModified\":\"2021-12-17T13:15:42+00:00\",\"mainEntityOfPage\":{\"@id\":\"https:\\\/\\\/www.fica.unsl.edu.ar\\\/index.php\\\/reconocimiento-al-dr-adolfo-eduardo-castro-luna\\\/\"},\"wordCount\":531,\"publisher\":{\"@id\":\"https:\\\/\\\/www.fica.unsl.edu.ar\\\/#organization\"},\"image\":{\"@id\":\"https:\\\/\\\/www.fica.unsl.edu.ar\\\/index.php\\\/reconocimiento-al-dr-adolfo-eduardo-castro-luna\\\/#primaryimage\"},\"thumbnailUrl\":\"https:\\\/\\\/www.fica.unsl.edu.ar\\\/wp-content\\\/uploads\\\/2021\\\/12\\\/castro03.jpg\",\"articleSection\":[\"Noticias\"],\"inLanguage\":\"es-AR\"},{\"@type\":\"WebPage\",\"@id\":\"https:\\\/\\\/www.fica.unsl.edu.ar\\\/index.php\\\/reconocimiento-al-dr-adolfo-eduardo-castro-luna\\\/\",\"url\":\"https:\\\/\\\/www.fica.unsl.edu.ar\\\/index.php\\\/reconocimiento-al-dr-adolfo-eduardo-castro-luna\\\/\",\"name\":\"Reconocimiento al Dr. Adolfo Eduardo Castro Luna - Facultad de Ingenier\u00eda y Ciencias Agropecuarias\",\"isPartOf\":{\"@id\":\"https:\\\/\\\/www.fica.unsl.edu.ar\\\/#website\"},\"primaryImageOfPage\":{\"@id\":\"https:\\\/\\\/www.fica.unsl.edu.ar\\\/index.php\\\/reconocimiento-al-dr-adolfo-eduardo-castro-luna\\\/#primaryimage\"},\"image\":{\"@id\":\"https:\\\/\\\/www.fica.unsl.edu.ar\\\/index.php\\\/reconocimiento-al-dr-adolfo-eduardo-castro-luna\\\/#primaryimage\"},\"thumbnailUrl\":\"https:\\\/\\\/www.fica.unsl.edu.ar\\\/wp-content\\\/uploads\\\/2021\\\/12\\\/castro03.jpg\",\"datePublished\":\"2021-12-13T19:38:30+00:00\",\"dateModified\":\"2021-12-17T13:15:42+00:00\",\"inLanguage\":\"es-AR\",\"potentialAction\":[{\"@type\":\"ReadAction\",\"target\":[\"https:\\\/\\\/www.fica.unsl.edu.ar\\\/index.php\\\/reconocimiento-al-dr-adolfo-eduardo-castro-luna\\\/\"]}]},{\"@type\":\"ImageObject\",\"inLanguage\":\"es-AR\",\"@id\":\"https:\\\/\\\/www.fica.unsl.edu.ar\\\/index.php\\\/reconocimiento-al-dr-adolfo-eduardo-castro-luna\\\/#primaryimage\",\"url\":\"https:\\\/\\\/www.fica.unsl.edu.ar\\\/wp-content\\\/uploads\\\/2021\\\/12\\\/castro03.jpg\",\"contentUrl\":\"https:\\\/\\\/www.fica.unsl.edu.ar\\\/wp-content\\\/uploads\\\/2021\\\/12\\\/castro03.jpg\",\"width\":1061,\"height\":600},{\"@type\":\"WebSite\",\"@id\":\"https:\\\/\\\/www.fica.unsl.edu.ar\\\/#website\",\"url\":\"https:\\\/\\\/www.fica.unsl.edu.ar\\\/\",\"name\":\"Facultad de Ingenier\u00eda y Ciencias Agropecuarias\",\"description\":\"\",\"publisher\":{\"@id\":\"https:\\\/\\\/www.fica.unsl.edu.ar\\\/#organization\"},\"potentialAction\":[{\"@type\":\"SearchAction\",\"target\":{\"@type\":\"EntryPoint\",\"urlTemplate\":\"https:\\\/\\\/www.fica.unsl.edu.ar\\\/?s={search_term_string}\"},\"query-input\":{\"@type\":\"PropertyValueSpecification\",\"valueRequired\":true,\"valueName\":\"search_term_string\"}}],\"inLanguage\":\"es-AR\"},{\"@type\":\"Organization\",\"@id\":\"https:\\\/\\\/www.fica.unsl.edu.ar\\\/#organization\",\"name\":\"Facultad de Ingenier\u00eda y Ciencias Agropecuarias\",\"url\":\"https:\\\/\\\/www.fica.unsl.edu.ar\\\/\",\"logo\":{\"@type\":\"ImageObject\",\"inLanguage\":\"es-AR\",\"@id\":\"https:\\\/\\\/www.fica.unsl.edu.ar\\\/#\\\/schema\\\/logo\\\/image\\\/\",\"url\":\"https:\\\/\\\/www.fica.unsl.edu.ar\\\/wp-content\\\/uploads\\\/2021\\\/03\\\/LOGO-1.jpg\",\"contentUrl\":\"https:\\\/\\\/www.fica.unsl.edu.ar\\\/wp-content\\\/uploads\\\/2021\\\/03\\\/LOGO-1.jpg\",\"width\":463,\"height\":145,\"caption\":\"Facultad de Ingenier\u00eda y Ciencias Agropecuarias\"},\"image\":{\"@id\":\"https:\\\/\\\/www.fica.unsl.edu.ar\\\/#\\\/schema\\\/logo\\\/image\\\/\"},\"sameAs\":[\"https:\\\/\\\/www.facebook.com\\\/FICA.UNSL\\\/\",\"https:\\\/\\\/x.com\\\/FICAUNSL\",\"https:\\\/\\\/www.instagram.com\\\/fica.unsl\\\/\",\"https:\\\/\\\/www.youtube.com\\\/channel\\\/UCs2MM53gb2PyBrMySdtWZDQ\"]},{\"@type\":\"Person\",\"@id\":\"https:\\\/\\\/www.fica.unsl.edu.ar\\\/#\\\/schema\\\/person\\\/6058f9c66301868d3a691b1f5d6c3544\",\"name\":\"DATI\"}]}<\/script>\n<!-- \/ Yoast SEO plugin. -->","yoast_head_json":{"title":"Reconocimiento al Dr. Adolfo Eduardo Castro Luna - Facultad de Ingenier\u00eda y Ciencias Agropecuarias","robots":{"index":"index","follow":"follow","max-snippet":"max-snippet:-1","max-image-preview":"max-image-preview:large","max-video-preview":"max-video-preview:-1"},"canonical":"https:\/\/www.fica.unsl.edu.ar\/index.php\/reconocimiento-al-dr-adolfo-eduardo-castro-luna\/","og_locale":"es_ES","og_type":"article","og_title":"Reconocimiento al Dr. Adolfo Eduardo Castro Luna - Facultad de Ingenier\u00eda y Ciencias Agropecuarias","og_description":"Tras la triste noticia del fallecimiento del Dr. Adolfo Castro Luna, conocido como Tato, desde la Facultad de Ingenier\u00eda y Ciencias Agropecuarias queremos realizar un&hellip;","og_url":"https:\/\/www.fica.unsl.edu.ar\/index.php\/reconocimiento-al-dr-adolfo-eduardo-castro-luna\/","og_site_name":"Facultad de Ingenier\u00eda y Ciencias Agropecuarias","article_publisher":"https:\/\/www.facebook.com\/FICA.UNSL\/","article_published_time":"2021-12-13T19:38:30+00:00","article_modified_time":"2021-12-17T13:15:42+00:00","og_image":[{"width":1061,"height":600,"url":"https:\/\/www.fica.unsl.edu.ar\/wp-content\/uploads\/2021\/12\/castro03.jpg","type":"image\/jpeg"}],"author":"DATI","twitter_card":"summary_large_image","twitter_creator":"@FICAUNSL","twitter_site":"@FICAUNSL","twitter_misc":{"Escrito por":"DATI","Tiempo de lectura":"3 minutos"},"schema":{"@context":"https:\/\/schema.org","@graph":[{"@type":"Article","@id":"https:\/\/www.fica.unsl.edu.ar\/index.php\/reconocimiento-al-dr-adolfo-eduardo-castro-luna\/#article","isPartOf":{"@id":"https:\/\/www.fica.unsl.edu.ar\/index.php\/reconocimiento-al-dr-adolfo-eduardo-castro-luna\/"},"author":{"name":"DATI","@id":"https:\/\/www.fica.unsl.edu.ar\/#\/schema\/person\/6058f9c66301868d3a691b1f5d6c3544"},"headline":"Reconocimiento al Dr. Adolfo Eduardo Castro Luna","datePublished":"2021-12-13T19:38:30+00:00","dateModified":"2021-12-17T13:15:42+00:00","mainEntityOfPage":{"@id":"https:\/\/www.fica.unsl.edu.ar\/index.php\/reconocimiento-al-dr-adolfo-eduardo-castro-luna\/"},"wordCount":531,"publisher":{"@id":"https:\/\/www.fica.unsl.edu.ar\/#organization"},"image":{"@id":"https:\/\/www.fica.unsl.edu.ar\/index.php\/reconocimiento-al-dr-adolfo-eduardo-castro-luna\/#primaryimage"},"thumbnailUrl":"https:\/\/www.fica.unsl.edu.ar\/wp-content\/uploads\/2021\/12\/castro03.jpg","articleSection":["Noticias"],"inLanguage":"es-AR"},{"@type":"WebPage","@id":"https:\/\/www.fica.unsl.edu.ar\/index.php\/reconocimiento-al-dr-adolfo-eduardo-castro-luna\/","url":"https:\/\/www.fica.unsl.edu.ar\/index.php\/reconocimiento-al-dr-adolfo-eduardo-castro-luna\/","name":"Reconocimiento al Dr. Adolfo Eduardo Castro Luna - Facultad de Ingenier\u00eda y Ciencias Agropecuarias","isPartOf":{"@id":"https:\/\/www.fica.unsl.edu.ar\/#website"},"primaryImageOfPage":{"@id":"https:\/\/www.fica.unsl.edu.ar\/index.php\/reconocimiento-al-dr-adolfo-eduardo-castro-luna\/#primaryimage"},"image":{"@id":"https:\/\/www.fica.unsl.edu.ar\/index.php\/reconocimiento-al-dr-adolfo-eduardo-castro-luna\/#primaryimage"},"thumbnailUrl":"https:\/\/www.fica.unsl.edu.ar\/wp-content\/uploads\/2021\/12\/castro03.jpg","datePublished":"2021-12-13T19:38:30+00:00","dateModified":"2021-12-17T13:15:42+00:00","inLanguage":"es-AR","potentialAction":[{"@type":"ReadAction","target":["https:\/\/www.fica.unsl.edu.ar\/index.php\/reconocimiento-al-dr-adolfo-eduardo-castro-luna\/"]}]},{"@type":"ImageObject","inLanguage":"es-AR","@id":"https:\/\/www.fica.unsl.edu.ar\/index.php\/reconocimiento-al-dr-adolfo-eduardo-castro-luna\/#primaryimage","url":"https:\/\/www.fica.unsl.edu.ar\/wp-content\/uploads\/2021\/12\/castro03.jpg","contentUrl":"https:\/\/www.fica.unsl.edu.ar\/wp-content\/uploads\/2021\/12\/castro03.jpg","width":1061,"height":600},{"@type":"WebSite","@id":"https:\/\/www.fica.unsl.edu.ar\/#website","url":"https:\/\/www.fica.unsl.edu.ar\/","name":"Facultad de Ingenier\u00eda y Ciencias Agropecuarias","description":"","publisher":{"@id":"https:\/\/www.fica.unsl.edu.ar\/#organization"},"potentialAction":[{"@type":"SearchAction","target":{"@type":"EntryPoint","urlTemplate":"https:\/\/www.fica.unsl.edu.ar\/?s={search_term_string}"},"query-input":{"@type":"PropertyValueSpecification","valueRequired":true,"valueName":"search_term_string"}}],"inLanguage":"es-AR"},{"@type":"Organization","@id":"https:\/\/www.fica.unsl.edu.ar\/#organization","name":"Facultad de Ingenier\u00eda y Ciencias Agropecuarias","url":"https:\/\/www.fica.unsl.edu.ar\/","logo":{"@type":"ImageObject","inLanguage":"es-AR","@id":"https:\/\/www.fica.unsl.edu.ar\/#\/schema\/logo\/image\/","url":"https:\/\/www.fica.unsl.edu.ar\/wp-content\/uploads\/2021\/03\/LOGO-1.jpg","contentUrl":"https:\/\/www.fica.unsl.edu.ar\/wp-content\/uploads\/2021\/03\/LOGO-1.jpg","width":463,"height":145,"caption":"Facultad de Ingenier\u00eda y Ciencias Agropecuarias"},"image":{"@id":"https:\/\/www.fica.unsl.edu.ar\/#\/schema\/logo\/image\/"},"sameAs":["https:\/\/www.facebook.com\/FICA.UNSL\/","https:\/\/x.com\/FICAUNSL","https:\/\/www.instagram.com\/fica.unsl\/","https:\/\/www.youtube.com\/channel\/UCs2MM53gb2PyBrMySdtWZDQ"]},{"@type":"Person","@id":"https:\/\/www.fica.unsl.edu.ar\/#\/schema\/person\/6058f9c66301868d3a691b1f5d6c3544","name":"DATI"}]}},"_links":{"self":[{"href":"https:\/\/www.fica.unsl.edu.ar\/index.php\/wp-json\/wp\/v2\/posts\/7867","targetHints":{"allow":["GET"]}}],"collection":[{"href":"https:\/\/www.fica.unsl.edu.ar\/index.php\/wp-json\/wp\/v2\/posts"}],"about":[{"href":"https:\/\/www.fica.unsl.edu.ar\/index.php\/wp-json\/wp\/v2\/types\/post"}],"author":[{"embeddable":true,"href":"https:\/\/www.fica.unsl.edu.ar\/index.php\/wp-json\/wp\/v2\/users\/9"}],"replies":[{"embeddable":true,"href":"https:\/\/www.fica.unsl.edu.ar\/index.php\/wp-json\/wp\/v2\/comments?post=7867"}],"version-history":[{"count":3,"href":"https:\/\/www.fica.unsl.edu.ar\/index.php\/wp-json\/wp\/v2\/posts\/7867\/revisions"}],"predecessor-version":[{"id":7872,"href":"https:\/\/www.fica.unsl.edu.ar\/index.php\/wp-json\/wp\/v2\/posts\/7867\/revisions\/7872"}],"wp:featuredmedia":[{"embeddable":true,"href":"https:\/\/www.fica.unsl.edu.ar\/index.php\/wp-json\/wp\/v2\/media\/7875"}],"wp:attachment":[{"href":"https:\/\/www.fica.unsl.edu.ar\/index.php\/wp-json\/wp\/v2\/media?parent=7867"}],"wp:term":[{"taxonomy":"category","embeddable":true,"href":"https:\/\/www.fica.unsl.edu.ar\/index.php\/wp-json\/wp\/v2\/categories?post=7867"},{"taxonomy":"post_tag","embeddable":true,"href":"https:\/\/www.fica.unsl.edu.ar\/index.php\/wp-json\/wp\/v2\/tags?post=7867"}],"curies":[{"name":"wp","href":"https:\/\/api.w.org\/{rel}","templated":true}]}}