{"id":7898,"date":"2021-12-16T10:41:30","date_gmt":"2021-12-16T13:41:30","guid":{"rendered":"http:\/\/10.101.10.196\/www\/?p=7898"},"modified":"2021-12-16T10:41:42","modified_gmt":"2021-12-16T13:41:42","slug":"declaracion-del-ministerio-de-educacion-y-del-cin","status":"publish","type":"post","link":"https:\/\/www.fica.unsl.edu.ar\/index.php\/declaracion-del-ministerio-de-educacion-y-del-cin\/","title":{"rendered":"Declaraci\u00f3n del Ministerio de Educaci\u00f3n y del CIN sobre el sistema universitario argentino"},"content":{"rendered":"<p><strong>El documento est\u00e1 basado en los desaf\u00edos actuales de la eduaci\u00f3n universitaria del pa\u00eds y una serie de<\/strong><em><strong>\u00a0<\/strong><\/em><strong>lineamientos de pol\u00edticas universitarias que deber\u00e1n trabajarse en conjunto. La declaraci\u00f3n fue elaborada con la presencia del Ministro de Educaci\u00f3n de Naci\u00f3n, Jaime Perczyk; del secretario de Pol\u00edticas Universitarias, Oscar Alpa; del presidente del Consejo Interuniversitario Nacional (CIN), rector Rodolfo Tecchi; y de su vicepresidente, rector Enrique Mammarella<\/strong>.<\/p>\n<p>El acta de declaraci\u00f3n sostiene:<\/p>\n<p><em>En el actual escenario de pospandemia, el sistema universitario argentino se presenta con singulares desaf\u00edos que nos interpelan a plantear nuevas pol\u00edticas acad\u00e9micas que lo fortalezcan y dinamicen.<\/em><\/p>\n<p><em>Nuestro sistema universitario debe garantizar a los y las estudiantes reales posibilidades, no solo de ingresar a una instituci\u00f3n universitaria, sino de egresar con una titulaci\u00f3n y que, en el tr\u00e1nsito, le sean ofrecidas y reconocidas m\u00faltiples y diversas oportunidades para lograr aprendizajes con calidad.<\/em><\/p>\n<p><em>La complejidad de la sociedad actual, as\u00ed como pensar en un futuro para la Argentina con desarrollo econ\u00f3mico y progreso social, requiere de una redefinici\u00f3n de curriculum acad\u00e9mico, investigaci\u00f3n y extensi\u00f3n que tome en consideraci\u00f3n las necesidades del contexto, las del estudiante y las del proceso de aprendizaje, configurar una agenda de pol\u00edticas universitarias inclusivas que vincule tr\u00e1nsitos diversos con la complejidad creciente de los escenarios y la calidad.<\/em><\/p>\n<p><em>Por ello, se establecen, en forma conjunta, definir los siguiente lineamientos de pol\u00edticas universitarias para su trabajo conjunto:<\/em><\/p>\n<p><strong><em>a.<\/em><\/strong><em>\u00a0Reconfiguraci\u00f3n de las modalidades de ense\u00f1anza y aprendizaje: educaci\u00f3n h\u00edbrida, bimodal, virtual, remota.<\/em><\/p>\n<p><strong><em>b.<\/em><\/strong><em>\u00a0Las propuestas acad\u00e9micas: revisi\u00f3n de la distancia entre la duraci\u00f3n te\u00f3rica y la duraci\u00f3n real de las carreras. Horas m\u00e1ximas. Cr\u00e9ditos acad\u00e9micos.<\/em><\/p>\n<p><strong><em>c.\u00a0<\/em><\/strong><em>Las titulaciones intermedias, certificaciones, trayectos formativos, reconocimiento de competencias.<\/em><\/p>\n<p><strong><em>d.<\/em><\/strong><em>\u00a0Reconsideraci\u00f3n de la movilidad internacional: la movilidad inclusiva.<\/em><\/p>\n<p><strong><em>e.<\/em><\/strong><em>\u00a0El reconocimiento de la calidad en las carreras del art\u00edculo 42.<\/em><\/p>\n<p><strong><em>f.\u00a0<\/em><\/strong><em>Conformaci\u00f3n de una carrera para investigadores\/as universitarios\/as.<\/em><\/p>\n<p><strong><em>g.<\/em><\/strong><em>\u00a0La curricularizaci\u00f3n de la extensi\u00f3n.<\/em><\/p>\n<p>Cada uno de los ejes establecidos anteriormente se detallan en el siguiente\u00a0<a href=\"file:\/\/\/C:\/Users\/usuario\/Downloads\/Universidades%20argentinas%20del%202030.pdf\">documento<\/a>.<\/p>\n<p><strong>Fuente:<\/strong>\u00a0<a href=\"https:\/\/www.cin.edu.ar\/declaracion-ministerio-de-educacion-cin-14-de-diciembre-de-2021\/\">CIN<\/a><\/p>\n","protected":false},"excerpt":{"rendered":"<p>El documento est\u00e1 basado en los desaf\u00edos actuales de la eduaci\u00f3n universitaria del pa\u00eds y una serie de\u00a0lineamientos de pol\u00edticas universitarias que deber\u00e1n trabajarse en&hellip;<\/p>\n","protected":false},"author":9,"featured_media":7899,"comment_status":"closed","ping_status":"closed","sticky":false,"template":"","format":"standard","meta":{"_monsterinsights_skip_tracking":false,"_monsterinsights_sitenote_active":false,"_monsterinsights_sitenote_note":"","_monsterinsights_sitenote_category":0,"_joinchat":[],"footnotes":""},"categories":[19],"tags":[],"class_list":["post-7898","post","type-post","status-publish","format-standard","has-post-thumbnail","hentry","category-noticias"],"yoast_head":"<!-- This site is optimized with the Yoast SEO plugin v27.4 - https:\/\/yoast.com\/product\/yoast-seo-wordpress\/ -->\n<title>Declaraci\u00f3n del Ministerio de Educaci\u00f3n y del CIN sobre el sistema universitario argentino - Facultad de Ingenier\u00eda y Ciencias Agropecuarias<\/title>\n<meta name=\"robots\" content=\"index, follow, max-snippet:-1, max-image-preview:large, max-video-preview:-1\" \/>\n<link rel=\"canonical\" href=\"https:\/\/www.fica.unsl.edu.ar\/index.php\/declaracion-del-ministerio-de-educacion-y-del-cin\/\" \/>\n<meta property=\"og:locale\" content=\"es_ES\" \/>\n<meta property=\"og:type\" content=\"article\" \/>\n<meta property=\"og:title\" content=\"Declaraci\u00f3n del Ministerio de Educaci\u00f3n y del CIN sobre el sistema universitario argentino - Facultad de Ingenier\u00eda y Ciencias Agropecuarias\" \/>\n<meta property=\"og:description\" content=\"El documento est\u00e1 basado en los desaf\u00edos actuales de la eduaci\u00f3n universitaria del pa\u00eds y una serie de\u00a0lineamientos de pol\u00edticas universitarias que deber\u00e1n trabajarse en&hellip;\" \/>\n<meta property=\"og:url\" content=\"https:\/\/www.fica.unsl.edu.ar\/index.php\/declaracion-del-ministerio-de-educacion-y-del-cin\/\" \/>\n<meta property=\"og:site_name\" content=\"Facultad de Ingenier\u00eda y Ciencias Agropecuarias\" \/>\n<meta property=\"article:publisher\" content=\"https:\/\/www.facebook.com\/FICA.UNSL\/\" \/>\n<meta property=\"article:published_time\" content=\"2021-12-16T13:41:30+00:00\" \/>\n<meta property=\"article:modified_time\" content=\"2021-12-16T13:41:42+00:00\" \/>\n<meta property=\"og:image\" content=\"https:\/\/www.fica.unsl.edu.ar\/wp-content\/uploads\/2021\/12\/210211-Estudiantes-en-clases-y-espacios-de-la-uni-14-5-1000x600-1.jpg\" \/>\n\t<meta property=\"og:image:width\" content=\"1000\" \/>\n\t<meta property=\"og:image:height\" content=\"600\" \/>\n\t<meta property=\"og:image:type\" content=\"image\/jpeg\" \/>\n<meta name=\"author\" content=\"DATI\" \/>\n<meta name=\"twitter:card\" content=\"summary_large_image\" \/>\n<meta name=\"twitter:creator\" content=\"@FICAUNSL\" \/>\n<meta name=\"twitter:site\" content=\"@FICAUNSL\" \/>\n<meta name=\"twitter:label1\" content=\"Escrito por\" \/>\n\t<meta name=\"twitter:data1\" content=\"DATI\" \/>\n\t<meta name=\"twitter:label2\" content=\"Tiempo de lectura\" \/>\n\t<meta name=\"twitter:data2\" content=\"2 minutos\" \/>\n<script type=\"application\/ld+json\" class=\"yoast-schema-graph\">{\"@context\":\"https:\\\/\\\/schema.org\",\"@graph\":[{\"@type\":\"Article\",\"@id\":\"https:\\\/\\\/www.fica.unsl.edu.ar\\\/index.php\\\/declaracion-del-ministerio-de-educacion-y-del-cin\\\/#article\",\"isPartOf\":{\"@id\":\"https:\\\/\\\/www.fica.unsl.edu.ar\\\/index.php\\\/declaracion-del-ministerio-de-educacion-y-del-cin\\\/\"},\"author\":{\"name\":\"DATI\",\"@id\":\"https:\\\/\\\/www.fica.unsl.edu.ar\\\/#\\\/schema\\\/person\\\/6058f9c66301868d3a691b1f5d6c3544\"},\"headline\":\"Declaraci\u00f3n del Ministerio de Educaci\u00f3n y del CIN sobre el sistema universitario argentino\",\"datePublished\":\"2021-12-16T13:41:30+00:00\",\"dateModified\":\"2021-12-16T13:41:42+00:00\",\"mainEntityOfPage\":{\"@id\":\"https:\\\/\\\/www.fica.unsl.edu.ar\\\/index.php\\\/declaracion-del-ministerio-de-educacion-y-del-cin\\\/\"},\"wordCount\":387,\"publisher\":{\"@id\":\"https:\\\/\\\/www.fica.unsl.edu.ar\\\/#organization\"},\"image\":{\"@id\":\"https:\\\/\\\/www.fica.unsl.edu.ar\\\/index.php\\\/declaracion-del-ministerio-de-educacion-y-del-cin\\\/#primaryimage\"},\"thumbnailUrl\":\"https:\\\/\\\/www.fica.unsl.edu.ar\\\/wp-content\\\/uploads\\\/2021\\\/12\\\/210211-Estudiantes-en-clases-y-espacios-de-la-uni-14-5-1000x600-1.jpg\",\"articleSection\":[\"Noticias\"],\"inLanguage\":\"es-AR\"},{\"@type\":\"WebPage\",\"@id\":\"https:\\\/\\\/www.fica.unsl.edu.ar\\\/index.php\\\/declaracion-del-ministerio-de-educacion-y-del-cin\\\/\",\"url\":\"https:\\\/\\\/www.fica.unsl.edu.ar\\\/index.php\\\/declaracion-del-ministerio-de-educacion-y-del-cin\\\/\",\"name\":\"Declaraci\u00f3n del Ministerio de Educaci\u00f3n y del CIN sobre el sistema universitario argentino - Facultad de Ingenier\u00eda y Ciencias Agropecuarias\",\"isPartOf\":{\"@id\":\"https:\\\/\\\/www.fica.unsl.edu.ar\\\/#website\"},\"primaryImageOfPage\":{\"@id\":\"https:\\\/\\\/www.fica.unsl.edu.ar\\\/index.php\\\/declaracion-del-ministerio-de-educacion-y-del-cin\\\/#primaryimage\"},\"image\":{\"@id\":\"https:\\\/\\\/www.fica.unsl.edu.ar\\\/index.php\\\/declaracion-del-ministerio-de-educacion-y-del-cin\\\/#primaryimage\"},\"thumbnailUrl\":\"https:\\\/\\\/www.fica.unsl.edu.ar\\\/wp-content\\\/uploads\\\/2021\\\/12\\\/210211-Estudiantes-en-clases-y-espacios-de-la-uni-14-5-1000x600-1.jpg\",\"datePublished\":\"2021-12-16T13:41:30+00:00\",\"dateModified\":\"2021-12-16T13:41:42+00:00\",\"inLanguage\":\"es-AR\",\"potentialAction\":[{\"@type\":\"ReadAction\",\"target\":[\"https:\\\/\\\/www.fica.unsl.edu.ar\\\/index.php\\\/declaracion-del-ministerio-de-educacion-y-del-cin\\\/\"]}]},{\"@type\":\"ImageObject\",\"inLanguage\":\"es-AR\",\"@id\":\"https:\\\/\\\/www.fica.unsl.edu.ar\\\/index.php\\\/declaracion-del-ministerio-de-educacion-y-del-cin\\\/#primaryimage\",\"url\":\"https:\\\/\\\/www.fica.unsl.edu.ar\\\/wp-content\\\/uploads\\\/2021\\\/12\\\/210211-Estudiantes-en-clases-y-espacios-de-la-uni-14-5-1000x600-1.jpg\",\"contentUrl\":\"https:\\\/\\\/www.fica.unsl.edu.ar\\\/wp-content\\\/uploads\\\/2021\\\/12\\\/210211-Estudiantes-en-clases-y-espacios-de-la-uni-14-5-1000x600-1.jpg\",\"width\":1000,\"height\":600},{\"@type\":\"WebSite\",\"@id\":\"https:\\\/\\\/www.fica.unsl.edu.ar\\\/#website\",\"url\":\"https:\\\/\\\/www.fica.unsl.edu.ar\\\/\",\"name\":\"Facultad de Ingenier\u00eda y Ciencias Agropecuarias\",\"description\":\"\",\"publisher\":{\"@id\":\"https:\\\/\\\/www.fica.unsl.edu.ar\\\/#organization\"},\"potentialAction\":[{\"@type\":\"SearchAction\",\"target\":{\"@type\":\"EntryPoint\",\"urlTemplate\":\"https:\\\/\\\/www.fica.unsl.edu.ar\\\/?s={search_term_string}\"},\"query-input\":{\"@type\":\"PropertyValueSpecification\",\"valueRequired\":true,\"valueName\":\"search_term_string\"}}],\"inLanguage\":\"es-AR\"},{\"@type\":\"Organization\",\"@id\":\"https:\\\/\\\/www.fica.unsl.edu.ar\\\/#organization\",\"name\":\"Facultad de Ingenier\u00eda y Ciencias Agropecuarias\",\"url\":\"https:\\\/\\\/www.fica.unsl.edu.ar\\\/\",\"logo\":{\"@type\":\"ImageObject\",\"inLanguage\":\"es-AR\",\"@id\":\"https:\\\/\\\/www.fica.unsl.edu.ar\\\/#\\\/schema\\\/logo\\\/image\\\/\",\"url\":\"https:\\\/\\\/www.fica.unsl.edu.ar\\\/wp-content\\\/uploads\\\/2021\\\/03\\\/LOGO-1.jpg\",\"contentUrl\":\"https:\\\/\\\/www.fica.unsl.edu.ar\\\/wp-content\\\/uploads\\\/2021\\\/03\\\/LOGO-1.jpg\",\"width\":463,\"height\":145,\"caption\":\"Facultad de Ingenier\u00eda y Ciencias Agropecuarias\"},\"image\":{\"@id\":\"https:\\\/\\\/www.fica.unsl.edu.ar\\\/#\\\/schema\\\/logo\\\/image\\\/\"},\"sameAs\":[\"https:\\\/\\\/www.facebook.com\\\/FICA.UNSL\\\/\",\"https:\\\/\\\/x.com\\\/FICAUNSL\",\"https:\\\/\\\/www.instagram.com\\\/fica.unsl\\\/\",\"https:\\\/\\\/www.youtube.com\\\/channel\\\/UCs2MM53gb2PyBrMySdtWZDQ\"]},{\"@type\":\"Person\",\"@id\":\"https:\\\/\\\/www.fica.unsl.edu.ar\\\/#\\\/schema\\\/person\\\/6058f9c66301868d3a691b1f5d6c3544\",\"name\":\"DATI\"}]}<\/script>\n<!-- \/ Yoast SEO plugin. -->","yoast_head_json":{"title":"Declaraci\u00f3n del Ministerio de Educaci\u00f3n y del CIN sobre el sistema universitario argentino - Facultad de Ingenier\u00eda y Ciencias Agropecuarias","robots":{"index":"index","follow":"follow","max-snippet":"max-snippet:-1","max-image-preview":"max-image-preview:large","max-video-preview":"max-video-preview:-1"},"canonical":"https:\/\/www.fica.unsl.edu.ar\/index.php\/declaracion-del-ministerio-de-educacion-y-del-cin\/","og_locale":"es_ES","og_type":"article","og_title":"Declaraci\u00f3n del Ministerio de Educaci\u00f3n y del CIN sobre el sistema universitario argentino - Facultad de Ingenier\u00eda y Ciencias Agropecuarias","og_description":"El documento est\u00e1 basado en los desaf\u00edos actuales de la eduaci\u00f3n universitaria del pa\u00eds y una serie de\u00a0lineamientos de pol\u00edticas universitarias que deber\u00e1n trabajarse en&hellip;","og_url":"https:\/\/www.fica.unsl.edu.ar\/index.php\/declaracion-del-ministerio-de-educacion-y-del-cin\/","og_site_name":"Facultad de Ingenier\u00eda y Ciencias Agropecuarias","article_publisher":"https:\/\/www.facebook.com\/FICA.UNSL\/","article_published_time":"2021-12-16T13:41:30+00:00","article_modified_time":"2021-12-16T13:41:42+00:00","og_image":[{"width":1000,"height":600,"url":"https:\/\/www.fica.unsl.edu.ar\/wp-content\/uploads\/2021\/12\/210211-Estudiantes-en-clases-y-espacios-de-la-uni-14-5-1000x600-1.jpg","type":"image\/jpeg"}],"author":"DATI","twitter_card":"summary_large_image","twitter_creator":"@FICAUNSL","twitter_site":"@FICAUNSL","twitter_misc":{"Escrito por":"DATI","Tiempo de lectura":"2 minutos"},"schema":{"@context":"https:\/\/schema.org","@graph":[{"@type":"Article","@id":"https:\/\/www.fica.unsl.edu.ar\/index.php\/declaracion-del-ministerio-de-educacion-y-del-cin\/#article","isPartOf":{"@id":"https:\/\/www.fica.unsl.edu.ar\/index.php\/declaracion-del-ministerio-de-educacion-y-del-cin\/"},"author":{"name":"DATI","@id":"https:\/\/www.fica.unsl.edu.ar\/#\/schema\/person\/6058f9c66301868d3a691b1f5d6c3544"},"headline":"Declaraci\u00f3n del Ministerio de Educaci\u00f3n y del CIN sobre el sistema universitario argentino","datePublished":"2021-12-16T13:41:30+00:00","dateModified":"2021-12-16T13:41:42+00:00","mainEntityOfPage":{"@id":"https:\/\/www.fica.unsl.edu.ar\/index.php\/declaracion-del-ministerio-de-educacion-y-del-cin\/"},"wordCount":387,"publisher":{"@id":"https:\/\/www.fica.unsl.edu.ar\/#organization"},"image":{"@id":"https:\/\/www.fica.unsl.edu.ar\/index.php\/declaracion-del-ministerio-de-educacion-y-del-cin\/#primaryimage"},"thumbnailUrl":"https:\/\/www.fica.unsl.edu.ar\/wp-content\/uploads\/2021\/12\/210211-Estudiantes-en-clases-y-espacios-de-la-uni-14-5-1000x600-1.jpg","articleSection":["Noticias"],"inLanguage":"es-AR"},{"@type":"WebPage","@id":"https:\/\/www.fica.unsl.edu.ar\/index.php\/declaracion-del-ministerio-de-educacion-y-del-cin\/","url":"https:\/\/www.fica.unsl.edu.ar\/index.php\/declaracion-del-ministerio-de-educacion-y-del-cin\/","name":"Declaraci\u00f3n del Ministerio de Educaci\u00f3n y del CIN sobre el sistema universitario argentino - Facultad de Ingenier\u00eda y Ciencias Agropecuarias","isPartOf":{"@id":"https:\/\/www.fica.unsl.edu.ar\/#website"},"primaryImageOfPage":{"@id":"https:\/\/www.fica.unsl.edu.ar\/index.php\/declaracion-del-ministerio-de-educacion-y-del-cin\/#primaryimage"},"image":{"@id":"https:\/\/www.fica.unsl.edu.ar\/index.php\/declaracion-del-ministerio-de-educacion-y-del-cin\/#primaryimage"},"thumbnailUrl":"https:\/\/www.fica.unsl.edu.ar\/wp-content\/uploads\/2021\/12\/210211-Estudiantes-en-clases-y-espacios-de-la-uni-14-5-1000x600-1.jpg","datePublished":"2021-12-16T13:41:30+00:00","dateModified":"2021-12-16T13:41:42+00:00","inLanguage":"es-AR","potentialAction":[{"@type":"ReadAction","target":["https:\/\/www.fica.unsl.edu.ar\/index.php\/declaracion-del-ministerio-de-educacion-y-del-cin\/"]}]},{"@type":"ImageObject","inLanguage":"es-AR","@id":"https:\/\/www.fica.unsl.edu.ar\/index.php\/declaracion-del-ministerio-de-educacion-y-del-cin\/#primaryimage","url":"https:\/\/www.fica.unsl.edu.ar\/wp-content\/uploads\/2021\/12\/210211-Estudiantes-en-clases-y-espacios-de-la-uni-14-5-1000x600-1.jpg","contentUrl":"https:\/\/www.fica.unsl.edu.ar\/wp-content\/uploads\/2021\/12\/210211-Estudiantes-en-clases-y-espacios-de-la-uni-14-5-1000x600-1.jpg","width":1000,"height":600},{"@type":"WebSite","@id":"https:\/\/www.fica.unsl.edu.ar\/#website","url":"https:\/\/www.fica.unsl.edu.ar\/","name":"Facultad de Ingenier\u00eda y Ciencias Agropecuarias","description":"","publisher":{"@id":"https:\/\/www.fica.unsl.edu.ar\/#organization"},"potentialAction":[{"@type":"SearchAction","target":{"@type":"EntryPoint","urlTemplate":"https:\/\/www.fica.unsl.edu.ar\/?s={search_term_string}"},"query-input":{"@type":"PropertyValueSpecification","valueRequired":true,"valueName":"search_term_string"}}],"inLanguage":"es-AR"},{"@type":"Organization","@id":"https:\/\/www.fica.unsl.edu.ar\/#organization","name":"Facultad de Ingenier\u00eda y Ciencias Agropecuarias","url":"https:\/\/www.fica.unsl.edu.ar\/","logo":{"@type":"ImageObject","inLanguage":"es-AR","@id":"https:\/\/www.fica.unsl.edu.ar\/#\/schema\/logo\/image\/","url":"https:\/\/www.fica.unsl.edu.ar\/wp-content\/uploads\/2021\/03\/LOGO-1.jpg","contentUrl":"https:\/\/www.fica.unsl.edu.ar\/wp-content\/uploads\/2021\/03\/LOGO-1.jpg","width":463,"height":145,"caption":"Facultad de Ingenier\u00eda y Ciencias Agropecuarias"},"image":{"@id":"https:\/\/www.fica.unsl.edu.ar\/#\/schema\/logo\/image\/"},"sameAs":["https:\/\/www.facebook.com\/FICA.UNSL\/","https:\/\/x.com\/FICAUNSL","https:\/\/www.instagram.com\/fica.unsl\/","https:\/\/www.youtube.com\/channel\/UCs2MM53gb2PyBrMySdtWZDQ"]},{"@type":"Person","@id":"https:\/\/www.fica.unsl.edu.ar\/#\/schema\/person\/6058f9c66301868d3a691b1f5d6c3544","name":"DATI"}]}},"_links":{"self":[{"href":"https:\/\/www.fica.unsl.edu.ar\/index.php\/wp-json\/wp\/v2\/posts\/7898","targetHints":{"allow":["GET"]}}],"collection":[{"href":"https:\/\/www.fica.unsl.edu.ar\/index.php\/wp-json\/wp\/v2\/posts"}],"about":[{"href":"https:\/\/www.fica.unsl.edu.ar\/index.php\/wp-json\/wp\/v2\/types\/post"}],"author":[{"embeddable":true,"href":"https:\/\/www.fica.unsl.edu.ar\/index.php\/wp-json\/wp\/v2\/users\/9"}],"replies":[{"embeddable":true,"href":"https:\/\/www.fica.unsl.edu.ar\/index.php\/wp-json\/wp\/v2\/comments?post=7898"}],"version-history":[{"count":1,"href":"https:\/\/www.fica.unsl.edu.ar\/index.php\/wp-json\/wp\/v2\/posts\/7898\/revisions"}],"predecessor-version":[{"id":7900,"href":"https:\/\/www.fica.unsl.edu.ar\/index.php\/wp-json\/wp\/v2\/posts\/7898\/revisions\/7900"}],"wp:featuredmedia":[{"embeddable":true,"href":"https:\/\/www.fica.unsl.edu.ar\/index.php\/wp-json\/wp\/v2\/media\/7899"}],"wp:attachment":[{"href":"https:\/\/www.fica.unsl.edu.ar\/index.php\/wp-json\/wp\/v2\/media?parent=7898"}],"wp:term":[{"taxonomy":"category","embeddable":true,"href":"https:\/\/www.fica.unsl.edu.ar\/index.php\/wp-json\/wp\/v2\/categories?post=7898"},{"taxonomy":"post_tag","embeddable":true,"href":"https:\/\/www.fica.unsl.edu.ar\/index.php\/wp-json\/wp\/v2\/tags?post=7898"}],"curies":[{"name":"wp","href":"https:\/\/api.w.org\/{rel}","templated":true}]}}