{"id":8045,"date":"2022-02-06T08:49:15","date_gmt":"2022-02-06T11:49:15","guid":{"rendered":"http:\/\/10.101.10.196\/www\/?p=8045"},"modified":"2022-02-07T08:49:56","modified_gmt":"2022-02-07T11:49:56","slug":"convocatoria-2022-a-las-becas-estrategicas-manuel-belgrano","status":"publish","type":"post","link":"https:\/\/www.fica.unsl.edu.ar\/index.php\/convocatoria-2022-a-las-becas-estrategicas-manuel-belgrano\/","title":{"rendered":"Convocatoria 2022 a las becas estrat\u00e9gicas Manuel Belgrano"},"content":{"rendered":"<p><strong>Desde el 21 de febrero se abre una nueva convocatoria hasta alcanzar las 36.000 becas. Hasta el 21 de febrero podr\u00e1n renovarse las becas otorgadas en el 2021.<\/strong><\/p>\n<p>Las becas Manuel Belgrano tienen como principal objetivo proporcionar un incentivo econ\u00f3mico en forma de Beca de estudio para que j\u00f3venes provenientes de hogares de bajos ingresos realicen una carrera universitaria o una tecnicatura en una disciplina considerada estrat\u00e9gica para el desarrollo econ\u00f3mico y productivo del pa\u00eds.<br \/>\nSe consideran estrat\u00e9gicas las disciplinas pertenecientes a las siguientes \u00e1reas: Alimentos, Ambiente, Computaci\u00f3n e Inform\u00e1tica, Energ\u00eda, Gas, Miner\u00eda, Movilidad y Transporte, Petr\u00f3leo y Ciencias B\u00e1sicas.<\/p>\n<p><strong>\u00bfQui\u00e9nes pueden postularse?<\/strong><\/p>\n<ul>\n<li>Argentinos\/as nativos\/as o naturalizados\/as con DNI.<\/li>\n<li>Estudiantes regulares de universidades nacionales y provinciales de gesti\u00f3n p\u00fablica que ingresen en el primer semestre del a\u00f1o 2021 o que est\u00e9n cursando al momento de la inscripci\u00f3n alguna de las carreras universitarias de grado o pregrado definidas por el Programa. Las carreras pueden consultarse en el siguiente link.<\/li>\n<li>Estudiantes ingresantes entre 18 y 30 a\u00f1os de edad y estudiantes cursantes de hasta 35 a\u00f1os de edad.<br \/>\nPersona con discapacidad o de pueblos originarios sin l\u00edmites de edad.<\/li>\n<\/ul>\n<p><strong>Condici\u00f3n socioecon\u00f3mica<\/strong><\/p>\n<ul>\n<li>Al momento de la adjudicaci\u00f3n, los\/las postulantes deben tener ingresos del hogar menores a tres (3) salarios m\u00ednimos, vitales y m\u00f3viles (SMVM). Las condiciones se aplican al grupo familiar (padre, madre o tutor\/a). Se reconoce como grupo familiar aut\u00f3nomo a los\/as j\u00f3venes con hijos\/as y\/o casados\/as o divorciados\/as.<\/li>\n<\/ul>\n<p><strong>Cantidad y monto de las becas.<\/strong><\/p>\n<ul>\n<li>El Programa abrir\u00e1 la posibilidad de renovaci\u00f3n del beneficio a los\/as 24.000 becarios y becarias 2021 durante el mes de febrero. Los\/as beneficiarios\/as deber\u00e1n cumplir con los requisitos acad\u00e9micos y socioecon\u00f3micos establecidos en la convocatoria para poder acceder a la renovaci\u00f3n.<\/li>\n<li>A partir del 21 de febrero, reabrir\u00e1 la inscripci\u00f3n a nuevos\/as postulantes y el Programa ampliar\u00e1 su convocatoria hasta alcanzar las 36.000 becas.<\/li>\n<li>La becas tienen una duraci\u00f3n de 12 meses, renovables seg\u00fan las condiciones establecidas en el Reglamento General.<br \/>\nEl monto mensual de la beca es el equivalente a la remuneraci\u00f3n neta de dos (2) ayudant\u00edas de segunda simple ajustable anualmente con el acuerdo paritario docente.<\/li>\n<\/ul>\n<p><strong>Incompatibilidades<\/strong><\/p>\n<p>Las becas son incompatibles con otros beneficios de car\u00e1cter similar otorgados por el Estado Nacional (como las Becas Progresar y las Becas YPF).<\/p>\n<p><strong>Fechas de inscripci\u00f3n<\/strong><\/p>\n<p>La fecha de inscripci\u00f3n se extiende desde el 21 de febrero hasta el 30 de marzo de 2022.<\/p>\n<p><strong>Lugar de inscripci\u00f3n<\/strong><\/p>\n<p>La inscripci\u00f3n puede realizarse a trav\u00e9s del sitio web del Programa.<\/p>\n<p><strong>Evaluaci\u00f3n y asignaci\u00f3n de la beca<\/strong><\/p>\n<p>Atendiendo a las dificultadas generadas por la pandemia de COVID-19 en los a\u00f1os precedentes, durante la convocatoria del a\u00f1o 2022 los requisitos acad\u00e9micos exigidos para estudiantes avanzados se establecer\u00e1n en funci\u00f3n de los siguientes criterios:<\/p>\n<ul>\n<li>Los estudiantes deber\u00e1n haber aprobado dos (2) materias cuatrimestrales o una (1) materia anual durante el a\u00f1o 2021.<br \/>\nSe contabilizar\u00e1n los finales aprobados de materias regularizadas en a\u00f1os previos al cobro de la beca.<br \/>\nSer\u00e1n contabilizadas para la certificaci\u00f3n las materias rendidas y aprobadas en condici\u00f3n de libre.<\/li>\n<li>Las materias deber\u00e1n haberse aprobado\/promocionado entre el 1 de enero y el 31 de diciembre de 2021, sin excepci\u00f3n.<\/li>\n<li>Para el caso de los\/as nuevos\/as postulantes, estos requisitos no ser\u00e1n exigidos para estudiantes que hayan ingresado a sus carreras en el segundo cuatrimestre de 2021 o vayan a empezar sus carreras en 2022. Los mismos ser\u00e1n evaluados como ingresantes en la presente convocatoria. En estos casos, se certificar\u00e1 la condici\u00f3n de alumno\/a regular con sus respectivas universidades.<\/li>\n<li>Las becas se asignar\u00e1n de acuerdo a los criterios establecidos en el Reglamento General, teniendo en cuenta la equidad de g\u00e9nero, el equilibrio regional y la inclusi\u00f3n de los grupos definidos como prioritarios.<\/li>\n<\/ul>\n<p><strong>Publicaci\u00f3n de resultados<\/strong><\/p>\n<p>Los resultados se publicar\u00e1n en la plataforma el lunes 2 de mayo de 2022. Se informar\u00e1n de forma individual en el apartado \u00abEstado de mi solicitud\u00bb del sitio web del Programa.<\/p>\n<p>Fuente: Ministerio de Educaci\u00f3n de la Naci\u00f3n<\/p>\n","protected":false},"excerpt":{"rendered":"<p>Desde el 21 de febrero se abre una nueva convocatoria hasta alcanzar las 36.000 becas. Hasta el 21 de febrero podr\u00e1n renovarse las becas otorgadas&hellip;<\/p>\n","protected":false},"author":9,"featured_media":8046,"comment_status":"closed","ping_status":"closed","sticky":false,"template":"","format":"standard","meta":{"_monsterinsights_skip_tracking":false,"_monsterinsights_sitenote_active":false,"_monsterinsights_sitenote_note":"","_monsterinsights_sitenote_category":0,"_joinchat":[],"footnotes":""},"categories":[19],"tags":[],"class_list":["post-8045","post","type-post","status-publish","format-standard","has-post-thumbnail","hentry","category-noticias"],"yoast_head":"<!-- This site is optimized with the Yoast SEO plugin v27.4 - https:\/\/yoast.com\/product\/yoast-seo-wordpress\/ -->\n<title>Convocatoria 2022 a las becas estrat\u00e9gicas Manuel Belgrano - Facultad de Ingenier\u00eda y Ciencias Agropecuarias<\/title>\n<meta name=\"robots\" content=\"index, follow, max-snippet:-1, max-image-preview:large, max-video-preview:-1\" \/>\n<link rel=\"canonical\" href=\"https:\/\/www.fica.unsl.edu.ar\/index.php\/convocatoria-2022-a-las-becas-estrategicas-manuel-belgrano\/\" \/>\n<meta property=\"og:locale\" content=\"es_ES\" \/>\n<meta property=\"og:type\" content=\"article\" \/>\n<meta property=\"og:title\" content=\"Convocatoria 2022 a las becas estrat\u00e9gicas Manuel Belgrano - Facultad de Ingenier\u00eda y Ciencias Agropecuarias\" \/>\n<meta property=\"og:description\" content=\"Desde el 21 de febrero se abre una nueva convocatoria hasta alcanzar las 36.000 becas. Hasta el 21 de febrero podr\u00e1n renovarse las becas otorgadas&hellip;\" \/>\n<meta property=\"og:url\" content=\"https:\/\/www.fica.unsl.edu.ar\/index.php\/convocatoria-2022-a-las-becas-estrategicas-manuel-belgrano\/\" \/>\n<meta property=\"og:site_name\" content=\"Facultad de Ingenier\u00eda y Ciencias Agropecuarias\" \/>\n<meta property=\"article:publisher\" content=\"https:\/\/www.facebook.com\/FICA.UNSL\/\" \/>\n<meta property=\"article:published_time\" content=\"2022-02-06T11:49:15+00:00\" \/>\n<meta property=\"article:modified_time\" content=\"2022-02-07T11:49:56+00:00\" \/>\n<meta property=\"og:image\" content=\"https:\/\/www.fica.unsl.edu.ar\/wp-content\/uploads\/2022\/02\/imagenbecas-04.jpg\" \/>\n\t<meta property=\"og:image:width\" content=\"1000\" \/>\n\t<meta property=\"og:image:height\" content=\"563\" \/>\n\t<meta property=\"og:image:type\" content=\"image\/jpeg\" \/>\n<meta name=\"author\" content=\"DATI\" \/>\n<meta name=\"twitter:card\" content=\"summary_large_image\" \/>\n<meta name=\"twitter:creator\" content=\"@FICAUNSL\" \/>\n<meta name=\"twitter:site\" content=\"@FICAUNSL\" \/>\n<meta name=\"twitter:label1\" content=\"Escrito por\" \/>\n\t<meta name=\"twitter:data1\" content=\"DATI\" \/>\n\t<meta name=\"twitter:label2\" content=\"Tiempo de lectura\" \/>\n\t<meta name=\"twitter:data2\" content=\"3 minutos\" \/>\n<script type=\"application\/ld+json\" class=\"yoast-schema-graph\">{\"@context\":\"https:\\\/\\\/schema.org\",\"@graph\":[{\"@type\":\"Article\",\"@id\":\"https:\\\/\\\/www.fica.unsl.edu.ar\\\/index.php\\\/convocatoria-2022-a-las-becas-estrategicas-manuel-belgrano\\\/#article\",\"isPartOf\":{\"@id\":\"https:\\\/\\\/www.fica.unsl.edu.ar\\\/index.php\\\/convocatoria-2022-a-las-becas-estrategicas-manuel-belgrano\\\/\"},\"author\":{\"name\":\"DATI\",\"@id\":\"https:\\\/\\\/www.fica.unsl.edu.ar\\\/#\\\/schema\\\/person\\\/6058f9c66301868d3a691b1f5d6c3544\"},\"headline\":\"Convocatoria 2022 a las becas estrat\u00e9gicas Manuel Belgrano\",\"datePublished\":\"2022-02-06T11:49:15+00:00\",\"dateModified\":\"2022-02-07T11:49:56+00:00\",\"mainEntityOfPage\":{\"@id\":\"https:\\\/\\\/www.fica.unsl.edu.ar\\\/index.php\\\/convocatoria-2022-a-las-becas-estrategicas-manuel-belgrano\\\/\"},\"wordCount\":719,\"publisher\":{\"@id\":\"https:\\\/\\\/www.fica.unsl.edu.ar\\\/#organization\"},\"image\":{\"@id\":\"https:\\\/\\\/www.fica.unsl.edu.ar\\\/index.php\\\/convocatoria-2022-a-las-becas-estrategicas-manuel-belgrano\\\/#primaryimage\"},\"thumbnailUrl\":\"https:\\\/\\\/www.fica.unsl.edu.ar\\\/wp-content\\\/uploads\\\/2022\\\/02\\\/imagenbecas-04.jpg\",\"articleSection\":[\"Noticias\"],\"inLanguage\":\"es-AR\"},{\"@type\":\"WebPage\",\"@id\":\"https:\\\/\\\/www.fica.unsl.edu.ar\\\/index.php\\\/convocatoria-2022-a-las-becas-estrategicas-manuel-belgrano\\\/\",\"url\":\"https:\\\/\\\/www.fica.unsl.edu.ar\\\/index.php\\\/convocatoria-2022-a-las-becas-estrategicas-manuel-belgrano\\\/\",\"name\":\"Convocatoria 2022 a las becas estrat\u00e9gicas Manuel Belgrano - Facultad de Ingenier\u00eda y Ciencias Agropecuarias\",\"isPartOf\":{\"@id\":\"https:\\\/\\\/www.fica.unsl.edu.ar\\\/#website\"},\"primaryImageOfPage\":{\"@id\":\"https:\\\/\\\/www.fica.unsl.edu.ar\\\/index.php\\\/convocatoria-2022-a-las-becas-estrategicas-manuel-belgrano\\\/#primaryimage\"},\"image\":{\"@id\":\"https:\\\/\\\/www.fica.unsl.edu.ar\\\/index.php\\\/convocatoria-2022-a-las-becas-estrategicas-manuel-belgrano\\\/#primaryimage\"},\"thumbnailUrl\":\"https:\\\/\\\/www.fica.unsl.edu.ar\\\/wp-content\\\/uploads\\\/2022\\\/02\\\/imagenbecas-04.jpg\",\"datePublished\":\"2022-02-06T11:49:15+00:00\",\"dateModified\":\"2022-02-07T11:49:56+00:00\",\"inLanguage\":\"es-AR\",\"potentialAction\":[{\"@type\":\"ReadAction\",\"target\":[\"https:\\\/\\\/www.fica.unsl.edu.ar\\\/index.php\\\/convocatoria-2022-a-las-becas-estrategicas-manuel-belgrano\\\/\"]}]},{\"@type\":\"ImageObject\",\"inLanguage\":\"es-AR\",\"@id\":\"https:\\\/\\\/www.fica.unsl.edu.ar\\\/index.php\\\/convocatoria-2022-a-las-becas-estrategicas-manuel-belgrano\\\/#primaryimage\",\"url\":\"https:\\\/\\\/www.fica.unsl.edu.ar\\\/wp-content\\\/uploads\\\/2022\\\/02\\\/imagenbecas-04.jpg\",\"contentUrl\":\"https:\\\/\\\/www.fica.unsl.edu.ar\\\/wp-content\\\/uploads\\\/2022\\\/02\\\/imagenbecas-04.jpg\",\"width\":1000,\"height\":563},{\"@type\":\"WebSite\",\"@id\":\"https:\\\/\\\/www.fica.unsl.edu.ar\\\/#website\",\"url\":\"https:\\\/\\\/www.fica.unsl.edu.ar\\\/\",\"name\":\"Facultad de Ingenier\u00eda y Ciencias Agropecuarias\",\"description\":\"\",\"publisher\":{\"@id\":\"https:\\\/\\\/www.fica.unsl.edu.ar\\\/#organization\"},\"potentialAction\":[{\"@type\":\"SearchAction\",\"target\":{\"@type\":\"EntryPoint\",\"urlTemplate\":\"https:\\\/\\\/www.fica.unsl.edu.ar\\\/?s={search_term_string}\"},\"query-input\":{\"@type\":\"PropertyValueSpecification\",\"valueRequired\":true,\"valueName\":\"search_term_string\"}}],\"inLanguage\":\"es-AR\"},{\"@type\":\"Organization\",\"@id\":\"https:\\\/\\\/www.fica.unsl.edu.ar\\\/#organization\",\"name\":\"Facultad de Ingenier\u00eda y Ciencias Agropecuarias\",\"url\":\"https:\\\/\\\/www.fica.unsl.edu.ar\\\/\",\"logo\":{\"@type\":\"ImageObject\",\"inLanguage\":\"es-AR\",\"@id\":\"https:\\\/\\\/www.fica.unsl.edu.ar\\\/#\\\/schema\\\/logo\\\/image\\\/\",\"url\":\"https:\\\/\\\/www.fica.unsl.edu.ar\\\/wp-content\\\/uploads\\\/2021\\\/03\\\/LOGO-1.jpg\",\"contentUrl\":\"https:\\\/\\\/www.fica.unsl.edu.ar\\\/wp-content\\\/uploads\\\/2021\\\/03\\\/LOGO-1.jpg\",\"width\":463,\"height\":145,\"caption\":\"Facultad de Ingenier\u00eda y Ciencias Agropecuarias\"},\"image\":{\"@id\":\"https:\\\/\\\/www.fica.unsl.edu.ar\\\/#\\\/schema\\\/logo\\\/image\\\/\"},\"sameAs\":[\"https:\\\/\\\/www.facebook.com\\\/FICA.UNSL\\\/\",\"https:\\\/\\\/x.com\\\/FICAUNSL\",\"https:\\\/\\\/www.instagram.com\\\/fica.unsl\\\/\",\"https:\\\/\\\/www.youtube.com\\\/channel\\\/UCs2MM53gb2PyBrMySdtWZDQ\"]},{\"@type\":\"Person\",\"@id\":\"https:\\\/\\\/www.fica.unsl.edu.ar\\\/#\\\/schema\\\/person\\\/6058f9c66301868d3a691b1f5d6c3544\",\"name\":\"DATI\"}]}<\/script>\n<!-- \/ Yoast SEO plugin. -->","yoast_head_json":{"title":"Convocatoria 2022 a las becas estrat\u00e9gicas Manuel Belgrano - Facultad de Ingenier\u00eda y Ciencias Agropecuarias","robots":{"index":"index","follow":"follow","max-snippet":"max-snippet:-1","max-image-preview":"max-image-preview:large","max-video-preview":"max-video-preview:-1"},"canonical":"https:\/\/www.fica.unsl.edu.ar\/index.php\/convocatoria-2022-a-las-becas-estrategicas-manuel-belgrano\/","og_locale":"es_ES","og_type":"article","og_title":"Convocatoria 2022 a las becas estrat\u00e9gicas Manuel Belgrano - Facultad de Ingenier\u00eda y Ciencias Agropecuarias","og_description":"Desde el 21 de febrero se abre una nueva convocatoria hasta alcanzar las 36.000 becas. Hasta el 21 de febrero podr\u00e1n renovarse las becas otorgadas&hellip;","og_url":"https:\/\/www.fica.unsl.edu.ar\/index.php\/convocatoria-2022-a-las-becas-estrategicas-manuel-belgrano\/","og_site_name":"Facultad de Ingenier\u00eda y Ciencias Agropecuarias","article_publisher":"https:\/\/www.facebook.com\/FICA.UNSL\/","article_published_time":"2022-02-06T11:49:15+00:00","article_modified_time":"2022-02-07T11:49:56+00:00","og_image":[{"width":1000,"height":563,"url":"https:\/\/www.fica.unsl.edu.ar\/wp-content\/uploads\/2022\/02\/imagenbecas-04.jpg","type":"image\/jpeg"}],"author":"DATI","twitter_card":"summary_large_image","twitter_creator":"@FICAUNSL","twitter_site":"@FICAUNSL","twitter_misc":{"Escrito por":"DATI","Tiempo de lectura":"3 minutos"},"schema":{"@context":"https:\/\/schema.org","@graph":[{"@type":"Article","@id":"https:\/\/www.fica.unsl.edu.ar\/index.php\/convocatoria-2022-a-las-becas-estrategicas-manuel-belgrano\/#article","isPartOf":{"@id":"https:\/\/www.fica.unsl.edu.ar\/index.php\/convocatoria-2022-a-las-becas-estrategicas-manuel-belgrano\/"},"author":{"name":"DATI","@id":"https:\/\/www.fica.unsl.edu.ar\/#\/schema\/person\/6058f9c66301868d3a691b1f5d6c3544"},"headline":"Convocatoria 2022 a las becas estrat\u00e9gicas Manuel Belgrano","datePublished":"2022-02-06T11:49:15+00:00","dateModified":"2022-02-07T11:49:56+00:00","mainEntityOfPage":{"@id":"https:\/\/www.fica.unsl.edu.ar\/index.php\/convocatoria-2022-a-las-becas-estrategicas-manuel-belgrano\/"},"wordCount":719,"publisher":{"@id":"https:\/\/www.fica.unsl.edu.ar\/#organization"},"image":{"@id":"https:\/\/www.fica.unsl.edu.ar\/index.php\/convocatoria-2022-a-las-becas-estrategicas-manuel-belgrano\/#primaryimage"},"thumbnailUrl":"https:\/\/www.fica.unsl.edu.ar\/wp-content\/uploads\/2022\/02\/imagenbecas-04.jpg","articleSection":["Noticias"],"inLanguage":"es-AR"},{"@type":"WebPage","@id":"https:\/\/www.fica.unsl.edu.ar\/index.php\/convocatoria-2022-a-las-becas-estrategicas-manuel-belgrano\/","url":"https:\/\/www.fica.unsl.edu.ar\/index.php\/convocatoria-2022-a-las-becas-estrategicas-manuel-belgrano\/","name":"Convocatoria 2022 a las becas estrat\u00e9gicas Manuel Belgrano - Facultad de Ingenier\u00eda y Ciencias Agropecuarias","isPartOf":{"@id":"https:\/\/www.fica.unsl.edu.ar\/#website"},"primaryImageOfPage":{"@id":"https:\/\/www.fica.unsl.edu.ar\/index.php\/convocatoria-2022-a-las-becas-estrategicas-manuel-belgrano\/#primaryimage"},"image":{"@id":"https:\/\/www.fica.unsl.edu.ar\/index.php\/convocatoria-2022-a-las-becas-estrategicas-manuel-belgrano\/#primaryimage"},"thumbnailUrl":"https:\/\/www.fica.unsl.edu.ar\/wp-content\/uploads\/2022\/02\/imagenbecas-04.jpg","datePublished":"2022-02-06T11:49:15+00:00","dateModified":"2022-02-07T11:49:56+00:00","inLanguage":"es-AR","potentialAction":[{"@type":"ReadAction","target":["https:\/\/www.fica.unsl.edu.ar\/index.php\/convocatoria-2022-a-las-becas-estrategicas-manuel-belgrano\/"]}]},{"@type":"ImageObject","inLanguage":"es-AR","@id":"https:\/\/www.fica.unsl.edu.ar\/index.php\/convocatoria-2022-a-las-becas-estrategicas-manuel-belgrano\/#primaryimage","url":"https:\/\/www.fica.unsl.edu.ar\/wp-content\/uploads\/2022\/02\/imagenbecas-04.jpg","contentUrl":"https:\/\/www.fica.unsl.edu.ar\/wp-content\/uploads\/2022\/02\/imagenbecas-04.jpg","width":1000,"height":563},{"@type":"WebSite","@id":"https:\/\/www.fica.unsl.edu.ar\/#website","url":"https:\/\/www.fica.unsl.edu.ar\/","name":"Facultad de Ingenier\u00eda y Ciencias Agropecuarias","description":"","publisher":{"@id":"https:\/\/www.fica.unsl.edu.ar\/#organization"},"potentialAction":[{"@type":"SearchAction","target":{"@type":"EntryPoint","urlTemplate":"https:\/\/www.fica.unsl.edu.ar\/?s={search_term_string}"},"query-input":{"@type":"PropertyValueSpecification","valueRequired":true,"valueName":"search_term_string"}}],"inLanguage":"es-AR"},{"@type":"Organization","@id":"https:\/\/www.fica.unsl.edu.ar\/#organization","name":"Facultad de Ingenier\u00eda y Ciencias Agropecuarias","url":"https:\/\/www.fica.unsl.edu.ar\/","logo":{"@type":"ImageObject","inLanguage":"es-AR","@id":"https:\/\/www.fica.unsl.edu.ar\/#\/schema\/logo\/image\/","url":"https:\/\/www.fica.unsl.edu.ar\/wp-content\/uploads\/2021\/03\/LOGO-1.jpg","contentUrl":"https:\/\/www.fica.unsl.edu.ar\/wp-content\/uploads\/2021\/03\/LOGO-1.jpg","width":463,"height":145,"caption":"Facultad de Ingenier\u00eda y Ciencias Agropecuarias"},"image":{"@id":"https:\/\/www.fica.unsl.edu.ar\/#\/schema\/logo\/image\/"},"sameAs":["https:\/\/www.facebook.com\/FICA.UNSL\/","https:\/\/x.com\/FICAUNSL","https:\/\/www.instagram.com\/fica.unsl\/","https:\/\/www.youtube.com\/channel\/UCs2MM53gb2PyBrMySdtWZDQ"]},{"@type":"Person","@id":"https:\/\/www.fica.unsl.edu.ar\/#\/schema\/person\/6058f9c66301868d3a691b1f5d6c3544","name":"DATI"}]}},"_links":{"self":[{"href":"https:\/\/www.fica.unsl.edu.ar\/index.php\/wp-json\/wp\/v2\/posts\/8045","targetHints":{"allow":["GET"]}}],"collection":[{"href":"https:\/\/www.fica.unsl.edu.ar\/index.php\/wp-json\/wp\/v2\/posts"}],"about":[{"href":"https:\/\/www.fica.unsl.edu.ar\/index.php\/wp-json\/wp\/v2\/types\/post"}],"author":[{"embeddable":true,"href":"https:\/\/www.fica.unsl.edu.ar\/index.php\/wp-json\/wp\/v2\/users\/9"}],"replies":[{"embeddable":true,"href":"https:\/\/www.fica.unsl.edu.ar\/index.php\/wp-json\/wp\/v2\/comments?post=8045"}],"version-history":[{"count":1,"href":"https:\/\/www.fica.unsl.edu.ar\/index.php\/wp-json\/wp\/v2\/posts\/8045\/revisions"}],"predecessor-version":[{"id":8047,"href":"https:\/\/www.fica.unsl.edu.ar\/index.php\/wp-json\/wp\/v2\/posts\/8045\/revisions\/8047"}],"wp:featuredmedia":[{"embeddable":true,"href":"https:\/\/www.fica.unsl.edu.ar\/index.php\/wp-json\/wp\/v2\/media\/8046"}],"wp:attachment":[{"href":"https:\/\/www.fica.unsl.edu.ar\/index.php\/wp-json\/wp\/v2\/media?parent=8045"}],"wp:term":[{"taxonomy":"category","embeddable":true,"href":"https:\/\/www.fica.unsl.edu.ar\/index.php\/wp-json\/wp\/v2\/categories?post=8045"},{"taxonomy":"post_tag","embeddable":true,"href":"https:\/\/www.fica.unsl.edu.ar\/index.php\/wp-json\/wp\/v2\/tags?post=8045"}],"curies":[{"name":"wp","href":"https:\/\/api.w.org\/{rel}","templated":true}]}}