{"id":8171,"date":"2022-02-09T21:10:25","date_gmt":"2022-02-10T00:10:25","guid":{"rendered":"http:\/\/10.101.10.196\/www\/?p=8171"},"modified":"2022-02-09T21:11:16","modified_gmt":"2022-02-10T00:11:16","slug":"docente-de-fica-recibio-el-premio-al-merito-geografico-de-la-sociedad-argentina-de-estudios-geograficos","status":"publish","type":"post","link":"https:\/\/www.fica.unsl.edu.ar\/index.php\/docente-de-fica-recibio-el-premio-al-merito-geografico-de-la-sociedad-argentina-de-estudios-geograficos\/","title":{"rendered":"Docente de la FICA recibi\u00f3 el Premio al M\u00e9rito Geogr\u00e1fico de la Sociedad Argentina de Estudios Geogr\u00e1ficos"},"content":{"rendered":"<p>El docente investigador, Dr. Osvaldo Andr\u00e9s Barbosa, recibi\u00f3 el certificado del Premio al M\u00e9rito Geogr\u00e1fico otorgado por la Sociedad Argentina de Estudios Geogr\u00e1ficos (GAEA) correspondiente al a\u00f1o 2020, por ser autor del cap\u00edtulo referente a San Luis del libro MANUAL DE BUENAS PRACTICAS PARA LA CONSERVACI\u00d3N DEL SUELO Y DEL AGUA editado por la Fundaci\u00f3n para la Educaci\u00f3n, la Ciencia y la Cultura (FECIC) y Centro para la Promoci\u00f3n de la Conservaci\u00f3n del Suelo y del Agua (PROSA).<\/p>\n<p>Esta es la segunda vez que recibe esta distinci\u00f3n y es el tercer premio que se le otorga por ser autor de cap\u00edtulos de libros.<\/p>\n<p><a href=\"https:\/\/www.fica.unsl.edu.ar\/wp-content\/uploads\/2022\/02\/Premio-GAEA.pdf\">Certificado Premio GAEA<\/a><\/p>\n","protected":false},"excerpt":{"rendered":"<p>El docente investigador, Dr. Osvaldo Andr\u00e9s Barbosa, recibi\u00f3 el certificado del Premio al M\u00e9rito Geogr\u00e1fico otorgado por la Sociedad Argentina de Estudios Geogr\u00e1ficos (GAEA) correspondiente&hellip;<\/p>\n","protected":false},"author":9,"featured_media":8175,"comment_status":"closed","ping_status":"closed","sticky":false,"template":"","format":"standard","meta":{"_monsterinsights_skip_tracking":false,"_monsterinsights_sitenote_active":false,"_monsterinsights_sitenote_note":"","_monsterinsights_sitenote_category":0,"_joinchat":[],"footnotes":""},"categories":[19],"tags":[],"class_list":["post-8171","post","type-post","status-publish","format-standard","has-post-thumbnail","hentry","category-noticias"],"yoast_head":"<!-- This site is optimized with the Yoast SEO plugin v27.4 - https:\/\/yoast.com\/product\/yoast-seo-wordpress\/ -->\n<title>Docente de la FICA recibi\u00f3 el Premio al M\u00e9rito Geogr\u00e1fico de la Sociedad Argentina de Estudios Geogr\u00e1ficos - Facultad de Ingenier\u00eda y Ciencias Agropecuarias<\/title>\n<meta name=\"robots\" content=\"index, follow, max-snippet:-1, max-image-preview:large, max-video-preview:-1\" \/>\n<link rel=\"canonical\" href=\"https:\/\/www.fica.unsl.edu.ar\/index.php\/docente-de-fica-recibio-el-premio-al-merito-geografico-de-la-sociedad-argentina-de-estudios-geograficos\/\" \/>\n<meta property=\"og:locale\" content=\"es_ES\" \/>\n<meta property=\"og:type\" content=\"article\" \/>\n<meta property=\"og:title\" content=\"Docente de la FICA recibi\u00f3 el Premio al M\u00e9rito Geogr\u00e1fico de la Sociedad Argentina de Estudios Geogr\u00e1ficos - Facultad de Ingenier\u00eda y Ciencias Agropecuarias\" \/>\n<meta property=\"og:description\" content=\"El docente investigador, Dr. Osvaldo Andr\u00e9s Barbosa, recibi\u00f3 el certificado del Premio al M\u00e9rito Geogr\u00e1fico otorgado por la Sociedad Argentina de Estudios Geogr\u00e1ficos (GAEA) correspondiente&hellip;\" \/>\n<meta property=\"og:url\" content=\"https:\/\/www.fica.unsl.edu.ar\/index.php\/docente-de-fica-recibio-el-premio-al-merito-geografico-de-la-sociedad-argentina-de-estudios-geograficos\/\" \/>\n<meta property=\"og:site_name\" content=\"Facultad de Ingenier\u00eda y Ciencias Agropecuarias\" \/>\n<meta property=\"article:publisher\" content=\"https:\/\/www.facebook.com\/FICA.UNSL\/\" \/>\n<meta property=\"article:published_time\" content=\"2022-02-10T00:10:25+00:00\" \/>\n<meta property=\"article:modified_time\" content=\"2022-02-10T00:11:16+00:00\" \/>\n<meta property=\"og:image\" content=\"https:\/\/www.fica.unsl.edu.ar\/wp-content\/uploads\/2022\/02\/Captura-1.jpg\" \/>\n\t<meta property=\"og:image:width\" content=\"883\" \/>\n\t<meta property=\"og:image:height\" content=\"557\" \/>\n\t<meta property=\"og:image:type\" content=\"image\/jpeg\" \/>\n<meta name=\"author\" content=\"DATI\" \/>\n<meta name=\"twitter:card\" content=\"summary_large_image\" \/>\n<meta name=\"twitter:creator\" content=\"@FICAUNSL\" \/>\n<meta name=\"twitter:site\" content=\"@FICAUNSL\" \/>\n<meta name=\"twitter:label1\" content=\"Escrito por\" \/>\n\t<meta name=\"twitter:data1\" content=\"DATI\" \/>\n\t<meta name=\"twitter:label2\" content=\"Tiempo de lectura\" \/>\n\t<meta name=\"twitter:data2\" content=\"1 minuto\" \/>\n<script type=\"application\/ld+json\" class=\"yoast-schema-graph\">{\"@context\":\"https:\\\/\\\/schema.org\",\"@graph\":[{\"@type\":\"Article\",\"@id\":\"https:\\\/\\\/www.fica.unsl.edu.ar\\\/index.php\\\/docente-de-fica-recibio-el-premio-al-merito-geografico-de-la-sociedad-argentina-de-estudios-geograficos\\\/#article\",\"isPartOf\":{\"@id\":\"https:\\\/\\\/www.fica.unsl.edu.ar\\\/index.php\\\/docente-de-fica-recibio-el-premio-al-merito-geografico-de-la-sociedad-argentina-de-estudios-geograficos\\\/\"},\"author\":{\"name\":\"DATI\",\"@id\":\"https:\\\/\\\/www.fica.unsl.edu.ar\\\/#\\\/schema\\\/person\\\/6058f9c66301868d3a691b1f5d6c3544\"},\"headline\":\"Docente de la FICA recibi\u00f3 el Premio al M\u00e9rito Geogr\u00e1fico de la Sociedad Argentina de Estudios Geogr\u00e1ficos\",\"datePublished\":\"2022-02-10T00:10:25+00:00\",\"dateModified\":\"2022-02-10T00:11:16+00:00\",\"mainEntityOfPage\":{\"@id\":\"https:\\\/\\\/www.fica.unsl.edu.ar\\\/index.php\\\/docente-de-fica-recibio-el-premio-al-merito-geografico-de-la-sociedad-argentina-de-estudios-geograficos\\\/\"},\"wordCount\":138,\"publisher\":{\"@id\":\"https:\\\/\\\/www.fica.unsl.edu.ar\\\/#organization\"},\"image\":{\"@id\":\"https:\\\/\\\/www.fica.unsl.edu.ar\\\/index.php\\\/docente-de-fica-recibio-el-premio-al-merito-geografico-de-la-sociedad-argentina-de-estudios-geograficos\\\/#primaryimage\"},\"thumbnailUrl\":\"https:\\\/\\\/www.fica.unsl.edu.ar\\\/wp-content\\\/uploads\\\/2022\\\/02\\\/Captura-1.jpg\",\"articleSection\":[\"Noticias\"],\"inLanguage\":\"es-AR\"},{\"@type\":\"WebPage\",\"@id\":\"https:\\\/\\\/www.fica.unsl.edu.ar\\\/index.php\\\/docente-de-fica-recibio-el-premio-al-merito-geografico-de-la-sociedad-argentina-de-estudios-geograficos\\\/\",\"url\":\"https:\\\/\\\/www.fica.unsl.edu.ar\\\/index.php\\\/docente-de-fica-recibio-el-premio-al-merito-geografico-de-la-sociedad-argentina-de-estudios-geograficos\\\/\",\"name\":\"Docente de la FICA recibi\u00f3 el Premio al M\u00e9rito Geogr\u00e1fico de la Sociedad Argentina de Estudios Geogr\u00e1ficos - Facultad de Ingenier\u00eda y Ciencias Agropecuarias\",\"isPartOf\":{\"@id\":\"https:\\\/\\\/www.fica.unsl.edu.ar\\\/#website\"},\"primaryImageOfPage\":{\"@id\":\"https:\\\/\\\/www.fica.unsl.edu.ar\\\/index.php\\\/docente-de-fica-recibio-el-premio-al-merito-geografico-de-la-sociedad-argentina-de-estudios-geograficos\\\/#primaryimage\"},\"image\":{\"@id\":\"https:\\\/\\\/www.fica.unsl.edu.ar\\\/index.php\\\/docente-de-fica-recibio-el-premio-al-merito-geografico-de-la-sociedad-argentina-de-estudios-geograficos\\\/#primaryimage\"},\"thumbnailUrl\":\"https:\\\/\\\/www.fica.unsl.edu.ar\\\/wp-content\\\/uploads\\\/2022\\\/02\\\/Captura-1.jpg\",\"datePublished\":\"2022-02-10T00:10:25+00:00\",\"dateModified\":\"2022-02-10T00:11:16+00:00\",\"inLanguage\":\"es-AR\",\"potentialAction\":[{\"@type\":\"ReadAction\",\"target\":[\"https:\\\/\\\/www.fica.unsl.edu.ar\\\/index.php\\\/docente-de-fica-recibio-el-premio-al-merito-geografico-de-la-sociedad-argentina-de-estudios-geograficos\\\/\"]}]},{\"@type\":\"ImageObject\",\"inLanguage\":\"es-AR\",\"@id\":\"https:\\\/\\\/www.fica.unsl.edu.ar\\\/index.php\\\/docente-de-fica-recibio-el-premio-al-merito-geografico-de-la-sociedad-argentina-de-estudios-geograficos\\\/#primaryimage\",\"url\":\"https:\\\/\\\/www.fica.unsl.edu.ar\\\/wp-content\\\/uploads\\\/2022\\\/02\\\/Captura-1.jpg\",\"contentUrl\":\"https:\\\/\\\/www.fica.unsl.edu.ar\\\/wp-content\\\/uploads\\\/2022\\\/02\\\/Captura-1.jpg\",\"width\":883,\"height\":557},{\"@type\":\"WebSite\",\"@id\":\"https:\\\/\\\/www.fica.unsl.edu.ar\\\/#website\",\"url\":\"https:\\\/\\\/www.fica.unsl.edu.ar\\\/\",\"name\":\"Facultad de Ingenier\u00eda y Ciencias Agropecuarias\",\"description\":\"\",\"publisher\":{\"@id\":\"https:\\\/\\\/www.fica.unsl.edu.ar\\\/#organization\"},\"potentialAction\":[{\"@type\":\"SearchAction\",\"target\":{\"@type\":\"EntryPoint\",\"urlTemplate\":\"https:\\\/\\\/www.fica.unsl.edu.ar\\\/?s={search_term_string}\"},\"query-input\":{\"@type\":\"PropertyValueSpecification\",\"valueRequired\":true,\"valueName\":\"search_term_string\"}}],\"inLanguage\":\"es-AR\"},{\"@type\":\"Organization\",\"@id\":\"https:\\\/\\\/www.fica.unsl.edu.ar\\\/#organization\",\"name\":\"Facultad de Ingenier\u00eda y Ciencias Agropecuarias\",\"url\":\"https:\\\/\\\/www.fica.unsl.edu.ar\\\/\",\"logo\":{\"@type\":\"ImageObject\",\"inLanguage\":\"es-AR\",\"@id\":\"https:\\\/\\\/www.fica.unsl.edu.ar\\\/#\\\/schema\\\/logo\\\/image\\\/\",\"url\":\"https:\\\/\\\/www.fica.unsl.edu.ar\\\/wp-content\\\/uploads\\\/2021\\\/03\\\/LOGO-1.jpg\",\"contentUrl\":\"https:\\\/\\\/www.fica.unsl.edu.ar\\\/wp-content\\\/uploads\\\/2021\\\/03\\\/LOGO-1.jpg\",\"width\":463,\"height\":145,\"caption\":\"Facultad de Ingenier\u00eda y Ciencias Agropecuarias\"},\"image\":{\"@id\":\"https:\\\/\\\/www.fica.unsl.edu.ar\\\/#\\\/schema\\\/logo\\\/image\\\/\"},\"sameAs\":[\"https:\\\/\\\/www.facebook.com\\\/FICA.UNSL\\\/\",\"https:\\\/\\\/x.com\\\/FICAUNSL\",\"https:\\\/\\\/www.instagram.com\\\/fica.unsl\\\/\",\"https:\\\/\\\/www.youtube.com\\\/channel\\\/UCs2MM53gb2PyBrMySdtWZDQ\"]},{\"@type\":\"Person\",\"@id\":\"https:\\\/\\\/www.fica.unsl.edu.ar\\\/#\\\/schema\\\/person\\\/6058f9c66301868d3a691b1f5d6c3544\",\"name\":\"DATI\"}]}<\/script>\n<!-- \/ Yoast SEO plugin. -->","yoast_head_json":{"title":"Docente de la FICA recibi\u00f3 el Premio al M\u00e9rito Geogr\u00e1fico de la Sociedad Argentina de Estudios Geogr\u00e1ficos - Facultad de Ingenier\u00eda y Ciencias Agropecuarias","robots":{"index":"index","follow":"follow","max-snippet":"max-snippet:-1","max-image-preview":"max-image-preview:large","max-video-preview":"max-video-preview:-1"},"canonical":"https:\/\/www.fica.unsl.edu.ar\/index.php\/docente-de-fica-recibio-el-premio-al-merito-geografico-de-la-sociedad-argentina-de-estudios-geograficos\/","og_locale":"es_ES","og_type":"article","og_title":"Docente de la FICA recibi\u00f3 el Premio al M\u00e9rito Geogr\u00e1fico de la Sociedad Argentina de Estudios Geogr\u00e1ficos - Facultad de Ingenier\u00eda y Ciencias Agropecuarias","og_description":"El docente investigador, Dr. Osvaldo Andr\u00e9s Barbosa, recibi\u00f3 el certificado del Premio al M\u00e9rito Geogr\u00e1fico otorgado por la Sociedad Argentina de Estudios Geogr\u00e1ficos (GAEA) correspondiente&hellip;","og_url":"https:\/\/www.fica.unsl.edu.ar\/index.php\/docente-de-fica-recibio-el-premio-al-merito-geografico-de-la-sociedad-argentina-de-estudios-geograficos\/","og_site_name":"Facultad de Ingenier\u00eda y Ciencias Agropecuarias","article_publisher":"https:\/\/www.facebook.com\/FICA.UNSL\/","article_published_time":"2022-02-10T00:10:25+00:00","article_modified_time":"2022-02-10T00:11:16+00:00","og_image":[{"width":883,"height":557,"url":"https:\/\/www.fica.unsl.edu.ar\/wp-content\/uploads\/2022\/02\/Captura-1.jpg","type":"image\/jpeg"}],"author":"DATI","twitter_card":"summary_large_image","twitter_creator":"@FICAUNSL","twitter_site":"@FICAUNSL","twitter_misc":{"Escrito por":"DATI","Tiempo de lectura":"1 minuto"},"schema":{"@context":"https:\/\/schema.org","@graph":[{"@type":"Article","@id":"https:\/\/www.fica.unsl.edu.ar\/index.php\/docente-de-fica-recibio-el-premio-al-merito-geografico-de-la-sociedad-argentina-de-estudios-geograficos\/#article","isPartOf":{"@id":"https:\/\/www.fica.unsl.edu.ar\/index.php\/docente-de-fica-recibio-el-premio-al-merito-geografico-de-la-sociedad-argentina-de-estudios-geograficos\/"},"author":{"name":"DATI","@id":"https:\/\/www.fica.unsl.edu.ar\/#\/schema\/person\/6058f9c66301868d3a691b1f5d6c3544"},"headline":"Docente de la FICA recibi\u00f3 el Premio al M\u00e9rito Geogr\u00e1fico de la Sociedad Argentina de Estudios Geogr\u00e1ficos","datePublished":"2022-02-10T00:10:25+00:00","dateModified":"2022-02-10T00:11:16+00:00","mainEntityOfPage":{"@id":"https:\/\/www.fica.unsl.edu.ar\/index.php\/docente-de-fica-recibio-el-premio-al-merito-geografico-de-la-sociedad-argentina-de-estudios-geograficos\/"},"wordCount":138,"publisher":{"@id":"https:\/\/www.fica.unsl.edu.ar\/#organization"},"image":{"@id":"https:\/\/www.fica.unsl.edu.ar\/index.php\/docente-de-fica-recibio-el-premio-al-merito-geografico-de-la-sociedad-argentina-de-estudios-geograficos\/#primaryimage"},"thumbnailUrl":"https:\/\/www.fica.unsl.edu.ar\/wp-content\/uploads\/2022\/02\/Captura-1.jpg","articleSection":["Noticias"],"inLanguage":"es-AR"},{"@type":"WebPage","@id":"https:\/\/www.fica.unsl.edu.ar\/index.php\/docente-de-fica-recibio-el-premio-al-merito-geografico-de-la-sociedad-argentina-de-estudios-geograficos\/","url":"https:\/\/www.fica.unsl.edu.ar\/index.php\/docente-de-fica-recibio-el-premio-al-merito-geografico-de-la-sociedad-argentina-de-estudios-geograficos\/","name":"Docente de la FICA recibi\u00f3 el Premio al M\u00e9rito Geogr\u00e1fico de la Sociedad Argentina de Estudios Geogr\u00e1ficos - Facultad de Ingenier\u00eda y Ciencias Agropecuarias","isPartOf":{"@id":"https:\/\/www.fica.unsl.edu.ar\/#website"},"primaryImageOfPage":{"@id":"https:\/\/www.fica.unsl.edu.ar\/index.php\/docente-de-fica-recibio-el-premio-al-merito-geografico-de-la-sociedad-argentina-de-estudios-geograficos\/#primaryimage"},"image":{"@id":"https:\/\/www.fica.unsl.edu.ar\/index.php\/docente-de-fica-recibio-el-premio-al-merito-geografico-de-la-sociedad-argentina-de-estudios-geograficos\/#primaryimage"},"thumbnailUrl":"https:\/\/www.fica.unsl.edu.ar\/wp-content\/uploads\/2022\/02\/Captura-1.jpg","datePublished":"2022-02-10T00:10:25+00:00","dateModified":"2022-02-10T00:11:16+00:00","inLanguage":"es-AR","potentialAction":[{"@type":"ReadAction","target":["https:\/\/www.fica.unsl.edu.ar\/index.php\/docente-de-fica-recibio-el-premio-al-merito-geografico-de-la-sociedad-argentina-de-estudios-geograficos\/"]}]},{"@type":"ImageObject","inLanguage":"es-AR","@id":"https:\/\/www.fica.unsl.edu.ar\/index.php\/docente-de-fica-recibio-el-premio-al-merito-geografico-de-la-sociedad-argentina-de-estudios-geograficos\/#primaryimage","url":"https:\/\/www.fica.unsl.edu.ar\/wp-content\/uploads\/2022\/02\/Captura-1.jpg","contentUrl":"https:\/\/www.fica.unsl.edu.ar\/wp-content\/uploads\/2022\/02\/Captura-1.jpg","width":883,"height":557},{"@type":"WebSite","@id":"https:\/\/www.fica.unsl.edu.ar\/#website","url":"https:\/\/www.fica.unsl.edu.ar\/","name":"Facultad de Ingenier\u00eda y Ciencias Agropecuarias","description":"","publisher":{"@id":"https:\/\/www.fica.unsl.edu.ar\/#organization"},"potentialAction":[{"@type":"SearchAction","target":{"@type":"EntryPoint","urlTemplate":"https:\/\/www.fica.unsl.edu.ar\/?s={search_term_string}"},"query-input":{"@type":"PropertyValueSpecification","valueRequired":true,"valueName":"search_term_string"}}],"inLanguage":"es-AR"},{"@type":"Organization","@id":"https:\/\/www.fica.unsl.edu.ar\/#organization","name":"Facultad de Ingenier\u00eda y Ciencias Agropecuarias","url":"https:\/\/www.fica.unsl.edu.ar\/","logo":{"@type":"ImageObject","inLanguage":"es-AR","@id":"https:\/\/www.fica.unsl.edu.ar\/#\/schema\/logo\/image\/","url":"https:\/\/www.fica.unsl.edu.ar\/wp-content\/uploads\/2021\/03\/LOGO-1.jpg","contentUrl":"https:\/\/www.fica.unsl.edu.ar\/wp-content\/uploads\/2021\/03\/LOGO-1.jpg","width":463,"height":145,"caption":"Facultad de Ingenier\u00eda y Ciencias Agropecuarias"},"image":{"@id":"https:\/\/www.fica.unsl.edu.ar\/#\/schema\/logo\/image\/"},"sameAs":["https:\/\/www.facebook.com\/FICA.UNSL\/","https:\/\/x.com\/FICAUNSL","https:\/\/www.instagram.com\/fica.unsl\/","https:\/\/www.youtube.com\/channel\/UCs2MM53gb2PyBrMySdtWZDQ"]},{"@type":"Person","@id":"https:\/\/www.fica.unsl.edu.ar\/#\/schema\/person\/6058f9c66301868d3a691b1f5d6c3544","name":"DATI"}]}},"_links":{"self":[{"href":"https:\/\/www.fica.unsl.edu.ar\/index.php\/wp-json\/wp\/v2\/posts\/8171","targetHints":{"allow":["GET"]}}],"collection":[{"href":"https:\/\/www.fica.unsl.edu.ar\/index.php\/wp-json\/wp\/v2\/posts"}],"about":[{"href":"https:\/\/www.fica.unsl.edu.ar\/index.php\/wp-json\/wp\/v2\/types\/post"}],"author":[{"embeddable":true,"href":"https:\/\/www.fica.unsl.edu.ar\/index.php\/wp-json\/wp\/v2\/users\/9"}],"replies":[{"embeddable":true,"href":"https:\/\/www.fica.unsl.edu.ar\/index.php\/wp-json\/wp\/v2\/comments?post=8171"}],"version-history":[{"count":3,"href":"https:\/\/www.fica.unsl.edu.ar\/index.php\/wp-json\/wp\/v2\/posts\/8171\/revisions"}],"predecessor-version":[{"id":8177,"href":"https:\/\/www.fica.unsl.edu.ar\/index.php\/wp-json\/wp\/v2\/posts\/8171\/revisions\/8177"}],"wp:featuredmedia":[{"embeddable":true,"href":"https:\/\/www.fica.unsl.edu.ar\/index.php\/wp-json\/wp\/v2\/media\/8175"}],"wp:attachment":[{"href":"https:\/\/www.fica.unsl.edu.ar\/index.php\/wp-json\/wp\/v2\/media?parent=8171"}],"wp:term":[{"taxonomy":"category","embeddable":true,"href":"https:\/\/www.fica.unsl.edu.ar\/index.php\/wp-json\/wp\/v2\/categories?post=8171"},{"taxonomy":"post_tag","embeddable":true,"href":"https:\/\/www.fica.unsl.edu.ar\/index.php\/wp-json\/wp\/v2\/tags?post=8171"}],"curies":[{"name":"wp","href":"https:\/\/api.w.org\/{rel}","templated":true}]}}