{"id":8192,"date":"2022-02-10T10:15:33","date_gmt":"2022-02-10T13:15:33","guid":{"rendered":"http:\/\/10.101.10.196\/www\/?p=8192"},"modified":"2022-02-14T10:25:53","modified_gmt":"2022-02-14T13:25:53","slug":"11-de-febrero-dia-internacional-de-la-mujer-y-la-nina-en-la-ciencia","status":"publish","type":"post","link":"https:\/\/www.fica.unsl.edu.ar\/index.php\/11-de-febrero-dia-internacional-de-la-mujer-y-la-nina-en-la-ciencia\/","title":{"rendered":"11 de febrero: D\u00eda internacional de la mujer y la ni\u00f1a en la ciencia"},"content":{"rendered":"<p>El Decano, Mgtr. Sergio Ribotta, el Vicedecano, Ing. Waldo Sanjurjo y equipo de gesti\u00f3n, saludan a todas las docentes investigadoras, especialmente a las que se desempe\u00f1an en el \u00e1mbito de la FICA, al celebrarse el 11 de febrero de 2022, el \u201cD\u00eda Internacional de la Mujer y la Ni\u00f1a en la Ciencia\u201d.<\/p>\n<p>Esta fecha fue proclamada en 2015 por la Asamblea General de las Naciones Unidas con el fin de promover el acceso y garantizar la participaci\u00f3n plena y equitativa en la ciencia, la igualdad de g\u00e9nero y el empoderamiento de las mujeres y las ni\u00f1as.<\/p>\n<p>El 14 de marzo de 2011, la Comisi\u00f3n de la Condici\u00f3n Jur\u00eddica y Social de la Mujer aprob\u00f3 el informe en su 55\u00ba per\u00edodo de sesiones, con las conclusiones convenidas sobre el acceso y la participaci\u00f3n de la mujer y la ni\u00f1a en la educaci\u00f3n, la capacitaci\u00f3n y la ciencia y la tecnolog\u00eda, incluida la promoci\u00f3n de la igualdad de acceso de la mujer al pleno empleo y a un trabajo decente. El 20 de diciembre de 2013, la Asamblea General aprob\u00f3 la resoluci\u00f3n relativa a la ciencia, la tecnolog\u00eda y la innovaci\u00f3n para el desarrollo, en que reconoci\u00f3 que el acceso y la participaci\u00f3n plenos y en condiciones de igualdad en la ciencia, la tecnolog\u00eda y la innovaci\u00f3n para las mujeres y las ni\u00f1as de todas las edades eran imprescindibles para lograr la igualdad entre los g\u00e9neros y el empoderamiento de la mujer y la ni\u00f1a.<\/p>\n<p>La Asamblea General declar\u00f3 el 11 de febrero D\u00eda Internacional de las Mujeres y las Ni\u00f1as en la Ciencia en reconocimiento al papel clave que desempe\u00f1an las mujeres en la comunidad cient\u00edfica y la tecnolog\u00eda. En su resoluci\u00f3n del 22 de diciembre de 2015, el \u00f3rgano de las Naciones Unidas d\u00f3nde est\u00e1n representados todos los Estados Miembros aprob\u00f3 una resoluci\u00f3n en la que justificaba la proclamaci\u00f3n de este D\u00eda Internacional y alababa las iniciativas llevadas a cabo de la Organizaci\u00f3n de las Naciones Unidas para la Educaci\u00f3n, la Ciencia y la Cultura (UNESCO), la Entidad de las Naciones Unidas para la Igualdad de G\u00e9nero y el Empoderamiento de las Mujeres (ONU Mujeres), la Uni\u00f3n Internacional de Telecomunicaciones (UIT) y otras organizaciones competentes para apoyar a las mujeres cient\u00edficas y promover el acceso de las mujeres y las ni\u00f1as a la educaci\u00f3n, la capacitaci\u00f3n y la investigaci\u00f3n en los \u00e1mbitos de la ciencia, la tecnolog\u00eda, la ingenier\u00eda y las matem\u00e1ticas.<\/p>\n<p>Fuente: https:\/\/www.un.org\/<\/p>\n","protected":false},"excerpt":{"rendered":"<p>El Decano, Mgtr. Sergio Ribotta, el Vicedecano, Ing. Waldo Sanjurjo y equipo de gesti\u00f3n, saludan a todas las docentes investigadoras, especialmente a las que se&hellip;<\/p>\n","protected":false},"author":9,"featured_media":8193,"comment_status":"closed","ping_status":"closed","sticky":false,"template":"","format":"standard","meta":{"_monsterinsights_skip_tracking":false,"_monsterinsights_sitenote_active":false,"_monsterinsights_sitenote_note":"","_monsterinsights_sitenote_category":0,"_joinchat":[],"footnotes":""},"categories":[19],"tags":[],"class_list":["post-8192","post","type-post","status-publish","format-standard","has-post-thumbnail","hentry","category-noticias"],"yoast_head":"<!-- This site is optimized with the Yoast SEO plugin v27.4 - https:\/\/yoast.com\/product\/yoast-seo-wordpress\/ -->\n<title>11 de febrero: D\u00eda internacional de la mujer y la ni\u00f1a en la ciencia - Facultad de Ingenier\u00eda y Ciencias Agropecuarias<\/title>\n<meta name=\"robots\" content=\"index, follow, max-snippet:-1, max-image-preview:large, max-video-preview:-1\" \/>\n<link rel=\"canonical\" href=\"https:\/\/www.fica.unsl.edu.ar\/index.php\/11-de-febrero-dia-internacional-de-la-mujer-y-la-nina-en-la-ciencia\/\" \/>\n<meta property=\"og:locale\" content=\"es_ES\" \/>\n<meta property=\"og:type\" content=\"article\" \/>\n<meta property=\"og:title\" content=\"11 de febrero: D\u00eda internacional de la mujer y la ni\u00f1a en la ciencia - Facultad de Ingenier\u00eda y Ciencias Agropecuarias\" \/>\n<meta property=\"og:description\" content=\"El Decano, Mgtr. Sergio Ribotta, el Vicedecano, Ing. Waldo Sanjurjo y equipo de gesti\u00f3n, saludan a todas las docentes investigadoras, especialmente a las que se&hellip;\" \/>\n<meta property=\"og:url\" content=\"https:\/\/www.fica.unsl.edu.ar\/index.php\/11-de-febrero-dia-internacional-de-la-mujer-y-la-nina-en-la-ciencia\/\" \/>\n<meta property=\"og:site_name\" content=\"Facultad de Ingenier\u00eda y Ciencias Agropecuarias\" \/>\n<meta property=\"article:publisher\" content=\"https:\/\/www.facebook.com\/FICA.UNSL\/\" \/>\n<meta property=\"article:published_time\" content=\"2022-02-10T13:15:33+00:00\" \/>\n<meta property=\"article:modified_time\" content=\"2022-02-14T13:25:53+00:00\" \/>\n<meta property=\"og:image\" content=\"https:\/\/www.fica.unsl.edu.ar\/wp-content\/uploads\/2022\/02\/mujer-fica.jpg\" \/>\n\t<meta property=\"og:image:width\" content=\"1061\" \/>\n\t<meta property=\"og:image:height\" content=\"600\" \/>\n\t<meta property=\"og:image:type\" content=\"image\/jpeg\" \/>\n<meta name=\"author\" content=\"DATI\" \/>\n<meta name=\"twitter:card\" content=\"summary_large_image\" \/>\n<meta name=\"twitter:creator\" content=\"@FICAUNSL\" \/>\n<meta name=\"twitter:site\" content=\"@FICAUNSL\" \/>\n<meta name=\"twitter:label1\" content=\"Escrito por\" \/>\n\t<meta name=\"twitter:data1\" content=\"DATI\" \/>\n\t<meta name=\"twitter:label2\" content=\"Tiempo de lectura\" \/>\n\t<meta name=\"twitter:data2\" content=\"2 minutos\" \/>\n<script type=\"application\/ld+json\" class=\"yoast-schema-graph\">{\"@context\":\"https:\\\/\\\/schema.org\",\"@graph\":[{\"@type\":\"Article\",\"@id\":\"https:\\\/\\\/www.fica.unsl.edu.ar\\\/index.php\\\/11-de-febrero-dia-internacional-de-la-mujer-y-la-nina-en-la-ciencia\\\/#article\",\"isPartOf\":{\"@id\":\"https:\\\/\\\/www.fica.unsl.edu.ar\\\/index.php\\\/11-de-febrero-dia-internacional-de-la-mujer-y-la-nina-en-la-ciencia\\\/\"},\"author\":{\"name\":\"DATI\",\"@id\":\"https:\\\/\\\/www.fica.unsl.edu.ar\\\/#\\\/schema\\\/person\\\/6058f9c66301868d3a691b1f5d6c3544\"},\"headline\":\"11 de febrero: D\u00eda internacional de la mujer y la ni\u00f1a en la ciencia\",\"datePublished\":\"2022-02-10T13:15:33+00:00\",\"dateModified\":\"2022-02-14T13:25:53+00:00\",\"mainEntityOfPage\":{\"@id\":\"https:\\\/\\\/www.fica.unsl.edu.ar\\\/index.php\\\/11-de-febrero-dia-internacional-de-la-mujer-y-la-nina-en-la-ciencia\\\/\"},\"wordCount\":460,\"publisher\":{\"@id\":\"https:\\\/\\\/www.fica.unsl.edu.ar\\\/#organization\"},\"image\":{\"@id\":\"https:\\\/\\\/www.fica.unsl.edu.ar\\\/index.php\\\/11-de-febrero-dia-internacional-de-la-mujer-y-la-nina-en-la-ciencia\\\/#primaryimage\"},\"thumbnailUrl\":\"https:\\\/\\\/www.fica.unsl.edu.ar\\\/wp-content\\\/uploads\\\/2022\\\/02\\\/mujer-fica.jpg\",\"articleSection\":[\"Noticias\"],\"inLanguage\":\"es-AR\"},{\"@type\":\"WebPage\",\"@id\":\"https:\\\/\\\/www.fica.unsl.edu.ar\\\/index.php\\\/11-de-febrero-dia-internacional-de-la-mujer-y-la-nina-en-la-ciencia\\\/\",\"url\":\"https:\\\/\\\/www.fica.unsl.edu.ar\\\/index.php\\\/11-de-febrero-dia-internacional-de-la-mujer-y-la-nina-en-la-ciencia\\\/\",\"name\":\"11 de febrero: D\u00eda internacional de la mujer y la ni\u00f1a en la ciencia - Facultad de Ingenier\u00eda y Ciencias Agropecuarias\",\"isPartOf\":{\"@id\":\"https:\\\/\\\/www.fica.unsl.edu.ar\\\/#website\"},\"primaryImageOfPage\":{\"@id\":\"https:\\\/\\\/www.fica.unsl.edu.ar\\\/index.php\\\/11-de-febrero-dia-internacional-de-la-mujer-y-la-nina-en-la-ciencia\\\/#primaryimage\"},\"image\":{\"@id\":\"https:\\\/\\\/www.fica.unsl.edu.ar\\\/index.php\\\/11-de-febrero-dia-internacional-de-la-mujer-y-la-nina-en-la-ciencia\\\/#primaryimage\"},\"thumbnailUrl\":\"https:\\\/\\\/www.fica.unsl.edu.ar\\\/wp-content\\\/uploads\\\/2022\\\/02\\\/mujer-fica.jpg\",\"datePublished\":\"2022-02-10T13:15:33+00:00\",\"dateModified\":\"2022-02-14T13:25:53+00:00\",\"inLanguage\":\"es-AR\",\"potentialAction\":[{\"@type\":\"ReadAction\",\"target\":[\"https:\\\/\\\/www.fica.unsl.edu.ar\\\/index.php\\\/11-de-febrero-dia-internacional-de-la-mujer-y-la-nina-en-la-ciencia\\\/\"]}]},{\"@type\":\"ImageObject\",\"inLanguage\":\"es-AR\",\"@id\":\"https:\\\/\\\/www.fica.unsl.edu.ar\\\/index.php\\\/11-de-febrero-dia-internacional-de-la-mujer-y-la-nina-en-la-ciencia\\\/#primaryimage\",\"url\":\"https:\\\/\\\/www.fica.unsl.edu.ar\\\/wp-content\\\/uploads\\\/2022\\\/02\\\/mujer-fica.jpg\",\"contentUrl\":\"https:\\\/\\\/www.fica.unsl.edu.ar\\\/wp-content\\\/uploads\\\/2022\\\/02\\\/mujer-fica.jpg\",\"width\":1061,\"height\":600},{\"@type\":\"WebSite\",\"@id\":\"https:\\\/\\\/www.fica.unsl.edu.ar\\\/#website\",\"url\":\"https:\\\/\\\/www.fica.unsl.edu.ar\\\/\",\"name\":\"Facultad de Ingenier\u00eda y Ciencias Agropecuarias\",\"description\":\"\",\"publisher\":{\"@id\":\"https:\\\/\\\/www.fica.unsl.edu.ar\\\/#organization\"},\"potentialAction\":[{\"@type\":\"SearchAction\",\"target\":{\"@type\":\"EntryPoint\",\"urlTemplate\":\"https:\\\/\\\/www.fica.unsl.edu.ar\\\/?s={search_term_string}\"},\"query-input\":{\"@type\":\"PropertyValueSpecification\",\"valueRequired\":true,\"valueName\":\"search_term_string\"}}],\"inLanguage\":\"es-AR\"},{\"@type\":\"Organization\",\"@id\":\"https:\\\/\\\/www.fica.unsl.edu.ar\\\/#organization\",\"name\":\"Facultad de Ingenier\u00eda y Ciencias Agropecuarias\",\"url\":\"https:\\\/\\\/www.fica.unsl.edu.ar\\\/\",\"logo\":{\"@type\":\"ImageObject\",\"inLanguage\":\"es-AR\",\"@id\":\"https:\\\/\\\/www.fica.unsl.edu.ar\\\/#\\\/schema\\\/logo\\\/image\\\/\",\"url\":\"https:\\\/\\\/www.fica.unsl.edu.ar\\\/wp-content\\\/uploads\\\/2021\\\/03\\\/LOGO-1.jpg\",\"contentUrl\":\"https:\\\/\\\/www.fica.unsl.edu.ar\\\/wp-content\\\/uploads\\\/2021\\\/03\\\/LOGO-1.jpg\",\"width\":463,\"height\":145,\"caption\":\"Facultad de Ingenier\u00eda y Ciencias Agropecuarias\"},\"image\":{\"@id\":\"https:\\\/\\\/www.fica.unsl.edu.ar\\\/#\\\/schema\\\/logo\\\/image\\\/\"},\"sameAs\":[\"https:\\\/\\\/www.facebook.com\\\/FICA.UNSL\\\/\",\"https:\\\/\\\/x.com\\\/FICAUNSL\",\"https:\\\/\\\/www.instagram.com\\\/fica.unsl\\\/\",\"https:\\\/\\\/www.youtube.com\\\/channel\\\/UCs2MM53gb2PyBrMySdtWZDQ\"]},{\"@type\":\"Person\",\"@id\":\"https:\\\/\\\/www.fica.unsl.edu.ar\\\/#\\\/schema\\\/person\\\/6058f9c66301868d3a691b1f5d6c3544\",\"name\":\"DATI\"}]}<\/script>\n<!-- \/ Yoast SEO plugin. -->","yoast_head_json":{"title":"11 de febrero: D\u00eda internacional de la mujer y la ni\u00f1a en la ciencia - Facultad de Ingenier\u00eda y Ciencias Agropecuarias","robots":{"index":"index","follow":"follow","max-snippet":"max-snippet:-1","max-image-preview":"max-image-preview:large","max-video-preview":"max-video-preview:-1"},"canonical":"https:\/\/www.fica.unsl.edu.ar\/index.php\/11-de-febrero-dia-internacional-de-la-mujer-y-la-nina-en-la-ciencia\/","og_locale":"es_ES","og_type":"article","og_title":"11 de febrero: D\u00eda internacional de la mujer y la ni\u00f1a en la ciencia - Facultad de Ingenier\u00eda y Ciencias Agropecuarias","og_description":"El Decano, Mgtr. Sergio Ribotta, el Vicedecano, Ing. Waldo Sanjurjo y equipo de gesti\u00f3n, saludan a todas las docentes investigadoras, especialmente a las que se&hellip;","og_url":"https:\/\/www.fica.unsl.edu.ar\/index.php\/11-de-febrero-dia-internacional-de-la-mujer-y-la-nina-en-la-ciencia\/","og_site_name":"Facultad de Ingenier\u00eda y Ciencias Agropecuarias","article_publisher":"https:\/\/www.facebook.com\/FICA.UNSL\/","article_published_time":"2022-02-10T13:15:33+00:00","article_modified_time":"2022-02-14T13:25:53+00:00","og_image":[{"width":1061,"height":600,"url":"https:\/\/www.fica.unsl.edu.ar\/wp-content\/uploads\/2022\/02\/mujer-fica.jpg","type":"image\/jpeg"}],"author":"DATI","twitter_card":"summary_large_image","twitter_creator":"@FICAUNSL","twitter_site":"@FICAUNSL","twitter_misc":{"Escrito por":"DATI","Tiempo de lectura":"2 minutos"},"schema":{"@context":"https:\/\/schema.org","@graph":[{"@type":"Article","@id":"https:\/\/www.fica.unsl.edu.ar\/index.php\/11-de-febrero-dia-internacional-de-la-mujer-y-la-nina-en-la-ciencia\/#article","isPartOf":{"@id":"https:\/\/www.fica.unsl.edu.ar\/index.php\/11-de-febrero-dia-internacional-de-la-mujer-y-la-nina-en-la-ciencia\/"},"author":{"name":"DATI","@id":"https:\/\/www.fica.unsl.edu.ar\/#\/schema\/person\/6058f9c66301868d3a691b1f5d6c3544"},"headline":"11 de febrero: D\u00eda internacional de la mujer y la ni\u00f1a en la ciencia","datePublished":"2022-02-10T13:15:33+00:00","dateModified":"2022-02-14T13:25:53+00:00","mainEntityOfPage":{"@id":"https:\/\/www.fica.unsl.edu.ar\/index.php\/11-de-febrero-dia-internacional-de-la-mujer-y-la-nina-en-la-ciencia\/"},"wordCount":460,"publisher":{"@id":"https:\/\/www.fica.unsl.edu.ar\/#organization"},"image":{"@id":"https:\/\/www.fica.unsl.edu.ar\/index.php\/11-de-febrero-dia-internacional-de-la-mujer-y-la-nina-en-la-ciencia\/#primaryimage"},"thumbnailUrl":"https:\/\/www.fica.unsl.edu.ar\/wp-content\/uploads\/2022\/02\/mujer-fica.jpg","articleSection":["Noticias"],"inLanguage":"es-AR"},{"@type":"WebPage","@id":"https:\/\/www.fica.unsl.edu.ar\/index.php\/11-de-febrero-dia-internacional-de-la-mujer-y-la-nina-en-la-ciencia\/","url":"https:\/\/www.fica.unsl.edu.ar\/index.php\/11-de-febrero-dia-internacional-de-la-mujer-y-la-nina-en-la-ciencia\/","name":"11 de febrero: D\u00eda internacional de la mujer y la ni\u00f1a en la ciencia - Facultad de Ingenier\u00eda y Ciencias Agropecuarias","isPartOf":{"@id":"https:\/\/www.fica.unsl.edu.ar\/#website"},"primaryImageOfPage":{"@id":"https:\/\/www.fica.unsl.edu.ar\/index.php\/11-de-febrero-dia-internacional-de-la-mujer-y-la-nina-en-la-ciencia\/#primaryimage"},"image":{"@id":"https:\/\/www.fica.unsl.edu.ar\/index.php\/11-de-febrero-dia-internacional-de-la-mujer-y-la-nina-en-la-ciencia\/#primaryimage"},"thumbnailUrl":"https:\/\/www.fica.unsl.edu.ar\/wp-content\/uploads\/2022\/02\/mujer-fica.jpg","datePublished":"2022-02-10T13:15:33+00:00","dateModified":"2022-02-14T13:25:53+00:00","inLanguage":"es-AR","potentialAction":[{"@type":"ReadAction","target":["https:\/\/www.fica.unsl.edu.ar\/index.php\/11-de-febrero-dia-internacional-de-la-mujer-y-la-nina-en-la-ciencia\/"]}]},{"@type":"ImageObject","inLanguage":"es-AR","@id":"https:\/\/www.fica.unsl.edu.ar\/index.php\/11-de-febrero-dia-internacional-de-la-mujer-y-la-nina-en-la-ciencia\/#primaryimage","url":"https:\/\/www.fica.unsl.edu.ar\/wp-content\/uploads\/2022\/02\/mujer-fica.jpg","contentUrl":"https:\/\/www.fica.unsl.edu.ar\/wp-content\/uploads\/2022\/02\/mujer-fica.jpg","width":1061,"height":600},{"@type":"WebSite","@id":"https:\/\/www.fica.unsl.edu.ar\/#website","url":"https:\/\/www.fica.unsl.edu.ar\/","name":"Facultad de Ingenier\u00eda y Ciencias Agropecuarias","description":"","publisher":{"@id":"https:\/\/www.fica.unsl.edu.ar\/#organization"},"potentialAction":[{"@type":"SearchAction","target":{"@type":"EntryPoint","urlTemplate":"https:\/\/www.fica.unsl.edu.ar\/?s={search_term_string}"},"query-input":{"@type":"PropertyValueSpecification","valueRequired":true,"valueName":"search_term_string"}}],"inLanguage":"es-AR"},{"@type":"Organization","@id":"https:\/\/www.fica.unsl.edu.ar\/#organization","name":"Facultad de Ingenier\u00eda y Ciencias Agropecuarias","url":"https:\/\/www.fica.unsl.edu.ar\/","logo":{"@type":"ImageObject","inLanguage":"es-AR","@id":"https:\/\/www.fica.unsl.edu.ar\/#\/schema\/logo\/image\/","url":"https:\/\/www.fica.unsl.edu.ar\/wp-content\/uploads\/2021\/03\/LOGO-1.jpg","contentUrl":"https:\/\/www.fica.unsl.edu.ar\/wp-content\/uploads\/2021\/03\/LOGO-1.jpg","width":463,"height":145,"caption":"Facultad de Ingenier\u00eda y Ciencias Agropecuarias"},"image":{"@id":"https:\/\/www.fica.unsl.edu.ar\/#\/schema\/logo\/image\/"},"sameAs":["https:\/\/www.facebook.com\/FICA.UNSL\/","https:\/\/x.com\/FICAUNSL","https:\/\/www.instagram.com\/fica.unsl\/","https:\/\/www.youtube.com\/channel\/UCs2MM53gb2PyBrMySdtWZDQ"]},{"@type":"Person","@id":"https:\/\/www.fica.unsl.edu.ar\/#\/schema\/person\/6058f9c66301868d3a691b1f5d6c3544","name":"DATI"}]}},"_links":{"self":[{"href":"https:\/\/www.fica.unsl.edu.ar\/index.php\/wp-json\/wp\/v2\/posts\/8192","targetHints":{"allow":["GET"]}}],"collection":[{"href":"https:\/\/www.fica.unsl.edu.ar\/index.php\/wp-json\/wp\/v2\/posts"}],"about":[{"href":"https:\/\/www.fica.unsl.edu.ar\/index.php\/wp-json\/wp\/v2\/types\/post"}],"author":[{"embeddable":true,"href":"https:\/\/www.fica.unsl.edu.ar\/index.php\/wp-json\/wp\/v2\/users\/9"}],"replies":[{"embeddable":true,"href":"https:\/\/www.fica.unsl.edu.ar\/index.php\/wp-json\/wp\/v2\/comments?post=8192"}],"version-history":[{"count":2,"href":"https:\/\/www.fica.unsl.edu.ar\/index.php\/wp-json\/wp\/v2\/posts\/8192\/revisions"}],"predecessor-version":[{"id":8256,"href":"https:\/\/www.fica.unsl.edu.ar\/index.php\/wp-json\/wp\/v2\/posts\/8192\/revisions\/8256"}],"wp:featuredmedia":[{"embeddable":true,"href":"https:\/\/www.fica.unsl.edu.ar\/index.php\/wp-json\/wp\/v2\/media\/8193"}],"wp:attachment":[{"href":"https:\/\/www.fica.unsl.edu.ar\/index.php\/wp-json\/wp\/v2\/media?parent=8192"}],"wp:term":[{"taxonomy":"category","embeddable":true,"href":"https:\/\/www.fica.unsl.edu.ar\/index.php\/wp-json\/wp\/v2\/categories?post=8192"},{"taxonomy":"post_tag","embeddable":true,"href":"https:\/\/www.fica.unsl.edu.ar\/index.php\/wp-json\/wp\/v2\/tags?post=8192"}],"curies":[{"name":"wp","href":"https:\/\/api.w.org\/{rel}","templated":true}]}}