{"id":8257,"date":"2022-02-11T18:20:01","date_gmt":"2022-02-11T21:20:01","guid":{"rendered":"http:\/\/10.101.10.196\/www\/?p=8257"},"modified":"2022-02-11T18:20:01","modified_gmt":"2022-02-11T21:20:01","slug":"agencia-idi-concurso-federal-de-ideas-proyecto-para-la-innovacion-tecnologica-y-reactivacion-economica","status":"publish","type":"post","link":"https:\/\/www.fica.unsl.edu.ar\/index.php\/agencia-idi-concurso-federal-de-ideas-proyecto-para-la-innovacion-tecnologica-y-reactivacion-economica\/","title":{"rendered":"Agencia I+D+i: Concurso Federal de Ideas-Proyecto para la Innovaci\u00f3n Tecnol\u00f3gica y Reactivaci\u00f3n Econ\u00f3mica."},"content":{"rendered":"<p>La Agencia Nacional de Promoci\u00f3n de la Investigaci\u00f3n, el Desarrollo Tecnol\u00f3gico y la Innovaci\u00f3n (Agencia I+D+i ) invita a participar del Concurso Federal de Ideas-Proyecto para la Innovaci\u00f3n Tecnol\u00f3gica y Reactivaci\u00f3n Econ\u00f3mica. Este concurso tiene como finalidad que sean presentadas ideas-proyecto innovadoras que promuevan sistemas alimentarios sostenibles desde un enfoque que reconozca las interacciones que existen entre salud humana, sanidad animal y vegetal, ambiente y econom\u00eda.<\/p>\n<p>La convocatoria tiene tres ejes:<\/p>\n<ul>\n<li>Industria de alimentos y bebidas: c\u00f3mo generar productos m\u00e1s saludables y consumidores mejor informados.<\/li>\n<li>Zoonosis y RAM: c\u00f3mo prevenir enfermedades zoon\u00f3ticas y los riesgos de la Resistencia a los Antimicrobianos (RAM).<\/li>\n<li>Comercio internacional (CCII) y trazabilidad: c\u00f3mo fortalecer el CCII mediante desarrollos tecnol\u00f3gicos que permitan demostrar f\u00e1cilmente la trazabilidad en cadenas agroalimentarias dando cuenta de su inocuidad, calidad, bajo impacto ambiental y social, entre otros.<\/li>\n<\/ul>\n<p>Las consultas, inscripciones y presentaci\u00f3n de los ensayos se realizar\u00e1n a trav\u00e9s de la Plataforma de Concursos Interinstitucionales de la Agencia I+D+i, para lo cual se habilitar\u00e1n progresivamente los respectivos m\u00f3dulos. Las personas interesadas deber\u00e1n revisarla peri\u00f3dicamente para conocer las respuestas a las consultas y mantenerse informadas sobre eventuales notificaciones<br \/>\nLas ideas-propuesta deber\u00e1n aplicar un enfoque problema-soluci\u00f3n. La estructura que deben tener las propuestas se detalla en las Bases y Condiciones del Concurso.<\/p>\n<p>La inscripci\u00f3n del equipo podr\u00e1 ser de manera unipersonal o asociada, en equipos de 1 a 6 personas. Al menos un integrante del equipo deber\u00e1 ser graduado universitario o terciario.<br \/>\nSe destinar\u00e1 un monto total de hasta PESOS DOS MILLONES CUATROCIENTOS MIL ($ 2.400.000) con los que se reconocer\u00e1n a las tres (3) mejores propuestas seleccionadas por el Jurado en cada una de las categor\u00edas del concurso, de acuerdo con el siguiente detalle:<\/p>\n<ul>\n<li>1\u00ba PREMIO: PESOS TRESCIENTOS CINCUENTA MIL $ 350.000.<\/li>\n<li>2\u00ba PREMIO: PESOS DOSCIENTOS CINCUENTA MIL $ 250.000.<\/li>\n<li>3\u00ba PREMIO: PESOS DOSCIENTOS MIL $ 200.000.<\/li>\n<\/ul>\n<p>Adicionalmente, el Jurado podr\u00e1 asignar hasta 2 menciones especiales por categor\u00eda a otros trabajos meritorios.<\/p>\n","protected":false},"excerpt":{"rendered":"<p>La Agencia Nacional de Promoci\u00f3n de la Investigaci\u00f3n, el Desarrollo Tecnol\u00f3gico y la Innovaci\u00f3n (Agencia I+D+i ) invita a participar del Concurso Federal de Ideas-Proyecto&hellip;<\/p>\n","protected":false},"author":9,"featured_media":8258,"comment_status":"closed","ping_status":"closed","sticky":false,"template":"","format":"standard","meta":{"_monsterinsights_skip_tracking":false,"_monsterinsights_sitenote_active":false,"_monsterinsights_sitenote_note":"","_monsterinsights_sitenote_category":0,"_joinchat":[],"footnotes":""},"categories":[19],"tags":[],"class_list":["post-8257","post","type-post","status-publish","format-standard","has-post-thumbnail","hentry","category-noticias"],"yoast_head":"<!-- This site is optimized with the Yoast SEO plugin v27.4 - https:\/\/yoast.com\/product\/yoast-seo-wordpress\/ -->\n<title>Agencia I+D+i: Concurso Federal de Ideas-Proyecto para la Innovaci\u00f3n Tecnol\u00f3gica y Reactivaci\u00f3n Econ\u00f3mica. - Facultad de Ingenier\u00eda y Ciencias Agropecuarias<\/title>\n<meta name=\"robots\" content=\"index, follow, max-snippet:-1, max-image-preview:large, max-video-preview:-1\" \/>\n<link rel=\"canonical\" href=\"https:\/\/www.fica.unsl.edu.ar\/index.php\/agencia-idi-concurso-federal-de-ideas-proyecto-para-la-innovacion-tecnologica-y-reactivacion-economica\/\" \/>\n<meta property=\"og:locale\" content=\"es_ES\" \/>\n<meta property=\"og:type\" content=\"article\" \/>\n<meta property=\"og:title\" content=\"Agencia I+D+i: Concurso Federal de Ideas-Proyecto para la Innovaci\u00f3n Tecnol\u00f3gica y Reactivaci\u00f3n Econ\u00f3mica. - Facultad de Ingenier\u00eda y Ciencias Agropecuarias\" \/>\n<meta property=\"og:description\" content=\"La Agencia Nacional de Promoci\u00f3n de la Investigaci\u00f3n, el Desarrollo Tecnol\u00f3gico y la Innovaci\u00f3n (Agencia I+D+i ) invita a participar del Concurso Federal de Ideas-Proyecto&hellip;\" \/>\n<meta property=\"og:url\" content=\"https:\/\/www.fica.unsl.edu.ar\/index.php\/agencia-idi-concurso-federal-de-ideas-proyecto-para-la-innovacion-tecnologica-y-reactivacion-economica\/\" \/>\n<meta property=\"og:site_name\" content=\"Facultad de Ingenier\u00eda y Ciencias Agropecuarias\" \/>\n<meta property=\"article:publisher\" content=\"https:\/\/www.facebook.com\/FICA.UNSL\/\" \/>\n<meta property=\"article:published_time\" content=\"2022-02-11T21:20:01+00:00\" \/>\n<meta property=\"og:image\" content=\"https:\/\/www.fica.unsl.edu.ar\/wp-content\/uploads\/2022\/02\/concurso-federal.jpg\" \/>\n\t<meta property=\"og:image:width\" content=\"1152\" \/>\n\t<meta property=\"og:image:height\" content=\"647\" \/>\n\t<meta property=\"og:image:type\" content=\"image\/jpeg\" \/>\n<meta name=\"author\" content=\"DATI\" \/>\n<meta name=\"twitter:card\" content=\"summary_large_image\" \/>\n<meta name=\"twitter:creator\" content=\"@FICAUNSL\" \/>\n<meta name=\"twitter:site\" content=\"@FICAUNSL\" \/>\n<meta name=\"twitter:label1\" content=\"Escrito por\" \/>\n\t<meta name=\"twitter:data1\" content=\"DATI\" \/>\n\t<meta name=\"twitter:label2\" content=\"Tiempo de lectura\" \/>\n\t<meta name=\"twitter:data2\" content=\"2 minutos\" \/>\n<script type=\"application\/ld+json\" class=\"yoast-schema-graph\">{\"@context\":\"https:\\\/\\\/schema.org\",\"@graph\":[{\"@type\":\"Article\",\"@id\":\"https:\\\/\\\/www.fica.unsl.edu.ar\\\/index.php\\\/agencia-idi-concurso-federal-de-ideas-proyecto-para-la-innovacion-tecnologica-y-reactivacion-economica\\\/#article\",\"isPartOf\":{\"@id\":\"https:\\\/\\\/www.fica.unsl.edu.ar\\\/index.php\\\/agencia-idi-concurso-federal-de-ideas-proyecto-para-la-innovacion-tecnologica-y-reactivacion-economica\\\/\"},\"author\":{\"name\":\"DATI\",\"@id\":\"https:\\\/\\\/www.fica.unsl.edu.ar\\\/#\\\/schema\\\/person\\\/6058f9c66301868d3a691b1f5d6c3544\"},\"headline\":\"Agencia I+D+i: Concurso Federal de Ideas-Proyecto para la Innovaci\u00f3n Tecnol\u00f3gica y Reactivaci\u00f3n Econ\u00f3mica.\",\"datePublished\":\"2022-02-11T21:20:01+00:00\",\"mainEntityOfPage\":{\"@id\":\"https:\\\/\\\/www.fica.unsl.edu.ar\\\/index.php\\\/agencia-idi-concurso-federal-de-ideas-proyecto-para-la-innovacion-tecnologica-y-reactivacion-economica\\\/\"},\"wordCount\":356,\"publisher\":{\"@id\":\"https:\\\/\\\/www.fica.unsl.edu.ar\\\/#organization\"},\"image\":{\"@id\":\"https:\\\/\\\/www.fica.unsl.edu.ar\\\/index.php\\\/agencia-idi-concurso-federal-de-ideas-proyecto-para-la-innovacion-tecnologica-y-reactivacion-economica\\\/#primaryimage\"},\"thumbnailUrl\":\"https:\\\/\\\/www.fica.unsl.edu.ar\\\/wp-content\\\/uploads\\\/2022\\\/02\\\/concurso-federal.jpg\",\"articleSection\":[\"Noticias\"],\"inLanguage\":\"es-AR\"},{\"@type\":\"WebPage\",\"@id\":\"https:\\\/\\\/www.fica.unsl.edu.ar\\\/index.php\\\/agencia-idi-concurso-federal-de-ideas-proyecto-para-la-innovacion-tecnologica-y-reactivacion-economica\\\/\",\"url\":\"https:\\\/\\\/www.fica.unsl.edu.ar\\\/index.php\\\/agencia-idi-concurso-federal-de-ideas-proyecto-para-la-innovacion-tecnologica-y-reactivacion-economica\\\/\",\"name\":\"Agencia I+D+i: Concurso Federal de Ideas-Proyecto para la Innovaci\u00f3n Tecnol\u00f3gica y Reactivaci\u00f3n Econ\u00f3mica. - Facultad de Ingenier\u00eda y Ciencias Agropecuarias\",\"isPartOf\":{\"@id\":\"https:\\\/\\\/www.fica.unsl.edu.ar\\\/#website\"},\"primaryImageOfPage\":{\"@id\":\"https:\\\/\\\/www.fica.unsl.edu.ar\\\/index.php\\\/agencia-idi-concurso-federal-de-ideas-proyecto-para-la-innovacion-tecnologica-y-reactivacion-economica\\\/#primaryimage\"},\"image\":{\"@id\":\"https:\\\/\\\/www.fica.unsl.edu.ar\\\/index.php\\\/agencia-idi-concurso-federal-de-ideas-proyecto-para-la-innovacion-tecnologica-y-reactivacion-economica\\\/#primaryimage\"},\"thumbnailUrl\":\"https:\\\/\\\/www.fica.unsl.edu.ar\\\/wp-content\\\/uploads\\\/2022\\\/02\\\/concurso-federal.jpg\",\"datePublished\":\"2022-02-11T21:20:01+00:00\",\"inLanguage\":\"es-AR\",\"potentialAction\":[{\"@type\":\"ReadAction\",\"target\":[\"https:\\\/\\\/www.fica.unsl.edu.ar\\\/index.php\\\/agencia-idi-concurso-federal-de-ideas-proyecto-para-la-innovacion-tecnologica-y-reactivacion-economica\\\/\"]}]},{\"@type\":\"ImageObject\",\"inLanguage\":\"es-AR\",\"@id\":\"https:\\\/\\\/www.fica.unsl.edu.ar\\\/index.php\\\/agencia-idi-concurso-federal-de-ideas-proyecto-para-la-innovacion-tecnologica-y-reactivacion-economica\\\/#primaryimage\",\"url\":\"https:\\\/\\\/www.fica.unsl.edu.ar\\\/wp-content\\\/uploads\\\/2022\\\/02\\\/concurso-federal.jpg\",\"contentUrl\":\"https:\\\/\\\/www.fica.unsl.edu.ar\\\/wp-content\\\/uploads\\\/2022\\\/02\\\/concurso-federal.jpg\",\"width\":1152,\"height\":647},{\"@type\":\"WebSite\",\"@id\":\"https:\\\/\\\/www.fica.unsl.edu.ar\\\/#website\",\"url\":\"https:\\\/\\\/www.fica.unsl.edu.ar\\\/\",\"name\":\"Facultad de Ingenier\u00eda y Ciencias Agropecuarias\",\"description\":\"\",\"publisher\":{\"@id\":\"https:\\\/\\\/www.fica.unsl.edu.ar\\\/#organization\"},\"potentialAction\":[{\"@type\":\"SearchAction\",\"target\":{\"@type\":\"EntryPoint\",\"urlTemplate\":\"https:\\\/\\\/www.fica.unsl.edu.ar\\\/?s={search_term_string}\"},\"query-input\":{\"@type\":\"PropertyValueSpecification\",\"valueRequired\":true,\"valueName\":\"search_term_string\"}}],\"inLanguage\":\"es-AR\"},{\"@type\":\"Organization\",\"@id\":\"https:\\\/\\\/www.fica.unsl.edu.ar\\\/#organization\",\"name\":\"Facultad de Ingenier\u00eda y Ciencias Agropecuarias\",\"url\":\"https:\\\/\\\/www.fica.unsl.edu.ar\\\/\",\"logo\":{\"@type\":\"ImageObject\",\"inLanguage\":\"es-AR\",\"@id\":\"https:\\\/\\\/www.fica.unsl.edu.ar\\\/#\\\/schema\\\/logo\\\/image\\\/\",\"url\":\"https:\\\/\\\/www.fica.unsl.edu.ar\\\/wp-content\\\/uploads\\\/2021\\\/03\\\/LOGO-1.jpg\",\"contentUrl\":\"https:\\\/\\\/www.fica.unsl.edu.ar\\\/wp-content\\\/uploads\\\/2021\\\/03\\\/LOGO-1.jpg\",\"width\":463,\"height\":145,\"caption\":\"Facultad de Ingenier\u00eda y Ciencias Agropecuarias\"},\"image\":{\"@id\":\"https:\\\/\\\/www.fica.unsl.edu.ar\\\/#\\\/schema\\\/logo\\\/image\\\/\"},\"sameAs\":[\"https:\\\/\\\/www.facebook.com\\\/FICA.UNSL\\\/\",\"https:\\\/\\\/x.com\\\/FICAUNSL\",\"https:\\\/\\\/www.instagram.com\\\/fica.unsl\\\/\",\"https:\\\/\\\/www.youtube.com\\\/channel\\\/UCs2MM53gb2PyBrMySdtWZDQ\"]},{\"@type\":\"Person\",\"@id\":\"https:\\\/\\\/www.fica.unsl.edu.ar\\\/#\\\/schema\\\/person\\\/6058f9c66301868d3a691b1f5d6c3544\",\"name\":\"DATI\"}]}<\/script>\n<!-- \/ Yoast SEO plugin. -->","yoast_head_json":{"title":"Agencia I+D+i: Concurso Federal de Ideas-Proyecto para la Innovaci\u00f3n Tecnol\u00f3gica y Reactivaci\u00f3n Econ\u00f3mica. - Facultad de Ingenier\u00eda y Ciencias Agropecuarias","robots":{"index":"index","follow":"follow","max-snippet":"max-snippet:-1","max-image-preview":"max-image-preview:large","max-video-preview":"max-video-preview:-1"},"canonical":"https:\/\/www.fica.unsl.edu.ar\/index.php\/agencia-idi-concurso-federal-de-ideas-proyecto-para-la-innovacion-tecnologica-y-reactivacion-economica\/","og_locale":"es_ES","og_type":"article","og_title":"Agencia I+D+i: Concurso Federal de Ideas-Proyecto para la Innovaci\u00f3n Tecnol\u00f3gica y Reactivaci\u00f3n Econ\u00f3mica. - Facultad de Ingenier\u00eda y Ciencias Agropecuarias","og_description":"La Agencia Nacional de Promoci\u00f3n de la Investigaci\u00f3n, el Desarrollo Tecnol\u00f3gico y la Innovaci\u00f3n (Agencia I+D+i ) invita a participar del Concurso Federal de Ideas-Proyecto&hellip;","og_url":"https:\/\/www.fica.unsl.edu.ar\/index.php\/agencia-idi-concurso-federal-de-ideas-proyecto-para-la-innovacion-tecnologica-y-reactivacion-economica\/","og_site_name":"Facultad de Ingenier\u00eda y Ciencias Agropecuarias","article_publisher":"https:\/\/www.facebook.com\/FICA.UNSL\/","article_published_time":"2022-02-11T21:20:01+00:00","og_image":[{"width":1152,"height":647,"url":"https:\/\/www.fica.unsl.edu.ar\/wp-content\/uploads\/2022\/02\/concurso-federal.jpg","type":"image\/jpeg"}],"author":"DATI","twitter_card":"summary_large_image","twitter_creator":"@FICAUNSL","twitter_site":"@FICAUNSL","twitter_misc":{"Escrito por":"DATI","Tiempo de lectura":"2 minutos"},"schema":{"@context":"https:\/\/schema.org","@graph":[{"@type":"Article","@id":"https:\/\/www.fica.unsl.edu.ar\/index.php\/agencia-idi-concurso-federal-de-ideas-proyecto-para-la-innovacion-tecnologica-y-reactivacion-economica\/#article","isPartOf":{"@id":"https:\/\/www.fica.unsl.edu.ar\/index.php\/agencia-idi-concurso-federal-de-ideas-proyecto-para-la-innovacion-tecnologica-y-reactivacion-economica\/"},"author":{"name":"DATI","@id":"https:\/\/www.fica.unsl.edu.ar\/#\/schema\/person\/6058f9c66301868d3a691b1f5d6c3544"},"headline":"Agencia I+D+i: Concurso Federal de Ideas-Proyecto para la Innovaci\u00f3n Tecnol\u00f3gica y Reactivaci\u00f3n Econ\u00f3mica.","datePublished":"2022-02-11T21:20:01+00:00","mainEntityOfPage":{"@id":"https:\/\/www.fica.unsl.edu.ar\/index.php\/agencia-idi-concurso-federal-de-ideas-proyecto-para-la-innovacion-tecnologica-y-reactivacion-economica\/"},"wordCount":356,"publisher":{"@id":"https:\/\/www.fica.unsl.edu.ar\/#organization"},"image":{"@id":"https:\/\/www.fica.unsl.edu.ar\/index.php\/agencia-idi-concurso-federal-de-ideas-proyecto-para-la-innovacion-tecnologica-y-reactivacion-economica\/#primaryimage"},"thumbnailUrl":"https:\/\/www.fica.unsl.edu.ar\/wp-content\/uploads\/2022\/02\/concurso-federal.jpg","articleSection":["Noticias"],"inLanguage":"es-AR"},{"@type":"WebPage","@id":"https:\/\/www.fica.unsl.edu.ar\/index.php\/agencia-idi-concurso-federal-de-ideas-proyecto-para-la-innovacion-tecnologica-y-reactivacion-economica\/","url":"https:\/\/www.fica.unsl.edu.ar\/index.php\/agencia-idi-concurso-federal-de-ideas-proyecto-para-la-innovacion-tecnologica-y-reactivacion-economica\/","name":"Agencia I+D+i: Concurso Federal de Ideas-Proyecto para la Innovaci\u00f3n Tecnol\u00f3gica y Reactivaci\u00f3n Econ\u00f3mica. - Facultad de Ingenier\u00eda y Ciencias Agropecuarias","isPartOf":{"@id":"https:\/\/www.fica.unsl.edu.ar\/#website"},"primaryImageOfPage":{"@id":"https:\/\/www.fica.unsl.edu.ar\/index.php\/agencia-idi-concurso-federal-de-ideas-proyecto-para-la-innovacion-tecnologica-y-reactivacion-economica\/#primaryimage"},"image":{"@id":"https:\/\/www.fica.unsl.edu.ar\/index.php\/agencia-idi-concurso-federal-de-ideas-proyecto-para-la-innovacion-tecnologica-y-reactivacion-economica\/#primaryimage"},"thumbnailUrl":"https:\/\/www.fica.unsl.edu.ar\/wp-content\/uploads\/2022\/02\/concurso-federal.jpg","datePublished":"2022-02-11T21:20:01+00:00","inLanguage":"es-AR","potentialAction":[{"@type":"ReadAction","target":["https:\/\/www.fica.unsl.edu.ar\/index.php\/agencia-idi-concurso-federal-de-ideas-proyecto-para-la-innovacion-tecnologica-y-reactivacion-economica\/"]}]},{"@type":"ImageObject","inLanguage":"es-AR","@id":"https:\/\/www.fica.unsl.edu.ar\/index.php\/agencia-idi-concurso-federal-de-ideas-proyecto-para-la-innovacion-tecnologica-y-reactivacion-economica\/#primaryimage","url":"https:\/\/www.fica.unsl.edu.ar\/wp-content\/uploads\/2022\/02\/concurso-federal.jpg","contentUrl":"https:\/\/www.fica.unsl.edu.ar\/wp-content\/uploads\/2022\/02\/concurso-federal.jpg","width":1152,"height":647},{"@type":"WebSite","@id":"https:\/\/www.fica.unsl.edu.ar\/#website","url":"https:\/\/www.fica.unsl.edu.ar\/","name":"Facultad de Ingenier\u00eda y Ciencias Agropecuarias","description":"","publisher":{"@id":"https:\/\/www.fica.unsl.edu.ar\/#organization"},"potentialAction":[{"@type":"SearchAction","target":{"@type":"EntryPoint","urlTemplate":"https:\/\/www.fica.unsl.edu.ar\/?s={search_term_string}"},"query-input":{"@type":"PropertyValueSpecification","valueRequired":true,"valueName":"search_term_string"}}],"inLanguage":"es-AR"},{"@type":"Organization","@id":"https:\/\/www.fica.unsl.edu.ar\/#organization","name":"Facultad de Ingenier\u00eda y Ciencias Agropecuarias","url":"https:\/\/www.fica.unsl.edu.ar\/","logo":{"@type":"ImageObject","inLanguage":"es-AR","@id":"https:\/\/www.fica.unsl.edu.ar\/#\/schema\/logo\/image\/","url":"https:\/\/www.fica.unsl.edu.ar\/wp-content\/uploads\/2021\/03\/LOGO-1.jpg","contentUrl":"https:\/\/www.fica.unsl.edu.ar\/wp-content\/uploads\/2021\/03\/LOGO-1.jpg","width":463,"height":145,"caption":"Facultad de Ingenier\u00eda y Ciencias Agropecuarias"},"image":{"@id":"https:\/\/www.fica.unsl.edu.ar\/#\/schema\/logo\/image\/"},"sameAs":["https:\/\/www.facebook.com\/FICA.UNSL\/","https:\/\/x.com\/FICAUNSL","https:\/\/www.instagram.com\/fica.unsl\/","https:\/\/www.youtube.com\/channel\/UCs2MM53gb2PyBrMySdtWZDQ"]},{"@type":"Person","@id":"https:\/\/www.fica.unsl.edu.ar\/#\/schema\/person\/6058f9c66301868d3a691b1f5d6c3544","name":"DATI"}]}},"_links":{"self":[{"href":"https:\/\/www.fica.unsl.edu.ar\/index.php\/wp-json\/wp\/v2\/posts\/8257","targetHints":{"allow":["GET"]}}],"collection":[{"href":"https:\/\/www.fica.unsl.edu.ar\/index.php\/wp-json\/wp\/v2\/posts"}],"about":[{"href":"https:\/\/www.fica.unsl.edu.ar\/index.php\/wp-json\/wp\/v2\/types\/post"}],"author":[{"embeddable":true,"href":"https:\/\/www.fica.unsl.edu.ar\/index.php\/wp-json\/wp\/v2\/users\/9"}],"replies":[{"embeddable":true,"href":"https:\/\/www.fica.unsl.edu.ar\/index.php\/wp-json\/wp\/v2\/comments?post=8257"}],"version-history":[{"count":1,"href":"https:\/\/www.fica.unsl.edu.ar\/index.php\/wp-json\/wp\/v2\/posts\/8257\/revisions"}],"predecessor-version":[{"id":8259,"href":"https:\/\/www.fica.unsl.edu.ar\/index.php\/wp-json\/wp\/v2\/posts\/8257\/revisions\/8259"}],"wp:featuredmedia":[{"embeddable":true,"href":"https:\/\/www.fica.unsl.edu.ar\/index.php\/wp-json\/wp\/v2\/media\/8258"}],"wp:attachment":[{"href":"https:\/\/www.fica.unsl.edu.ar\/index.php\/wp-json\/wp\/v2\/media?parent=8257"}],"wp:term":[{"taxonomy":"category","embeddable":true,"href":"https:\/\/www.fica.unsl.edu.ar\/index.php\/wp-json\/wp\/v2\/categories?post=8257"},{"taxonomy":"post_tag","embeddable":true,"href":"https:\/\/www.fica.unsl.edu.ar\/index.php\/wp-json\/wp\/v2\/tags?post=8257"}],"curies":[{"name":"wp","href":"https:\/\/api.w.org\/{rel}","templated":true}]}}