{"id":8372,"date":"2022-02-25T09:57:30","date_gmt":"2022-02-25T12:57:30","guid":{"rendered":"http:\/\/10.101.10.196\/www\/?p=8372"},"modified":"2022-03-25T08:28:16","modified_gmt":"2022-03-25T11:28:16","slug":"generar-vocaciones-sostenibles-en-escuelas-secundarias","status":"publish","type":"post","link":"https:\/\/www.fica.unsl.edu.ar\/index.php\/generar-vocaciones-sostenibles-en-escuelas-secundarias\/","title":{"rendered":"Generar vocaciones sostenibles en escuelas secundarias"},"content":{"rendered":"<p>Tres proyectos de extensi\u00f3n de la FICA fueron seleccionados por la Secretar\u00eda de Pol\u00edticas Universitarias de la Naci\u00f3n (SPU) en sus tres \u00faltimas convocatorias nacionales que impulsan el financiamiento de Proyectos de Extensi\u00f3n Universitaria y Voluntariado Universitario.<\/p>\n<p>Uno de los proyectos elegidos fue la propuesta \u201cGenerar vocaciones sostenibles\u201d, presentada por el Dr. Guillermo Catuogno en la convocatoria \u201cSigamos estudiando\u201d, iniciativa que busca financiar proyectos de voluntariado que fortalezcan las trayectorias y la ense\u00f1anza en la educaci\u00f3n secundaria e incentiven el compromiso social de estudiantes.<\/p>\n<p>El proyecto \u201cGenerar vocaciones sostenibles\u201d tiene como objetivo desarrollar herramientas educativas en escuelas secundarias para la formaci\u00f3n de profesionales con un criterio enfocado a la resoluci\u00f3n de problemas, como a la captaci\u00f3n de potenciales oportunidades en la innovaci\u00f3n de las aplicaciones de las energ\u00edas renovables y su desarrollo sostenible. Implementar\u00e1 conceptos y mejores pr\u00e1cticas en energ\u00edas renovables; y tambi\u00e9n el desarrollo y construcci\u00f3n de dispositivos open-source de bajo costo para futuras aplicaciones en proyectos tecnol\u00f3gicos-sociales de la L\u00ednea de Electrificaci\u00f3n Aislada Sostenible (LEAS).<\/p>\n<p><img fetchpriority=\"high\" decoding=\"async\" class=\"aligncenter size-full wp-image-8373\" src=\"https:\/\/www.fica.unsl.edu.ar\/wp-content\/uploads\/2022\/02\/generar-vocaciones-02.jpg\" alt=\"\" width=\"1040\" height=\"585\" srcset=\"https:\/\/www.fica.unsl.edu.ar\/wp-content\/uploads\/2022\/02\/generar-vocaciones-02.jpg 1040w, https:\/\/www.fica.unsl.edu.ar\/wp-content\/uploads\/2022\/02\/generar-vocaciones-02-300x169.jpg 300w, https:\/\/www.fica.unsl.edu.ar\/wp-content\/uploads\/2022\/02\/generar-vocaciones-02-1024x576.jpg 1024w, https:\/\/www.fica.unsl.edu.ar\/wp-content\/uploads\/2022\/02\/generar-vocaciones-02-768x432.jpg 768w\" sizes=\"(max-width: 1040px) 100vw, 1040px\" \/><\/p>\n<p>Esta iniciativa propone abordar dos problem\u00e1ticas: la primera es la de trabajar con j\u00f3venes de los \u00faltimos a\u00f1os de las escuelas con diferentes objetivos, como desarrollar una conciencia sostenible, proveer de nuevas herramientas tecnol\u00f3gicas, despertar vocaciones y acercar los estudiantes a la universidad y por \u00faltimo que los chicos participen de una actividad social en parajes rurales.<br \/>\nMientras que la segunda plantea lograr atender necesidades de comunidades vulnerables mediante la implementaci\u00f3n de proyectos de electrificaci\u00f3n rural, desarrollada por los mismos estudiantes.<\/p>\n<p>Los cursos se fundamentan en un programa de educaci\u00f3n no formal, extraescolar y gratuito que fomenta en los j\u00f3venes el desarrollo de habilidades, vocaciones y talentos a trav\u00e9s de los m\u00faltiples recursos que ofrece la tecnolog\u00eda. Estos cursos tienen la tecnolog\u00eda como herramienta principal y su implementaci\u00f3n en proyectos tecnol\u00f3gicos sociales en parajes rurales, por el que han pasado alrededor de 400 j\u00f3venes.<\/p>\n<p>Escuelas destinatarias<\/p>\n<ul>\n<li>Escuela T\u00e9cnica N 26 Gobernador Elias Andre (Concaran, San Luis)<\/li>\n<li>Escuela T\u00e9cnica N 37 Ing. German Lallermant (Juana Joslay, San Luis)<\/li>\n<li>Escuela T\u00e9cnica N 4 Fray Luis Beltran (San Luis, San Luis)<\/li>\n<\/ul>\n<p>&nbsp;<\/p>\n","protected":false},"excerpt":{"rendered":"<p>Tres proyectos de extensi\u00f3n de la FICA fueron seleccionados por la Secretar\u00eda de Pol\u00edticas Universitarias de la Naci\u00f3n (SPU) en sus tres \u00faltimas convocatorias nacionales&hellip;<\/p>\n","protected":false},"author":9,"featured_media":8374,"comment_status":"closed","ping_status":"closed","sticky":false,"template":"","format":"standard","meta":{"_monsterinsights_skip_tracking":false,"_monsterinsights_sitenote_active":false,"_monsterinsights_sitenote_note":"","_monsterinsights_sitenote_category":0,"_joinchat":[],"footnotes":""},"categories":[19],"tags":[],"class_list":["post-8372","post","type-post","status-publish","format-standard","has-post-thumbnail","hentry","category-noticias"],"yoast_head":"<!-- This site is optimized with the Yoast SEO plugin v27.4 - https:\/\/yoast.com\/product\/yoast-seo-wordpress\/ -->\n<title>Generar vocaciones sostenibles en escuelas secundarias - Facultad de Ingenier\u00eda y Ciencias Agropecuarias<\/title>\n<meta name=\"robots\" content=\"index, follow, max-snippet:-1, max-image-preview:large, max-video-preview:-1\" \/>\n<link rel=\"canonical\" href=\"https:\/\/www.fica.unsl.edu.ar\/index.php\/generar-vocaciones-sostenibles-en-escuelas-secundarias\/\" \/>\n<meta property=\"og:locale\" content=\"es_ES\" \/>\n<meta property=\"og:type\" content=\"article\" \/>\n<meta property=\"og:title\" content=\"Generar vocaciones sostenibles en escuelas secundarias - Facultad de Ingenier\u00eda y Ciencias Agropecuarias\" \/>\n<meta property=\"og:description\" content=\"Tres proyectos de extensi\u00f3n de la FICA fueron seleccionados por la Secretar\u00eda de Pol\u00edticas Universitarias de la Naci\u00f3n (SPU) en sus tres \u00faltimas convocatorias nacionales&hellip;\" \/>\n<meta property=\"og:url\" content=\"https:\/\/www.fica.unsl.edu.ar\/index.php\/generar-vocaciones-sostenibles-en-escuelas-secundarias\/\" \/>\n<meta property=\"og:site_name\" content=\"Facultad de Ingenier\u00eda y Ciencias Agropecuarias\" \/>\n<meta property=\"article:publisher\" content=\"https:\/\/www.facebook.com\/FICA.UNSL\/\" \/>\n<meta property=\"article:published_time\" content=\"2022-02-25T12:57:30+00:00\" \/>\n<meta property=\"article:modified_time\" content=\"2022-03-25T11:28:16+00:00\" \/>\n<meta property=\"og:image\" content=\"https:\/\/www.fica.unsl.edu.ar\/wp-content\/uploads\/2022\/02\/generar-vocaciones-front.jpg\" \/>\n\t<meta property=\"og:image:width\" content=\"1061\" \/>\n\t<meta property=\"og:image:height\" content=\"600\" \/>\n\t<meta property=\"og:image:type\" content=\"image\/jpeg\" \/>\n<meta name=\"author\" content=\"DATI\" \/>\n<meta name=\"twitter:card\" content=\"summary_large_image\" \/>\n<meta name=\"twitter:creator\" content=\"@FICAUNSL\" \/>\n<meta name=\"twitter:site\" content=\"@FICAUNSL\" \/>\n<meta name=\"twitter:label1\" content=\"Escrito por\" \/>\n\t<meta name=\"twitter:data1\" content=\"DATI\" \/>\n\t<meta name=\"twitter:label2\" content=\"Tiempo de lectura\" \/>\n\t<meta name=\"twitter:data2\" content=\"2 minutos\" \/>\n<script type=\"application\/ld+json\" class=\"yoast-schema-graph\">{\"@context\":\"https:\\\/\\\/schema.org\",\"@graph\":[{\"@type\":\"Article\",\"@id\":\"https:\\\/\\\/www.fica.unsl.edu.ar\\\/index.php\\\/generar-vocaciones-sostenibles-en-escuelas-secundarias\\\/#article\",\"isPartOf\":{\"@id\":\"https:\\\/\\\/www.fica.unsl.edu.ar\\\/index.php\\\/generar-vocaciones-sostenibles-en-escuelas-secundarias\\\/\"},\"author\":{\"name\":\"DATI\",\"@id\":\"https:\\\/\\\/www.fica.unsl.edu.ar\\\/#\\\/schema\\\/person\\\/6058f9c66301868d3a691b1f5d6c3544\"},\"headline\":\"Generar vocaciones sostenibles en escuelas secundarias\",\"datePublished\":\"2022-02-25T12:57:30+00:00\",\"dateModified\":\"2022-03-25T11:28:16+00:00\",\"mainEntityOfPage\":{\"@id\":\"https:\\\/\\\/www.fica.unsl.edu.ar\\\/index.php\\\/generar-vocaciones-sostenibles-en-escuelas-secundarias\\\/\"},\"wordCount\":385,\"publisher\":{\"@id\":\"https:\\\/\\\/www.fica.unsl.edu.ar\\\/#organization\"},\"image\":{\"@id\":\"https:\\\/\\\/www.fica.unsl.edu.ar\\\/index.php\\\/generar-vocaciones-sostenibles-en-escuelas-secundarias\\\/#primaryimage\"},\"thumbnailUrl\":\"https:\\\/\\\/www.fica.unsl.edu.ar\\\/wp-content\\\/uploads\\\/2022\\\/02\\\/generar-vocaciones-front.jpg\",\"articleSection\":[\"Noticias\"],\"inLanguage\":\"es-AR\"},{\"@type\":\"WebPage\",\"@id\":\"https:\\\/\\\/www.fica.unsl.edu.ar\\\/index.php\\\/generar-vocaciones-sostenibles-en-escuelas-secundarias\\\/\",\"url\":\"https:\\\/\\\/www.fica.unsl.edu.ar\\\/index.php\\\/generar-vocaciones-sostenibles-en-escuelas-secundarias\\\/\",\"name\":\"Generar vocaciones sostenibles en escuelas secundarias - Facultad de Ingenier\u00eda y Ciencias Agropecuarias\",\"isPartOf\":{\"@id\":\"https:\\\/\\\/www.fica.unsl.edu.ar\\\/#website\"},\"primaryImageOfPage\":{\"@id\":\"https:\\\/\\\/www.fica.unsl.edu.ar\\\/index.php\\\/generar-vocaciones-sostenibles-en-escuelas-secundarias\\\/#primaryimage\"},\"image\":{\"@id\":\"https:\\\/\\\/www.fica.unsl.edu.ar\\\/index.php\\\/generar-vocaciones-sostenibles-en-escuelas-secundarias\\\/#primaryimage\"},\"thumbnailUrl\":\"https:\\\/\\\/www.fica.unsl.edu.ar\\\/wp-content\\\/uploads\\\/2022\\\/02\\\/generar-vocaciones-front.jpg\",\"datePublished\":\"2022-02-25T12:57:30+00:00\",\"dateModified\":\"2022-03-25T11:28:16+00:00\",\"inLanguage\":\"es-AR\",\"potentialAction\":[{\"@type\":\"ReadAction\",\"target\":[\"https:\\\/\\\/www.fica.unsl.edu.ar\\\/index.php\\\/generar-vocaciones-sostenibles-en-escuelas-secundarias\\\/\"]}]},{\"@type\":\"ImageObject\",\"inLanguage\":\"es-AR\",\"@id\":\"https:\\\/\\\/www.fica.unsl.edu.ar\\\/index.php\\\/generar-vocaciones-sostenibles-en-escuelas-secundarias\\\/#primaryimage\",\"url\":\"https:\\\/\\\/www.fica.unsl.edu.ar\\\/wp-content\\\/uploads\\\/2022\\\/02\\\/generar-vocaciones-front.jpg\",\"contentUrl\":\"https:\\\/\\\/www.fica.unsl.edu.ar\\\/wp-content\\\/uploads\\\/2022\\\/02\\\/generar-vocaciones-front.jpg\",\"width\":1061,\"height\":600},{\"@type\":\"WebSite\",\"@id\":\"https:\\\/\\\/www.fica.unsl.edu.ar\\\/#website\",\"url\":\"https:\\\/\\\/www.fica.unsl.edu.ar\\\/\",\"name\":\"Facultad de Ingenier\u00eda y Ciencias Agropecuarias\",\"description\":\"\",\"publisher\":{\"@id\":\"https:\\\/\\\/www.fica.unsl.edu.ar\\\/#organization\"},\"potentialAction\":[{\"@type\":\"SearchAction\",\"target\":{\"@type\":\"EntryPoint\",\"urlTemplate\":\"https:\\\/\\\/www.fica.unsl.edu.ar\\\/?s={search_term_string}\"},\"query-input\":{\"@type\":\"PropertyValueSpecification\",\"valueRequired\":true,\"valueName\":\"search_term_string\"}}],\"inLanguage\":\"es-AR\"},{\"@type\":\"Organization\",\"@id\":\"https:\\\/\\\/www.fica.unsl.edu.ar\\\/#organization\",\"name\":\"Facultad de Ingenier\u00eda y Ciencias Agropecuarias\",\"url\":\"https:\\\/\\\/www.fica.unsl.edu.ar\\\/\",\"logo\":{\"@type\":\"ImageObject\",\"inLanguage\":\"es-AR\",\"@id\":\"https:\\\/\\\/www.fica.unsl.edu.ar\\\/#\\\/schema\\\/logo\\\/image\\\/\",\"url\":\"https:\\\/\\\/www.fica.unsl.edu.ar\\\/wp-content\\\/uploads\\\/2021\\\/03\\\/LOGO-1.jpg\",\"contentUrl\":\"https:\\\/\\\/www.fica.unsl.edu.ar\\\/wp-content\\\/uploads\\\/2021\\\/03\\\/LOGO-1.jpg\",\"width\":463,\"height\":145,\"caption\":\"Facultad de Ingenier\u00eda y Ciencias Agropecuarias\"},\"image\":{\"@id\":\"https:\\\/\\\/www.fica.unsl.edu.ar\\\/#\\\/schema\\\/logo\\\/image\\\/\"},\"sameAs\":[\"https:\\\/\\\/www.facebook.com\\\/FICA.UNSL\\\/\",\"https:\\\/\\\/x.com\\\/FICAUNSL\",\"https:\\\/\\\/www.instagram.com\\\/fica.unsl\\\/\",\"https:\\\/\\\/www.youtube.com\\\/channel\\\/UCs2MM53gb2PyBrMySdtWZDQ\"]},{\"@type\":\"Person\",\"@id\":\"https:\\\/\\\/www.fica.unsl.edu.ar\\\/#\\\/schema\\\/person\\\/6058f9c66301868d3a691b1f5d6c3544\",\"name\":\"DATI\"}]}<\/script>\n<!-- \/ Yoast SEO plugin. -->","yoast_head_json":{"title":"Generar vocaciones sostenibles en escuelas secundarias - Facultad de Ingenier\u00eda y Ciencias Agropecuarias","robots":{"index":"index","follow":"follow","max-snippet":"max-snippet:-1","max-image-preview":"max-image-preview:large","max-video-preview":"max-video-preview:-1"},"canonical":"https:\/\/www.fica.unsl.edu.ar\/index.php\/generar-vocaciones-sostenibles-en-escuelas-secundarias\/","og_locale":"es_ES","og_type":"article","og_title":"Generar vocaciones sostenibles en escuelas secundarias - Facultad de Ingenier\u00eda y Ciencias Agropecuarias","og_description":"Tres proyectos de extensi\u00f3n de la FICA fueron seleccionados por la Secretar\u00eda de Pol\u00edticas Universitarias de la Naci\u00f3n (SPU) en sus tres \u00faltimas convocatorias nacionales&hellip;","og_url":"https:\/\/www.fica.unsl.edu.ar\/index.php\/generar-vocaciones-sostenibles-en-escuelas-secundarias\/","og_site_name":"Facultad de Ingenier\u00eda y Ciencias Agropecuarias","article_publisher":"https:\/\/www.facebook.com\/FICA.UNSL\/","article_published_time":"2022-02-25T12:57:30+00:00","article_modified_time":"2022-03-25T11:28:16+00:00","og_image":[{"width":1061,"height":600,"url":"https:\/\/www.fica.unsl.edu.ar\/wp-content\/uploads\/2022\/02\/generar-vocaciones-front.jpg","type":"image\/jpeg"}],"author":"DATI","twitter_card":"summary_large_image","twitter_creator":"@FICAUNSL","twitter_site":"@FICAUNSL","twitter_misc":{"Escrito por":"DATI","Tiempo de lectura":"2 minutos"},"schema":{"@context":"https:\/\/schema.org","@graph":[{"@type":"Article","@id":"https:\/\/www.fica.unsl.edu.ar\/index.php\/generar-vocaciones-sostenibles-en-escuelas-secundarias\/#article","isPartOf":{"@id":"https:\/\/www.fica.unsl.edu.ar\/index.php\/generar-vocaciones-sostenibles-en-escuelas-secundarias\/"},"author":{"name":"DATI","@id":"https:\/\/www.fica.unsl.edu.ar\/#\/schema\/person\/6058f9c66301868d3a691b1f5d6c3544"},"headline":"Generar vocaciones sostenibles en escuelas secundarias","datePublished":"2022-02-25T12:57:30+00:00","dateModified":"2022-03-25T11:28:16+00:00","mainEntityOfPage":{"@id":"https:\/\/www.fica.unsl.edu.ar\/index.php\/generar-vocaciones-sostenibles-en-escuelas-secundarias\/"},"wordCount":385,"publisher":{"@id":"https:\/\/www.fica.unsl.edu.ar\/#organization"},"image":{"@id":"https:\/\/www.fica.unsl.edu.ar\/index.php\/generar-vocaciones-sostenibles-en-escuelas-secundarias\/#primaryimage"},"thumbnailUrl":"https:\/\/www.fica.unsl.edu.ar\/wp-content\/uploads\/2022\/02\/generar-vocaciones-front.jpg","articleSection":["Noticias"],"inLanguage":"es-AR"},{"@type":"WebPage","@id":"https:\/\/www.fica.unsl.edu.ar\/index.php\/generar-vocaciones-sostenibles-en-escuelas-secundarias\/","url":"https:\/\/www.fica.unsl.edu.ar\/index.php\/generar-vocaciones-sostenibles-en-escuelas-secundarias\/","name":"Generar vocaciones sostenibles en escuelas secundarias - Facultad de Ingenier\u00eda y Ciencias Agropecuarias","isPartOf":{"@id":"https:\/\/www.fica.unsl.edu.ar\/#website"},"primaryImageOfPage":{"@id":"https:\/\/www.fica.unsl.edu.ar\/index.php\/generar-vocaciones-sostenibles-en-escuelas-secundarias\/#primaryimage"},"image":{"@id":"https:\/\/www.fica.unsl.edu.ar\/index.php\/generar-vocaciones-sostenibles-en-escuelas-secundarias\/#primaryimage"},"thumbnailUrl":"https:\/\/www.fica.unsl.edu.ar\/wp-content\/uploads\/2022\/02\/generar-vocaciones-front.jpg","datePublished":"2022-02-25T12:57:30+00:00","dateModified":"2022-03-25T11:28:16+00:00","inLanguage":"es-AR","potentialAction":[{"@type":"ReadAction","target":["https:\/\/www.fica.unsl.edu.ar\/index.php\/generar-vocaciones-sostenibles-en-escuelas-secundarias\/"]}]},{"@type":"ImageObject","inLanguage":"es-AR","@id":"https:\/\/www.fica.unsl.edu.ar\/index.php\/generar-vocaciones-sostenibles-en-escuelas-secundarias\/#primaryimage","url":"https:\/\/www.fica.unsl.edu.ar\/wp-content\/uploads\/2022\/02\/generar-vocaciones-front.jpg","contentUrl":"https:\/\/www.fica.unsl.edu.ar\/wp-content\/uploads\/2022\/02\/generar-vocaciones-front.jpg","width":1061,"height":600},{"@type":"WebSite","@id":"https:\/\/www.fica.unsl.edu.ar\/#website","url":"https:\/\/www.fica.unsl.edu.ar\/","name":"Facultad de Ingenier\u00eda y Ciencias Agropecuarias","description":"","publisher":{"@id":"https:\/\/www.fica.unsl.edu.ar\/#organization"},"potentialAction":[{"@type":"SearchAction","target":{"@type":"EntryPoint","urlTemplate":"https:\/\/www.fica.unsl.edu.ar\/?s={search_term_string}"},"query-input":{"@type":"PropertyValueSpecification","valueRequired":true,"valueName":"search_term_string"}}],"inLanguage":"es-AR"},{"@type":"Organization","@id":"https:\/\/www.fica.unsl.edu.ar\/#organization","name":"Facultad de Ingenier\u00eda y Ciencias Agropecuarias","url":"https:\/\/www.fica.unsl.edu.ar\/","logo":{"@type":"ImageObject","inLanguage":"es-AR","@id":"https:\/\/www.fica.unsl.edu.ar\/#\/schema\/logo\/image\/","url":"https:\/\/www.fica.unsl.edu.ar\/wp-content\/uploads\/2021\/03\/LOGO-1.jpg","contentUrl":"https:\/\/www.fica.unsl.edu.ar\/wp-content\/uploads\/2021\/03\/LOGO-1.jpg","width":463,"height":145,"caption":"Facultad de Ingenier\u00eda y Ciencias Agropecuarias"},"image":{"@id":"https:\/\/www.fica.unsl.edu.ar\/#\/schema\/logo\/image\/"},"sameAs":["https:\/\/www.facebook.com\/FICA.UNSL\/","https:\/\/x.com\/FICAUNSL","https:\/\/www.instagram.com\/fica.unsl\/","https:\/\/www.youtube.com\/channel\/UCs2MM53gb2PyBrMySdtWZDQ"]},{"@type":"Person","@id":"https:\/\/www.fica.unsl.edu.ar\/#\/schema\/person\/6058f9c66301868d3a691b1f5d6c3544","name":"DATI"}]}},"_links":{"self":[{"href":"https:\/\/www.fica.unsl.edu.ar\/index.php\/wp-json\/wp\/v2\/posts\/8372","targetHints":{"allow":["GET"]}}],"collection":[{"href":"https:\/\/www.fica.unsl.edu.ar\/index.php\/wp-json\/wp\/v2\/posts"}],"about":[{"href":"https:\/\/www.fica.unsl.edu.ar\/index.php\/wp-json\/wp\/v2\/types\/post"}],"author":[{"embeddable":true,"href":"https:\/\/www.fica.unsl.edu.ar\/index.php\/wp-json\/wp\/v2\/users\/9"}],"replies":[{"embeddable":true,"href":"https:\/\/www.fica.unsl.edu.ar\/index.php\/wp-json\/wp\/v2\/comments?post=8372"}],"version-history":[{"count":5,"href":"https:\/\/www.fica.unsl.edu.ar\/index.php\/wp-json\/wp\/v2\/posts\/8372\/revisions"}],"predecessor-version":[{"id":8393,"href":"https:\/\/www.fica.unsl.edu.ar\/index.php\/wp-json\/wp\/v2\/posts\/8372\/revisions\/8393"}],"wp:featuredmedia":[{"embeddable":true,"href":"https:\/\/www.fica.unsl.edu.ar\/index.php\/wp-json\/wp\/v2\/media\/8374"}],"wp:attachment":[{"href":"https:\/\/www.fica.unsl.edu.ar\/index.php\/wp-json\/wp\/v2\/media?parent=8372"}],"wp:term":[{"taxonomy":"category","embeddable":true,"href":"https:\/\/www.fica.unsl.edu.ar\/index.php\/wp-json\/wp\/v2\/categories?post=8372"},{"taxonomy":"post_tag","embeddable":true,"href":"https:\/\/www.fica.unsl.edu.ar\/index.php\/wp-json\/wp\/v2\/tags?post=8372"}],"curies":[{"name":"wp","href":"https:\/\/api.w.org\/{rel}","templated":true}]}}