{"id":8465,"date":"2022-03-04T12:30:33","date_gmt":"2022-03-04T15:30:33","guid":{"rendered":"http:\/\/10.101.10.196\/www\/?p=8465"},"modified":"2022-03-15T13:37:38","modified_gmt":"2022-03-15T16:37:38","slug":"jornada-luchas-y-conquistas-de-las-mujeres-el-arte-como-construccion-colectiva","status":"publish","type":"post","link":"https:\/\/www.fica.unsl.edu.ar\/index.php\/jornada-luchas-y-conquistas-de-las-mujeres-el-arte-como-construccion-colectiva\/","title":{"rendered":"Jornada \u201cLuchas y conquistas de las mujeres. El arte como construcci\u00f3n colectiva&#8221;"},"content":{"rendered":"<p>La Secretar\u00eda de Extensi\u00f3n Universitaria de la FCEJS invita a la comunidad a la Jornada \u201cLuchas y conquistas de las mujeres. El arte como construcci\u00f3n colectiva&#8221;, que se llevar\u00e1 a cabo el 7 y 9 de marzo de 2022, en el marco del D\u00eda Internacional de la Mujer, que se conmemora el 8 de marzo.<\/p>\n<p>Organizada por la Secretar\u00eda de Extensi\u00f3n Universitaria junto al Programa G\u00e9nero, Sociedad, Universidad de la FCEJS, este encuentro constar\u00e1 de dos instancias a desarrollarse\u00a0 en el edificio central del Campus Universitario.<\/p>\n<p>El primer encuentro tendr\u00e1 lugar el lunes 7 de marzo, de 17 a 20 horas en el aula 3, en el cual se realizar\u00e1 un \u201cTaller de reflexi\u00f3n colectiva y dise\u00f1o de la pancarta mural\u201d. Mientras que, en la jornada de cierre, a realizarse el mi\u00e9rcoles 9 de marzo de 16 a 20 horas en el buffet de la planta baja, se llevar\u00e1 a cabo la pintura de la pancarta conmemorativa. Intervendr\u00e1n Lucero Gomez Cruz (Lecturas &#8211; Biblioteca Popular Esteban Ag\u00fcero) y Las Violetas (m\u00fasica y resistencia).<\/p>\n<p>Esta actividad de extensi\u00f3n libre y no arancelada, es dirigida a toda la comunidad y tiene como finalidad reflexionar sobre los significados del 8 de marzo en el a\u00f1o 2022, las conquistas y las que quedan por obtener potenciando el sentido de las luchas a trav\u00e9s del arte.<br \/>\nPropone abrir un proceso creador de sentido para construir identidad desde una experiencia art\u00edstica que visibilice conquistas qu\u00e9 tantas mujeres llevaron adelante en el pa\u00eds. Tomar\u00e1 fechas fundamentales de la historia para visibilizar el protagonismo y la lucha de resistencia en cada territorio. Este proceso se ver\u00e1 acompa\u00f1ado de las lecturas de mujeres de la comunidad y m\u00fasica de grupos que representan y encabezan la lucha por los derechos de las mujeres.<\/p>\n<p>El arte con sus diferentes lenguajes se plantea como un disparador de reflexi\u00f3n y de construcci\u00f3n de sentido. Se invitar\u00e1 a todos los claustros de la Facultad y p\u00fablico en general a sumarse a la realizaci\u00f3n del mural pancarta, en el pegado de papeles con sus referentes de lucha, pensamientos, experiencias generando un espacio que facilite el encuentro y la creaci\u00f3n colectiva. Se crear\u00e1 un hecho art\u00edstico m\u00f3vil que es profundamente pol\u00edtico, instalando espacios de debate y visibilizaci\u00f3n, procesos de deconstrucci\u00f3n e identificaci\u00f3n de conductas patriarcales, etc. Es un proceso abierto para sumar, incluir y potenciar la lucha por los derechos de las mujeres.<\/p>\n<p><img fetchpriority=\"high\" decoding=\"async\" class=\"aligncenter wp-image-7098 size-large\" src=\"https:\/\/www.fcejs.unsl.edu.ar\/wp-content\/uploads\/2022\/03\/flyer-jornada-8m-2022-1-819x1024.jpg\" alt=\"\" width=\"819\" height=\"1024\" \/><\/p>\n","protected":false},"excerpt":{"rendered":"<p>La Secretar\u00eda de Extensi\u00f3n Universitaria de la FCEJS invita a la comunidad a la Jornada \u201cLuchas y conquistas de las mujeres. El arte como construcci\u00f3n&hellip;<\/p>\n","protected":false},"author":9,"featured_media":8466,"comment_status":"closed","ping_status":"closed","sticky":false,"template":"","format":"standard","meta":{"_monsterinsights_skip_tracking":false,"_monsterinsights_sitenote_active":false,"_monsterinsights_sitenote_note":"","_monsterinsights_sitenote_category":0,"_joinchat":[],"footnotes":""},"categories":[19],"tags":[],"class_list":["post-8465","post","type-post","status-publish","format-standard","has-post-thumbnail","hentry","category-noticias"],"yoast_head":"<!-- This site is optimized with the Yoast SEO plugin v27.4 - https:\/\/yoast.com\/product\/yoast-seo-wordpress\/ -->\n<title>Jornada \u201cLuchas y conquistas de las mujeres. El arte como construcci\u00f3n colectiva&quot; - Facultad de Ingenier\u00eda y Ciencias Agropecuarias<\/title>\n<meta name=\"robots\" content=\"index, follow, max-snippet:-1, max-image-preview:large, max-video-preview:-1\" \/>\n<link rel=\"canonical\" href=\"https:\/\/www.fica.unsl.edu.ar\/index.php\/jornada-luchas-y-conquistas-de-las-mujeres-el-arte-como-construccion-colectiva\/\" \/>\n<meta property=\"og:locale\" content=\"es_ES\" \/>\n<meta property=\"og:type\" content=\"article\" \/>\n<meta property=\"og:title\" content=\"Jornada \u201cLuchas y conquistas de las mujeres. El arte como construcci\u00f3n colectiva&quot; - Facultad de Ingenier\u00eda y Ciencias Agropecuarias\" \/>\n<meta property=\"og:description\" content=\"La Secretar\u00eda de Extensi\u00f3n Universitaria de la FCEJS invita a la comunidad a la Jornada \u201cLuchas y conquistas de las mujeres. El arte como construcci\u00f3n&hellip;\" \/>\n<meta property=\"og:url\" content=\"https:\/\/www.fica.unsl.edu.ar\/index.php\/jornada-luchas-y-conquistas-de-las-mujeres-el-arte-como-construccion-colectiva\/\" \/>\n<meta property=\"og:site_name\" content=\"Facultad de Ingenier\u00eda y Ciencias Agropecuarias\" \/>\n<meta property=\"article:publisher\" content=\"https:\/\/www.facebook.com\/FICA.UNSL\/\" \/>\n<meta property=\"article:published_time\" content=\"2022-03-04T15:30:33+00:00\" \/>\n<meta property=\"article:modified_time\" content=\"2022-03-15T16:37:38+00:00\" \/>\n<meta property=\"og:image\" content=\"https:\/\/www.fica.unsl.edu.ar\/wp-content\/uploads\/2022\/03\/flyer-jornada-8m-2022-1-819x1024-1.jpg\" \/>\n\t<meta property=\"og:image:width\" content=\"819\" \/>\n\t<meta property=\"og:image:height\" content=\"1024\" \/>\n\t<meta property=\"og:image:type\" content=\"image\/jpeg\" \/>\n<meta name=\"author\" content=\"DATI\" \/>\n<meta name=\"twitter:card\" content=\"summary_large_image\" \/>\n<meta name=\"twitter:creator\" content=\"@FICAUNSL\" \/>\n<meta name=\"twitter:site\" content=\"@FICAUNSL\" \/>\n<meta name=\"twitter:label1\" content=\"Escrito por\" \/>\n\t<meta name=\"twitter:data1\" content=\"DATI\" \/>\n\t<meta name=\"twitter:label2\" content=\"Tiempo de lectura\" \/>\n\t<meta name=\"twitter:data2\" content=\"3 minutos\" \/>\n<script type=\"application\/ld+json\" class=\"yoast-schema-graph\">{\"@context\":\"https:\\\/\\\/schema.org\",\"@graph\":[{\"@type\":\"Article\",\"@id\":\"https:\\\/\\\/www.fica.unsl.edu.ar\\\/index.php\\\/jornada-luchas-y-conquistas-de-las-mujeres-el-arte-como-construccion-colectiva\\\/#article\",\"isPartOf\":{\"@id\":\"https:\\\/\\\/www.fica.unsl.edu.ar\\\/index.php\\\/jornada-luchas-y-conquistas-de-las-mujeres-el-arte-como-construccion-colectiva\\\/\"},\"author\":{\"name\":\"DATI\",\"@id\":\"https:\\\/\\\/www.fica.unsl.edu.ar\\\/#\\\/schema\\\/person\\\/6058f9c66301868d3a691b1f5d6c3544\"},\"headline\":\"Jornada \u201cLuchas y conquistas de las mujeres. El arte como construcci\u00f3n colectiva&#8221;\",\"datePublished\":\"2022-03-04T15:30:33+00:00\",\"dateModified\":\"2022-03-15T16:37:38+00:00\",\"mainEntityOfPage\":{\"@id\":\"https:\\\/\\\/www.fica.unsl.edu.ar\\\/index.php\\\/jornada-luchas-y-conquistas-de-las-mujeres-el-arte-como-construccion-colectiva\\\/\"},\"wordCount\":428,\"publisher\":{\"@id\":\"https:\\\/\\\/www.fica.unsl.edu.ar\\\/#organization\"},\"image\":{\"@id\":\"https:\\\/\\\/www.fica.unsl.edu.ar\\\/index.php\\\/jornada-luchas-y-conquistas-de-las-mujeres-el-arte-como-construccion-colectiva\\\/#primaryimage\"},\"thumbnailUrl\":\"https:\\\/\\\/www.fica.unsl.edu.ar\\\/wp-content\\\/uploads\\\/2022\\\/03\\\/flyer-jornada-8m-2022-1-819x1024-1.jpg\",\"articleSection\":[\"Noticias\"],\"inLanguage\":\"es-AR\"},{\"@type\":\"WebPage\",\"@id\":\"https:\\\/\\\/www.fica.unsl.edu.ar\\\/index.php\\\/jornada-luchas-y-conquistas-de-las-mujeres-el-arte-como-construccion-colectiva\\\/\",\"url\":\"https:\\\/\\\/www.fica.unsl.edu.ar\\\/index.php\\\/jornada-luchas-y-conquistas-de-las-mujeres-el-arte-como-construccion-colectiva\\\/\",\"name\":\"Jornada \u201cLuchas y conquistas de las mujeres. El arte como construcci\u00f3n colectiva\\\" - Facultad de Ingenier\u00eda y Ciencias Agropecuarias\",\"isPartOf\":{\"@id\":\"https:\\\/\\\/www.fica.unsl.edu.ar\\\/#website\"},\"primaryImageOfPage\":{\"@id\":\"https:\\\/\\\/www.fica.unsl.edu.ar\\\/index.php\\\/jornada-luchas-y-conquistas-de-las-mujeres-el-arte-como-construccion-colectiva\\\/#primaryimage\"},\"image\":{\"@id\":\"https:\\\/\\\/www.fica.unsl.edu.ar\\\/index.php\\\/jornada-luchas-y-conquistas-de-las-mujeres-el-arte-como-construccion-colectiva\\\/#primaryimage\"},\"thumbnailUrl\":\"https:\\\/\\\/www.fica.unsl.edu.ar\\\/wp-content\\\/uploads\\\/2022\\\/03\\\/flyer-jornada-8m-2022-1-819x1024-1.jpg\",\"datePublished\":\"2022-03-04T15:30:33+00:00\",\"dateModified\":\"2022-03-15T16:37:38+00:00\",\"inLanguage\":\"es-AR\",\"potentialAction\":[{\"@type\":\"ReadAction\",\"target\":[\"https:\\\/\\\/www.fica.unsl.edu.ar\\\/index.php\\\/jornada-luchas-y-conquistas-de-las-mujeres-el-arte-como-construccion-colectiva\\\/\"]}]},{\"@type\":\"ImageObject\",\"inLanguage\":\"es-AR\",\"@id\":\"https:\\\/\\\/www.fica.unsl.edu.ar\\\/index.php\\\/jornada-luchas-y-conquistas-de-las-mujeres-el-arte-como-construccion-colectiva\\\/#primaryimage\",\"url\":\"https:\\\/\\\/www.fica.unsl.edu.ar\\\/wp-content\\\/uploads\\\/2022\\\/03\\\/flyer-jornada-8m-2022-1-819x1024-1.jpg\",\"contentUrl\":\"https:\\\/\\\/www.fica.unsl.edu.ar\\\/wp-content\\\/uploads\\\/2022\\\/03\\\/flyer-jornada-8m-2022-1-819x1024-1.jpg\",\"width\":819,\"height\":1024},{\"@type\":\"WebSite\",\"@id\":\"https:\\\/\\\/www.fica.unsl.edu.ar\\\/#website\",\"url\":\"https:\\\/\\\/www.fica.unsl.edu.ar\\\/\",\"name\":\"Facultad de Ingenier\u00eda y Ciencias Agropecuarias\",\"description\":\"\",\"publisher\":{\"@id\":\"https:\\\/\\\/www.fica.unsl.edu.ar\\\/#organization\"},\"potentialAction\":[{\"@type\":\"SearchAction\",\"target\":{\"@type\":\"EntryPoint\",\"urlTemplate\":\"https:\\\/\\\/www.fica.unsl.edu.ar\\\/?s={search_term_string}\"},\"query-input\":{\"@type\":\"PropertyValueSpecification\",\"valueRequired\":true,\"valueName\":\"search_term_string\"}}],\"inLanguage\":\"es-AR\"},{\"@type\":\"Organization\",\"@id\":\"https:\\\/\\\/www.fica.unsl.edu.ar\\\/#organization\",\"name\":\"Facultad de Ingenier\u00eda y Ciencias Agropecuarias\",\"url\":\"https:\\\/\\\/www.fica.unsl.edu.ar\\\/\",\"logo\":{\"@type\":\"ImageObject\",\"inLanguage\":\"es-AR\",\"@id\":\"https:\\\/\\\/www.fica.unsl.edu.ar\\\/#\\\/schema\\\/logo\\\/image\\\/\",\"url\":\"https:\\\/\\\/www.fica.unsl.edu.ar\\\/wp-content\\\/uploads\\\/2021\\\/03\\\/LOGO-1.jpg\",\"contentUrl\":\"https:\\\/\\\/www.fica.unsl.edu.ar\\\/wp-content\\\/uploads\\\/2021\\\/03\\\/LOGO-1.jpg\",\"width\":463,\"height\":145,\"caption\":\"Facultad de Ingenier\u00eda y Ciencias Agropecuarias\"},\"image\":{\"@id\":\"https:\\\/\\\/www.fica.unsl.edu.ar\\\/#\\\/schema\\\/logo\\\/image\\\/\"},\"sameAs\":[\"https:\\\/\\\/www.facebook.com\\\/FICA.UNSL\\\/\",\"https:\\\/\\\/x.com\\\/FICAUNSL\",\"https:\\\/\\\/www.instagram.com\\\/fica.unsl\\\/\",\"https:\\\/\\\/www.youtube.com\\\/channel\\\/UCs2MM53gb2PyBrMySdtWZDQ\"]},{\"@type\":\"Person\",\"@id\":\"https:\\\/\\\/www.fica.unsl.edu.ar\\\/#\\\/schema\\\/person\\\/6058f9c66301868d3a691b1f5d6c3544\",\"name\":\"DATI\"}]}<\/script>\n<!-- \/ Yoast SEO plugin. -->","yoast_head_json":{"title":"Jornada \u201cLuchas y conquistas de las mujeres. El arte como construcci\u00f3n colectiva\" - Facultad de Ingenier\u00eda y Ciencias Agropecuarias","robots":{"index":"index","follow":"follow","max-snippet":"max-snippet:-1","max-image-preview":"max-image-preview:large","max-video-preview":"max-video-preview:-1"},"canonical":"https:\/\/www.fica.unsl.edu.ar\/index.php\/jornada-luchas-y-conquistas-de-las-mujeres-el-arte-como-construccion-colectiva\/","og_locale":"es_ES","og_type":"article","og_title":"Jornada \u201cLuchas y conquistas de las mujeres. El arte como construcci\u00f3n colectiva\" - Facultad de Ingenier\u00eda y Ciencias Agropecuarias","og_description":"La Secretar\u00eda de Extensi\u00f3n Universitaria de la FCEJS invita a la comunidad a la Jornada \u201cLuchas y conquistas de las mujeres. El arte como construcci\u00f3n&hellip;","og_url":"https:\/\/www.fica.unsl.edu.ar\/index.php\/jornada-luchas-y-conquistas-de-las-mujeres-el-arte-como-construccion-colectiva\/","og_site_name":"Facultad de Ingenier\u00eda y Ciencias Agropecuarias","article_publisher":"https:\/\/www.facebook.com\/FICA.UNSL\/","article_published_time":"2022-03-04T15:30:33+00:00","article_modified_time":"2022-03-15T16:37:38+00:00","og_image":[{"width":819,"height":1024,"url":"https:\/\/www.fica.unsl.edu.ar\/wp-content\/uploads\/2022\/03\/flyer-jornada-8m-2022-1-819x1024-1.jpg","type":"image\/jpeg"}],"author":"DATI","twitter_card":"summary_large_image","twitter_creator":"@FICAUNSL","twitter_site":"@FICAUNSL","twitter_misc":{"Escrito por":"DATI","Tiempo de lectura":"3 minutos"},"schema":{"@context":"https:\/\/schema.org","@graph":[{"@type":"Article","@id":"https:\/\/www.fica.unsl.edu.ar\/index.php\/jornada-luchas-y-conquistas-de-las-mujeres-el-arte-como-construccion-colectiva\/#article","isPartOf":{"@id":"https:\/\/www.fica.unsl.edu.ar\/index.php\/jornada-luchas-y-conquistas-de-las-mujeres-el-arte-como-construccion-colectiva\/"},"author":{"name":"DATI","@id":"https:\/\/www.fica.unsl.edu.ar\/#\/schema\/person\/6058f9c66301868d3a691b1f5d6c3544"},"headline":"Jornada \u201cLuchas y conquistas de las mujeres. El arte como construcci\u00f3n colectiva&#8221;","datePublished":"2022-03-04T15:30:33+00:00","dateModified":"2022-03-15T16:37:38+00:00","mainEntityOfPage":{"@id":"https:\/\/www.fica.unsl.edu.ar\/index.php\/jornada-luchas-y-conquistas-de-las-mujeres-el-arte-como-construccion-colectiva\/"},"wordCount":428,"publisher":{"@id":"https:\/\/www.fica.unsl.edu.ar\/#organization"},"image":{"@id":"https:\/\/www.fica.unsl.edu.ar\/index.php\/jornada-luchas-y-conquistas-de-las-mujeres-el-arte-como-construccion-colectiva\/#primaryimage"},"thumbnailUrl":"https:\/\/www.fica.unsl.edu.ar\/wp-content\/uploads\/2022\/03\/flyer-jornada-8m-2022-1-819x1024-1.jpg","articleSection":["Noticias"],"inLanguage":"es-AR"},{"@type":"WebPage","@id":"https:\/\/www.fica.unsl.edu.ar\/index.php\/jornada-luchas-y-conquistas-de-las-mujeres-el-arte-como-construccion-colectiva\/","url":"https:\/\/www.fica.unsl.edu.ar\/index.php\/jornada-luchas-y-conquistas-de-las-mujeres-el-arte-como-construccion-colectiva\/","name":"Jornada \u201cLuchas y conquistas de las mujeres. El arte como construcci\u00f3n colectiva\" - Facultad de Ingenier\u00eda y Ciencias Agropecuarias","isPartOf":{"@id":"https:\/\/www.fica.unsl.edu.ar\/#website"},"primaryImageOfPage":{"@id":"https:\/\/www.fica.unsl.edu.ar\/index.php\/jornada-luchas-y-conquistas-de-las-mujeres-el-arte-como-construccion-colectiva\/#primaryimage"},"image":{"@id":"https:\/\/www.fica.unsl.edu.ar\/index.php\/jornada-luchas-y-conquistas-de-las-mujeres-el-arte-como-construccion-colectiva\/#primaryimage"},"thumbnailUrl":"https:\/\/www.fica.unsl.edu.ar\/wp-content\/uploads\/2022\/03\/flyer-jornada-8m-2022-1-819x1024-1.jpg","datePublished":"2022-03-04T15:30:33+00:00","dateModified":"2022-03-15T16:37:38+00:00","inLanguage":"es-AR","potentialAction":[{"@type":"ReadAction","target":["https:\/\/www.fica.unsl.edu.ar\/index.php\/jornada-luchas-y-conquistas-de-las-mujeres-el-arte-como-construccion-colectiva\/"]}]},{"@type":"ImageObject","inLanguage":"es-AR","@id":"https:\/\/www.fica.unsl.edu.ar\/index.php\/jornada-luchas-y-conquistas-de-las-mujeres-el-arte-como-construccion-colectiva\/#primaryimage","url":"https:\/\/www.fica.unsl.edu.ar\/wp-content\/uploads\/2022\/03\/flyer-jornada-8m-2022-1-819x1024-1.jpg","contentUrl":"https:\/\/www.fica.unsl.edu.ar\/wp-content\/uploads\/2022\/03\/flyer-jornada-8m-2022-1-819x1024-1.jpg","width":819,"height":1024},{"@type":"WebSite","@id":"https:\/\/www.fica.unsl.edu.ar\/#website","url":"https:\/\/www.fica.unsl.edu.ar\/","name":"Facultad de Ingenier\u00eda y Ciencias Agropecuarias","description":"","publisher":{"@id":"https:\/\/www.fica.unsl.edu.ar\/#organization"},"potentialAction":[{"@type":"SearchAction","target":{"@type":"EntryPoint","urlTemplate":"https:\/\/www.fica.unsl.edu.ar\/?s={search_term_string}"},"query-input":{"@type":"PropertyValueSpecification","valueRequired":true,"valueName":"search_term_string"}}],"inLanguage":"es-AR"},{"@type":"Organization","@id":"https:\/\/www.fica.unsl.edu.ar\/#organization","name":"Facultad de Ingenier\u00eda y Ciencias Agropecuarias","url":"https:\/\/www.fica.unsl.edu.ar\/","logo":{"@type":"ImageObject","inLanguage":"es-AR","@id":"https:\/\/www.fica.unsl.edu.ar\/#\/schema\/logo\/image\/","url":"https:\/\/www.fica.unsl.edu.ar\/wp-content\/uploads\/2021\/03\/LOGO-1.jpg","contentUrl":"https:\/\/www.fica.unsl.edu.ar\/wp-content\/uploads\/2021\/03\/LOGO-1.jpg","width":463,"height":145,"caption":"Facultad de Ingenier\u00eda y Ciencias Agropecuarias"},"image":{"@id":"https:\/\/www.fica.unsl.edu.ar\/#\/schema\/logo\/image\/"},"sameAs":["https:\/\/www.facebook.com\/FICA.UNSL\/","https:\/\/x.com\/FICAUNSL","https:\/\/www.instagram.com\/fica.unsl\/","https:\/\/www.youtube.com\/channel\/UCs2MM53gb2PyBrMySdtWZDQ"]},{"@type":"Person","@id":"https:\/\/www.fica.unsl.edu.ar\/#\/schema\/person\/6058f9c66301868d3a691b1f5d6c3544","name":"DATI"}]}},"_links":{"self":[{"href":"https:\/\/www.fica.unsl.edu.ar\/index.php\/wp-json\/wp\/v2\/posts\/8465","targetHints":{"allow":["GET"]}}],"collection":[{"href":"https:\/\/www.fica.unsl.edu.ar\/index.php\/wp-json\/wp\/v2\/posts"}],"about":[{"href":"https:\/\/www.fica.unsl.edu.ar\/index.php\/wp-json\/wp\/v2\/types\/post"}],"author":[{"embeddable":true,"href":"https:\/\/www.fica.unsl.edu.ar\/index.php\/wp-json\/wp\/v2\/users\/9"}],"replies":[{"embeddable":true,"href":"https:\/\/www.fica.unsl.edu.ar\/index.php\/wp-json\/wp\/v2\/comments?post=8465"}],"version-history":[{"count":2,"href":"https:\/\/www.fica.unsl.edu.ar\/index.php\/wp-json\/wp\/v2\/posts\/8465\/revisions"}],"predecessor-version":[{"id":8532,"href":"https:\/\/www.fica.unsl.edu.ar\/index.php\/wp-json\/wp\/v2\/posts\/8465\/revisions\/8532"}],"wp:featuredmedia":[{"embeddable":true,"href":"https:\/\/www.fica.unsl.edu.ar\/index.php\/wp-json\/wp\/v2\/media\/8466"}],"wp:attachment":[{"href":"https:\/\/www.fica.unsl.edu.ar\/index.php\/wp-json\/wp\/v2\/media?parent=8465"}],"wp:term":[{"taxonomy":"category","embeddable":true,"href":"https:\/\/www.fica.unsl.edu.ar\/index.php\/wp-json\/wp\/v2\/categories?post=8465"},{"taxonomy":"post_tag","embeddable":true,"href":"https:\/\/www.fica.unsl.edu.ar\/index.php\/wp-json\/wp\/v2\/tags?post=8465"}],"curies":[{"name":"wp","href":"https:\/\/api.w.org\/{rel}","templated":true}]}}